{"id":179696,"date":"2026-03-13T07:45:00","date_gmt":"2026-03-13T10:45:00","guid":{"rendered":"https:\/\/www.em.com.br\/emfoco\/?p=179696"},"modified":"2026-03-10T13:26:42","modified_gmt":"2026-03-10T16:26:42","slug":"bolsa-familia-comeca-a-pagar-em-marco-e-milhoes-de-familias-ja-podem-conferir-a-data-conforme-o-final-do-nis","status":"publish","type":"post","link":"https:\/\/www.em.com.br\/emfoco\/2026\/03\/13\/bolsa-familia-comeca-a-pagar-em-marco-e-milhoes-de-familias-ja-podem-conferir-a-data-conforme-o-final-do-nis\/","title":{"rendered":"Bolsa Fam\u00edlia come\u00e7a a pagar em mar\u00e7o e milh\u00f5es de fam\u00edlias j\u00e1 podem conferir a data conforme o final do NIS"},"content":{"rendered":"\n<p>O calend\u00e1rio Bolsa Fam\u00edlia 2026 em mar\u00e7o j\u00e1 est\u00e1 definido e segue um modelo escalonado para organizar a libera\u00e7\u00e3o dos recursos, com repasses iniciando em 18 de mar\u00e7o e seguindo at\u00e9 o dia 31, sempre de acordo com o \u00faltimo d\u00edgito do N\u00famero de Identifica\u00e7\u00e3o Social (NIS), o que ajuda a distribuir o atendimento ao longo do m\u00eas e evita filas maiores em ag\u00eancias, lot\u00e9ricas e correspondentes banc\u00e1rios.<\/p>\n\n\n\n<h2 class=\"wp-block-heading\">Calend\u00e1rio Bolsa Fam\u00edlia 2026 em mar\u00e7o<\/h2>\n\n\n\n<p>Em mar\u00e7o de 2026, o calend\u00e1rio Bolsa Fam\u00edlia ser\u00e1 distribu\u00eddo em dez datas, sempre em dias \u00fateis e de forma progressiva. O crit\u00e9rio continua sendo o \u00faltimo n\u00famero do NIS, que aparece no cart\u00e3o ou no aplicativo de consulta.<\/p>\n\n\n\n<p>As datas de pagamento do Bolsa Fam\u00edlia em mar\u00e7o de 2026 s\u00e3o as seguintes, organizadas conforme o final do NIS de cada benefici\u00e1rio:<\/p>\n\n\n\n<ul class=\"wp-block-list\">\n<li>18 de mar\u00e7o: NIS final 1<\/li>\n\n\n\n<li>19 de mar\u00e7o: NIS final 2<\/li>\n\n\n\n<li>20 de mar\u00e7o: NIS final 3<\/li>\n\n\n\n<li>23 de mar\u00e7o: NIS final 4<\/li>\n\n\n\n<li>24 de mar\u00e7o: NIS final 5<\/li>\n\n\n\n<li>25 de mar\u00e7o: NIS final 6<\/li>\n\n\n\n<li>26 de mar\u00e7o: NIS final 7<\/li>\n\n\n\n<li>27 de mar\u00e7o: NIS final 8<\/li>\n\n\n\n<li>30 de mar\u00e7o: NIS final 9<\/li>\n\n\n\n<li>31 de mar\u00e7o: NIS final 0<\/li>\n<\/ul>\n\n\n\n<figure class=\"wp-block-image size-large\"><img loading=\"lazy\" decoding=\"async\" width=\"1024\" height=\"576\" src=\"https:\/\/www.em.com.br\/emfoco\/wp-content\/uploads\/2026\/03\/12-12-1024x576.jpg\" alt=\"Bolsa Fam\u00edlia come\u00e7a a pagar em mar\u00e7o e milh\u00f5es de fam\u00edlias j\u00e1 podem conferir a data conforme o final do NIS\" class=\"wp-image-179743\" srcset=\"https:\/\/www.em.com.br\/emfoco\/wp-content\/uploads\/2026\/03\/12-12-1024x576.jpg 1024w, https:\/\/www.em.com.br\/emfoco\/wp-content\/uploads\/2026\/03\/12-12-300x169.jpg 300w, https:\/\/www.em.com.br\/emfoco\/wp-content\/uploads\/2026\/03\/12-12-768x432.jpg 768w, https:\/\/www.em.com.br\/emfoco\/wp-content\/uploads\/2026\/03\/12-12-750x422.jpg 750w, https:\/\/www.em.com.br\/emfoco\/wp-content\/uploads\/2026\/03\/12-12-1140x641.jpg 1140w, https:\/\/www.em.com.br\/emfoco\/wp-content\/uploads\/2026\/03\/12-12.jpg 1280w\" sizes=\"auto, (max-width: 1024px) 100vw, 1024px\" \/><figcaption class=\"wp-element-caption\">Repasses escalonados ocorrem entre os dias dezoito e trinta e um<\/figcaption><\/figure>\n\n\n\n<h2 class=\"wp-block-heading\">Como funciona o calend\u00e1rio anual do Bolsa Fam\u00edlia em 2026<\/h2>\n\n\n\n<p>Al\u00e9m do m\u00eas de mar\u00e7o, o governo federal divulga um calend\u00e1rio Bolsa Fam\u00edlia 2026 com faixas de pagamento de janeiro a dezembro. As datas variam m\u00eas a m\u00eas, mas seguem o mesmo padr\u00e3o: dias \u00fateis, ordem pelo final do NIS e distribui\u00e7\u00e3o em cerca de dez dias.<\/p>\n\n\n\n<p>Em cada faixa mensal, a libera\u00e7\u00e3o vai do NIS final 1 at\u00e9 o final 0, permitindo que o benefici\u00e1rio se organize ao longo do ano. A consulta detalhada pode ser feita no app <strong><a href=\"https:\/\/www.em.com.br\/emfoco\/2026\/01\/28\/botijao-de-13-kg-gratis-em-2026-veja-se-voce-esta-entre-os-selecionados-com-pagamento-automatico-via-caixa-tem\/\" target=\"_blank\" rel=\"noreferrer noopener\">Caixa Tem<\/a><\/strong>, app Bolsa Fam\u00edlia, site da Caixa, CRAS ou ag\u00eancias banc\u00e1rias.<\/p>\n\n\n\n<ul class=\"wp-block-list\">\n<li><strong>Janeiro:<\/strong>\u00a0de 19\/01 a 30\/01<\/li>\n\n\n\n<li><strong>Fevereiro:<\/strong>\u00a0de 12\/02 a 27\/02<\/li>\n\n\n\n<li><strong>Mar\u00e7o:<\/strong>\u00a0de 18\/03 a 31\/03<\/li>\n\n\n\n<li><strong>Abril:<\/strong>\u00a0de 16\/04 a 30\/04<\/li>\n\n\n\n<li><strong>Maio:<\/strong>\u00a0de 18\/05 a 29\/05<\/li>\n\n\n\n<li><strong>Junho:<\/strong>\u00a0de 17\/06 a 30\/06<\/li>\n\n\n\n<li><strong>Julho:<\/strong>\u00a0de 20\/07 a 31\/07<\/li>\n\n\n\n<li><strong>Agosto:<\/strong>\u00a0de 18\/08 a 31\/08<\/li>\n\n\n\n<li><strong>Setembro:<\/strong>\u00a0de 17\/09 a 30\/09<\/li>\n\n\n\n<li><strong>Outubro:<\/strong>\u00a0de 19\/10 a 30\/10<\/li>\n\n\n\n<li><strong>Novembro:<\/strong>\u00a0de 16\/11 a 30\/11<\/li>\n\n\n\n<li><strong>Dezembro:<\/strong>\u00a0de 10\/12 a 23\/12<\/li>\n<\/ul>\n\n\n\n<h2 class=\"wp-block-heading\">Quem tem direito ao Bolsa Fam\u00edlia 2026 e quais s\u00e3o os valores<\/h2>\n\n\n\n<p>Para ter acesso ao Bolsa Fam\u00edlia em 2026, a regra principal permanece baseada na renda familiar por pessoa, limitada a at\u00e9 R$ 218 mensais por integrante. Soma-se toda a renda da casa e divide-se pelo n\u00famero de moradores; se o valor ficar abaixo desse teto, a fam\u00edlia pode se enquadrar, desde que esteja cadastrada e com dados atualizados.<\/p>\n\n\n\n<p>O valor m\u00ednimo \u00e9 de R$ 600 por fam\u00edlia, com adicionais conforme a composi\u00e7\u00e3o familiar e o perfil dos integrantes, o que eleva a m\u00e9dia para acima de R$ 690 mensais. Entre os benef\u00edcios extras, destacam-se:<\/p>\n\n\n\n<ul class=\"wp-block-list\">\n<li><strong>Benef\u00edcio Vari\u00e1vel Familiar Nutriz:<\/strong>\u00a0seis parcelas de R$ 50 para m\u00e3es de beb\u00eas de at\u00e9 6 meses.<\/li>\n\n\n\n<li><strong>Adicional para gestantes e jovens:<\/strong>\u00a0apoio financeiro condicionado ao acompanhamento na sa\u00fade e educa\u00e7\u00e3o.<\/li>\n\n\n\n<li><strong>Complemento para primeira inf\u00e2ncia:<\/strong>\u00a0valor extra para crian\u00e7as de at\u00e9 6 anos.<\/li>\n<\/ul>\n\n\n\n<p>Confira o v\u00eddeo compartilhado pelo canal do YouTube <strong><a href=\"https:\/\/www.youtube.com\/@CanaldoJEFINHOadv\" target=\"_blank\" rel=\"noreferrer noopener\">Canal do JEFINHO<\/a><\/strong> falando sobre a atualiza\u00e7\u00e3o do Bolsa Fam\u00edlia para o m\u00eas de mar\u00e7o em 2026.<\/p>\n\n\n\n<figure class=\"wp-block-embed is-type-video is-provider-youtube wp-block-embed-youtube wp-embed-aspect-16-9 wp-has-aspect-ratio\"><div class=\"wp-block-embed__wrapper\">\n<div class=\"jeg_video_container jeg_video_content\"><iframe loading=\"lazy\" title=\"ATUALIZA\u00c7\u00c3O DO APLICATIVO BOLSA FAM\u00cdLIA M\u00caS DE MAR\u00c7O! COME\u00c7OU A LIBERAR OS APLICATIVOS! VEJA!   \" width=\"500\" height=\"281\" src=\"https:\/\/www.youtube.com\/embed\/erH5TzI_Jz8?feature=oembed\" frameborder=\"0\" allow=\"accelerometer; autoplay; clipboard-write; encrypted-media; gyroscope; picture-in-picture; web-share\" referrerpolicy=\"strict-origin-when-cross-origin\" allowfullscreen><\/iframe><\/div>\n<\/div><\/figure>\n\n\n\n<h2 class=\"wp-block-heading\">Quais s\u00e3o as regras para se manter no programa e como sacar o benef\u00edcio<\/h2>\n\n\n\n<p>Para continuar recebendo o Bolsa Fam\u00edlia ao longo de 2026, a fam\u00edlia precisa cumprir condicionalidades ligadas \u00e0 sa\u00fade e educa\u00e7\u00e3o, al\u00e9m de manter o Cadastro \u00danico (Cad\u00danico) sempre atualizado no CRAS. Isso garante que o governo verifique se o perfil ainda se encaixa nas regras de vulnerabilidade.<\/p>\n\n\n\n<p>Entre as principais exig\u00eancias est\u00e3o manter crian\u00e7as e adolescentes frequentando a escola, realizar pr\u00e9-natal em caso de gestantes e manter as carteiras de vacina\u00e7\u00e3o em dia. O saque e a movimenta\u00e7\u00e3o podem ser feitos pelo app Caixa Tem, com possibilidade de compras, pagamentos, transfer\u00eancias e saques em terminais, lot\u00e9ricas e correspondentes.<\/p>\n\n\n\n<h2 class=\"wp-block-heading\">Por que acompanhar o calend\u00e1rio Bolsa Fam\u00edlia 2026 e agir agora<\/h2>\n\n\n\n<p>Com o calend\u00e1rio Bolsa Fam\u00edlia 2026 em mar\u00e7o e nos demais meses j\u00e1 definido, organizar o or\u00e7amento da fam\u00edlia e n\u00e3o perder prazos se torna fundamental para garantir estabilidade m\u00ednima ao longo do ano. Ficar atento \u00e0s datas, \u00e0s regras de renda e \u00e0s condicionalidades \u00e9 o que impede bloqueios e cancelamentos inesperados.<\/p>\n\n\n\n<p>Atualize seu Cad\u00danico o quanto antes, confira seu NIS e as datas de pagamento nos aplicativos oficiais e, se tiver qualquer d\u00favida, procure imediatamente o CRAS ou a Caixa. N\u00e3o deixe para depois: agir hoje \u00e9 decisivo para n\u00e3o correr o risco de ficar sem o benef\u00edcio quando sua fam\u00edlia mais precisar.<\/p>\n","protected":false},"excerpt":{"rendered":"<p>O calend\u00e1rio Bolsa Fam\u00edlia 2026 em mar\u00e7o j\u00e1 est\u00e1 definido e segue um modelo escalonado para organizar a libera\u00e7\u00e3o dos recursos, com repasses iniciando em 18 de mar\u00e7o e seguindo at\u00e9 o dia 31, sempre de acordo com o \u00faltimo d\u00edgito do N\u00famero de Identifica\u00e7\u00e3o Social (NIS), o que ajuda a distribuir o atendimento ao [&hellip;]<\/p>\n","protected":false},"author":13,"featured_media":179744,"comment_status":"open","ping_status":"open","sticky":false,"template":"","format":"standard","meta":{"jnews-multi-image_gallery":[],"jnews_single_post":{"format":"standard"},"jnews_primary_category":[],"jnews_social_meta":[],"jnews_override_counter":[],"footnotes":""},"categories":[28],"tags":[489,209],"class_list":["post-179696","post","type-post","status-publish","format-standard","has-post-thumbnail","hentry","category-economia","tag-beneficio-social","tag-bolsa-familia"],"yoast_head":"<!-- This site is optimized with the Yoast SEO plugin v23.8 - https:\/\/yoast.com\/wordpress\/plugins\/seo\/ -->\n<title>Bolsa Fam\u00edlia come\u00e7a a pagar em mar\u00e7o e milh\u00f5es de fam\u00edlias j\u00e1 podem conferir a data conforme o final do NIS - Estado de Minas - Em foco<\/title>\n<meta name=\"description\" content=\"Bolsa Fam\u00edlia come\u00e7a pagamentos de mar\u00e7o conforme o final do NIS. Veja o calend\u00e1rio completo e quem recebe primeiro.\" \/>\n<meta name=\"robots\" content=\"index, follow, max-snippet:-1, max-image-preview:large, max-video-preview:-1\" \/>\n<link rel=\"canonical\" href=\"https:\/\/www.em.com.br\/emfoco\/2026\/03\/13\/bolsa-familia-comeca-a-pagar-em-marco-e-milhoes-de-familias-ja-podem-conferir-a-data-conforme-o-final-do-nis\/\" \/>\n<meta property=\"og:locale\" content=\"pt_BR\" \/>\n<meta property=\"og:type\" content=\"article\" \/>\n<meta property=\"og:title\" content=\"Bolsa Fam\u00edlia come\u00e7a a pagar em mar\u00e7o e milh\u00f5es de fam\u00edlias j\u00e1 podem conferir a data conforme o final do NIS - Estado de Minas - Em foco\" \/>\n<meta property=\"og:description\" content=\"Bolsa Fam\u00edlia come\u00e7a pagamentos de mar\u00e7o conforme o final do NIS. Veja o calend\u00e1rio completo e quem recebe primeiro.\" \/>\n<meta property=\"og:url\" content=\"https:\/\/www.em.com.br\/emfoco\/2026\/03\/13\/bolsa-familia-comeca-a-pagar-em-marco-e-milhoes-de-familias-ja-podem-conferir-a-data-conforme-o-final-do-nis\/\" \/>\n<meta property=\"og:site_name\" content=\"Estado de Minas - Em foco\" \/>\n<meta property=\"article:published_time\" content=\"2026-03-13T10:45:00+00:00\" \/>\n<meta property=\"article:modified_time\" content=\"2026-03-10T16:26:42+00:00\" \/>\n<meta property=\"og:image\" content=\"https:\/\/www.em.com.br\/emfoco\/wp-content\/uploads\/2026\/03\/13-3.jpg\" \/>\n\t<meta property=\"og:image:width\" content=\"1280\" \/>\n\t<meta property=\"og:image:height\" content=\"720\" \/>\n\t<meta property=\"og:image:type\" content=\"image\/jpeg\" \/>\n<meta name=\"author\" content=\"Gabriel Martins\" \/>\n<meta name=\"twitter:card\" content=\"summary_large_image\" \/>\n<meta name=\"twitter:label1\" content=\"Escrito por\" \/>\n\t<meta name=\"twitter:data1\" content=\"Gabriel Martins\" \/>\n\t<meta name=\"twitter:label2\" content=\"Est. tempo de leitura\" \/>\n\t<meta name=\"twitter:data2\" content=\"5 minutos\" \/>\n<!-- \/ Yoast SEO plugin. -->","yoast_head_json":{"title":"Bolsa Fam\u00edlia come\u00e7a a pagar em mar\u00e7o e milh\u00f5es de fam\u00edlias j\u00e1 podem conferir a data conforme o final do NIS - Estado de Minas - Em foco","description":"Bolsa Fam\u00edlia come\u00e7a pagamentos de mar\u00e7o conforme o final do NIS. Veja o calend\u00e1rio completo e quem recebe primeiro.","robots":{"index":"index","follow":"follow","max-snippet":"max-snippet:-1","max-image-preview":"max-image-preview:large","max-video-preview":"max-video-preview:-1"},"canonical":"https:\/\/www.em.com.br\/emfoco\/2026\/03\/13\/bolsa-familia-comeca-a-pagar-em-marco-e-milhoes-de-familias-ja-podem-conferir-a-data-conforme-o-final-do-nis\/","og_locale":"pt_BR","og_type":"article","og_title":"Bolsa Fam\u00edlia come\u00e7a a pagar em mar\u00e7o e milh\u00f5es de fam\u00edlias j\u00e1 podem conferir a data conforme o final do NIS - Estado de Minas - Em foco","og_description":"Bolsa Fam\u00edlia come\u00e7a pagamentos de mar\u00e7o conforme o final do NIS. Veja o calend\u00e1rio completo e quem recebe primeiro.","og_url":"https:\/\/www.em.com.br\/emfoco\/2026\/03\/13\/bolsa-familia-comeca-a-pagar-em-marco-e-milhoes-de-familias-ja-podem-conferir-a-data-conforme-o-final-do-nis\/","og_site_name":"Estado de Minas - Em foco","article_published_time":"2026-03-13T10:45:00+00:00","article_modified_time":"2026-03-10T16:26:42+00:00","og_image":[{"width":1280,"height":720,"url":"https:\/\/www.em.com.br\/emfoco\/wp-content\/uploads\/2026\/03\/13-3.jpg","type":"image\/jpeg"}],"author":"Gabriel Martins","twitter_card":"summary_large_image","twitter_misc":{"Escrito por":"Gabriel Martins","Est. tempo de leitura":"5 minutos"},"schema":{"@context":"https:\/\/schema.org","@graph":[{"@type":"WebPage","@id":"https:\/\/www.em.com.br\/emfoco\/2026\/03\/13\/bolsa-familia-comeca-a-pagar-em-marco-e-milhoes-de-familias-ja-podem-conferir-a-data-conforme-o-final-do-nis\/","url":"https:\/\/www.em.com.br\/emfoco\/2026\/03\/13\/bolsa-familia-comeca-a-pagar-em-marco-e-milhoes-de-familias-ja-podem-conferir-a-data-conforme-o-final-do-nis\/","name":"Bolsa Fam\u00edlia come\u00e7a a pagar em mar\u00e7o e milh\u00f5es de fam\u00edlias j\u00e1 podem conferir a data conforme o final do NIS - Estado de Minas - Em foco","isPartOf":{"@id":"https:\/\/www.em.com.br\/emfoco\/#website"},"primaryImageOfPage":{"@id":"https:\/\/www.em.com.br\/emfoco\/2026\/03\/13\/bolsa-familia-comeca-a-pagar-em-marco-e-milhoes-de-familias-ja-podem-conferir-a-data-conforme-o-final-do-nis\/#primaryimage"},"image":{"@id":"https:\/\/www.em.com.br\/emfoco\/2026\/03\/13\/bolsa-familia-comeca-a-pagar-em-marco-e-milhoes-de-familias-ja-podem-conferir-a-data-conforme-o-final-do-nis\/#primaryimage"},"thumbnailUrl":"https:\/\/www.em.com.br\/emfoco\/wp-content\/uploads\/2026\/03\/13-3.jpg","datePublished":"2026-03-13T10:45:00+00:00","dateModified":"2026-03-10T16:26:42+00:00","author":{"@id":"https:\/\/www.em.com.br\/emfoco\/#\/schema\/person\/1c9ddeab18b98abeffef834667bcf08a"},"description":"Bolsa Fam\u00edlia come\u00e7a pagamentos de mar\u00e7o conforme o final do NIS. Veja o calend\u00e1rio completo e quem recebe primeiro.","breadcrumb":{"@id":"https:\/\/www.em.com.br\/emfoco\/2026\/03\/13\/bolsa-familia-comeca-a-pagar-em-marco-e-milhoes-de-familias-ja-podem-conferir-a-data-conforme-o-final-do-nis\/#breadcrumb"},"inLanguage":"pt-BR","potentialAction":[{"@type":"ReadAction","target":["https:\/\/www.em.com.br\/emfoco\/2026\/03\/13\/bolsa-familia-comeca-a-pagar-em-marco-e-milhoes-de-familias-ja-podem-conferir-a-data-conforme-o-final-do-nis\/"]}]},{"@type":"ImageObject","inLanguage":"pt-BR","@id":"https:\/\/www.em.com.br\/emfoco\/2026\/03\/13\/bolsa-familia-comeca-a-pagar-em-marco-e-milhoes-de-familias-ja-podem-conferir-a-data-conforme-o-final-do-nis\/#primaryimage","url":"https:\/\/www.em.com.br\/emfoco\/wp-content\/uploads\/2026\/03\/13-3.jpg","contentUrl":"https:\/\/www.em.com.br\/emfoco\/wp-content\/uploads\/2026\/03\/13-3.jpg","width":1280,"height":720,"caption":"Libera\u00e7\u00e3o dos recursos do Bolsa Fam\u00edlia em mar\u00e7o segue o n\u00famero NIS"},{"@type":"BreadcrumbList","@id":"https:\/\/www.em.com.br\/emfoco\/2026\/03\/13\/bolsa-familia-comeca-a-pagar-em-marco-e-milhoes-de-familias-ja-podem-conferir-a-data-conforme-o-final-do-nis\/#breadcrumb","itemListElement":[{"@type":"ListItem","position":1,"name":"In\u00edcio","item":"https:\/\/www.em.com.br\/emfoco\/"},{"@type":"ListItem","position":2,"name":"Bolsa Fam\u00edlia come\u00e7a a pagar em mar\u00e7o e milh\u00f5es de fam\u00edlias j\u00e1 podem conferir a data conforme o final do NIS"}]},{"@type":"WebSite","@id":"https:\/\/www.em.com.br\/emfoco\/#website","url":"https:\/\/www.em.com.br\/emfoco\/","name":"Estado de Minas - Em foco","description":"Acompanhe as \u00faltimas not\u00edcias e fique bem informado sobre tudo o que acontece em Minas Gerais, Brasil e no mundo.","potentialAction":[{"@type":"SearchAction","target":{"@type":"EntryPoint","urlTemplate":"https:\/\/www.em.com.br\/emfoco\/?s={search_term_string}"},"query-input":{"@type":"PropertyValueSpecification","valueRequired":true,"valueName":"search_term_string"}}],"inLanguage":"pt-BR"},{"@type":"Person","@id":"https:\/\/www.em.com.br\/emfoco\/#\/schema\/person\/1c9ddeab18b98abeffef834667bcf08a","name":"Gabriel Martins","image":{"@type":"ImageObject","inLanguage":"pt-BR","@id":"https:\/\/www.em.com.br\/emfoco\/#\/schema\/person\/image\/","url":"https:\/\/secure.gravatar.com\/avatar\/f0f1e2efdfd88f1ad2cb08c5c2731e50?s=96&d=mm&r=g","contentUrl":"https:\/\/secure.gravatar.com\/avatar\/f0f1e2efdfd88f1ad2cb08c5c2731e50?s=96&d=mm&r=g","caption":"Gabriel Martins"},"sameAs":["https:\/\/www.em.com.br\/emfoco\/"],"url":"https:\/\/www.em.com.br\/emfoco\/author\/gabrielmartinsmyth\/"}]}},"_links":{"self":[{"href":"https:\/\/www.em.com.br\/emfoco\/wp-json\/wp\/v2\/posts\/179696","targetHints":{"allow":["GET"]}}],"collection":[{"href":"https:\/\/www.em.com.br\/emfoco\/wp-json\/wp\/v2\/posts"}],"about":[{"href":"https:\/\/www.em.com.br\/emfoco\/wp-json\/wp\/v2\/types\/post"}],"author":[{"embeddable":true,"href":"https:\/\/www.em.com.br\/emfoco\/wp-json\/wp\/v2\/users\/13"}],"replies":[{"embeddable":true,"href":"https:\/\/www.em.com.br\/emfoco\/wp-json\/wp\/v2\/comments?post=179696"}],"version-history":[{"count":1,"href":"https:\/\/www.em.com.br\/emfoco\/wp-json\/wp\/v2\/posts\/179696\/revisions"}],"predecessor-version":[{"id":179745,"href":"https:\/\/www.em.com.br\/emfoco\/wp-json\/wp\/v2\/posts\/179696\/revisions\/179745"}],"wp:featuredmedia":[{"embeddable":true,"href":"https:\/\/www.em.com.br\/emfoco\/wp-json\/wp\/v2\/media\/179744"}],"wp:attachment":[{"href":"https:\/\/www.em.com.br\/emfoco\/wp-json\/wp\/v2\/media?parent=179696"}],"wp:term":[{"taxonomy":"category","embeddable":true,"href":"https:\/\/www.em.com.br\/emfoco\/wp-json\/wp\/v2\/categories?post=179696"},{"taxonomy":"post_tag","embeddable":true,"href":"https:\/\/www.em.com.br\/emfoco\/wp-json\/wp\/v2\/tags?post=179696"}],"curies":[{"name":"wp","href":"https:\/\/api.w.org\/{rel}","templated":true}]}}