{"id":179695,"date":"2026-03-13T21:45:00","date_gmt":"2026-03-14T00:45:00","guid":{"rendered":"https:\/\/www.em.com.br\/emfoco\/?p=179695"},"modified":"2026-03-10T13:44:56","modified_gmt":"2026-03-10T16:44:56","slug":"salario-minimo-de-r-3-241-por-mes-ja-e-pago-em-pais-da-america-latina-e-diferenca-para-o-brasil-surpreende-trabalhadores","status":"publish","type":"post","link":"https:\/\/www.em.com.br\/emfoco\/2026\/03\/13\/salario-minimo-de-r-3-241-por-mes-ja-e-pago-em-pais-da-america-latina-e-diferenca-para-o-brasil-surpreende-trabalhadores\/","title":{"rendered":"Sal\u00e1rio m\u00ednimo de R$ 3.241 por m\u00eas j\u00e1 \u00e9 pago em pa\u00eds da Am\u00e9rica Latina e diferen\u00e7a para o Brasil surpreende trabalhadores"},"content":{"rendered":"\n<p>O sal\u00e1rio m\u00ednimo na Am\u00e9rica Latina voltou ao centro das discuss\u00f5es depois que o Uruguai, vizinho do Brasil, assumiu a lideran\u00e7a regional com um valor que, convertido para d\u00f3lar, praticamente dobra o piso pago em territ\u00f3rio brasileiro, reacendendo o debate sobre renda, poder de compra e condi\u00e7\u00f5es de vida dos trabalhadores.<\/p>\n\n\n\n<h2 class=\"wp-block-heading\">Quem lidera o sal\u00e1rio m\u00ednimo na Am\u00e9rica Latina hoje<\/h2>\n\n\n\n<p>O ranking de sal\u00e1rio m\u00ednimo na <strong><a href=\"https:\/\/www.em.com.br\/emfoco\/2026\/02\/27\/a-cidade-mais-arborizada-do-sul-com-ruas-largas-qualidade-de-vida-fora-da-curva-e-a-catedral-mais-alta-da-america-latina-desenhada-por-um-urbanista-que-nunca-pisou-nela\/\" target=\"_blank\" rel=\"noreferrer noopener\">Am\u00e9rica Latina<\/a><\/strong>, calculado a partir da convers\u00e3o dos valores nacionais para d\u00f3lar, mostra que alguns pa\u00edses com economias menores pagam pisos mais altos que o Brasil. No topo aparece o <strong>Uruguai<\/strong>, que oferece cerca de US$ 629 e se consolida como uma refer\u00eancia regional em valoriza\u00e7\u00e3o do trabalho.<\/p>\n\n\n\n<p>Na sequ\u00eancia est\u00e3o Chile e M\u00e9xico, com sal\u00e1rios m\u00ednimos pr\u00f3ximos de US$ 565 e US$ 536, respectivamente, resultado de pol\u00edticas graduais de reajuste, negocia\u00e7\u00f5es coletivas e programas voltados \u00e0 valoriza\u00e7\u00e3o do trabalho formal e do mercado interno.<\/p>\n\n\n\n<figure class=\"wp-block-image size-large\"><img loading=\"lazy\" decoding=\"async\" width=\"1024\" height=\"576\" src=\"https:\/\/www.em.com.br\/emfoco\/wp-content\/uploads\/2026\/03\/3-45-1024x576.jpg\" alt=\"Sal\u00e1rio m\u00ednimo de R$ 3.241 por m\u00eas j\u00e1 \u00e9 pago em pa\u00eds da Am\u00e9rica Latina e diferen\u00e7a para o Brasil surpreende trabalhadores\" class=\"wp-image-179753\" srcset=\"https:\/\/www.em.com.br\/emfoco\/wp-content\/uploads\/2026\/03\/3-45-1024x576.jpg 1024w, https:\/\/www.em.com.br\/emfoco\/wp-content\/uploads\/2026\/03\/3-45-300x169.jpg 300w, https:\/\/www.em.com.br\/emfoco\/wp-content\/uploads\/2026\/03\/3-45-768x432.jpg 768w, https:\/\/www.em.com.br\/emfoco\/wp-content\/uploads\/2026\/03\/3-45-750x422.jpg 750w, https:\/\/www.em.com.br\/emfoco\/wp-content\/uploads\/2026\/03\/3-45-1140x641.jpg 1140w, https:\/\/www.em.com.br\/emfoco\/wp-content\/uploads\/2026\/03\/3-45.jpg 1280w\" sizes=\"auto, (max-width: 1024px) 100vw, 1024px\" \/><figcaption class=\"wp-element-caption\">Pa\u00edses vizinhos apresentam pisos salariais superiores ao valor pago no Brasil<\/figcaption><\/figure>\n\n\n\n<h2 class=\"wp-block-heading\">Como est\u00e1 a tabela comparativa dos sal\u00e1rios m\u00ednimos em d\u00f3lares na regi\u00e3o<\/h2>\n\n\n\n<p>Para visualizar melhor as diferen\u00e7as entre os pa\u00edses latino-americanos, veja abaixo uma tabela comparativa com os sal\u00e1rios m\u00ednimos convertidos para d\u00f3lar no in\u00edcio de 2025. Ela ajuda a dimensionar a dist\u00e2ncia entre os pisos nacionais e o lugar que o Brasil ocupa nesse cen\u00e1rio.<\/p>\n\n\n\n<figure class=\"wp-block-image size-large\"><img loading=\"lazy\" decoding=\"async\" width=\"794\" height=\"1024\" src=\"https:\/\/www.em.com.br\/emfoco\/wp-content\/uploads\/2026\/03\/convertido-2-794x1024.jpg\" alt=\"\" class=\"wp-image-179726\" srcset=\"https:\/\/www.em.com.br\/emfoco\/wp-content\/uploads\/2026\/03\/convertido-2-794x1024.jpg 794w, https:\/\/www.em.com.br\/emfoco\/wp-content\/uploads\/2026\/03\/convertido-2-233x300.jpg 233w, https:\/\/www.em.com.br\/emfoco\/wp-content\/uploads\/2026\/03\/convertido-2-768x991.jpg 768w, https:\/\/www.em.com.br\/emfoco\/wp-content\/uploads\/2026\/03\/convertido-2-1191x1536.jpg 1191w, https:\/\/www.em.com.br\/emfoco\/wp-content\/uploads\/2026\/03\/convertido-2-750x967.jpg 750w, https:\/\/www.em.com.br\/emfoco\/wp-content\/uploads\/2026\/03\/convertido-2-1140x1470.jpg 1140w, https:\/\/www.em.com.br\/emfoco\/wp-content\/uploads\/2026\/03\/convertido-2.jpg 1280w\" sizes=\"auto, (max-width: 794px) 100vw, 794px\" \/><\/figure>\n\n\n\n<p>Essa compara\u00e7\u00e3o direta em d\u00f3lares evidencia n\u00e3o apenas a dist\u00e2ncia entre os pisos nacionais, mas tamb\u00e9m como pa\u00edses com estruturas econ\u00f4micas distintas adotam estrat\u00e9gias variadas de valoriza\u00e7\u00e3o da renda b\u00e1sica.<\/p>\n\n\n\n<h2 class=\"wp-block-heading\">Por que o Brasil ocupa posi\u00e7\u00e3o t\u00e3o baixa no ranking regional<\/h2>\n\n\n\n<p>Mesmo liderando a regi\u00e3o em <strong><a href=\"https:\/\/www.ibge.gov.br\/explica\/pib.php\" target=\"_blank\" rel=\"noreferrer noopener\">Produto Interno Bruto (PIB)<\/a>,<\/strong> estimado em cerca de US$ 2,13 trilh\u00f5es em 2023, o Brasil aparece apenas em 13\u00ba lugar no ranking de sal\u00e1rio m\u00ednimo em d\u00f3lar. Essa dist\u00e2ncia entre tamanho da economia e renda b\u00e1sica revela limites hist\u00f3ricos do mercado de trabalho brasileiro.<\/p>\n\n\n\n<p>Alguns fatores econ\u00f4micos e sociais ajudam a explicar essa dificuldade em elevar o piso sem gerar desequil\u00edbrios adicionais, afetando diretamente emprego, infla\u00e7\u00e3o e contas p\u00fablicas:<\/p>\n\n\n\n<ul class=\"wp-block-list\">\n<li>Alta informalidade, que dificulta reajustes sem risco de aumento do desemprego;<\/li>\n\n\n\n<li>Press\u00e3o sobre as contas p\u00fablicas, j\u00e1 que v\u00e1rios benef\u00edcios s\u00e3o atrelados ao piso;<\/li>\n\n\n\n<li>Infla\u00e7\u00e3o persistente, que corr\u00f3i o ganho real dos aumentos concedidos;<\/li>\n\n\n\n<li>Baixa produtividade m\u00e9dia em diversos setores da economia.<\/li>\n<\/ul>\n\n\n\n<figure class=\"wp-block-image size-large\"><img loading=\"lazy\" decoding=\"async\" width=\"1024\" height=\"576\" src=\"https:\/\/www.em.com.br\/emfoco\/wp-content\/uploads\/2026\/03\/1-54-1024x576.jpg\" alt=\"Sal\u00e1rio m\u00ednimo de R$ 3.241 por m\u00eas j\u00e1 \u00e9 pago em pa\u00eds da Am\u00e9rica Latina e diferen\u00e7a para o Brasil surpreende trabalhadores\" class=\"wp-image-179751\" srcset=\"https:\/\/www.em.com.br\/emfoco\/wp-content\/uploads\/2026\/03\/1-54-1024x576.jpg 1024w, https:\/\/www.em.com.br\/emfoco\/wp-content\/uploads\/2026\/03\/1-54-300x169.jpg 300w, https:\/\/www.em.com.br\/emfoco\/wp-content\/uploads\/2026\/03\/1-54-768x432.jpg 768w, https:\/\/www.em.com.br\/emfoco\/wp-content\/uploads\/2026\/03\/1-54-750x422.jpg 750w, https:\/\/www.em.com.br\/emfoco\/wp-content\/uploads\/2026\/03\/1-54-1140x641.jpg 1140w, https:\/\/www.em.com.br\/emfoco\/wp-content\/uploads\/2026\/03\/1-54.jpg 1280w\" sizes=\"auto, (max-width: 1024px) 100vw, 1024px\" \/><figcaption class=\"wp-element-caption\">Poder de compra real depende diretamente do custo de vida local atual<\/figcaption><\/figure>\n\n\n\n<h2 class=\"wp-block-heading\">Como o sal\u00e1rio m\u00ednimo afeta poder de compra e pol\u00edticas p\u00fablicas<\/h2>\n\n\n\n<p>Comparar valores em d\u00f3lar ajuda a entender diferen\u00e7as entre pa\u00edses, mas n\u00e3o mostra sozinho o poder de compra real. Custo de vida, infla\u00e7\u00e3o, carga tribut\u00e1ria sobre consumo e a qualidade dos servi\u00e7os p\u00fablicos podem transformar um sal\u00e1rio aparentemente alto em renda apertada no dia a dia.<\/p>\n\n\n\n<p>Na maior parte dos pa\u00edses latino-americanos, o sal\u00e1rio m\u00ednimo \u00e9 refer\u00eancia central para pisos de categorias, contratos, pens\u00f5es, aposentadorias e programas de transfer\u00eancia de renda. Pequenos reajustes alteram a rotina de milh\u00f5es de fam\u00edlias e exigem equil\u00edbrio entre valoriza\u00e7\u00e3o salarial e responsabilidade fiscal.<\/p>\n\n\n\n<h2 class=\"wp-block-heading\">O que est\u00e1 em jogo no futuro do sal\u00e1rio m\u00ednimo na regi\u00e3o<\/h2>\n\n\n\n<p>A lideran\u00e7a regional de pa\u00edses como Uruguai e Costa Rica aumenta a press\u00e3o sobre o Brasil e outros vizinhos para transformar crescimento econ\u00f4mico em melhoria concreta de renda b\u00e1sica. As compara\u00e7\u00f5es internacionais tendem a orientar reformas, negocia\u00e7\u00f5es salariais e debates sobre redu\u00e7\u00e3o de desigualdades nos pr\u00f3ximos anos.<\/p>\n\n\n\n<p>Ignorar esse movimento \u00e9 aceitar que milh\u00f5es de trabalhadores continuem para tr\u00e1s em renda e qualidade de vida. O momento de acompanhar dados, cobrar pol\u00edticas consistentes e participar ativamente do debate p\u00fablico \u00e9 agora: adiar essa discuss\u00e3o s\u00f3 amplia injusti\u00e7as e limita oportunidades para toda uma gera\u00e7\u00e3o.<\/p>\n","protected":false},"excerpt":{"rendered":"<p>O sal\u00e1rio m\u00ednimo na Am\u00e9rica Latina voltou ao centro das discuss\u00f5es depois que o Uruguai, vizinho do Brasil, assumiu a lideran\u00e7a regional com um valor que, convertido para d\u00f3lar, praticamente dobra o piso pago em territ\u00f3rio brasileiro, reacendendo o debate sobre renda, poder de compra e condi\u00e7\u00f5es de vida dos trabalhadores. Quem lidera o sal\u00e1rio [&hellip;]<\/p>\n","protected":false},"author":13,"featured_media":179752,"comment_status":"open","ping_status":"open","sticky":false,"template":"","format":"standard","meta":{"jnews-multi-image_gallery":[],"jnews_single_post":{"format":"standard"},"jnews_primary_category":[],"jnews_social_meta":[],"jnews_override_counter":[],"footnotes":""},"categories":[28],"tags":[2264,717],"class_list":["post-179695","post","type-post","status-publish","format-standard","has-post-thumbnail","hentry","category-economia","tag-america-latina","tag-salario-minimo"],"yoast_head":"<!-- This site is optimized with the Yoast SEO plugin v23.8 - https:\/\/yoast.com\/wordpress\/plugins\/seo\/ -->\n<title>Sal\u00e1rio m\u00ednimo de R$ 3.241 por m\u00eas j\u00e1 \u00e9 pago em pa\u00eds da Am\u00e9rica Latina e diferen\u00e7a para o Brasil surpreende trabalhadores - Estado de Minas - Em foco<\/title>\n<meta name=\"description\" content=\"Sal\u00e1rio m\u00ednimo acima de R$ 3 mil j\u00e1 \u00e9 realidade em pa\u00eds da Am\u00e9rica Latina. Veja ranking e posi\u00e7\u00e3o do Brasil.\" \/>\n<meta name=\"robots\" content=\"index, follow, max-snippet:-1, max-image-preview:large, max-video-preview:-1\" \/>\n<link rel=\"canonical\" href=\"https:\/\/www.em.com.br\/emfoco\/2026\/03\/13\/salario-minimo-de-r-3-241-por-mes-ja-e-pago-em-pais-da-america-latina-e-diferenca-para-o-brasil-surpreende-trabalhadores\/\" \/>\n<meta property=\"og:locale\" content=\"pt_BR\" \/>\n<meta property=\"og:type\" content=\"article\" \/>\n<meta property=\"og:title\" content=\"Sal\u00e1rio m\u00ednimo de R$ 3.241 por m\u00eas j\u00e1 \u00e9 pago em pa\u00eds da Am\u00e9rica Latina e diferen\u00e7a para o Brasil surpreende trabalhadores - Estado de Minas - Em foco\" \/>\n<meta property=\"og:description\" content=\"Sal\u00e1rio m\u00ednimo acima de R$ 3 mil j\u00e1 \u00e9 realidade em pa\u00eds da Am\u00e9rica Latina. Veja ranking e posi\u00e7\u00e3o do Brasil.\" \/>\n<meta property=\"og:url\" content=\"https:\/\/www.em.com.br\/emfoco\/2026\/03\/13\/salario-minimo-de-r-3-241-por-mes-ja-e-pago-em-pais-da-america-latina-e-diferenca-para-o-brasil-surpreende-trabalhadores\/\" \/>\n<meta property=\"og:site_name\" content=\"Estado de Minas - Em foco\" \/>\n<meta property=\"article:published_time\" content=\"2026-03-14T00:45:00+00:00\" \/>\n<meta property=\"article:modified_time\" content=\"2026-03-10T16:44:56+00:00\" \/>\n<meta property=\"og:image\" content=\"https:\/\/www.em.com.br\/emfoco\/wp-content\/uploads\/2026\/03\/2-48.jpg\" \/>\n\t<meta property=\"og:image:width\" content=\"1280\" \/>\n\t<meta property=\"og:image:height\" content=\"720\" \/>\n\t<meta property=\"og:image:type\" content=\"image\/jpeg\" \/>\n<meta name=\"author\" content=\"Gabriel Martins\" \/>\n<meta name=\"twitter:card\" content=\"summary_large_image\" \/>\n<meta name=\"twitter:label1\" content=\"Escrito por\" \/>\n\t<meta name=\"twitter:data1\" content=\"Gabriel Martins\" \/>\n\t<meta name=\"twitter:label2\" content=\"Est. tempo de leitura\" \/>\n\t<meta name=\"twitter:data2\" content=\"5 minutos\" \/>\n<!-- \/ Yoast SEO plugin. -->","yoast_head_json":{"title":"Sal\u00e1rio m\u00ednimo de R$ 3.241 por m\u00eas j\u00e1 \u00e9 pago em pa\u00eds da Am\u00e9rica Latina e diferen\u00e7a para o Brasil surpreende trabalhadores - Estado de Minas - Em foco","description":"Sal\u00e1rio m\u00ednimo acima de R$ 3 mil j\u00e1 \u00e9 realidade em pa\u00eds da Am\u00e9rica Latina. Veja ranking e posi\u00e7\u00e3o do Brasil.","robots":{"index":"index","follow":"follow","max-snippet":"max-snippet:-1","max-image-preview":"max-image-preview:large","max-video-preview":"max-video-preview:-1"},"canonical":"https:\/\/www.em.com.br\/emfoco\/2026\/03\/13\/salario-minimo-de-r-3-241-por-mes-ja-e-pago-em-pais-da-america-latina-e-diferenca-para-o-brasil-surpreende-trabalhadores\/","og_locale":"pt_BR","og_type":"article","og_title":"Sal\u00e1rio m\u00ednimo de R$ 3.241 por m\u00eas j\u00e1 \u00e9 pago em pa\u00eds da Am\u00e9rica Latina e diferen\u00e7a para o Brasil surpreende trabalhadores - Estado de Minas - Em foco","og_description":"Sal\u00e1rio m\u00ednimo acima de R$ 3 mil j\u00e1 \u00e9 realidade em pa\u00eds da Am\u00e9rica Latina. Veja ranking e posi\u00e7\u00e3o do Brasil.","og_url":"https:\/\/www.em.com.br\/emfoco\/2026\/03\/13\/salario-minimo-de-r-3-241-por-mes-ja-e-pago-em-pais-da-america-latina-e-diferenca-para-o-brasil-surpreende-trabalhadores\/","og_site_name":"Estado de Minas - Em foco","article_published_time":"2026-03-14T00:45:00+00:00","article_modified_time":"2026-03-10T16:44:56+00:00","og_image":[{"width":1280,"height":720,"url":"https:\/\/www.em.com.br\/emfoco\/wp-content\/uploads\/2026\/03\/2-48.jpg","type":"image\/jpeg"}],"author":"Gabriel Martins","twitter_card":"summary_large_image","twitter_misc":{"Escrito por":"Gabriel Martins","Est. tempo de leitura":"5 minutos"},"schema":{"@context":"https:\/\/schema.org","@graph":[{"@type":"WebPage","@id":"https:\/\/www.em.com.br\/emfoco\/2026\/03\/13\/salario-minimo-de-r-3-241-por-mes-ja-e-pago-em-pais-da-america-latina-e-diferenca-para-o-brasil-surpreende-trabalhadores\/","url":"https:\/\/www.em.com.br\/emfoco\/2026\/03\/13\/salario-minimo-de-r-3-241-por-mes-ja-e-pago-em-pais-da-america-latina-e-diferenca-para-o-brasil-surpreende-trabalhadores\/","name":"Sal\u00e1rio m\u00ednimo de R$ 3.241 por m\u00eas j\u00e1 \u00e9 pago em pa\u00eds da Am\u00e9rica Latina e diferen\u00e7a para o Brasil surpreende trabalhadores - Estado de Minas - Em foco","isPartOf":{"@id":"https:\/\/www.em.com.br\/emfoco\/#website"},"primaryImageOfPage":{"@id":"https:\/\/www.em.com.br\/emfoco\/2026\/03\/13\/salario-minimo-de-r-3-241-por-mes-ja-e-pago-em-pais-da-america-latina-e-diferenca-para-o-brasil-surpreende-trabalhadores\/#primaryimage"},"image":{"@id":"https:\/\/www.em.com.br\/emfoco\/2026\/03\/13\/salario-minimo-de-r-3-241-por-mes-ja-e-pago-em-pais-da-america-latina-e-diferenca-para-o-brasil-surpreende-trabalhadores\/#primaryimage"},"thumbnailUrl":"https:\/\/www.em.com.br\/emfoco\/wp-content\/uploads\/2026\/03\/2-48.jpg","datePublished":"2026-03-14T00:45:00+00:00","dateModified":"2026-03-10T16:44:56+00:00","author":{"@id":"https:\/\/www.em.com.br\/emfoco\/#\/schema\/person\/1c9ddeab18b98abeffef834667bcf08a"},"description":"Sal\u00e1rio m\u00ednimo acima de R$ 3 mil j\u00e1 \u00e9 realidade em pa\u00eds da Am\u00e9rica Latina. Veja ranking e posi\u00e7\u00e3o do Brasil.","breadcrumb":{"@id":"https:\/\/www.em.com.br\/emfoco\/2026\/03\/13\/salario-minimo-de-r-3-241-por-mes-ja-e-pago-em-pais-da-america-latina-e-diferenca-para-o-brasil-surpreende-trabalhadores\/#breadcrumb"},"inLanguage":"pt-BR","potentialAction":[{"@type":"ReadAction","target":["https:\/\/www.em.com.br\/emfoco\/2026\/03\/13\/salario-minimo-de-r-3-241-por-mes-ja-e-pago-em-pais-da-america-latina-e-diferenca-para-o-brasil-surpreende-trabalhadores\/"]}]},{"@type":"ImageObject","inLanguage":"pt-BR","@id":"https:\/\/www.em.com.br\/emfoco\/2026\/03\/13\/salario-minimo-de-r-3-241-por-mes-ja-e-pago-em-pais-da-america-latina-e-diferenca-para-o-brasil-surpreende-trabalhadores\/#primaryimage","url":"https:\/\/www.em.com.br\/emfoco\/wp-content\/uploads\/2026\/03\/2-48.jpg","contentUrl":"https:\/\/www.em.com.br\/emfoco\/wp-content\/uploads\/2026\/03\/2-48.jpg","width":1280,"height":720,"caption":"Uruguai lidera ranking de sal\u00e1rio m\u00ednimo em d\u00f3lares na Am\u00e9rica Latina"},{"@type":"BreadcrumbList","@id":"https:\/\/www.em.com.br\/emfoco\/2026\/03\/13\/salario-minimo-de-r-3-241-por-mes-ja-e-pago-em-pais-da-america-latina-e-diferenca-para-o-brasil-surpreende-trabalhadores\/#breadcrumb","itemListElement":[{"@type":"ListItem","position":1,"name":"In\u00edcio","item":"https:\/\/www.em.com.br\/emfoco\/"},{"@type":"ListItem","position":2,"name":"Sal\u00e1rio m\u00ednimo de R$ 3.241 por m\u00eas j\u00e1 \u00e9 pago em pa\u00eds da Am\u00e9rica Latina e diferen\u00e7a para o Brasil surpreende trabalhadores"}]},{"@type":"WebSite","@id":"https:\/\/www.em.com.br\/emfoco\/#website","url":"https:\/\/www.em.com.br\/emfoco\/","name":"Estado de Minas - Em foco","description":"Acompanhe as \u00faltimas not\u00edcias e fique bem informado sobre tudo o que acontece em Minas Gerais, Brasil e no mundo.","potentialAction":[{"@type":"SearchAction","target":{"@type":"EntryPoint","urlTemplate":"https:\/\/www.em.com.br\/emfoco\/?s={search_term_string}"},"query-input":{"@type":"PropertyValueSpecification","valueRequired":true,"valueName":"search_term_string"}}],"inLanguage":"pt-BR"},{"@type":"Person","@id":"https:\/\/www.em.com.br\/emfoco\/#\/schema\/person\/1c9ddeab18b98abeffef834667bcf08a","name":"Gabriel Martins","image":{"@type":"ImageObject","inLanguage":"pt-BR","@id":"https:\/\/www.em.com.br\/emfoco\/#\/schema\/person\/image\/","url":"https:\/\/secure.gravatar.com\/avatar\/f0f1e2efdfd88f1ad2cb08c5c2731e50?s=96&d=mm&r=g","contentUrl":"https:\/\/secure.gravatar.com\/avatar\/f0f1e2efdfd88f1ad2cb08c5c2731e50?s=96&d=mm&r=g","caption":"Gabriel Martins"},"sameAs":["https:\/\/www.em.com.br\/emfoco\/"],"url":"https:\/\/www.em.com.br\/emfoco\/author\/gabrielmartinsmyth\/"}]}},"_links":{"self":[{"href":"https:\/\/www.em.com.br\/emfoco\/wp-json\/wp\/v2\/posts\/179695","targetHints":{"allow":["GET"]}}],"collection":[{"href":"https:\/\/www.em.com.br\/emfoco\/wp-json\/wp\/v2\/posts"}],"about":[{"href":"https:\/\/www.em.com.br\/emfoco\/wp-json\/wp\/v2\/types\/post"}],"author":[{"embeddable":true,"href":"https:\/\/www.em.com.br\/emfoco\/wp-json\/wp\/v2\/users\/13"}],"replies":[{"embeddable":true,"href":"https:\/\/www.em.com.br\/emfoco\/wp-json\/wp\/v2\/comments?post=179695"}],"version-history":[{"count":4,"href":"https:\/\/www.em.com.br\/emfoco\/wp-json\/wp\/v2\/posts\/179695\/revisions"}],"predecessor-version":[{"id":179770,"href":"https:\/\/www.em.com.br\/emfoco\/wp-json\/wp\/v2\/posts\/179695\/revisions\/179770"}],"wp:featuredmedia":[{"embeddable":true,"href":"https:\/\/www.em.com.br\/emfoco\/wp-json\/wp\/v2\/media\/179752"}],"wp:attachment":[{"href":"https:\/\/www.em.com.br\/emfoco\/wp-json\/wp\/v2\/media?parent=179695"}],"wp:term":[{"taxonomy":"category","embeddable":true,"href":"https:\/\/www.em.com.br\/emfoco\/wp-json\/wp\/v2\/categories?post=179695"},{"taxonomy":"post_tag","embeddable":true,"href":"https:\/\/www.em.com.br\/emfoco\/wp-json\/wp\/v2\/tags?post=179695"}],"curies":[{"name":"wp","href":"https:\/\/api.w.org\/{rel}","templated":true}]}}