{"id":179694,"date":"2026-03-13T20:25:00","date_gmt":"2026-03-13T23:25:00","guid":{"rendered":"https:\/\/www.em.com.br\/emfoco\/?p=179694"},"modified":"2026-03-10T13:44:02","modified_gmt":"2026-03-10T16:44:02","slug":"inss-tera-que-pagar-r-14-bilhao-em-valores-atrasados-veja-quem-pode-receber-valores-retroativos","status":"publish","type":"post","link":"https:\/\/www.em.com.br\/emfoco\/2026\/03\/13\/inss-tera-que-pagar-r-14-bilhao-em-valores-atrasados-veja-quem-pode-receber-valores-retroativos\/","title":{"rendered":"INSS ter\u00e1 que pagar R$ 1,4 bilh\u00e3o em valores atrasados! Veja quem pode receber valores retroativos"},"content":{"rendered":"\n<p>A libera\u00e7\u00e3o de R$ 1,4 bilh\u00e3o para quitar atrasados do INSS pela Justi\u00e7a Federal reacende a esperan\u00e7a de milhares de segurados em todo o pa\u00eds. Em tempos de or\u00e7amento apertado, receber valores retroativos de benef\u00edcios como aposentadorias, pens\u00f5es e aux\u00edlios pode representar a chance de reorganizar as finan\u00e7as, sair do vermelho e recuperar direitos reconhecidos pela Justi\u00e7a ap\u00f3s anos de espera.<\/p>\n\n\n\n<h2 class=\"wp-block-heading\">Quem tem direito aos atrasados do INSS liberados pela Justi\u00e7a Federal?<\/h2>\n\n\n\n<p>Os atrasados do INSS s\u00e3o valores acumulados ao longo do tempo e devidos pela Previd\u00eancia Social ap\u00f3s revis\u00e3o ou concess\u00e3o tardia de benef\u00edcio. Eles s\u00e3o pagos apenas a quem possui a\u00e7\u00e3o na Justi\u00e7a Federal com senten\u00e7a favor\u00e1vel e processo j\u00e1 conclu\u00eddo, com RPV ou precat\u00f3rio expedido pelo tribunal competente.<\/p>\n\n\n\n<p>De forma geral, entram nesse grupo de benefici\u00e1rios:<\/p>\n\n\n\n<ul class=\"wp-block-list\">\n<li><strong>Aposentados e pensionistas<\/strong>\u00a0que tiveram revis\u00e3o de benef\u00edcio reconhecida judicialmente;<\/li>\n\n\n\n<li>Segurados que obtiveram\u00a0<strong>concess\u00e3o de benef\u00edcio negada<\/strong>\u00a0pelo INSS e garantida depois na Justi\u00e7a;<\/li>\n\n\n\n<li>Pessoas com\u00a0<strong>corre\u00e7\u00f5es de c\u00e1lculo<\/strong>\u00a0definidas em laudos periciais ou decis\u00f5es de segunda inst\u00e2ncia;<\/li>\n\n\n\n<li>Casos em que foram apurados valores retroativos ap\u00f3s a execu\u00e7\u00e3o do processo.<\/li>\n<\/ul>\n\n\n\n<figure class=\"wp-block-image size-large\"><img loading=\"lazy\" decoding=\"async\" width=\"1024\" height=\"576\" src=\"https:\/\/www.em.com.br\/emfoco\/wp-content\/uploads\/2026\/03\/4-44-1024x576.jpg\" alt=\"INSS ter\u00e1 que pagar R$ 1,4 bilh\u00e3o em valores atrasados! Veja quem pode receber valores retroativos\" class=\"wp-image-179754\" srcset=\"https:\/\/www.em.com.br\/emfoco\/wp-content\/uploads\/2026\/03\/4-44-1024x576.jpg 1024w, https:\/\/www.em.com.br\/emfoco\/wp-content\/uploads\/2026\/03\/4-44-300x169.jpg 300w, https:\/\/www.em.com.br\/emfoco\/wp-content\/uploads\/2026\/03\/4-44-768x432.jpg 768w, https:\/\/www.em.com.br\/emfoco\/wp-content\/uploads\/2026\/03\/4-44-750x422.jpg 750w, https:\/\/www.em.com.br\/emfoco\/wp-content\/uploads\/2026\/03\/4-44-1140x641.jpg 1140w, https:\/\/www.em.com.br\/emfoco\/wp-content\/uploads\/2026\/03\/4-44.jpg 1280w\" sizes=\"auto, (max-width: 1024px) 100vw, 1024px\" \/><figcaption class=\"wp-element-caption\">Recebem os retroativos apenas benefici\u00e1rios com senten\u00e7as favor\u00e1veis definitivas na justi\u00e7a<\/figcaption><\/figure>\n\n\n\n<h2 class=\"wp-block-heading\">O que s\u00e3o RPV e precat\u00f3rios no pagamento dos atrasados do INSS?<\/h2>\n\n\n\n<p>As Requisi\u00e7\u00f5es de Pequeno Valor (RPV) s\u00e3o usadas para cr\u00e9ditos de at\u00e9 60 sal\u00e1rios m\u00ednimos, o que em 2026 gira em torno de R$ 508,5 mil. Nessa modalidade, o pagamento costuma ser mais r\u00e1pido, seguindo cronogramas mensais ou peri\u00f3dicos dos Tribunais Regionais Federais, dando mais previsibilidade ao segurado.<\/p>\n\n\n\n<p>J\u00e1 os precat\u00f3rios tratam de quantias superiores a esse teto e seguem um calend\u00e1rio de inclus\u00e3o no or\u00e7amento p\u00fablico, o que pode alongar a espera. Em muitos casos, quem tem precat\u00f3rio avalia ofertas de antecipa\u00e7\u00e3o junto a bancos, devendo analisar com cuidado juros, des\u00e1gios e cl\u00e1usulas para n\u00e3o transformar um direito conquistado em preju\u00edzo financeiro.<\/p>\n\n\n\n<h2 class=\"wp-block-heading\">Qual \u00e9 o impacto financeiro dos atrasados do INSS na renda das fam\u00edlias?<\/h2>\n\n\n\n<p>A entrada de atrasados do <strong><a href=\"https:\/\/www.em.com.br\/emfoco\/2026\/03\/10\/inss-confirma-novo-formato-para-a-prova-de-vida-e-aposentados-devem-ficar-atentos\/\" target=\"_blank\" rel=\"noreferrer noopener\">INSS <\/a><\/strong>tende a influenciar mais a economia dom\u00e9stica do que os indicadores nacionais. Para aposentados, pensionistas e dependentes, esse dinheiro costuma ser decisivo para regularizar contas em atraso, recompor perdas de anos anteriores e refor\u00e7ar a renda mensal de forma duradoura.<\/p>\n\n\n\n<ul class=\"wp-block-list\">\n<li><strong>Reorganiza\u00e7\u00e3o do or\u00e7amento<\/strong>, ajustando gastos mensais \u00e0 nova renda;<\/li>\n\n\n\n<li><strong>Redu\u00e7\u00e3o de d\u00edvidas caras<\/strong>, como cart\u00e3o de cr\u00e9dito, cheque especial e consignados abusivos;<\/li>\n\n\n\n<li><strong>Forma\u00e7\u00e3o de reserva de emerg\u00eancia<\/strong>, trazendo seguran\u00e7a em imprevistos de sa\u00fade ou moradia;<\/li>\n\n\n\n<li><strong>Planejamento de m\u00e9dio prazo<\/strong>, garantindo recursos para tratamentos, aluguel e educa\u00e7\u00e3o de dependentes.<\/li>\n<\/ul>\n\n\n\n<p>Confira o v\u00eddeo compartilhado pelo canal do YouTube <strong><a href=\"https:\/\/www.youtube.com\/@VS_VALTERDOSSANTOS\" target=\"_blank\" rel=\"noreferrer noopener\">VALTER DOS SANTOS<\/a><\/strong> falando sobre a revis\u00e3o de aposentadoria com valores em atraso.<\/p>\n\n\n\n<figure class=\"wp-block-embed is-type-video is-provider-youtube wp-block-embed-youtube wp-embed-aspect-16-9 wp-has-aspect-ratio\"><div class=\"wp-block-embed__wrapper\">\n<div class=\"jeg_video_container jeg_video_content\"><iframe loading=\"lazy\" title=\"INSS: Justi\u00e7a obriga REVIS\u00c3O de Aposentadoria com valores ATRASADOS! (Entenda)\" width=\"500\" height=\"281\" src=\"https:\/\/www.youtube.com\/embed\/8XZEH0it6kE?feature=oembed\" frameborder=\"0\" allow=\"accelerometer; autoplay; clipboard-write; encrypted-media; gyroscope; picture-in-picture; web-share\" referrerpolicy=\"strict-origin-when-cross-origin\" allowfullscreen><\/iframe><\/div>\n<\/div><\/figure>\n\n\n\n<h2 class=\"wp-block-heading\">Como consultar os atrasados do INSS com seguran\u00e7a e evitar golpes?<\/h2>\n\n\n\n<p>A confer\u00eancia dos atrasados deve ser feita apenas em canais oficiais para reduzir riscos de fraude. A consulta pode ser realizada com CPF ou n\u00famero do processo no site do Conselho da Justi\u00e7a Federal (CJF) ou nos portais dos Tribunais Regionais Federais da regi\u00e3o respons\u00e1vel pela a\u00e7\u00e3o, al\u00e9m do acompanhamento pelo advogado ou defensor p\u00fablico.<\/p>\n\n\n\n<p>Para aumentar a seguran\u00e7a, \u00e9 essencial consultar o andamento em&nbsp;<em>cjf.jus.br<\/em>&nbsp;ou no site do TRF, conferir os dados banc\u00e1rios cadastrados e desconfiar de qualquer pedido de pagamento antecipado para liberar valores. Tamb\u00e9m \u00e9 recomend\u00e1vel planejar, antes mesmo do dep\u00f3sito, como o dinheiro ser\u00e1 usado, priorizando d\u00edvidas mais caras, reserva financeira e despesas realmente essenciais.<\/p>\n\n\n\n<h2 class=\"wp-block-heading\">Como usar os atrasados do INSS para mudar sua vida financeira agora?<\/h2>\n\n\n\n<p>Os atrasados do INSS n\u00e3o s\u00e3o um pr\u00eamio inesperado, mas a devolu\u00e7\u00e3o de um direito que demorou a ser pago. Justamente por isso, esse dinheiro pode ser a virada de chave para sair do endividamento cr\u00f4nico, recuperar a tranquilidade financeira e garantir mais dignidade na aposentadoria ou na prote\u00e7\u00e3o da fam\u00edlia.<\/p>\n\n\n\n<p>N\u00e3o espere o valor cair na conta para agir: verifique j\u00e1 se h\u00e1 processo em seu nome, confirme a exist\u00eancia de RPV ou precat\u00f3rio e sente com calma para definir prioridades de pagamento e reserva. Cada real recebido pode representar a diferen\u00e7a entre continuar preso \u00e0s d\u00edvidas ou conquistar, enfim, a seguran\u00e7a que voc\u00ea e sua fam\u00edlia merecem \u2014 o momento de se organizar \u00e9 agora.<\/p>\n","protected":false},"excerpt":{"rendered":"<p>A libera\u00e7\u00e3o de R$ 1,4 bilh\u00e3o para quitar atrasados do INSS pela Justi\u00e7a Federal reacende a esperan\u00e7a de milhares de segurados em todo o pa\u00eds. Em tempos de or\u00e7amento apertado, receber valores retroativos de benef\u00edcios como aposentadorias, pens\u00f5es e aux\u00edlios pode representar a chance de reorganizar as finan\u00e7as, sair do vermelho e recuperar direitos reconhecidos [&hellip;]<\/p>\n","protected":false},"author":13,"featured_media":179755,"comment_status":"open","ping_status":"open","sticky":false,"template":"","format":"standard","meta":{"jnews-multi-image_gallery":[],"jnews_single_post":{"format":"standard"},"jnews_primary_category":[],"jnews_social_meta":[],"jnews_override_counter":[],"footnotes":""},"categories":[28],"tags":[21950,453,174,16254],"class_list":["post-179694","post","type-post","status-publish","format-standard","has-post-thumbnail","hentry","category-economia","tag-atrasados-do-inss","tag-beneficiarios","tag-inss","tag-justica-federal"],"yoast_head":"<!-- This site is optimized with the Yoast SEO plugin v23.8 - https:\/\/yoast.com\/wordpress\/plugins\/seo\/ -->\n<title>INSS ter\u00e1 que pagar R$ 1,4 bilh\u00e3o em valores atrasados! Veja quem pode receber valores retroativos - Estado de Minas - Em foco<\/title>\n<meta name=\"description\" content=\"Justi\u00e7a Federal liberou R$ 1,4 bilh\u00e3o em atrasados do INSS. Veja quem tem direito e como consultar pagamento.\" \/>\n<meta name=\"robots\" content=\"index, follow, max-snippet:-1, max-image-preview:large, max-video-preview:-1\" \/>\n<link rel=\"canonical\" href=\"https:\/\/www.em.com.br\/emfoco\/2026\/03\/13\/inss-tera-que-pagar-r-14-bilhao-em-valores-atrasados-veja-quem-pode-receber-valores-retroativos\/\" \/>\n<meta property=\"og:locale\" content=\"pt_BR\" \/>\n<meta property=\"og:type\" content=\"article\" \/>\n<meta property=\"og:title\" content=\"INSS ter\u00e1 que pagar R$ 1,4 bilh\u00e3o em valores atrasados! Veja quem pode receber valores retroativos - Estado de Minas - Em foco\" \/>\n<meta property=\"og:description\" content=\"Justi\u00e7a Federal liberou R$ 1,4 bilh\u00e3o em atrasados do INSS. Veja quem tem direito e como consultar pagamento.\" \/>\n<meta property=\"og:url\" content=\"https:\/\/www.em.com.br\/emfoco\/2026\/03\/13\/inss-tera-que-pagar-r-14-bilhao-em-valores-atrasados-veja-quem-pode-receber-valores-retroativos\/\" \/>\n<meta property=\"og:site_name\" content=\"Estado de Minas - Em foco\" \/>\n<meta property=\"article:published_time\" content=\"2026-03-13T23:25:00+00:00\" \/>\n<meta property=\"article:modified_time\" content=\"2026-03-10T16:44:02+00:00\" \/>\n<meta property=\"og:image\" content=\"https:\/\/www.em.com.br\/emfoco\/wp-content\/uploads\/2026\/03\/5-41.jpg\" \/>\n\t<meta property=\"og:image:width\" content=\"1280\" \/>\n\t<meta property=\"og:image:height\" content=\"720\" \/>\n\t<meta property=\"og:image:type\" content=\"image\/jpeg\" \/>\n<meta name=\"author\" content=\"Gabriel Martins\" \/>\n<meta name=\"twitter:card\" content=\"summary_large_image\" \/>\n<meta name=\"twitter:label1\" content=\"Escrito por\" \/>\n\t<meta name=\"twitter:data1\" content=\"Gabriel Martins\" \/>\n\t<meta name=\"twitter:label2\" content=\"Est. tempo de leitura\" \/>\n\t<meta name=\"twitter:data2\" content=\"5 minutos\" \/>\n<!-- \/ Yoast SEO plugin. -->","yoast_head_json":{"title":"INSS ter\u00e1 que pagar R$ 1,4 bilh\u00e3o em valores atrasados! Veja quem pode receber valores retroativos - Estado de Minas - Em foco","description":"Justi\u00e7a Federal liberou R$ 1,4 bilh\u00e3o em atrasados do INSS. Veja quem tem direito e como consultar pagamento.","robots":{"index":"index","follow":"follow","max-snippet":"max-snippet:-1","max-image-preview":"max-image-preview:large","max-video-preview":"max-video-preview:-1"},"canonical":"https:\/\/www.em.com.br\/emfoco\/2026\/03\/13\/inss-tera-que-pagar-r-14-bilhao-em-valores-atrasados-veja-quem-pode-receber-valores-retroativos\/","og_locale":"pt_BR","og_type":"article","og_title":"INSS ter\u00e1 que pagar R$ 1,4 bilh\u00e3o em valores atrasados! Veja quem pode receber valores retroativos - Estado de Minas - Em foco","og_description":"Justi\u00e7a Federal liberou R$ 1,4 bilh\u00e3o em atrasados do INSS. Veja quem tem direito e como consultar pagamento.","og_url":"https:\/\/www.em.com.br\/emfoco\/2026\/03\/13\/inss-tera-que-pagar-r-14-bilhao-em-valores-atrasados-veja-quem-pode-receber-valores-retroativos\/","og_site_name":"Estado de Minas - Em foco","article_published_time":"2026-03-13T23:25:00+00:00","article_modified_time":"2026-03-10T16:44:02+00:00","og_image":[{"width":1280,"height":720,"url":"https:\/\/www.em.com.br\/emfoco\/wp-content\/uploads\/2026\/03\/5-41.jpg","type":"image\/jpeg"}],"author":"Gabriel Martins","twitter_card":"summary_large_image","twitter_misc":{"Escrito por":"Gabriel Martins","Est. tempo de leitura":"5 minutos"},"schema":{"@context":"https:\/\/schema.org","@graph":[{"@type":"WebPage","@id":"https:\/\/www.em.com.br\/emfoco\/2026\/03\/13\/inss-tera-que-pagar-r-14-bilhao-em-valores-atrasados-veja-quem-pode-receber-valores-retroativos\/","url":"https:\/\/www.em.com.br\/emfoco\/2026\/03\/13\/inss-tera-que-pagar-r-14-bilhao-em-valores-atrasados-veja-quem-pode-receber-valores-retroativos\/","name":"INSS ter\u00e1 que pagar R$ 1,4 bilh\u00e3o em valores atrasados! Veja quem pode receber valores retroativos - Estado de Minas - Em foco","isPartOf":{"@id":"https:\/\/www.em.com.br\/emfoco\/#website"},"primaryImageOfPage":{"@id":"https:\/\/www.em.com.br\/emfoco\/2026\/03\/13\/inss-tera-que-pagar-r-14-bilhao-em-valores-atrasados-veja-quem-pode-receber-valores-retroativos\/#primaryimage"},"image":{"@id":"https:\/\/www.em.com.br\/emfoco\/2026\/03\/13\/inss-tera-que-pagar-r-14-bilhao-em-valores-atrasados-veja-quem-pode-receber-valores-retroativos\/#primaryimage"},"thumbnailUrl":"https:\/\/www.em.com.br\/emfoco\/wp-content\/uploads\/2026\/03\/5-41.jpg","datePublished":"2026-03-13T23:25:00+00:00","dateModified":"2026-03-10T16:44:02+00:00","author":{"@id":"https:\/\/www.em.com.br\/emfoco\/#\/schema\/person\/1c9ddeab18b98abeffef834667bcf08a"},"description":"Justi\u00e7a Federal liberou R$ 1,4 bilh\u00e3o em atrasados do INSS. Veja quem tem direito e como consultar pagamento.","breadcrumb":{"@id":"https:\/\/www.em.com.br\/emfoco\/2026\/03\/13\/inss-tera-que-pagar-r-14-bilhao-em-valores-atrasados-veja-quem-pode-receber-valores-retroativos\/#breadcrumb"},"inLanguage":"pt-BR","potentialAction":[{"@type":"ReadAction","target":["https:\/\/www.em.com.br\/emfoco\/2026\/03\/13\/inss-tera-que-pagar-r-14-bilhao-em-valores-atrasados-veja-quem-pode-receber-valores-retroativos\/"]}]},{"@type":"ImageObject","inLanguage":"pt-BR","@id":"https:\/\/www.em.com.br\/emfoco\/2026\/03\/13\/inss-tera-que-pagar-r-14-bilhao-em-valores-atrasados-veja-quem-pode-receber-valores-retroativos\/#primaryimage","url":"https:\/\/www.em.com.br\/emfoco\/wp-content\/uploads\/2026\/03\/5-41.jpg","contentUrl":"https:\/\/www.em.com.br\/emfoco\/wp-content\/uploads\/2026\/03\/5-41.jpg","width":1280,"height":720,"caption":"Libera\u00e7\u00e3o de recursos bilion\u00e1rios quita valores atrasados de segurados do INSS"},{"@type":"BreadcrumbList","@id":"https:\/\/www.em.com.br\/emfoco\/2026\/03\/13\/inss-tera-que-pagar-r-14-bilhao-em-valores-atrasados-veja-quem-pode-receber-valores-retroativos\/#breadcrumb","itemListElement":[{"@type":"ListItem","position":1,"name":"In\u00edcio","item":"https:\/\/www.em.com.br\/emfoco\/"},{"@type":"ListItem","position":2,"name":"INSS ter\u00e1 que pagar R$ 1,4 bilh\u00e3o em valores atrasados! Veja quem pode receber valores retroativos"}]},{"@type":"WebSite","@id":"https:\/\/www.em.com.br\/emfoco\/#website","url":"https:\/\/www.em.com.br\/emfoco\/","name":"Estado de Minas - Em foco","description":"Acompanhe as \u00faltimas not\u00edcias e fique bem informado sobre tudo o que acontece em Minas Gerais, Brasil e no mundo.","potentialAction":[{"@type":"SearchAction","target":{"@type":"EntryPoint","urlTemplate":"https:\/\/www.em.com.br\/emfoco\/?s={search_term_string}"},"query-input":{"@type":"PropertyValueSpecification","valueRequired":true,"valueName":"search_term_string"}}],"inLanguage":"pt-BR"},{"@type":"Person","@id":"https:\/\/www.em.com.br\/emfoco\/#\/schema\/person\/1c9ddeab18b98abeffef834667bcf08a","name":"Gabriel Martins","image":{"@type":"ImageObject","inLanguage":"pt-BR","@id":"https:\/\/www.em.com.br\/emfoco\/#\/schema\/person\/image\/","url":"https:\/\/secure.gravatar.com\/avatar\/f0f1e2efdfd88f1ad2cb08c5c2731e50?s=96&d=mm&r=g","contentUrl":"https:\/\/secure.gravatar.com\/avatar\/f0f1e2efdfd88f1ad2cb08c5c2731e50?s=96&d=mm&r=g","caption":"Gabriel Martins"},"sameAs":["https:\/\/www.em.com.br\/emfoco\/"],"url":"https:\/\/www.em.com.br\/emfoco\/author\/gabrielmartinsmyth\/"}]}},"_links":{"self":[{"href":"https:\/\/www.em.com.br\/emfoco\/wp-json\/wp\/v2\/posts\/179694","targetHints":{"allow":["GET"]}}],"collection":[{"href":"https:\/\/www.em.com.br\/emfoco\/wp-json\/wp\/v2\/posts"}],"about":[{"href":"https:\/\/www.em.com.br\/emfoco\/wp-json\/wp\/v2\/types\/post"}],"author":[{"embeddable":true,"href":"https:\/\/www.em.com.br\/emfoco\/wp-json\/wp\/v2\/users\/13"}],"replies":[{"embeddable":true,"href":"https:\/\/www.em.com.br\/emfoco\/wp-json\/wp\/v2\/comments?post=179694"}],"version-history":[{"count":1,"href":"https:\/\/www.em.com.br\/emfoco\/wp-json\/wp\/v2\/posts\/179694\/revisions"}],"predecessor-version":[{"id":179768,"href":"https:\/\/www.em.com.br\/emfoco\/wp-json\/wp\/v2\/posts\/179694\/revisions\/179768"}],"wp:featuredmedia":[{"embeddable":true,"href":"https:\/\/www.em.com.br\/emfoco\/wp-json\/wp\/v2\/media\/179755"}],"wp:attachment":[{"href":"https:\/\/www.em.com.br\/emfoco\/wp-json\/wp\/v2\/media?parent=179694"}],"wp:term":[{"taxonomy":"category","embeddable":true,"href":"https:\/\/www.em.com.br\/emfoco\/wp-json\/wp\/v2\/categories?post=179694"},{"taxonomy":"post_tag","embeddable":true,"href":"https:\/\/www.em.com.br\/emfoco\/wp-json\/wp\/v2\/tags?post=179694"}],"curies":[{"name":"wp","href":"https:\/\/api.w.org\/{rel}","templated":true}]}}