{"id":179692,"date":"2026-03-13T18:45:00","date_gmt":"2026-03-13T21:45:00","guid":{"rendered":"https:\/\/www.em.com.br\/emfoco\/?p=179692"},"modified":"2026-03-10T13:42:37","modified_gmt":"2026-03-10T16:42:37","slug":"donos-de-cachorro-recebem-alerta-sobre-nova-regra-nas-praias-e-podem-levar-multa-se-ignorarem","status":"publish","type":"post","link":"https:\/\/www.em.com.br\/emfoco\/2026\/03\/13\/donos-de-cachorro-recebem-alerta-sobre-nova-regra-nas-praias-e-podem-levar-multa-se-ignorarem\/","title":{"rendered":"Donos de cachorro recebem alerta sobre nova regra nas praias e podem levar multa se ignorarem"},"content":{"rendered":"\n<p>Quem caminha pela orla de <strong>Florian\u00f3polis <\/strong>em 2026 encontra regras bem mais definidas para circular com animais de estima\u00e7\u00e3o na areia. Com uma nova regulamenta\u00e7\u00e3o municipal, o acesso de c\u00e3es passou a ter hor\u00e1rios, trechos espec\u00edficos liberados e exig\u00eancias claras para tutores, impactando especialmente quem tinha o passeio na praia como parte da rotina di\u00e1ria com o pet.<\/p>\n\n\n\n<h2 class=\"wp-block-heading\">O que mudou no acesso de c\u00e3es \u00e0s praias de Florian\u00f3polis<\/h2>\n\n\n\n<p>A principal altera\u00e7\u00e3o diz respeito \u00e0 presen\u00e7a de\u00a0<strong>c\u00e3es nas praias de <\/strong><a href=\"https:\/\/www.pmf.sc.gov.br\/\" target=\"_blank\" rel=\"noreferrer noopener\"><strong>Florian\u00f3polis<\/strong>\u00a0<\/a>em dois balne\u00e1rios muito procurados: <strong>Campeche<\/strong> e <strong>Ingleses<\/strong>. Nesses locais, os animais s\u00f3 podem circular na faixa de areia em hor\u00e1rios de menor movimento, como in\u00edcio da manh\u00e3 e fim da tarde, ficando proibidos no per\u00edodo central do dia.<\/p>\n\n\n\n<p>Nem toda a costa da capital foi inclu\u00edda: apenas trechos espec\u00edficos de Campeche e Ingleses, sinalizados com placas, foram liberados. Nas demais praias da cidade, segue em vigor a proibi\u00e7\u00e3o total de circula\u00e7\u00e3o de c\u00e3es na faixa de areia, independentemente do hor\u00e1rio.<\/p>\n\n\n\n<figure class=\"wp-block-image size-large\"><img loading=\"lazy\" decoding=\"async\" width=\"1024\" height=\"576\" src=\"https:\/\/www.em.com.br\/emfoco\/wp-content\/uploads\/2026\/03\/10-24-1024x576.jpg\" alt=\"Donos de cachorro recebem alerta sobre nova regra nas praias e podem levar multa se ignorarem\" class=\"wp-image-179760\" srcset=\"https:\/\/www.em.com.br\/emfoco\/wp-content\/uploads\/2026\/03\/10-24-1024x576.jpg 1024w, https:\/\/www.em.com.br\/emfoco\/wp-content\/uploads\/2026\/03\/10-24-300x169.jpg 300w, https:\/\/www.em.com.br\/emfoco\/wp-content\/uploads\/2026\/03\/10-24-768x432.jpg 768w, https:\/\/www.em.com.br\/emfoco\/wp-content\/uploads\/2026\/03\/10-24-750x422.jpg 750w, https:\/\/www.em.com.br\/emfoco\/wp-content\/uploads\/2026\/03\/10-24-1140x641.jpg 1140w, https:\/\/www.em.com.br\/emfoco\/wp-content\/uploads\/2026\/03\/10-24.jpg 1280w\" sizes=\"auto, (max-width: 1024px) 100vw, 1024px\" \/><figcaption class=\"wp-element-caption\">Acesso de animais \u00e0 areia possui hor\u00e1rios e trechos espec\u00edficos autorizados<\/figcaption><\/figure>\n\n\n\n<h2 class=\"wp-block-heading\">Quais regras valem para levar c\u00e3es \u00e0s \u00e1reas liberadas<\/h2>\n\n\n\n<p>Para ter acesso \u00e0s \u00e1reas autorizadas, n\u00e3o basta estar dentro do hor\u00e1rio permitido: a regulamenta\u00e7\u00e3o definiu um conjunto de exig\u00eancias para garantir organiza\u00e7\u00e3o, seguran\u00e7a e higiene. A proposta \u00e9 que os\u00a0<strong>c\u00e3es nas praias de <\/strong><a href=\"https:\/\/www.em.com.br\/emfoco\/2026\/01\/29\/a-austria-brasileira-a-421-km-de-florianopolis-que-preserva-o-dialeto-europeu-e-a-arquitetura-alpina-original\/\" target=\"_blank\" rel=\"noreferrer noopener\"><strong>Florian\u00f3polis<\/strong>\u00a0<\/a>estejam sempre identificados, vacinados e sob controle do tutor.<\/p>\n\n\n\n<p>Entre as exig\u00eancias mais comuns para o passeio com c\u00e3es na praia est\u00e3o:<\/p>\n\n\n\n<ul class=\"wp-block-list\">\n<li><strong>Identifica\u00e7\u00e3o do pet:<\/strong>\u00a0coleira com plaquinha contendo nome e telefone do respons\u00e1vel;<\/li>\n\n\n\n<li><strong>Respons\u00e1vel maior de idade:<\/strong>\u00a0a condu\u00e7\u00e3o do c\u00e3o deve ser feita por pessoa com 18 anos ou mais;<\/li>\n\n\n\n<li><strong>Carteira de vacina\u00e7\u00e3o:<\/strong>\u00a0recomend\u00e1vel portar o documento atualizado para eventuais fiscaliza\u00e7\u00f5es;<\/li>\n\n\n\n<li><strong>Uso de guia:<\/strong>\u00a0o c\u00e3o deve permanecer preso por coleira e guia durante todo o passeio, sem ficar solto na areia;<\/li>\n\n\n\n<li><strong>Respeito \u00e0s \u00e1reas sinalizadas:<\/strong>\u00a0circula\u00e7\u00e3o apenas nos trechos indicados por placas da prefeitura.<\/li>\n<\/ul>\n\n\n\n<h2 class=\"wp-block-heading\">Quais responsabilidades e cuidados os tutores devem assumir<\/h2>\n\n\n\n<p>A regulamenta\u00e7\u00e3o deixa claro que qualquer dano, sujeira ou situa\u00e7\u00e3o de risco gerada pelo animal \u00e9 de responsabilidade direta do tutor. Isso vale para fezes deixadas na areia, conflitos com outros c\u00e3es, acidentes com banhistas ou desrespeito \u00e0s orienta\u00e7\u00f5es dos fiscais municipais.<\/p>\n\n\n\n<p>Entre os cuidados obrigat\u00f3rios est\u00e3o recolher imediatamente os dejetos, evitar levar cadelas em cio, observar o comportamento do c\u00e3o \u2014 especialmente se tiver hist\u00f3rico de agressividade \u2014 e atender prontamente \u00e0s abordagens de fiscaliza\u00e7\u00e3o, apresentando documentos e seguindo as orienta\u00e7\u00f5es recebidas.<\/p>\n\n\n\n<figure class=\"wp-block-image size-large\"><img loading=\"lazy\" decoding=\"async\" width=\"1024\" height=\"576\" src=\"https:\/\/www.em.com.br\/emfoco\/wp-content\/uploads\/2026\/03\/9-27-1024x576.jpg\" alt=\"Donos de cachorro recebem alerta sobre nova regra nas praias e podem levar multa se ignorarem\" class=\"wp-image-179759\" srcset=\"https:\/\/www.em.com.br\/emfoco\/wp-content\/uploads\/2026\/03\/9-27-1024x576.jpg 1024w, https:\/\/www.em.com.br\/emfoco\/wp-content\/uploads\/2026\/03\/9-27-300x169.jpg 300w, https:\/\/www.em.com.br\/emfoco\/wp-content\/uploads\/2026\/03\/9-27-768x432.jpg 768w, https:\/\/www.em.com.br\/emfoco\/wp-content\/uploads\/2026\/03\/9-27-750x422.jpg 750w, https:\/\/www.em.com.br\/emfoco\/wp-content\/uploads\/2026\/03\/9-27-1140x641.jpg 1140w, https:\/\/www.em.com.br\/emfoco\/wp-content\/uploads\/2026\/03\/9-27.jpg 1280w\" sizes=\"auto, (max-width: 1024px) 100vw, 1024px\" \/><figcaption class=\"wp-element-caption\">Responsabilidade por danos ou sujeira recai diretamente sobre o tutor presente<\/figcaption><\/figure>\n\n\n\n<h2 class=\"wp-block-heading\">Como funciona o acesso de c\u00e3es considerados perigosos<\/h2>\n\n\n\n<p>A regulamenta\u00e7\u00e3o tamb\u00e9m traz regras espec\u00edficas para animais classificados como potencialmente perigosos, como c\u00e3es treinados para guarda, com hist\u00f3rico de ataques ou cujo porte e temperamento representem maior risco. Nesses casos, o controle deve ser ainda mais rigoroso para proteger outros frequentadores.<\/p>\n\n\n\n<p>Quando autorizados a circular nos trechos liberados, esses c\u00e3es devem usar focinheira, coleira resistente e guia curta, sempre conduzidos por um adulto capaz de cont\u00ea-los em situa\u00e7\u00f5es de estresse. O objetivo \u00e9 reduzir ao m\u00e1ximo a chance de incidentes em \u00e1reas que recebem fam\u00edlias, crian\u00e7as e turistas.<\/p>\n\n\n\n<h2 class=\"wp-block-heading\">Por que planejar os passeios com c\u00e3es nas praias de Florian\u00f3polis<\/h2>\n\n\n\n<p>Com a regulamenta\u00e7\u00e3o em vigor, os passeios com c\u00e3es na orla deixam de ser improvisados e passam a exigir planejamento: escolher a praia certa, checar se o trecho \u00e9 liberado, respeitar os hor\u00e1rios e seguir as exig\u00eancias de seguran\u00e7a e higiene. As placas instaladas em Campeche e Ingleses ajudam a identificar rapidamente o que \u00e9 ou n\u00e3o permitido.<\/p>\n\n\n\n<p>Se voc\u00ea quer continuar levando seu c\u00e3o \u00e0 praia sem correr risco de multa ou conflitos, informe-se sobre as regras, organize os hor\u00e1rios e adapte sua rotina agora. Respeitar essas normas \u00e9 urgente para garantir que os espa\u00e7os sigam abertos aos pets no futuro e que a conviv\u00eancia entre tutores, banhistas e turistas continue segura e harmoniosa.<\/p>\n","protected":false},"excerpt":{"rendered":"<p>Quem caminha pela orla de Florian\u00f3polis em 2026 encontra regras bem mais definidas para circular com animais de estima\u00e7\u00e3o na areia. Com uma nova regulamenta\u00e7\u00e3o municipal, o acesso de c\u00e3es passou a ter hor\u00e1rios, trechos espec\u00edficos liberados e exig\u00eancias claras para tutores, impactando especialmente quem tinha o passeio na praia como parte da rotina di\u00e1ria [&hellip;]<\/p>\n","protected":false},"author":13,"featured_media":179761,"comment_status":"open","ping_status":"open","sticky":false,"template":"","format":"standard","meta":{"jnews-multi-image_gallery":[],"jnews_single_post":{"format":"standard"},"jnews_primary_category":[],"jnews_social_meta":[],"jnews_override_counter":[],"footnotes":""},"categories":[28],"tags":[25953,1183,25954],"class_list":["post-179692","post","type-post","status-publish","format-standard","has-post-thumbnail","hentry","category-economia","tag-caes-em-praias","tag-florianopolis","tag-regulamentacao-municipal"],"yoast_head":"<!-- This site is optimized with the Yoast SEO plugin v23.8 - https:\/\/yoast.com\/wordpress\/plugins\/seo\/ -->\n<title>Donos de cachorro recebem alerta sobre nova regra nas praias e podem levar multa se ignorarem - Estado de Minas - Em foco<\/title>\n<meta name=\"description\" content=\"Donos de cachorro devem ficar atentos \u00e0s novas regras para pets na praia. Veja hor\u00e1rios permitidos e exig\u00eancias para evitar multas.\" \/>\n<meta name=\"robots\" content=\"index, follow, max-snippet:-1, max-image-preview:large, max-video-preview:-1\" \/>\n<link rel=\"canonical\" href=\"https:\/\/www.em.com.br\/emfoco\/2026\/03\/13\/donos-de-cachorro-recebem-alerta-sobre-nova-regra-nas-praias-e-podem-levar-multa-se-ignorarem\/\" \/>\n<meta property=\"og:locale\" content=\"pt_BR\" \/>\n<meta property=\"og:type\" content=\"article\" \/>\n<meta property=\"og:title\" content=\"Donos de cachorro recebem alerta sobre nova regra nas praias e podem levar multa se ignorarem - Estado de Minas - Em foco\" \/>\n<meta property=\"og:description\" content=\"Donos de cachorro devem ficar atentos \u00e0s novas regras para pets na praia. Veja hor\u00e1rios permitidos e exig\u00eancias para evitar multas.\" \/>\n<meta property=\"og:url\" content=\"https:\/\/www.em.com.br\/emfoco\/2026\/03\/13\/donos-de-cachorro-recebem-alerta-sobre-nova-regra-nas-praias-e-podem-levar-multa-se-ignorarem\/\" \/>\n<meta property=\"og:site_name\" content=\"Estado de Minas - Em foco\" \/>\n<meta property=\"article:published_time\" content=\"2026-03-13T21:45:00+00:00\" \/>\n<meta property=\"article:modified_time\" content=\"2026-03-10T16:42:37+00:00\" \/>\n<meta property=\"og:image\" content=\"https:\/\/www.em.com.br\/emfoco\/wp-content\/uploads\/2026\/03\/11-19.jpg\" \/>\n\t<meta property=\"og:image:width\" content=\"1280\" \/>\n\t<meta property=\"og:image:height\" content=\"720\" \/>\n\t<meta property=\"og:image:type\" content=\"image\/jpeg\" \/>\n<meta name=\"author\" content=\"Gabriel Martins\" \/>\n<meta name=\"twitter:card\" content=\"summary_large_image\" \/>\n<meta name=\"twitter:label1\" content=\"Escrito por\" \/>\n\t<meta name=\"twitter:data1\" content=\"Gabriel Martins\" \/>\n\t<meta name=\"twitter:label2\" content=\"Est. tempo de leitura\" \/>\n\t<meta name=\"twitter:data2\" content=\"5 minutos\" \/>\n<!-- \/ Yoast SEO plugin. -->","yoast_head_json":{"title":"Donos de cachorro recebem alerta sobre nova regra nas praias e podem levar multa se ignorarem - Estado de Minas - Em foco","description":"Donos de cachorro devem ficar atentos \u00e0s novas regras para pets na praia. Veja hor\u00e1rios permitidos e exig\u00eancias para evitar multas.","robots":{"index":"index","follow":"follow","max-snippet":"max-snippet:-1","max-image-preview":"max-image-preview:large","max-video-preview":"max-video-preview:-1"},"canonical":"https:\/\/www.em.com.br\/emfoco\/2026\/03\/13\/donos-de-cachorro-recebem-alerta-sobre-nova-regra-nas-praias-e-podem-levar-multa-se-ignorarem\/","og_locale":"pt_BR","og_type":"article","og_title":"Donos de cachorro recebem alerta sobre nova regra nas praias e podem levar multa se ignorarem - Estado de Minas - Em foco","og_description":"Donos de cachorro devem ficar atentos \u00e0s novas regras para pets na praia. Veja hor\u00e1rios permitidos e exig\u00eancias para evitar multas.","og_url":"https:\/\/www.em.com.br\/emfoco\/2026\/03\/13\/donos-de-cachorro-recebem-alerta-sobre-nova-regra-nas-praias-e-podem-levar-multa-se-ignorarem\/","og_site_name":"Estado de Minas - Em foco","article_published_time":"2026-03-13T21:45:00+00:00","article_modified_time":"2026-03-10T16:42:37+00:00","og_image":[{"width":1280,"height":720,"url":"https:\/\/www.em.com.br\/emfoco\/wp-content\/uploads\/2026\/03\/11-19.jpg","type":"image\/jpeg"}],"author":"Gabriel Martins","twitter_card":"summary_large_image","twitter_misc":{"Escrito por":"Gabriel Martins","Est. tempo de leitura":"5 minutos"},"schema":{"@context":"https:\/\/schema.org","@graph":[{"@type":"WebPage","@id":"https:\/\/www.em.com.br\/emfoco\/2026\/03\/13\/donos-de-cachorro-recebem-alerta-sobre-nova-regra-nas-praias-e-podem-levar-multa-se-ignorarem\/","url":"https:\/\/www.em.com.br\/emfoco\/2026\/03\/13\/donos-de-cachorro-recebem-alerta-sobre-nova-regra-nas-praias-e-podem-levar-multa-se-ignorarem\/","name":"Donos de cachorro recebem alerta sobre nova regra nas praias e podem levar multa se ignorarem - Estado de Minas - Em foco","isPartOf":{"@id":"https:\/\/www.em.com.br\/emfoco\/#website"},"primaryImageOfPage":{"@id":"https:\/\/www.em.com.br\/emfoco\/2026\/03\/13\/donos-de-cachorro-recebem-alerta-sobre-nova-regra-nas-praias-e-podem-levar-multa-se-ignorarem\/#primaryimage"},"image":{"@id":"https:\/\/www.em.com.br\/emfoco\/2026\/03\/13\/donos-de-cachorro-recebem-alerta-sobre-nova-regra-nas-praias-e-podem-levar-multa-se-ignorarem\/#primaryimage"},"thumbnailUrl":"https:\/\/www.em.com.br\/emfoco\/wp-content\/uploads\/2026\/03\/11-19.jpg","datePublished":"2026-03-13T21:45:00+00:00","dateModified":"2026-03-10T16:42:37+00:00","author":{"@id":"https:\/\/www.em.com.br\/emfoco\/#\/schema\/person\/1c9ddeab18b98abeffef834667bcf08a"},"description":"Donos de cachorro devem ficar atentos \u00e0s novas regras para pets na praia. Veja hor\u00e1rios permitidos e exig\u00eancias para evitar multas.","breadcrumb":{"@id":"https:\/\/www.em.com.br\/emfoco\/2026\/03\/13\/donos-de-cachorro-recebem-alerta-sobre-nova-regra-nas-praias-e-podem-levar-multa-se-ignorarem\/#breadcrumb"},"inLanguage":"pt-BR","potentialAction":[{"@type":"ReadAction","target":["https:\/\/www.em.com.br\/emfoco\/2026\/03\/13\/donos-de-cachorro-recebem-alerta-sobre-nova-regra-nas-praias-e-podem-levar-multa-se-ignorarem\/"]}]},{"@type":"ImageObject","inLanguage":"pt-BR","@id":"https:\/\/www.em.com.br\/emfoco\/2026\/03\/13\/donos-de-cachorro-recebem-alerta-sobre-nova-regra-nas-praias-e-podem-levar-multa-se-ignorarem\/#primaryimage","url":"https:\/\/www.em.com.br\/emfoco\/wp-content\/uploads\/2026\/03\/11-19.jpg","contentUrl":"https:\/\/www.em.com.br\/emfoco\/wp-content\/uploads\/2026\/03\/11-19.jpg","width":1280,"height":720,"caption":"Florian\u00f3polis estabelece regras r\u00edgidas para a circula\u00e7\u00e3o de c\u00e3es nas praias"},{"@type":"BreadcrumbList","@id":"https:\/\/www.em.com.br\/emfoco\/2026\/03\/13\/donos-de-cachorro-recebem-alerta-sobre-nova-regra-nas-praias-e-podem-levar-multa-se-ignorarem\/#breadcrumb","itemListElement":[{"@type":"ListItem","position":1,"name":"In\u00edcio","item":"https:\/\/www.em.com.br\/emfoco\/"},{"@type":"ListItem","position":2,"name":"Donos de cachorro recebem alerta sobre nova regra nas praias e podem levar multa se ignorarem"}]},{"@type":"WebSite","@id":"https:\/\/www.em.com.br\/emfoco\/#website","url":"https:\/\/www.em.com.br\/emfoco\/","name":"Estado de Minas - Em foco","description":"Acompanhe as \u00faltimas not\u00edcias e fique bem informado sobre tudo o que acontece em Minas Gerais, Brasil e no mundo.","potentialAction":[{"@type":"SearchAction","target":{"@type":"EntryPoint","urlTemplate":"https:\/\/www.em.com.br\/emfoco\/?s={search_term_string}"},"query-input":{"@type":"PropertyValueSpecification","valueRequired":true,"valueName":"search_term_string"}}],"inLanguage":"pt-BR"},{"@type":"Person","@id":"https:\/\/www.em.com.br\/emfoco\/#\/schema\/person\/1c9ddeab18b98abeffef834667bcf08a","name":"Gabriel Martins","image":{"@type":"ImageObject","inLanguage":"pt-BR","@id":"https:\/\/www.em.com.br\/emfoco\/#\/schema\/person\/image\/","url":"https:\/\/secure.gravatar.com\/avatar\/f0f1e2efdfd88f1ad2cb08c5c2731e50?s=96&d=mm&r=g","contentUrl":"https:\/\/secure.gravatar.com\/avatar\/f0f1e2efdfd88f1ad2cb08c5c2731e50?s=96&d=mm&r=g","caption":"Gabriel Martins"},"sameAs":["https:\/\/www.em.com.br\/emfoco\/"],"url":"https:\/\/www.em.com.br\/emfoco\/author\/gabrielmartinsmyth\/"}]}},"_links":{"self":[{"href":"https:\/\/www.em.com.br\/emfoco\/wp-json\/wp\/v2\/posts\/179692","targetHints":{"allow":["GET"]}}],"collection":[{"href":"https:\/\/www.em.com.br\/emfoco\/wp-json\/wp\/v2\/posts"}],"about":[{"href":"https:\/\/www.em.com.br\/emfoco\/wp-json\/wp\/v2\/types\/post"}],"author":[{"embeddable":true,"href":"https:\/\/www.em.com.br\/emfoco\/wp-json\/wp\/v2\/users\/13"}],"replies":[{"embeddable":true,"href":"https:\/\/www.em.com.br\/emfoco\/wp-json\/wp\/v2\/comments?post=179692"}],"version-history":[{"count":1,"href":"https:\/\/www.em.com.br\/emfoco\/wp-json\/wp\/v2\/posts\/179692\/revisions"}],"predecessor-version":[{"id":179766,"href":"https:\/\/www.em.com.br\/emfoco\/wp-json\/wp\/v2\/posts\/179692\/revisions\/179766"}],"wp:featuredmedia":[{"embeddable":true,"href":"https:\/\/www.em.com.br\/emfoco\/wp-json\/wp\/v2\/media\/179761"}],"wp:attachment":[{"href":"https:\/\/www.em.com.br\/emfoco\/wp-json\/wp\/v2\/media?parent=179692"}],"wp:term":[{"taxonomy":"category","embeddable":true,"href":"https:\/\/www.em.com.br\/emfoco\/wp-json\/wp\/v2\/categories?post=179692"},{"taxonomy":"post_tag","embeddable":true,"href":"https:\/\/www.em.com.br\/emfoco\/wp-json\/wp\/v2\/tags?post=179692"}],"curies":[{"name":"wp","href":"https:\/\/api.w.org\/{rel}","templated":true}]}}