{"id":179691,"date":"2026-03-13T16:15:00","date_gmt":"2026-03-13T19:15:00","guid":{"rendered":"https:\/\/www.em.com.br\/emfoco\/?p=179691"},"modified":"2026-03-10T13:41:53","modified_gmt":"2026-03-10T16:41:53","slug":"funcionario-demitido-por-suposta-ofensa-vence-empresa-na-justica-e-recebe-indenizacao-de-r-390-mil-apos-9-anos","status":"publish","type":"post","link":"https:\/\/www.em.com.br\/emfoco\/2026\/03\/13\/funcionario-demitido-por-suposta-ofensa-vence-empresa-na-justica-e-recebe-indenizacao-de-r-390-mil-apos-9-anos\/","title":{"rendered":"Funcion\u00e1rio demitido por suposta ofensa vence empresa na Justi\u00e7a e recebe indeniza\u00e7\u00e3o de R$ 390 mil ap\u00f3s 9 anos"},"content":{"rendered":"\n<p>Um caso recente em Buenos Aires reacendeu o debate sobre&nbsp;<strong>demiss\u00e3o injusta<\/strong>&nbsp;e os limites do poder disciplinar das empresas. Um funcion\u00e1rio do setor de limpeza foi desligado ap\u00f3s supostamente insultar uma colega de trabalho. O epis\u00f3dio, ocorrido em 2016, deu origem a uma disputa judicial que se estendeu por nove anos e terminou, em 2026, com a condena\u00e7\u00e3o da empresa ao pagamento de uma indeniza\u00e7\u00e3o elevada ao ex-empregado.<\/p>\n\n\n\n<h2 class=\"wp-block-heading\">O que estava em jogo no processo de demiss\u00e3o injusta<\/h2>\n\n\n\n<p>Ao contestar a dispensa, o ex-funcion\u00e1rio alegou\u00a0<strong>demiss\u00e3o sem <a href=\"https:\/\/www.em.com.br\/emfoco\/2026\/03\/02\/funcionaria-e-demitida-por-chegar-cedo-demais-ao-trabalho-e-justica-confirma-justa-causa-ao-apontar-violacao-grave-das-normas-internas\/\" target=\"_blank\" rel=\"noreferrer noopener\">justa causa<\/a><\/strong>\u00a0disfar\u00e7ada de puni\u00e7\u00e3o disciplinar. Nos autos, ele solicitou o pagamento de verbas t\u00edpicas de rescis\u00e3o imotivada, como indeniza\u00e7\u00e3o por despedida injusta, sal\u00e1rios pendentes e outros cr\u00e9ditos trabalhistas.<\/p>\n\n\n\n<p>A empresa insistiu que se tratava de uma viola\u00e7\u00e3o grave das regras internas, baseada em ofensas verbais dirigidas a uma colega no local de trabalho. Inicialmente, o tribunal de primeira inst\u00e2ncia acolheu a tese patronal e rejeitou o pedido, classificando o epis\u00f3dio como incompat\u00edvel com a continuidade da rela\u00e7\u00e3o de emprego.<\/p>\n\n\n\n<figure class=\"wp-block-image size-large\"><img loading=\"lazy\" decoding=\"async\" width=\"1024\" height=\"576\" src=\"https:\/\/www.em.com.br\/emfoco\/wp-content\/uploads\/2026\/03\/13-4-1024x576.jpg\" alt=\"Funcion\u00e1rio demitido por suposta ofensa vence empresa na Justi\u00e7a e recebe indeniza\u00e7\u00e3o de R$ 390 mil ap\u00f3s 9 anos\" class=\"wp-image-179763\" srcset=\"https:\/\/www.em.com.br\/emfoco\/wp-content\/uploads\/2026\/03\/13-4-1024x576.jpg 1024w, https:\/\/www.em.com.br\/emfoco\/wp-content\/uploads\/2026\/03\/13-4-300x169.jpg 300w, https:\/\/www.em.com.br\/emfoco\/wp-content\/uploads\/2026\/03\/13-4-768x432.jpg 768w, https:\/\/www.em.com.br\/emfoco\/wp-content\/uploads\/2026\/03\/13-4-750x422.jpg 750w, https:\/\/www.em.com.br\/emfoco\/wp-content\/uploads\/2026\/03\/13-4-1140x641.jpg 1140w, https:\/\/www.em.com.br\/emfoco\/wp-content\/uploads\/2026\/03\/13-4.jpg 1280w\" sizes=\"auto, (max-width: 1024px) 100vw, 1024px\" \/><figcaption class=\"wp-element-caption\">Empresa \u00e9 condenada a pagar indeniza\u00e7\u00e3o elevada por falta de provas<\/figcaption><\/figure>\n\n\n\n<h2 class=\"wp-block-heading\">Por que a demiss\u00e3o por justa causa foi revertida pela Justi\u00e7a<\/h2>\n\n\n\n<p>No julgamento do recurso, a corte trabalhista reavaliou depoimentos e documentos com mais rigor. A colega que se disse ofendida apresentou um relato isolado, enquanto outros testemunhos mostravam vers\u00f5es diferentes sobre o suposto conflito.<\/p>\n\n\n\n<p>Al\u00e9m disso, colegas ouvidos no processo descreveram o trabalhador como educado, sem hist\u00f3rico de comportamento agressivo ou conflitos. Diante da fragilidade das provas, os magistrados conclu\u00edram que n\u00e3o havia conduta suficientemente grave para manter a justa causa, convertendo a dispensa em\u00a0<em><strong>demiss\u00e3o sem causa v\u00e1lida<\/strong><\/em>\u00a0e fixando uma\u00a0<strong><a href=\"https:\/\/www.stj.jus.br\/sites\/portalp\/Paginas\/Comunicacao\/Noticias\/24042022-Adimplemento-substancial-a-preponderancia-da-funcao-social-do-contrato-e-do-principio-da-boa-fe-objetiva.aspx\" target=\"_blank\" rel=\"noreferrer noopener\">indeniza\u00e7\u00e3o substancial<\/a><\/strong>, superior a <strong>76 mil d\u00f3lares<\/strong>, atualiz\u00e1vel por infla\u00e7\u00e3o e juros.<\/p>\n\n\n\n<h2 class=\"wp-block-heading\">Quais crit\u00e9rios os ju\u00edzes consideraram para afastar a justa causa<\/h2>\n\n\n\n<p>O ac\u00f3rd\u00e3o destacou crit\u00e9rios que costumam orientar a an\u00e1lise judicial em casos de&nbsp;<strong>dispensa por justa causa<\/strong>. A Justi\u00e7a trabalhista tende a proteger o emprego, tratando a puni\u00e7\u00e3o extrema como medida excepcional, que exige comprova\u00e7\u00e3o s\u00f3lida e coerente dos fatos atribu\u00eddos ao trabalhador.<\/p>\n\n\n\n<p>Entre os principais pontos observados pelos magistrados, ganharam destaque os seguintes aspectos, que podem servir de guia pr\u00e1tico para avaliar se a penalidade m\u00e1xima \u00e9 mesmo adequada:<\/p>\n\n\n\n<ul class=\"wp-block-list\">\n<li>Necessidade de provas suficientes e coerentes sobre o fato imputado ao empregado;<\/li>\n\n\n\n<li>An\u00e1lise da\u00a0<strong>imparcialidade das testemunhas<\/strong>\u00a0envolvidas no conflito;<\/li>\n\n\n\n<li>Verifica\u00e7\u00e3o de antecedentes de comportamento do trabalhador na empresa;<\/li>\n\n\n\n<li>Proporcionalidade entre a falta e a san\u00e7\u00e3o aplicada.<\/li>\n<\/ul>\n\n\n\n<figure class=\"wp-block-image size-large\"><img loading=\"lazy\" decoding=\"async\" width=\"1024\" height=\"576\" src=\"https:\/\/www.em.com.br\/emfoco\/wp-content\/uploads\/2026\/03\/12-13-1024x576.jpg\" alt=\"Funcion\u00e1rio demitido por suposta ofensa vence empresa na Justi\u00e7a e recebe indeniza\u00e7\u00e3o de R$ 390 mil ap\u00f3s 9 anos\" class=\"wp-image-179762\" srcset=\"https:\/\/www.em.com.br\/emfoco\/wp-content\/uploads\/2026\/03\/12-13-1024x576.jpg 1024w, https:\/\/www.em.com.br\/emfoco\/wp-content\/uploads\/2026\/03\/12-13-300x169.jpg 300w, https:\/\/www.em.com.br\/emfoco\/wp-content\/uploads\/2026\/03\/12-13-768x432.jpg 768w, https:\/\/www.em.com.br\/emfoco\/wp-content\/uploads\/2026\/03\/12-13-750x422.jpg 750w, https:\/\/www.em.com.br\/emfoco\/wp-content\/uploads\/2026\/03\/12-13-1140x641.jpg 1140w, https:\/\/www.em.com.br\/emfoco\/wp-content\/uploads\/2026\/03\/12-13.jpg 1280w\" sizes=\"auto, (max-width: 1024px) 100vw, 1024px\" \/><figcaption class=\"wp-element-caption\">Magistrados consideram o hist\u00f3rico de bom comportamento para afastar puni\u00e7\u00f5es<\/figcaption><\/figure>\n\n\n\n<h2 class=\"wp-block-heading\">Que li\u00e7\u00f5es o caso traz para empresas em casos de demiss\u00e3o<\/h2>\n\n\n\n<p>Embora seja uma decis\u00e3o espec\u00edfica, o epis\u00f3dio de Buenos Aires funciona como alerta para a gest\u00e3o de&nbsp;<strong>rescis\u00e3o contratual<\/strong>. Empresas que rompem contratos sem provas consistentes correm alto risco financeiro e reputacional, especialmente quando n\u00e3o h\u00e1 hist\u00f3rico pr\u00e9vio de advert\u00eancias formais.<\/p>\n\n\n\n<p>O processo refor\u00e7a a import\u00e2ncia de registrar de forma clara advert\u00eancias, ocorr\u00eancias internas e investiga\u00e7\u00f5es pr\u00e9vias antes de aplicar penalidades severas. A aus\u00eancia de documentos e testemunhas independentes enfraquece a vers\u00e3o empresarial em eventual a\u00e7\u00e3o judicial e pode transformar um conflito pontual em uma longa e custosa disputa.<\/p>\n\n\n\n<h2 class=\"wp-block-heading\">Que sinais este caso oferece para trabalhadores e qual atitude tomar agora<\/h2>\n\n\n\n<p>Para trabalhadores, o caso mostra que a&nbsp;<strong>demiss\u00e3o injusta<\/strong>&nbsp;pode ser revertida quando h\u00e1 d\u00favidas relevantes sobre a gravidade da conduta ou falhas no procedimento disciplinar. Conflitos verbais pontuais, sem hist\u00f3rico de problemas, tendem a exigir respostas graduais, como advert\u00eancias e acompanhamento, e n\u00e3o o rompimento imediato do v\u00ednculo.<\/p>\n\n\n\n<p>Se voc\u00ea enfrenta uma dispensa question\u00e1vel, n\u00e3o espere que o tempo corroa seus direitos: busque orienta\u00e7\u00e3o jur\u00eddica especializada, re\u00fana documentos, mensagens e testemunhas desde o primeiro momento e questione formalmente a decis\u00e3o. Um \u00fanico passo hoje pode ser decisivo para evitar anos de preju\u00edzo financeiro e emocional no futuro.<\/p>\n","protected":false},"excerpt":{"rendered":"<p>Um caso recente em Buenos Aires reacendeu o debate sobre&nbsp;demiss\u00e3o injusta&nbsp;e os limites do poder disciplinar das empresas. Um funcion\u00e1rio do setor de limpeza foi desligado ap\u00f3s supostamente insultar uma colega de trabalho. O epis\u00f3dio, ocorrido em 2016, deu origem a uma disputa judicial que se estendeu por nove anos e terminou, em 2026, com [&hellip;]<\/p>\n","protected":false},"author":13,"featured_media":179764,"comment_status":"open","ping_status":"open","sticky":false,"template":"","format":"standard","meta":{"jnews-multi-image_gallery":[],"jnews_single_post":{"format":"standard"},"jnews_primary_category":[],"jnews_social_meta":[],"jnews_override_counter":[],"footnotes":""},"categories":[28],"tags":[3512,22028,1332],"class_list":["post-179691","post","type-post","status-publish","format-standard","has-post-thumbnail","hentry","category-economia","tag-buenos-aires","tag-demissao-injusta","tag-indenizacao"],"yoast_head":"<!-- This site is optimized with the Yoast SEO plugin v23.8 - https:\/\/yoast.com\/wordpress\/plugins\/seo\/ -->\n<title>Funcion\u00e1rio demitido por suposta ofensa vence empresa na Justi\u00e7a e recebe indeniza\u00e7\u00e3o de R$ 390 mil ap\u00f3s 9 anos - Estado de Minas - Em foco<\/title>\n<meta name=\"description\" content=\"Funcion\u00e1rio demitido por suposta ofensa vence empresa ap\u00f3s 9 anos de processo. Justi\u00e7a reverte justa causa e fixa indeniza\u00e7\u00e3o.\" \/>\n<meta name=\"robots\" content=\"index, follow, max-snippet:-1, max-image-preview:large, max-video-preview:-1\" \/>\n<link rel=\"canonical\" href=\"https:\/\/www.em.com.br\/emfoco\/2026\/03\/13\/funcionario-demitido-por-suposta-ofensa-vence-empresa-na-justica-e-recebe-indenizacao-de-r-390-mil-apos-9-anos\/\" \/>\n<meta property=\"og:locale\" content=\"pt_BR\" \/>\n<meta property=\"og:type\" content=\"article\" \/>\n<meta property=\"og:title\" content=\"Funcion\u00e1rio demitido por suposta ofensa vence empresa na Justi\u00e7a e recebe indeniza\u00e7\u00e3o de R$ 390 mil ap\u00f3s 9 anos - Estado de Minas - Em foco\" \/>\n<meta property=\"og:description\" content=\"Funcion\u00e1rio demitido por suposta ofensa vence empresa ap\u00f3s 9 anos de processo. Justi\u00e7a reverte justa causa e fixa indeniza\u00e7\u00e3o.\" \/>\n<meta property=\"og:url\" content=\"https:\/\/www.em.com.br\/emfoco\/2026\/03\/13\/funcionario-demitido-por-suposta-ofensa-vence-empresa-na-justica-e-recebe-indenizacao-de-r-390-mil-apos-9-anos\/\" \/>\n<meta property=\"og:site_name\" content=\"Estado de Minas - Em foco\" \/>\n<meta property=\"article:published_time\" content=\"2026-03-13T19:15:00+00:00\" \/>\n<meta property=\"article:modified_time\" content=\"2026-03-10T16:41:53+00:00\" \/>\n<meta property=\"og:image\" content=\"https:\/\/www.em.com.br\/emfoco\/wp-content\/uploads\/2026\/03\/14-2.jpg\" \/>\n\t<meta property=\"og:image:width\" content=\"1280\" \/>\n\t<meta property=\"og:image:height\" content=\"720\" \/>\n\t<meta property=\"og:image:type\" content=\"image\/jpeg\" \/>\n<meta name=\"author\" content=\"Gabriel Martins\" \/>\n<meta name=\"twitter:card\" content=\"summary_large_image\" \/>\n<meta name=\"twitter:label1\" content=\"Escrito por\" \/>\n\t<meta name=\"twitter:data1\" content=\"Gabriel Martins\" \/>\n\t<meta name=\"twitter:label2\" content=\"Est. tempo de leitura\" \/>\n\t<meta name=\"twitter:data2\" content=\"5 minutos\" \/>\n<!-- \/ Yoast SEO plugin. -->","yoast_head_json":{"title":"Funcion\u00e1rio demitido por suposta ofensa vence empresa na Justi\u00e7a e recebe indeniza\u00e7\u00e3o de R$ 390 mil ap\u00f3s 9 anos - Estado de Minas - Em foco","description":"Funcion\u00e1rio demitido por suposta ofensa vence empresa ap\u00f3s 9 anos de processo. Justi\u00e7a reverte justa causa e fixa indeniza\u00e7\u00e3o.","robots":{"index":"index","follow":"follow","max-snippet":"max-snippet:-1","max-image-preview":"max-image-preview:large","max-video-preview":"max-video-preview:-1"},"canonical":"https:\/\/www.em.com.br\/emfoco\/2026\/03\/13\/funcionario-demitido-por-suposta-ofensa-vence-empresa-na-justica-e-recebe-indenizacao-de-r-390-mil-apos-9-anos\/","og_locale":"pt_BR","og_type":"article","og_title":"Funcion\u00e1rio demitido por suposta ofensa vence empresa na Justi\u00e7a e recebe indeniza\u00e7\u00e3o de R$ 390 mil ap\u00f3s 9 anos - Estado de Minas - Em foco","og_description":"Funcion\u00e1rio demitido por suposta ofensa vence empresa ap\u00f3s 9 anos de processo. Justi\u00e7a reverte justa causa e fixa indeniza\u00e7\u00e3o.","og_url":"https:\/\/www.em.com.br\/emfoco\/2026\/03\/13\/funcionario-demitido-por-suposta-ofensa-vence-empresa-na-justica-e-recebe-indenizacao-de-r-390-mil-apos-9-anos\/","og_site_name":"Estado de Minas - Em foco","article_published_time":"2026-03-13T19:15:00+00:00","article_modified_time":"2026-03-10T16:41:53+00:00","og_image":[{"width":1280,"height":720,"url":"https:\/\/www.em.com.br\/emfoco\/wp-content\/uploads\/2026\/03\/14-2.jpg","type":"image\/jpeg"}],"author":"Gabriel Martins","twitter_card":"summary_large_image","twitter_misc":{"Escrito por":"Gabriel Martins","Est. tempo de leitura":"5 minutos"},"schema":{"@context":"https:\/\/schema.org","@graph":[{"@type":"WebPage","@id":"https:\/\/www.em.com.br\/emfoco\/2026\/03\/13\/funcionario-demitido-por-suposta-ofensa-vence-empresa-na-justica-e-recebe-indenizacao-de-r-390-mil-apos-9-anos\/","url":"https:\/\/www.em.com.br\/emfoco\/2026\/03\/13\/funcionario-demitido-por-suposta-ofensa-vence-empresa-na-justica-e-recebe-indenizacao-de-r-390-mil-apos-9-anos\/","name":"Funcion\u00e1rio demitido por suposta ofensa vence empresa na Justi\u00e7a e recebe indeniza\u00e7\u00e3o de R$ 390 mil ap\u00f3s 9 anos - Estado de Minas - Em foco","isPartOf":{"@id":"https:\/\/www.em.com.br\/emfoco\/#website"},"primaryImageOfPage":{"@id":"https:\/\/www.em.com.br\/emfoco\/2026\/03\/13\/funcionario-demitido-por-suposta-ofensa-vence-empresa-na-justica-e-recebe-indenizacao-de-r-390-mil-apos-9-anos\/#primaryimage"},"image":{"@id":"https:\/\/www.em.com.br\/emfoco\/2026\/03\/13\/funcionario-demitido-por-suposta-ofensa-vence-empresa-na-justica-e-recebe-indenizacao-de-r-390-mil-apos-9-anos\/#primaryimage"},"thumbnailUrl":"https:\/\/www.em.com.br\/emfoco\/wp-content\/uploads\/2026\/03\/14-2.jpg","datePublished":"2026-03-13T19:15:00+00:00","dateModified":"2026-03-10T16:41:53+00:00","author":{"@id":"https:\/\/www.em.com.br\/emfoco\/#\/schema\/person\/1c9ddeab18b98abeffef834667bcf08a"},"description":"Funcion\u00e1rio demitido por suposta ofensa vence empresa ap\u00f3s 9 anos de processo. Justi\u00e7a reverte justa causa e fixa indeniza\u00e7\u00e3o.","breadcrumb":{"@id":"https:\/\/www.em.com.br\/emfoco\/2026\/03\/13\/funcionario-demitido-por-suposta-ofensa-vence-empresa-na-justica-e-recebe-indenizacao-de-r-390-mil-apos-9-anos\/#breadcrumb"},"inLanguage":"pt-BR","potentialAction":[{"@type":"ReadAction","target":["https:\/\/www.em.com.br\/emfoco\/2026\/03\/13\/funcionario-demitido-por-suposta-ofensa-vence-empresa-na-justica-e-recebe-indenizacao-de-r-390-mil-apos-9-anos\/"]}]},{"@type":"ImageObject","inLanguage":"pt-BR","@id":"https:\/\/www.em.com.br\/emfoco\/2026\/03\/13\/funcionario-demitido-por-suposta-ofensa-vence-empresa-na-justica-e-recebe-indenizacao-de-r-390-mil-apos-9-anos\/#primaryimage","url":"https:\/\/www.em.com.br\/emfoco\/wp-content\/uploads\/2026\/03\/14-2.jpg","contentUrl":"https:\/\/www.em.com.br\/emfoco\/wp-content\/uploads\/2026\/03\/14-2.jpg","width":1280,"height":720,"caption":"Justi\u00e7a argentina reverte demiss\u00e3o por justa causa ap\u00f3s nove anos"},{"@type":"BreadcrumbList","@id":"https:\/\/www.em.com.br\/emfoco\/2026\/03\/13\/funcionario-demitido-por-suposta-ofensa-vence-empresa-na-justica-e-recebe-indenizacao-de-r-390-mil-apos-9-anos\/#breadcrumb","itemListElement":[{"@type":"ListItem","position":1,"name":"In\u00edcio","item":"https:\/\/www.em.com.br\/emfoco\/"},{"@type":"ListItem","position":2,"name":"Funcion\u00e1rio demitido por suposta ofensa vence empresa na Justi\u00e7a e recebe indeniza\u00e7\u00e3o de R$ 390 mil ap\u00f3s 9 anos"}]},{"@type":"WebSite","@id":"https:\/\/www.em.com.br\/emfoco\/#website","url":"https:\/\/www.em.com.br\/emfoco\/","name":"Estado de Minas - Em foco","description":"Acompanhe as \u00faltimas not\u00edcias e fique bem informado sobre tudo o que acontece em Minas Gerais, Brasil e no mundo.","potentialAction":[{"@type":"SearchAction","target":{"@type":"EntryPoint","urlTemplate":"https:\/\/www.em.com.br\/emfoco\/?s={search_term_string}"},"query-input":{"@type":"PropertyValueSpecification","valueRequired":true,"valueName":"search_term_string"}}],"inLanguage":"pt-BR"},{"@type":"Person","@id":"https:\/\/www.em.com.br\/emfoco\/#\/schema\/person\/1c9ddeab18b98abeffef834667bcf08a","name":"Gabriel Martins","image":{"@type":"ImageObject","inLanguage":"pt-BR","@id":"https:\/\/www.em.com.br\/emfoco\/#\/schema\/person\/image\/","url":"https:\/\/secure.gravatar.com\/avatar\/f0f1e2efdfd88f1ad2cb08c5c2731e50?s=96&d=mm&r=g","contentUrl":"https:\/\/secure.gravatar.com\/avatar\/f0f1e2efdfd88f1ad2cb08c5c2731e50?s=96&d=mm&r=g","caption":"Gabriel Martins"},"sameAs":["https:\/\/www.em.com.br\/emfoco\/"],"url":"https:\/\/www.em.com.br\/emfoco\/author\/gabrielmartinsmyth\/"}]}},"_links":{"self":[{"href":"https:\/\/www.em.com.br\/emfoco\/wp-json\/wp\/v2\/posts\/179691","targetHints":{"allow":["GET"]}}],"collection":[{"href":"https:\/\/www.em.com.br\/emfoco\/wp-json\/wp\/v2\/posts"}],"about":[{"href":"https:\/\/www.em.com.br\/emfoco\/wp-json\/wp\/v2\/types\/post"}],"author":[{"embeddable":true,"href":"https:\/\/www.em.com.br\/emfoco\/wp-json\/wp\/v2\/users\/13"}],"replies":[{"embeddable":true,"href":"https:\/\/www.em.com.br\/emfoco\/wp-json\/wp\/v2\/comments?post=179691"}],"version-history":[{"count":1,"href":"https:\/\/www.em.com.br\/emfoco\/wp-json\/wp\/v2\/posts\/179691\/revisions"}],"predecessor-version":[{"id":179765,"href":"https:\/\/www.em.com.br\/emfoco\/wp-json\/wp\/v2\/posts\/179691\/revisions\/179765"}],"wp:featuredmedia":[{"embeddable":true,"href":"https:\/\/www.em.com.br\/emfoco\/wp-json\/wp\/v2\/media\/179764"}],"wp:attachment":[{"href":"https:\/\/www.em.com.br\/emfoco\/wp-json\/wp\/v2\/media?parent=179691"}],"wp:term":[{"taxonomy":"category","embeddable":true,"href":"https:\/\/www.em.com.br\/emfoco\/wp-json\/wp\/v2\/categories?post=179691"},{"taxonomy":"post_tag","embeddable":true,"href":"https:\/\/www.em.com.br\/emfoco\/wp-json\/wp\/v2\/tags?post=179691"}],"curies":[{"name":"wp","href":"https:\/\/api.w.org\/{rel}","templated":true}]}}