{"id":179690,"date":"2026-03-13T14:05:00","date_gmt":"2026-03-13T17:05:00","guid":{"rendered":"https:\/\/www.em.com.br\/emfoco\/?p=179690"},"modified":"2026-03-10T13:30:13","modified_gmt":"2026-03-10T16:30:13","slug":"aposentados-aguardam-pagamento-antecipado-do-13-do-inss-veja-quando-o-dinheiro-pode-cair-na-conta","status":"publish","type":"post","link":"https:\/\/www.em.com.br\/emfoco\/2026\/03\/13\/aposentados-aguardam-pagamento-antecipado-do-13-do-inss-veja-quando-o-dinheiro-pode-cair-na-conta\/","title":{"rendered":"Aposentados aguardam pagamento antecipado do 13\u00b0 do INSS: veja quando o dinheiro pode cair na conta"},"content":{"rendered":"\n<p>O pagamento do\u00a0<strong>d\u00e9cimo terceiro antecipado do INSS<\/strong>\u00a0em 2026 volta ao centro das aten\u00e7\u00f5es de aposentados e pensionistas. A previs\u00e3o do governo federal \u00e9 liberar o abono em duas etapas, nos meses de <strong>abril <\/strong>e <strong>maio<\/strong>, movimentando parte importante da renda de milh\u00f5es de fam\u00edlias que dependem da Previd\u00eancia Social para organizar o or\u00e7amento ao longo do ano.<\/p>\n\n\n\n<h2 class=\"wp-block-heading\">O que \u00e9 o d\u00e9cimo terceiro antecipado do INSS em 2026<\/h2>\n\n\n\n<p>O\u00a0<strong>d\u00e9cimo terceiro antecipado do <\/strong><a href=\"https:\/\/www.em.com.br\/emfoco\/2026\/03\/10\/inss-confirma-novo-formato-para-a-prova-de-vida-e-aposentados-devem-ficar-atentos\/\" target=\"_blank\" rel=\"noreferrer noopener\"><strong>INSS<\/strong>\u00a0<\/a>\u00e9 o adiantamento do abono anual pago a aposentados, pensionistas e demais segurados que recebem benef\u00edcios previdenci\u00e1rios. Em vez de ser concentrado s\u00f3 no fim do ano, o valor \u00e9 dividido em duas parcelas e liberado antes, junto com o benef\u00edcio mensal.<\/p>\n\n\n\n<p>Na pr\u00e1tica, esse abono funciona como um sal\u00e1rio extra para quem recebe aposentadoria, pens\u00e3o por morte ou aux\u00edlios previdenci\u00e1rios. A antecipa\u00e7\u00e3o para abril e maio de 2026 permite reorganizar d\u00edvidas, refor\u00e7ar despesas de rotina ou planejar gastos futuros, como impostos, rem\u00e9dios e contas sazonais.<\/p>\n\n\n\n<figure class=\"wp-block-image size-large\"><img loading=\"lazy\" decoding=\"async\" width=\"1024\" height=\"576\" src=\"https:\/\/www.em.com.br\/emfoco\/wp-content\/uploads\/2026\/03\/1-52-1024x576.jpg\" alt=\"Aposentados aguardam pagamento antecipado do 13\u00b0 do INSS: veja quando o dinheiro pode cair na conta\" class=\"wp-image-179732\" srcset=\"https:\/\/www.em.com.br\/emfoco\/wp-content\/uploads\/2026\/03\/1-52-1024x576.jpg 1024w, https:\/\/www.em.com.br\/emfoco\/wp-content\/uploads\/2026\/03\/1-52-300x169.jpg 300w, https:\/\/www.em.com.br\/emfoco\/wp-content\/uploads\/2026\/03\/1-52-768x432.jpg 768w, https:\/\/www.em.com.br\/emfoco\/wp-content\/uploads\/2026\/03\/1-52-750x422.jpg 750w, https:\/\/www.em.com.br\/emfoco\/wp-content\/uploads\/2026\/03\/1-52-1140x641.jpg 1140w, https:\/\/www.em.com.br\/emfoco\/wp-content\/uploads\/2026\/03\/1-52.jpg 1280w\" sizes=\"auto, (max-width: 1024px) 100vw, 1024px\" \/><figcaption class=\"wp-element-caption\">Abono anual ser\u00e1 liberado nos meses de abril e maio de dois<\/figcaption><\/figure>\n\n\n\n<h2 class=\"wp-block-heading\">Como ser\u00e1 feito o pagamento do d\u00e9cimo terceiro em 2026<\/h2>\n\n\n\n<p>Caso o calend\u00e1rio seja confirmado, o&nbsp;<strong>d\u00e9cimo terceiro antecipado em 2026<\/strong>&nbsp;ser\u00e1 pago em duas parcelas, diretamente na mesma conta em que o segurado recebe o benef\u00edcio do INSS. O cronograma segue a ordem tradicional, de acordo com o n\u00famero final do benef\u00edcio (NIS), que define os dias exatos de dep\u00f3sito.<\/p>\n\n\n\n<p>O INSS apenas executa os pagamentos, enquanto a decis\u00e3o sobre a antecipa\u00e7\u00e3o depende da Presid\u00eancia da Rep\u00fablica, do Minist\u00e9rio da Fazenda e do Minist\u00e9rio da Previd\u00eancia Social. A medida precisa ser oficializada por decreto presidencial, a ser publicado at\u00e9 o in\u00edcio de abril de 2026 para evitar atrasos no calend\u00e1rio.<\/p>\n\n\n\n<h2 class=\"wp-block-heading\">Quem tem direito ao d\u00e9cimo terceiro antecipado do INSS<\/h2>\n\n\n\n<p>O&nbsp;<strong>d\u00e9cimo terceiro antecipado para aposentados e pensionistas<\/strong>&nbsp;vale para quem recebeu, ao longo de 2026, determinados tipos de benef\u00edcios previdenci\u00e1rios. Em geral, o abono \u00e9 pago a quem tem renda mensal vinculada \u00e0 contribui\u00e7\u00e3o ao INSS, n\u00e3o abrangendo benef\u00edcios assistenciais.<\/p>\n\n\n\n<p>Confira os principais grupos de segurados que costumam ter direito ao abono anual do INSS:<\/p>\n\n\n\n<ul class=\"wp-block-list\">\n<li>Aposentados de todas as modalidades (idade, tempo de contribui\u00e7\u00e3o, invalidez e regras de transi\u00e7\u00e3o);<\/li>\n\n\n\n<li>Pensionistas que recebem\u00a0<strong>pens\u00e3o por morte<\/strong>\u00a0de segurado do INSS;<\/li>\n\n\n\n<li>Benefici\u00e1rios de\u00a0<strong>aux\u00edlio por incapacidade tempor\u00e1ria<\/strong>\u00a0(antigo aux\u00edlio-doen\u00e7a);<\/li>\n\n\n\n<li>Segurados que recebem\u00a0<strong>aux\u00edlio-acidente<\/strong>\u00a0por sequela de acidente;<\/li>\n\n\n\n<li>Dependentes com direito a\u00a0<strong>aux\u00edlio-reclus\u00e3o<\/strong>.<\/li>\n<\/ul>\n\n\n\n<p>Confira o v\u00eddeo compartilhado pelo canal do YouTube <strong><a href=\"https:\/\/www.youtube.com\/@DraTatianaSampaio\" target=\"_blank\" rel=\"noreferrer noopener\">Dra Tatiana Sampaio<\/a><\/strong> falando sobre os pagamentos do 13\u00b0 sal\u00e1rio do INSS para 2026.<\/p>\n\n\n\n<figure class=\"wp-block-embed is-type-video is-provider-youtube wp-block-embed-youtube wp-embed-aspect-16-9 wp-has-aspect-ratio\"><div class=\"wp-block-embed__wrapper\">\n<div class=\"jeg_video_container jeg_video_content\"><iframe loading=\"lazy\" title=\"\ud83d\udea8 URGENTE  13\u00ba DO INSS 2026 CONFIRMADO! VEJA AS DATAS E OS NOVOS VALORES!\" width=\"500\" height=\"281\" src=\"https:\/\/www.youtube.com\/embed\/dWPAmrJ7twc?feature=oembed\" frameborder=\"0\" allow=\"accelerometer; autoplay; clipboard-write; encrypted-media; gyroscope; picture-in-picture; web-share\" referrerpolicy=\"strict-origin-when-cross-origin\" allowfullscreen><\/iframe><\/div>\n<\/div><\/figure>\n\n\n\n<p>Quem recebe o&nbsp;<strong>BPC (Benef\u00edcio de Presta\u00e7\u00e3o Continuada)<\/strong>&nbsp;n\u00e3o tem direito ao d\u00e9cimo terceiro, pois se trata de benef\u00edcio assistencial. Essa regra est\u00e1 prevista em lei e permanece v\u00e1lida para idosos com 65 anos ou mais e pessoas com defici\u00eancia de baixa renda em 2026.<\/p>\n\n\n\n<h2 class=\"wp-block-heading\">Como \u00e9 calculado o valor do d\u00e9cimo terceiro do INSS<\/h2>\n\n\n\n<p>O valor do&nbsp;<strong>abono de fim de ano do INSS<\/strong>&nbsp;\u00e9 calculado com base na renda mensal do benef\u00edcio. Em 2026, os pagamentos variam desde o piso previdenci\u00e1rio, hoje em torno de R$ 1.621, at\u00e9 o teto do INSS, pr\u00f3ximo de R$ 8.475,55, considerando poss\u00edveis reajustes ao longo do ano.<\/p>\n\n\n\n<p>Quem recebeu o benef\u00edcio por 12 meses costuma ter direito ao valor integral do d\u00e9cimo terceiro, enquanto quem come\u00e7ou a receber no meio do ano recebe proporcionalmente. Tamb\u00e9m entram na conta reajustes do benef\u00edcio e descontos legais, como Imposto de Renda, que incidem principalmente sobre a segunda parcela do abono.<\/p>\n\n\n\n<h2 class=\"wp-block-heading\">Como consultar o d\u00e9cimo terceiro antecipado e se organizar financeiramente<\/h2>\n\n\n\n<p>Para confirmar o valor e a data exata do&nbsp;<strong>d\u00e9cimo terceiro antecipado do INSS<\/strong>, o segurado pode usar canais digitais oficiais com login gov.br. Entre eles est\u00e3o o aplicativo e o site Meu INSS, al\u00e9m da central telef\u00f4nica 135 para quem tem dificuldade com meios digitais.<\/p>\n\n\n\n<p>Ao acessar o extrato, \u00e9 poss\u00edvel ver o valor bruto, descontos, identifica\u00e7\u00e3o das parcelas do d\u00e9cimo terceiro e as datas previstas conforme o n\u00famero final do benef\u00edcio. N\u00e3o deixe para depois: consulte seu benef\u00edcio, planeje o uso desse dinheiro extra com cuidado e use o abono de 2026 de forma estrat\u00e9gica para aliviar d\u00edvidas e garantir mais seguran\u00e7a financeira para voc\u00ea e sua fam\u00edlia.<\/p>\n","protected":false},"excerpt":{"rendered":"<p>O pagamento do\u00a0d\u00e9cimo terceiro antecipado do INSS\u00a0em 2026 volta ao centro das aten\u00e7\u00f5es de aposentados e pensionistas. A previs\u00e3o do governo federal \u00e9 liberar o abono em duas etapas, nos meses de abril e maio, movimentando parte importante da renda de milh\u00f5es de fam\u00edlias que dependem da Previd\u00eancia Social para organizar o or\u00e7amento ao longo [&hellip;]<\/p>\n","protected":false},"author":13,"featured_media":179733,"comment_status":"open","ping_status":"open","sticky":false,"template":"","format":"standard","meta":{"jnews-multi-image_gallery":[],"jnews_single_post":{"format":"standard"},"jnews_primary_category":[],"jnews_social_meta":[],"jnews_override_counter":[],"footnotes":""},"categories":[28],"tags":[25952,19066,174],"class_list":["post-179690","post","type-post","status-publish","format-standard","has-post-thumbnail","hentry","category-economia","tag-beneficio-do-inss","tag-decimo-terceiro","tag-inss"],"yoast_head":"<!-- This site is optimized with the Yoast SEO plugin v23.8 - https:\/\/yoast.com\/wordpress\/plugins\/seo\/ -->\n<title>Aposentados aguardam pagamento antecipado do 13\u00b0 do INSS: veja quando o dinheiro pode cair na conta - Estado de Minas - Em foco<\/title>\n<meta name=\"description\" content=\"Aposentados podem receber o d\u00e9cimo terceiro do INSS antes do fim do ano em 2026. Veja quando o pagamento pode acontecer.\" \/>\n<meta name=\"robots\" content=\"index, follow, max-snippet:-1, max-image-preview:large, max-video-preview:-1\" \/>\n<link rel=\"canonical\" href=\"https:\/\/www.em.com.br\/emfoco\/2026\/03\/13\/aposentados-aguardam-pagamento-antecipado-do-13-do-inss-veja-quando-o-dinheiro-pode-cair-na-conta\/\" \/>\n<meta property=\"og:locale\" content=\"pt_BR\" \/>\n<meta property=\"og:type\" content=\"article\" \/>\n<meta property=\"og:title\" content=\"Aposentados aguardam pagamento antecipado do 13\u00b0 do INSS: veja quando o dinheiro pode cair na conta - Estado de Minas - Em foco\" \/>\n<meta property=\"og:description\" content=\"Aposentados podem receber o d\u00e9cimo terceiro do INSS antes do fim do ano em 2026. Veja quando o pagamento pode acontecer.\" \/>\n<meta property=\"og:url\" content=\"https:\/\/www.em.com.br\/emfoco\/2026\/03\/13\/aposentados-aguardam-pagamento-antecipado-do-13-do-inss-veja-quando-o-dinheiro-pode-cair-na-conta\/\" \/>\n<meta property=\"og:site_name\" content=\"Estado de Minas - Em foco\" \/>\n<meta property=\"article:published_time\" content=\"2026-03-13T17:05:00+00:00\" \/>\n<meta property=\"article:modified_time\" content=\"2026-03-10T16:30:13+00:00\" \/>\n<meta property=\"og:image\" content=\"https:\/\/www.em.com.br\/emfoco\/wp-content\/uploads\/2026\/03\/2-47.jpg\" \/>\n\t<meta property=\"og:image:width\" content=\"1280\" \/>\n\t<meta property=\"og:image:height\" content=\"720\" \/>\n\t<meta property=\"og:image:type\" content=\"image\/jpeg\" \/>\n<meta name=\"author\" content=\"Gabriel Martins\" \/>\n<meta name=\"twitter:card\" content=\"summary_large_image\" \/>\n<meta name=\"twitter:label1\" content=\"Escrito por\" \/>\n\t<meta name=\"twitter:data1\" content=\"Gabriel Martins\" \/>\n\t<meta name=\"twitter:label2\" content=\"Est. tempo de leitura\" \/>\n\t<meta name=\"twitter:data2\" content=\"5 minutos\" \/>\n<!-- \/ Yoast SEO plugin. -->","yoast_head_json":{"title":"Aposentados aguardam pagamento antecipado do 13\u00b0 do INSS: veja quando o dinheiro pode cair na conta - Estado de Minas - Em foco","description":"Aposentados podem receber o d\u00e9cimo terceiro do INSS antes do fim do ano em 2026. Veja quando o pagamento pode acontecer.","robots":{"index":"index","follow":"follow","max-snippet":"max-snippet:-1","max-image-preview":"max-image-preview:large","max-video-preview":"max-video-preview:-1"},"canonical":"https:\/\/www.em.com.br\/emfoco\/2026\/03\/13\/aposentados-aguardam-pagamento-antecipado-do-13-do-inss-veja-quando-o-dinheiro-pode-cair-na-conta\/","og_locale":"pt_BR","og_type":"article","og_title":"Aposentados aguardam pagamento antecipado do 13\u00b0 do INSS: veja quando o dinheiro pode cair na conta - Estado de Minas - Em foco","og_description":"Aposentados podem receber o d\u00e9cimo terceiro do INSS antes do fim do ano em 2026. Veja quando o pagamento pode acontecer.","og_url":"https:\/\/www.em.com.br\/emfoco\/2026\/03\/13\/aposentados-aguardam-pagamento-antecipado-do-13-do-inss-veja-quando-o-dinheiro-pode-cair-na-conta\/","og_site_name":"Estado de Minas - Em foco","article_published_time":"2026-03-13T17:05:00+00:00","article_modified_time":"2026-03-10T16:30:13+00:00","og_image":[{"width":1280,"height":720,"url":"https:\/\/www.em.com.br\/emfoco\/wp-content\/uploads\/2026\/03\/2-47.jpg","type":"image\/jpeg"}],"author":"Gabriel Martins","twitter_card":"summary_large_image","twitter_misc":{"Escrito por":"Gabriel Martins","Est. tempo de leitura":"5 minutos"},"schema":{"@context":"https:\/\/schema.org","@graph":[{"@type":"WebPage","@id":"https:\/\/www.em.com.br\/emfoco\/2026\/03\/13\/aposentados-aguardam-pagamento-antecipado-do-13-do-inss-veja-quando-o-dinheiro-pode-cair-na-conta\/","url":"https:\/\/www.em.com.br\/emfoco\/2026\/03\/13\/aposentados-aguardam-pagamento-antecipado-do-13-do-inss-veja-quando-o-dinheiro-pode-cair-na-conta\/","name":"Aposentados aguardam pagamento antecipado do 13\u00b0 do INSS: veja quando o dinheiro pode cair na conta - Estado de Minas - Em foco","isPartOf":{"@id":"https:\/\/www.em.com.br\/emfoco\/#website"},"primaryImageOfPage":{"@id":"https:\/\/www.em.com.br\/emfoco\/2026\/03\/13\/aposentados-aguardam-pagamento-antecipado-do-13-do-inss-veja-quando-o-dinheiro-pode-cair-na-conta\/#primaryimage"},"image":{"@id":"https:\/\/www.em.com.br\/emfoco\/2026\/03\/13\/aposentados-aguardam-pagamento-antecipado-do-13-do-inss-veja-quando-o-dinheiro-pode-cair-na-conta\/#primaryimage"},"thumbnailUrl":"https:\/\/www.em.com.br\/emfoco\/wp-content\/uploads\/2026\/03\/2-47.jpg","datePublished":"2026-03-13T17:05:00+00:00","dateModified":"2026-03-10T16:30:13+00:00","author":{"@id":"https:\/\/www.em.com.br\/emfoco\/#\/schema\/person\/1c9ddeab18b98abeffef834667bcf08a"},"description":"Aposentados podem receber o d\u00e9cimo terceiro do INSS antes do fim do ano em 2026. Veja quando o pagamento pode acontecer.","breadcrumb":{"@id":"https:\/\/www.em.com.br\/emfoco\/2026\/03\/13\/aposentados-aguardam-pagamento-antecipado-do-13-do-inss-veja-quando-o-dinheiro-pode-cair-na-conta\/#breadcrumb"},"inLanguage":"pt-BR","potentialAction":[{"@type":"ReadAction","target":["https:\/\/www.em.com.br\/emfoco\/2026\/03\/13\/aposentados-aguardam-pagamento-antecipado-do-13-do-inss-veja-quando-o-dinheiro-pode-cair-na-conta\/"]}]},{"@type":"ImageObject","inLanguage":"pt-BR","@id":"https:\/\/www.em.com.br\/emfoco\/2026\/03\/13\/aposentados-aguardam-pagamento-antecipado-do-13-do-inss-veja-quando-o-dinheiro-pode-cair-na-conta\/#primaryimage","url":"https:\/\/www.em.com.br\/emfoco\/wp-content\/uploads\/2026\/03\/2-47.jpg","contentUrl":"https:\/\/www.em.com.br\/emfoco\/wp-content\/uploads\/2026\/03\/2-47.jpg","width":1280,"height":720,"caption":"Aposentados e pensionistas recebem o d\u00e9cimo terceiro antecipado em dois pagamentos"},{"@type":"BreadcrumbList","@id":"https:\/\/www.em.com.br\/emfoco\/2026\/03\/13\/aposentados-aguardam-pagamento-antecipado-do-13-do-inss-veja-quando-o-dinheiro-pode-cair-na-conta\/#breadcrumb","itemListElement":[{"@type":"ListItem","position":1,"name":"In\u00edcio","item":"https:\/\/www.em.com.br\/emfoco\/"},{"@type":"ListItem","position":2,"name":"Aposentados aguardam pagamento antecipado do 13\u00b0 do INSS: veja quando o dinheiro pode cair na conta"}]},{"@type":"WebSite","@id":"https:\/\/www.em.com.br\/emfoco\/#website","url":"https:\/\/www.em.com.br\/emfoco\/","name":"Estado de Minas - Em foco","description":"Acompanhe as \u00faltimas not\u00edcias e fique bem informado sobre tudo o que acontece em Minas Gerais, Brasil e no mundo.","potentialAction":[{"@type":"SearchAction","target":{"@type":"EntryPoint","urlTemplate":"https:\/\/www.em.com.br\/emfoco\/?s={search_term_string}"},"query-input":{"@type":"PropertyValueSpecification","valueRequired":true,"valueName":"search_term_string"}}],"inLanguage":"pt-BR"},{"@type":"Person","@id":"https:\/\/www.em.com.br\/emfoco\/#\/schema\/person\/1c9ddeab18b98abeffef834667bcf08a","name":"Gabriel Martins","image":{"@type":"ImageObject","inLanguage":"pt-BR","@id":"https:\/\/www.em.com.br\/emfoco\/#\/schema\/person\/image\/","url":"https:\/\/secure.gravatar.com\/avatar\/f0f1e2efdfd88f1ad2cb08c5c2731e50?s=96&d=mm&r=g","contentUrl":"https:\/\/secure.gravatar.com\/avatar\/f0f1e2efdfd88f1ad2cb08c5c2731e50?s=96&d=mm&r=g","caption":"Gabriel Martins"},"sameAs":["https:\/\/www.em.com.br\/emfoco\/"],"url":"https:\/\/www.em.com.br\/emfoco\/author\/gabrielmartinsmyth\/"}]}},"_links":{"self":[{"href":"https:\/\/www.em.com.br\/emfoco\/wp-json\/wp\/v2\/posts\/179690","targetHints":{"allow":["GET"]}}],"collection":[{"href":"https:\/\/www.em.com.br\/emfoco\/wp-json\/wp\/v2\/posts"}],"about":[{"href":"https:\/\/www.em.com.br\/emfoco\/wp-json\/wp\/v2\/types\/post"}],"author":[{"embeddable":true,"href":"https:\/\/www.em.com.br\/emfoco\/wp-json\/wp\/v2\/users\/13"}],"replies":[{"embeddable":true,"href":"https:\/\/www.em.com.br\/emfoco\/wp-json\/wp\/v2\/comments?post=179690"}],"version-history":[{"count":1,"href":"https:\/\/www.em.com.br\/emfoco\/wp-json\/wp\/v2\/posts\/179690\/revisions"}],"predecessor-version":[{"id":179748,"href":"https:\/\/www.em.com.br\/emfoco\/wp-json\/wp\/v2\/posts\/179690\/revisions\/179748"}],"wp:featuredmedia":[{"embeddable":true,"href":"https:\/\/www.em.com.br\/emfoco\/wp-json\/wp\/v2\/media\/179733"}],"wp:attachment":[{"href":"https:\/\/www.em.com.br\/emfoco\/wp-json\/wp\/v2\/media?parent=179690"}],"wp:term":[{"taxonomy":"category","embeddable":true,"href":"https:\/\/www.em.com.br\/emfoco\/wp-json\/wp\/v2\/categories?post=179690"},{"taxonomy":"post_tag","embeddable":true,"href":"https:\/\/www.em.com.br\/emfoco\/wp-json\/wp\/v2\/tags?post=179690"}],"curies":[{"name":"wp","href":"https:\/\/api.w.org\/{rel}","templated":true}]}}