{"id":179689,"date":"2026-03-13T13:35:00","date_gmt":"2026-03-13T16:35:00","guid":{"rendered":"https:\/\/www.em.com.br\/emfoco\/?p=179689"},"modified":"2026-03-10T13:29:36","modified_gmt":"2026-03-10T16:29:36","slug":"funcionaria-e-demitida-apos-chefe-ler-mensagens-no-whatsapp-e-decisao-reacende-debate-sobre-privacidade-no-trabalho","status":"publish","type":"post","link":"https:\/\/www.em.com.br\/emfoco\/2026\/03\/13\/funcionaria-e-demitida-apos-chefe-ler-mensagens-no-whatsapp-e-decisao-reacende-debate-sobre-privacidade-no-trabalho\/","title":{"rendered":"Funcion\u00e1ria \u00e9 demitida ap\u00f3s chefe ler mensagens no WhatsApp e decis\u00e3o reacende debate sobre privacidade no trabalho"},"content":{"rendered":"\n<p>O caso de uma funcion\u00e1ria demitida ap\u00f3s deixar o WhatsApp aberto no computador do escrit\u00f3rio reacendeu um debate atual: at\u00e9 onde o empregador pode ir ao monitorar o ambiente de trabalho sem violar a privacidade dos colaboradores, em um cen\u00e1rio de hiperconectividade, home office e novas tecnologias de vigil\u00e2ncia digital?<\/p>\n\n\n\n<h2 class=\"wp-block-heading\">Privacidade no trabalho e acesso ao WhatsApp no ambiente corporativo<\/h2>\n\n\n\n<p>Em escrit\u00f3rios conectados, o uso de aplicativos de mensagem, como <strong><a href=\"https:\/\/www.em.com.br\/emfoco\/2026\/02\/16\/notificacao-do-gov-br-sobre-imposto-2026-chega-no-whatsapp-e-gera-alerta-entre-contribuintes\/\" target=\"_blank\" rel=\"noreferrer noopener\">WhatsApp<\/a><\/strong>, tornou-se rotina, inclusive em computadores corporativos. Mesmo assim, tribunais de v\u00e1rios pa\u00edses t\u00eam refor\u00e7ado que o direito ao sigilo das comunica\u00e7\u00f5es permanece, ainda que a conversa ocorra em equipamentos da empresa.<\/p>\n\n\n\n<p>O ponto central \u00e9 verificar se houve consentimento pr\u00e9vio, aviso claro de monitoramento ou autoriza\u00e7\u00e3o judicial para acessar mensagens privadas. No caso julgado pelo Tribunal Superior de Justi\u00e7a de Jun\u00edn, os magistrados entenderam que o chefe ultrapassou esse limite ao consultar o conte\u00fado das conversas sem permiss\u00e3o.<\/p>\n\n\n\n<figure class=\"wp-block-image size-large\"><img loading=\"lazy\" decoding=\"async\" width=\"1024\" height=\"576\" src=\"https:\/\/www.em.com.br\/emfoco\/wp-content\/uploads\/2026\/03\/4-43-1024x576.jpg\" alt=\"Funcion\u00e1ria \u00e9 demitida ap\u00f3s chefe ler mensagens no WhatsApp e decis\u00e3o reacende debate sobre privacidade no trabalho\" class=\"wp-image-179735\" srcset=\"https:\/\/www.em.com.br\/emfoco\/wp-content\/uploads\/2026\/03\/4-43-1024x576.jpg 1024w, https:\/\/www.em.com.br\/emfoco\/wp-content\/uploads\/2026\/03\/4-43-300x169.jpg 300w, https:\/\/www.em.com.br\/emfoco\/wp-content\/uploads\/2026\/03\/4-43-768x432.jpg 768w, https:\/\/www.em.com.br\/emfoco\/wp-content\/uploads\/2026\/03\/4-43-750x422.jpg 750w, https:\/\/www.em.com.br\/emfoco\/wp-content\/uploads\/2026\/03\/4-43-1140x641.jpg 1140w, https:\/\/www.em.com.br\/emfoco\/wp-content\/uploads\/2026\/03\/4-43.jpg 1280w\" sizes=\"auto, (max-width: 1024px) 100vw, 1024px\" \/><figcaption class=\"wp-element-caption\">Sigilo das comunica\u00e7\u00f5es pessoais permanece protegido mesmo em equipamentos de uso corporativo<\/figcaption><\/figure>\n\n\n\n<h2 class=\"wp-block-heading\">Como a legisla\u00e7\u00e3o protege a intimidade de colaboradores no Brasil e em outros pa\u00edses<\/h2>\n\n\n\n<p>No contexto brasileiro, o debate encontra base direta no <strong><a href=\"https:\/\/www.tjdft.jus.br\/consultas\/jurisprudencia\/jurisprudencia-em-temas\/direito-constitucional\/direitos_de_personalidade_intimidade_privacidade_honra_imagem_e_liberdade_de_expressao\" target=\"_blank\" rel=\"noreferrer noopener\">artigo 5\u00ba, inciso X, da Constitui\u00e7\u00e3o Federal<\/a><\/strong>, que assegura a inviolabilidade da intimidade, da vida privada, da honra e da imagem. Isso inclui o direito \u00e0 indeniza\u00e7\u00e3o por dano material ou moral decorrente de sua viola\u00e7\u00e3o.<\/p>\n\n\n\n<p>Isso significa que, ainda que o equipamento seja da empresa, o conte\u00fado estritamente privado das comunica\u00e7\u00f5es do empregado permanece protegido. Em outros pa\u00edses latino-americanos, normas constitucionais e leis de prote\u00e7\u00e3o de dados seguem a mesma linha, impondo limites claros \u00e0s pr\u00e1ticas de monitoramento patronal.<\/p>\n\n\n\n<h2 class=\"wp-block-heading\">Por que a privacidade no ambiente corporativo ganhou mais destaque nos tribunais<\/h2>\n\n\n\n<p>Com o avan\u00e7o do trabalho digital, decis\u00f5es de 2024 e 2025 passaram a tratar a privacidade no ambiente corporativo como extens\u00e3o direta dos direitos fundamentais \u00e0 intimidade e ao sigilo de dados. A tend\u00eancia \u00e9 diferenciar o monitoramento t\u00e9cnico de sistemas da leitura direta de mensagens e arquivos pessoais.<\/p>\n\n\n\n<p>No caso peruano, a inst\u00e2ncia superior n\u00e3o focou apenas na quebra de regras internas, mas na forma como a prova foi produzida. Ao considerar as conversas de WhatsApp como comunica\u00e7\u00e3o privada, o tribunal classificou o material como prova inadmiss\u00edvel, por ter sido obtido sem consentimento ou ordem judicial.<\/p>\n\n\n\n<figure class=\"wp-block-image size-large\"><img loading=\"lazy\" decoding=\"async\" width=\"1024\" height=\"576\" src=\"https:\/\/www.em.com.br\/emfoco\/wp-content\/uploads\/2026\/03\/3-44-1024x576.jpg\" alt=\"Funcion\u00e1ria \u00e9 demitida ap\u00f3s chefe ler mensagens no WhatsApp e decis\u00e3o reacende debate sobre privacidade no trabalho\" class=\"wp-image-179734\" srcset=\"https:\/\/www.em.com.br\/emfoco\/wp-content\/uploads\/2026\/03\/3-44-1024x576.jpg 1024w, https:\/\/www.em.com.br\/emfoco\/wp-content\/uploads\/2026\/03\/3-44-300x169.jpg 300w, https:\/\/www.em.com.br\/emfoco\/wp-content\/uploads\/2026\/03\/3-44-768x432.jpg 768w, https:\/\/www.em.com.br\/emfoco\/wp-content\/uploads\/2026\/03\/3-44-750x422.jpg 750w, https:\/\/www.em.com.br\/emfoco\/wp-content\/uploads\/2026\/03\/3-44-1140x641.jpg 1140w, https:\/\/www.em.com.br\/emfoco\/wp-content\/uploads\/2026\/03\/3-44.jpg 1280w\" sizes=\"auto, (max-width: 1024px) 100vw, 1024px\" \/><figcaption class=\"wp-element-caption\">Tribunais consideram inadmiss\u00edveis as provas obtidas sem o devido consentimento pr\u00e9vio<\/figcaption><\/figure>\n\n\n\n<h2 class=\"wp-block-heading\">Quais efeitos pr\u00e1ticos essa decis\u00e3o trouxe para empresas e trabalhadores<\/h2>\n\n\n\n<p>A decis\u00e3o enviou recados importantes para empregadores e funcion\u00e1rios sobre prote\u00e7\u00e3o da privacidade no trabalho. A Constitui\u00e7\u00e3o peruana garante a todos o direito \u00e0 prote\u00e7\u00e3o das comunica\u00e7\u00f5es e documentos privados, o que limita m\u00e9todos de disciplina corporativa que violem esse n\u00facleo de prote\u00e7\u00e3o.<\/p>\n\n\n\n<p>Entre as principais consequ\u00eancias ressaltadas por ju\u00edzes e especialistas em direito do trabalho, destacam-se impactos que j\u00e1 v\u00eam orientando pol\u00edticas internas de empresas em toda a Am\u00e9rica Latina:<\/p>\n\n\n\n<ul class=\"wp-block-list\">\n<li>Acesso a mensagens privadas, mesmo em computador da empresa, pode configurar viola\u00e7\u00e3o de direitos fundamentais.<\/li>\n\n\n\n<li>Provas obtidas sem autoriza\u00e7\u00e3o ou consentimento tendem a ser desconsideradas pelo Judici\u00e1rio.<\/li>\n\n\n\n<li>Regras internas n\u00e3o podem ultrapassar limites constitucionais de privacidade e sigilo.<\/li>\n\n\n\n<li>Demiss\u00f5es baseadas em provas il\u00edcitas podem ser anuladas, gerando reintegra\u00e7\u00e3o e indeniza\u00e7\u00f5es expressivas.<\/li>\n<\/ul>\n\n\n\n<h2 class=\"wp-block-heading\">O que o caso do WhatsApp sinaliza para o futuro das rela\u00e7\u00f5es de trabalho<\/h2>\n\n\n\n<p>O epis\u00f3dio no Peru se soma a decis\u00f5es que buscam equilibrar disciplina empresarial e direitos fundamentais, em um contexto de novas tecnologias de monitoramento, intelig\u00eancia artificial e an\u00e1lise de dados. Ignorar esse movimento jur\u00eddico e cultural \u00e9 correr o risco de enfrentar processos, danos \u00e0 reputa\u00e7\u00e3o e perda de confian\u00e7a interna.<\/p>\n\n\n\n<p>Agora \u00e9 o momento de rever pol\u00edticas, treinar equipes e ajustar pr\u00e1ticas de monitoramento, antes que um simples clique ou conversa no WhatsApp se transforme no pr\u00f3ximo grande conflito trabalhista da sua organiza\u00e7\u00e3o. N\u00e3o espere a primeira a\u00e7\u00e3o judicial para agir: revise normas, consulte especialistas e implemente mudan\u00e7as urgentes para proteger sua empresa e a privacidade dos seus colaboradores.<\/p>\n\n\n\n<p><\/p>\n","protected":false},"excerpt":{"rendered":"<p>O caso de uma funcion\u00e1ria demitida ap\u00f3s deixar o WhatsApp aberto no computador do escrit\u00f3rio reacendeu um debate atual: at\u00e9 onde o empregador pode ir ao monitorar o ambiente de trabalho sem violar a privacidade dos colaboradores, em um cen\u00e1rio de hiperconectividade, home office e novas tecnologias de vigil\u00e2ncia digital? Privacidade no trabalho e acesso [&hellip;]<\/p>\n","protected":false},"author":13,"featured_media":179736,"comment_status":"open","ping_status":"open","sticky":false,"template":"","format":"standard","meta":{"jnews-multi-image_gallery":[],"jnews_single_post":{"format":"standard"},"jnews_primary_category":[],"jnews_social_meta":[],"jnews_override_counter":[],"footnotes":""},"categories":[28],"tags":[2287,2814,25951],"class_list":["post-179689","post","type-post","status-publish","format-standard","has-post-thumbnail","hentry","category-economia","tag-demissao","tag-whatsapp","tag-whatsapp-em-ambiente-corporativo"],"yoast_head":"<!-- This site is optimized with the Yoast SEO plugin v23.8 - https:\/\/yoast.com\/wordpress\/plugins\/seo\/ -->\n<title>Funcion\u00e1ria \u00e9 demitida ap\u00f3s chefe ler mensagens no WhatsApp e decis\u00e3o reacende debate sobre privacidade no trabalho - Estado de Minas - Em foco<\/title>\n<meta name=\"description\" content=\"Funcion\u00e1ria \u00e9 demitida ap\u00f3s chefe ler mensagens no WhatsApp no trabalho. Caso levanta debate sobre privacidade e limites do controle.\" \/>\n<meta name=\"robots\" content=\"index, follow, max-snippet:-1, max-image-preview:large, max-video-preview:-1\" \/>\n<link rel=\"canonical\" href=\"https:\/\/www.em.com.br\/emfoco\/2026\/03\/13\/funcionaria-e-demitida-apos-chefe-ler-mensagens-no-whatsapp-e-decisao-reacende-debate-sobre-privacidade-no-trabalho\/\" \/>\n<meta property=\"og:locale\" content=\"pt_BR\" \/>\n<meta property=\"og:type\" content=\"article\" \/>\n<meta property=\"og:title\" content=\"Funcion\u00e1ria \u00e9 demitida ap\u00f3s chefe ler mensagens no WhatsApp e decis\u00e3o reacende debate sobre privacidade no trabalho - Estado de Minas - Em foco\" \/>\n<meta property=\"og:description\" content=\"Funcion\u00e1ria \u00e9 demitida ap\u00f3s chefe ler mensagens no WhatsApp no trabalho. Caso levanta debate sobre privacidade e limites do controle.\" \/>\n<meta property=\"og:url\" content=\"https:\/\/www.em.com.br\/emfoco\/2026\/03\/13\/funcionaria-e-demitida-apos-chefe-ler-mensagens-no-whatsapp-e-decisao-reacende-debate-sobre-privacidade-no-trabalho\/\" \/>\n<meta property=\"og:site_name\" content=\"Estado de Minas - Em foco\" \/>\n<meta property=\"article:published_time\" content=\"2026-03-13T16:35:00+00:00\" \/>\n<meta property=\"article:modified_time\" content=\"2026-03-10T16:29:36+00:00\" \/>\n<meta property=\"og:image\" content=\"https:\/\/www.em.com.br\/emfoco\/wp-content\/uploads\/2026\/03\/5-40.jpg\" \/>\n\t<meta property=\"og:image:width\" content=\"1280\" \/>\n\t<meta property=\"og:image:height\" content=\"720\" \/>\n\t<meta property=\"og:image:type\" content=\"image\/jpeg\" \/>\n<meta name=\"author\" content=\"Gabriel Martins\" \/>\n<meta name=\"twitter:card\" content=\"summary_large_image\" \/>\n<meta name=\"twitter:label1\" content=\"Escrito por\" \/>\n\t<meta name=\"twitter:data1\" content=\"Gabriel Martins\" \/>\n\t<meta name=\"twitter:label2\" content=\"Est. tempo de leitura\" \/>\n\t<meta name=\"twitter:data2\" content=\"5 minutos\" \/>\n<!-- \/ Yoast SEO plugin. -->","yoast_head_json":{"title":"Funcion\u00e1ria \u00e9 demitida ap\u00f3s chefe ler mensagens no WhatsApp e decis\u00e3o reacende debate sobre privacidade no trabalho - Estado de Minas - Em foco","description":"Funcion\u00e1ria \u00e9 demitida ap\u00f3s chefe ler mensagens no WhatsApp no trabalho. Caso levanta debate sobre privacidade e limites do controle.","robots":{"index":"index","follow":"follow","max-snippet":"max-snippet:-1","max-image-preview":"max-image-preview:large","max-video-preview":"max-video-preview:-1"},"canonical":"https:\/\/www.em.com.br\/emfoco\/2026\/03\/13\/funcionaria-e-demitida-apos-chefe-ler-mensagens-no-whatsapp-e-decisao-reacende-debate-sobre-privacidade-no-trabalho\/","og_locale":"pt_BR","og_type":"article","og_title":"Funcion\u00e1ria \u00e9 demitida ap\u00f3s chefe ler mensagens no WhatsApp e decis\u00e3o reacende debate sobre privacidade no trabalho - Estado de Minas - Em foco","og_description":"Funcion\u00e1ria \u00e9 demitida ap\u00f3s chefe ler mensagens no WhatsApp no trabalho. Caso levanta debate sobre privacidade e limites do controle.","og_url":"https:\/\/www.em.com.br\/emfoco\/2026\/03\/13\/funcionaria-e-demitida-apos-chefe-ler-mensagens-no-whatsapp-e-decisao-reacende-debate-sobre-privacidade-no-trabalho\/","og_site_name":"Estado de Minas - Em foco","article_published_time":"2026-03-13T16:35:00+00:00","article_modified_time":"2026-03-10T16:29:36+00:00","og_image":[{"width":1280,"height":720,"url":"https:\/\/www.em.com.br\/emfoco\/wp-content\/uploads\/2026\/03\/5-40.jpg","type":"image\/jpeg"}],"author":"Gabriel Martins","twitter_card":"summary_large_image","twitter_misc":{"Escrito por":"Gabriel Martins","Est. tempo de leitura":"5 minutos"},"schema":{"@context":"https:\/\/schema.org","@graph":[{"@type":"WebPage","@id":"https:\/\/www.em.com.br\/emfoco\/2026\/03\/13\/funcionaria-e-demitida-apos-chefe-ler-mensagens-no-whatsapp-e-decisao-reacende-debate-sobre-privacidade-no-trabalho\/","url":"https:\/\/www.em.com.br\/emfoco\/2026\/03\/13\/funcionaria-e-demitida-apos-chefe-ler-mensagens-no-whatsapp-e-decisao-reacende-debate-sobre-privacidade-no-trabalho\/","name":"Funcion\u00e1ria \u00e9 demitida ap\u00f3s chefe ler mensagens no WhatsApp e decis\u00e3o reacende debate sobre privacidade no trabalho - Estado de Minas - Em foco","isPartOf":{"@id":"https:\/\/www.em.com.br\/emfoco\/#website"},"primaryImageOfPage":{"@id":"https:\/\/www.em.com.br\/emfoco\/2026\/03\/13\/funcionaria-e-demitida-apos-chefe-ler-mensagens-no-whatsapp-e-decisao-reacende-debate-sobre-privacidade-no-trabalho\/#primaryimage"},"image":{"@id":"https:\/\/www.em.com.br\/emfoco\/2026\/03\/13\/funcionaria-e-demitida-apos-chefe-ler-mensagens-no-whatsapp-e-decisao-reacende-debate-sobre-privacidade-no-trabalho\/#primaryimage"},"thumbnailUrl":"https:\/\/www.em.com.br\/emfoco\/wp-content\/uploads\/2026\/03\/5-40.jpg","datePublished":"2026-03-13T16:35:00+00:00","dateModified":"2026-03-10T16:29:36+00:00","author":{"@id":"https:\/\/www.em.com.br\/emfoco\/#\/schema\/person\/1c9ddeab18b98abeffef834667bcf08a"},"description":"Funcion\u00e1ria \u00e9 demitida ap\u00f3s chefe ler mensagens no WhatsApp no trabalho. Caso levanta debate sobre privacidade e limites do controle.","breadcrumb":{"@id":"https:\/\/www.em.com.br\/emfoco\/2026\/03\/13\/funcionaria-e-demitida-apos-chefe-ler-mensagens-no-whatsapp-e-decisao-reacende-debate-sobre-privacidade-no-trabalho\/#breadcrumb"},"inLanguage":"pt-BR","potentialAction":[{"@type":"ReadAction","target":["https:\/\/www.em.com.br\/emfoco\/2026\/03\/13\/funcionaria-e-demitida-apos-chefe-ler-mensagens-no-whatsapp-e-decisao-reacende-debate-sobre-privacidade-no-trabalho\/"]}]},{"@type":"ImageObject","inLanguage":"pt-BR","@id":"https:\/\/www.em.com.br\/emfoco\/2026\/03\/13\/funcionaria-e-demitida-apos-chefe-ler-mensagens-no-whatsapp-e-decisao-reacende-debate-sobre-privacidade-no-trabalho\/#primaryimage","url":"https:\/\/www.em.com.br\/emfoco\/wp-content\/uploads\/2026\/03\/5-40.jpg","contentUrl":"https:\/\/www.em.com.br\/emfoco\/wp-content\/uploads\/2026\/03\/5-40.jpg","width":1280,"height":720,"caption":"Monitoramento de mensagens privadas em computadores da empresa possui limites legais"},{"@type":"BreadcrumbList","@id":"https:\/\/www.em.com.br\/emfoco\/2026\/03\/13\/funcionaria-e-demitida-apos-chefe-ler-mensagens-no-whatsapp-e-decisao-reacende-debate-sobre-privacidade-no-trabalho\/#breadcrumb","itemListElement":[{"@type":"ListItem","position":1,"name":"In\u00edcio","item":"https:\/\/www.em.com.br\/emfoco\/"},{"@type":"ListItem","position":2,"name":"Funcion\u00e1ria \u00e9 demitida ap\u00f3s chefe ler mensagens no WhatsApp e decis\u00e3o reacende debate sobre privacidade no trabalho"}]},{"@type":"WebSite","@id":"https:\/\/www.em.com.br\/emfoco\/#website","url":"https:\/\/www.em.com.br\/emfoco\/","name":"Estado de Minas - Em foco","description":"Acompanhe as \u00faltimas not\u00edcias e fique bem informado sobre tudo o que acontece em Minas Gerais, Brasil e no mundo.","potentialAction":[{"@type":"SearchAction","target":{"@type":"EntryPoint","urlTemplate":"https:\/\/www.em.com.br\/emfoco\/?s={search_term_string}"},"query-input":{"@type":"PropertyValueSpecification","valueRequired":true,"valueName":"search_term_string"}}],"inLanguage":"pt-BR"},{"@type":"Person","@id":"https:\/\/www.em.com.br\/emfoco\/#\/schema\/person\/1c9ddeab18b98abeffef834667bcf08a","name":"Gabriel Martins","image":{"@type":"ImageObject","inLanguage":"pt-BR","@id":"https:\/\/www.em.com.br\/emfoco\/#\/schema\/person\/image\/","url":"https:\/\/secure.gravatar.com\/avatar\/f0f1e2efdfd88f1ad2cb08c5c2731e50?s=96&d=mm&r=g","contentUrl":"https:\/\/secure.gravatar.com\/avatar\/f0f1e2efdfd88f1ad2cb08c5c2731e50?s=96&d=mm&r=g","caption":"Gabriel Martins"},"sameAs":["https:\/\/www.em.com.br\/emfoco\/"],"url":"https:\/\/www.em.com.br\/emfoco\/author\/gabrielmartinsmyth\/"}]}},"_links":{"self":[{"href":"https:\/\/www.em.com.br\/emfoco\/wp-json\/wp\/v2\/posts\/179689","targetHints":{"allow":["GET"]}}],"collection":[{"href":"https:\/\/www.em.com.br\/emfoco\/wp-json\/wp\/v2\/posts"}],"about":[{"href":"https:\/\/www.em.com.br\/emfoco\/wp-json\/wp\/v2\/types\/post"}],"author":[{"embeddable":true,"href":"https:\/\/www.em.com.br\/emfoco\/wp-json\/wp\/v2\/users\/13"}],"replies":[{"embeddable":true,"href":"https:\/\/www.em.com.br\/emfoco\/wp-json\/wp\/v2\/comments?post=179689"}],"version-history":[{"count":1,"href":"https:\/\/www.em.com.br\/emfoco\/wp-json\/wp\/v2\/posts\/179689\/revisions"}],"predecessor-version":[{"id":179747,"href":"https:\/\/www.em.com.br\/emfoco\/wp-json\/wp\/v2\/posts\/179689\/revisions\/179747"}],"wp:featuredmedia":[{"embeddable":true,"href":"https:\/\/www.em.com.br\/emfoco\/wp-json\/wp\/v2\/media\/179736"}],"wp:attachment":[{"href":"https:\/\/www.em.com.br\/emfoco\/wp-json\/wp\/v2\/media?parent=179689"}],"wp:term":[{"taxonomy":"category","embeddable":true,"href":"https:\/\/www.em.com.br\/emfoco\/wp-json\/wp\/v2\/categories?post=179689"},{"taxonomy":"post_tag","embeddable":true,"href":"https:\/\/www.em.com.br\/emfoco\/wp-json\/wp\/v2\/tags?post=179689"}],"curies":[{"name":"wp","href":"https:\/\/api.w.org\/{rel}","templated":true}]}}