{"id":179688,"date":"2026-03-13T11:55:00","date_gmt":"2026-03-13T14:55:00","guid":{"rendered":"https:\/\/www.em.com.br\/emfoco\/?p=179688"},"modified":"2026-03-10T13:28:51","modified_gmt":"2026-03-10T16:28:51","slug":"donos-desses-carros-estao-ganhando-isencao-de-ipva-2026-veja-quem-deixa-de-pagar-o-imposto","status":"publish","type":"post","link":"https:\/\/www.em.com.br\/emfoco\/2026\/03\/13\/donos-desses-carros-estao-ganhando-isencao-de-ipva-2026-veja-quem-deixa-de-pagar-o-imposto\/","title":{"rendered":"Donos desses carros est\u00e3o ganhando isen\u00e7\u00e3o de IPVA 2026: veja quem deixa de pagar o imposto"},"content":{"rendered":"\n<p>Motoristas de Santa Catarina iniciam 2026 com mudan\u00e7as importantes no IPVA, o Imposto sobre a Propriedade de Ve\u00edculos Automotores. A principal novidade \u00e9 a amplia\u00e7\u00e3o da&nbsp;<strong>isen\u00e7\u00e3o de IPVA em SC<\/strong>, que agora alcan\u00e7a mais propriet\u00e1rios, principalmente donos de ve\u00edculos mais antigos, impactando diretamente o planejamento financeiro de quem mant\u00e9m autom\u00f3vel registrado no Estado.<\/p>\n\n\n\n<h2 class=\"wp-block-heading\">O que mudou na isen\u00e7\u00e3o de IPVA 2026 em Santa Catarina<\/h2>\n\n\n\n<p>A partir de 2026, ve\u00edculos com&nbsp;<strong>20 anos ou mais de fabrica\u00e7\u00e3o<\/strong>&nbsp;passam a ter isen\u00e7\u00e3o do IPVA em Santa Catarina. Antes, o benef\u00edcio atendia apenas autom\u00f3veis com per\u00edodo maior de fabrica\u00e7\u00e3o, e a nova regra amplia o alcance da gratuidade para muitos carros do in\u00edcio dos anos 2000.<\/p>\n\n\n\n<p>O benef\u00edcio vale para ve\u00edculos devidamente registrados no Detran-SC, mas n\u00e3o contempla \u00f4nibus, micro-\u00f4nibus e caminh\u00f5es nessa faixa et\u00e1ria. Na pr\u00e1tica, v\u00e1rios modelos que at\u00e9 o ano passado ainda geravam cobran\u00e7a passam a constar na lista de isentos em 2026.<\/p>\n\n\n\n<figure class=\"wp-block-image size-large\"><img loading=\"lazy\" decoding=\"async\" width=\"1024\" height=\"576\" src=\"https:\/\/www.em.com.br\/emfoco\/wp-content\/uploads\/2026\/03\/7-27-1024x576.jpg\" alt=\"Donos desses carros est\u00e3o ganhando isen\u00e7\u00e3o de IPVA 2026: veja quem deixa de pagar o imposto\" class=\"wp-image-179738\" srcset=\"https:\/\/www.em.com.br\/emfoco\/wp-content\/uploads\/2026\/03\/7-27-1024x576.jpg 1024w, https:\/\/www.em.com.br\/emfoco\/wp-content\/uploads\/2026\/03\/7-27-300x169.jpg 300w, https:\/\/www.em.com.br\/emfoco\/wp-content\/uploads\/2026\/03\/7-27-768x432.jpg 768w, https:\/\/www.em.com.br\/emfoco\/wp-content\/uploads\/2026\/03\/7-27-750x422.jpg 750w, https:\/\/www.em.com.br\/emfoco\/wp-content\/uploads\/2026\/03\/7-27-1140x641.jpg 1140w, https:\/\/www.em.com.br\/emfoco\/wp-content\/uploads\/2026\/03\/7-27.jpg 1280w\" sizes=\"auto, (max-width: 1024px) 100vw, 1024px\" \/><figcaption class=\"wp-element-caption\">Nova regra de gratuidade contempla autom\u00f3veis fabricados no in\u00edcio dos anos duzentos<\/figcaption><\/figure>\n\n\n\n<h2 class=\"wp-block-heading\">Quem tem direito \u00e0 isen\u00e7\u00e3o de IPVA 2026 em SC<\/h2>\n\n\n\n<p>Al\u00e9m da idade do ve\u00edculo, a\u00a0<strong>isen\u00e7\u00e3o de <a href=\"https:\/\/www.em.com.br\/emfoco\/2026\/02\/08\/fim-do-ipva-lista-de-10-carros-populares-que-deixam-de-pagar-o-imposto-este-mes\/\" target=\"_blank\" rel=\"noreferrer noopener\">IPVA <\/a>2026 em SC<\/strong>\u00a0abrange outras categorias definidas em lei, incluindo casos de isen\u00e7\u00e3o e de imunidade tribut\u00e1ria. Para manter o direito, \u00e9 essencial que o cadastro esteja atualizado e que o ve\u00edculo esteja em nome do benefici\u00e1rio.<\/p>\n\n\n\n<figure class=\"wp-block-image size-large\"><img loading=\"lazy\" decoding=\"async\" width=\"1024\" height=\"278\" src=\"https:\/\/www.em.com.br\/emfoco\/wp-content\/uploads\/2026\/03\/convertido-1024x278.jpg\" alt=\"\" class=\"wp-image-179697\" srcset=\"https:\/\/www.em.com.br\/emfoco\/wp-content\/uploads\/2026\/03\/convertido-1024x278.jpg 1024w, https:\/\/www.em.com.br\/emfoco\/wp-content\/uploads\/2026\/03\/convertido-300x81.jpg 300w, https:\/\/www.em.com.br\/emfoco\/wp-content\/uploads\/2026\/03\/convertido-768x208.jpg 768w, https:\/\/www.em.com.br\/emfoco\/wp-content\/uploads\/2026\/03\/convertido-750x203.jpg 750w, https:\/\/www.em.com.br\/emfoco\/wp-content\/uploads\/2026\/03\/convertido-1140x309.jpg 1140w, https:\/\/www.em.com.br\/emfoco\/wp-content\/uploads\/2026\/03\/convertido.jpg 1280w\" sizes=\"auto, (max-width: 1024px) 100vw, 1024px\" \/><\/figure>\n\n\n\n<h2 class=\"wp-block-heading\">Quais s\u00e3o as al\u00edquotas do IPVA 2026 em Santa Catarina<\/h2>\n\n\n\n<p>Para quem n\u00e3o se enquadra em nenhuma regra de isen\u00e7\u00e3o, as al\u00edquotas do IPVA em 2026 foram mantidas e seguem entre as mais baixas do pa\u00eds. O imposto \u00e9 calculado sobre o valor venal definido em tabela de refer\u00eancia da Secretaria da Fazenda.<\/p>\n\n\n\n<p>Santa Catarina pratica \u00edndice de&nbsp;<strong>2%<\/strong>&nbsp;para carros de passeio e utilit\u00e1rios em geral, e de&nbsp;<strong>1%<\/strong>&nbsp;para motocicletas, ve\u00edculos de carga, de passageiros e de loca\u00e7\u00e3o. O Estado se mant\u00e9m competitivo em compara\u00e7\u00e3o com outras unidades da Federa\u00e7\u00e3o, o que pesa na decis\u00e3o de manter ou adquirir ve\u00edculo.<\/p>\n\n\n\n<h2 class=\"wp-block-heading\">Como funciona o calend\u00e1rio e as formas de pagamento do IPVA 2026<\/h2>\n\n\n\n<p>O calend\u00e1rio de pagamento do&nbsp;<strong>IPVA SC 2026<\/strong>&nbsp;segue o&nbsp;<strong>\u00faltimo n\u00famero da placa<\/strong>, com datas espec\u00edficas para cota \u00fanica e parcelamento. Ve\u00edculos novos ou importados devem ter o imposto pago em at\u00e9 30 dias ap\u00f3s a compra, independentemente do final da placa.<\/p>\n\n\n\n<p>O contribuinte pode escolher entre pagamento em cota \u00fanica, parcelamento em 3 vezes sem juros ou parcelamento maior no cart\u00e3o de cr\u00e9dito via empresas credenciadas, com encargos pr\u00f3prios. H\u00e1 ainda a op\u00e7\u00e3o de pagamento via Pix, com QR Code gerado nos portais da Secretaria da Fazenda ou do Detran-SC, agilizando a compensa\u00e7\u00e3o e o licenciamento.<\/p>\n\n\n\n<figure class=\"wp-block-image size-large\"><img loading=\"lazy\" decoding=\"async\" width=\"1024\" height=\"576\" src=\"https:\/\/www.em.com.br\/emfoco\/wp-content\/uploads\/2026\/03\/6-35-1024x576.jpg\" alt=\"Donos desses carros est\u00e3o ganhando isen\u00e7\u00e3o de IPVA 2026: veja quem deixa de pagar o imposto\" class=\"wp-image-179737\" srcset=\"https:\/\/www.em.com.br\/emfoco\/wp-content\/uploads\/2026\/03\/6-35-1024x576.jpg 1024w, https:\/\/www.em.com.br\/emfoco\/wp-content\/uploads\/2026\/03\/6-35-300x169.jpg 300w, https:\/\/www.em.com.br\/emfoco\/wp-content\/uploads\/2026\/03\/6-35-768x432.jpg 768w, https:\/\/www.em.com.br\/emfoco\/wp-content\/uploads\/2026\/03\/6-35-750x422.jpg 750w, https:\/\/www.em.com.br\/emfoco\/wp-content\/uploads\/2026\/03\/6-35-1140x641.jpg 1140w, https:\/\/www.em.com.br\/emfoco\/wp-content\/uploads\/2026\/03\/6-35.jpg 1280w\" sizes=\"auto, (max-width: 1024px) 100vw, 1024px\" \/><figcaption class=\"wp-element-caption\">Al\u00edquotas aplicadas no estado permanecem entre as mais baixas de todo Brasil<\/figcaption><\/figure>\n\n\n\n<h2 class=\"wp-block-heading\">Por que \u00e9 importante acompanhar a isen\u00e7\u00e3o de IPVA em SC<\/h2>\n\n\n\n<p>Acompanhar de perto as mudan\u00e7as na\u00a0<a href=\"https:\/\/www.sef.sc.gov.br\/saiba-mais\/isencoes-tratamento-tributario-diferenciado-ipva\" target=\"_blank\" rel=\"noreferrer noopener\"><strong>isen\u00e7\u00e3o de IPVA em SC<\/strong>\u00a0<\/a>evita pagar imposto quando h\u00e1 direito ao benef\u00edcio e ajuda a organizar o or\u00e7amento familiar ou empresarial. Em um cen\u00e1rio de custos crescentes com combust\u00edvel, manuten\u00e7\u00e3o e seguro, qualquer economia faz diferen\u00e7a no fim do m\u00eas.<\/p>\n\n\n\n<p>Se o seu ve\u00edculo est\u00e1 perto de completar 20 anos, se voc\u00ea tem moto de baixa cilindrada ou se se enquadra em alguma das categorias especiais, verifique sua situa\u00e7\u00e3o no sistema da Secretaria da Fazenda ou do Detran-SC ainda hoje. N\u00e3o deixe para depois: garantir a isen\u00e7\u00e3o e quitar o IPVA dentro do prazo \u00e9 urgente para manter o licenciamento em dia, evitar multas, apreens\u00e3o do ve\u00edculo e preservar sua tranquilidade no tr\u00e2nsito.<\/p>\n","protected":false},"excerpt":{"rendered":"<p>Motoristas de Santa Catarina iniciam 2026 com mudan\u00e7as importantes no IPVA, o Imposto sobre a Propriedade de Ve\u00edculos Automotores. A principal novidade \u00e9 a amplia\u00e7\u00e3o da&nbsp;isen\u00e7\u00e3o de IPVA em SC, que agora alcan\u00e7a mais propriet\u00e1rios, principalmente donos de ve\u00edculos mais antigos, impactando diretamente o planejamento financeiro de quem mant\u00e9m autom\u00f3vel registrado no Estado. O que [&hellip;]<\/p>\n","protected":false},"author":13,"featured_media":179739,"comment_status":"open","ping_status":"open","sticky":false,"template":"","format":"standard","meta":{"jnews-multi-image_gallery":[],"jnews_single_post":{"format":"standard"},"jnews_primary_category":[],"jnews_social_meta":[],"jnews_override_counter":[],"footnotes":""},"categories":[28],"tags":[830,3445,734],"class_list":["post-179688","post","type-post","status-publish","format-standard","has-post-thumbnail","hentry","category-economia","tag-cnh","tag-isencao-de-ipva","tag-santa-catarina"],"yoast_head":"<!-- This site is optimized with the Yoast SEO plugin v23.8 - https:\/\/yoast.com\/wordpress\/plugins\/seo\/ -->\n<title>Donos desses carros est\u00e3o ganhando isen\u00e7\u00e3o de IPVA 2026: veja quem deixa de pagar o imposto - Estado de Minas - Em foco<\/title>\n<meta name=\"description\" content=\"Motoristas de Santa Catarina podem ter isen\u00e7\u00e3o de IPVA em 2026. Entenda quais ve\u00edculos entram na nova regra do imposto.\" \/>\n<meta name=\"robots\" content=\"index, follow, max-snippet:-1, max-image-preview:large, max-video-preview:-1\" \/>\n<link rel=\"canonical\" href=\"https:\/\/www.em.com.br\/emfoco\/2026\/03\/13\/donos-desses-carros-estao-ganhando-isencao-de-ipva-2026-veja-quem-deixa-de-pagar-o-imposto\/\" \/>\n<meta property=\"og:locale\" content=\"pt_BR\" \/>\n<meta property=\"og:type\" content=\"article\" \/>\n<meta property=\"og:title\" content=\"Donos desses carros est\u00e3o ganhando isen\u00e7\u00e3o de IPVA 2026: veja quem deixa de pagar o imposto - Estado de Minas - Em foco\" \/>\n<meta property=\"og:description\" content=\"Motoristas de Santa Catarina podem ter isen\u00e7\u00e3o de IPVA em 2026. Entenda quais ve\u00edculos entram na nova regra do imposto.\" \/>\n<meta property=\"og:url\" content=\"https:\/\/www.em.com.br\/emfoco\/2026\/03\/13\/donos-desses-carros-estao-ganhando-isencao-de-ipva-2026-veja-quem-deixa-de-pagar-o-imposto\/\" \/>\n<meta property=\"og:site_name\" content=\"Estado de Minas - Em foco\" \/>\n<meta property=\"article:published_time\" content=\"2026-03-13T14:55:00+00:00\" \/>\n<meta property=\"article:modified_time\" content=\"2026-03-10T16:28:51+00:00\" \/>\n<meta property=\"og:image\" content=\"https:\/\/www.em.com.br\/emfoco\/wp-content\/uploads\/2026\/03\/8-27.jpg\" \/>\n\t<meta property=\"og:image:width\" content=\"1280\" \/>\n\t<meta property=\"og:image:height\" content=\"720\" \/>\n\t<meta property=\"og:image:type\" content=\"image\/jpeg\" \/>\n<meta name=\"author\" content=\"Gabriel Martins\" \/>\n<meta name=\"twitter:card\" content=\"summary_large_image\" \/>\n<meta name=\"twitter:label1\" content=\"Escrito por\" \/>\n\t<meta name=\"twitter:data1\" content=\"Gabriel Martins\" \/>\n\t<meta name=\"twitter:label2\" content=\"Est. tempo de leitura\" \/>\n\t<meta name=\"twitter:data2\" content=\"4 minutos\" \/>\n<!-- \/ Yoast SEO plugin. -->","yoast_head_json":{"title":"Donos desses carros est\u00e3o ganhando isen\u00e7\u00e3o de IPVA 2026: veja quem deixa de pagar o imposto - Estado de Minas - Em foco","description":"Motoristas de Santa Catarina podem ter isen\u00e7\u00e3o de IPVA em 2026. Entenda quais ve\u00edculos entram na nova regra do imposto.","robots":{"index":"index","follow":"follow","max-snippet":"max-snippet:-1","max-image-preview":"max-image-preview:large","max-video-preview":"max-video-preview:-1"},"canonical":"https:\/\/www.em.com.br\/emfoco\/2026\/03\/13\/donos-desses-carros-estao-ganhando-isencao-de-ipva-2026-veja-quem-deixa-de-pagar-o-imposto\/","og_locale":"pt_BR","og_type":"article","og_title":"Donos desses carros est\u00e3o ganhando isen\u00e7\u00e3o de IPVA 2026: veja quem deixa de pagar o imposto - Estado de Minas - Em foco","og_description":"Motoristas de Santa Catarina podem ter isen\u00e7\u00e3o de IPVA em 2026. Entenda quais ve\u00edculos entram na nova regra do imposto.","og_url":"https:\/\/www.em.com.br\/emfoco\/2026\/03\/13\/donos-desses-carros-estao-ganhando-isencao-de-ipva-2026-veja-quem-deixa-de-pagar-o-imposto\/","og_site_name":"Estado de Minas - Em foco","article_published_time":"2026-03-13T14:55:00+00:00","article_modified_time":"2026-03-10T16:28:51+00:00","og_image":[{"width":1280,"height":720,"url":"https:\/\/www.em.com.br\/emfoco\/wp-content\/uploads\/2026\/03\/8-27.jpg","type":"image\/jpeg"}],"author":"Gabriel Martins","twitter_card":"summary_large_image","twitter_misc":{"Escrito por":"Gabriel Martins","Est. tempo de leitura":"4 minutos"},"schema":{"@context":"https:\/\/schema.org","@graph":[{"@type":"WebPage","@id":"https:\/\/www.em.com.br\/emfoco\/2026\/03\/13\/donos-desses-carros-estao-ganhando-isencao-de-ipva-2026-veja-quem-deixa-de-pagar-o-imposto\/","url":"https:\/\/www.em.com.br\/emfoco\/2026\/03\/13\/donos-desses-carros-estao-ganhando-isencao-de-ipva-2026-veja-quem-deixa-de-pagar-o-imposto\/","name":"Donos desses carros est\u00e3o ganhando isen\u00e7\u00e3o de IPVA 2026: veja quem deixa de pagar o imposto - Estado de Minas - Em foco","isPartOf":{"@id":"https:\/\/www.em.com.br\/emfoco\/#website"},"primaryImageOfPage":{"@id":"https:\/\/www.em.com.br\/emfoco\/2026\/03\/13\/donos-desses-carros-estao-ganhando-isencao-de-ipva-2026-veja-quem-deixa-de-pagar-o-imposto\/#primaryimage"},"image":{"@id":"https:\/\/www.em.com.br\/emfoco\/2026\/03\/13\/donos-desses-carros-estao-ganhando-isencao-de-ipva-2026-veja-quem-deixa-de-pagar-o-imposto\/#primaryimage"},"thumbnailUrl":"https:\/\/www.em.com.br\/emfoco\/wp-content\/uploads\/2026\/03\/8-27.jpg","datePublished":"2026-03-13T14:55:00+00:00","dateModified":"2026-03-10T16:28:51+00:00","author":{"@id":"https:\/\/www.em.com.br\/emfoco\/#\/schema\/person\/1c9ddeab18b98abeffef834667bcf08a"},"description":"Motoristas de Santa Catarina podem ter isen\u00e7\u00e3o de IPVA em 2026. Entenda quais ve\u00edculos entram na nova regra do imposto.","breadcrumb":{"@id":"https:\/\/www.em.com.br\/emfoco\/2026\/03\/13\/donos-desses-carros-estao-ganhando-isencao-de-ipva-2026-veja-quem-deixa-de-pagar-o-imposto\/#breadcrumb"},"inLanguage":"pt-BR","potentialAction":[{"@type":"ReadAction","target":["https:\/\/www.em.com.br\/emfoco\/2026\/03\/13\/donos-desses-carros-estao-ganhando-isencao-de-ipva-2026-veja-quem-deixa-de-pagar-o-imposto\/"]}]},{"@type":"ImageObject","inLanguage":"pt-BR","@id":"https:\/\/www.em.com.br\/emfoco\/2026\/03\/13\/donos-desses-carros-estao-ganhando-isencao-de-ipva-2026-veja-quem-deixa-de-pagar-o-imposto\/#primaryimage","url":"https:\/\/www.em.com.br\/emfoco\/wp-content\/uploads\/2026\/03\/8-27.jpg","contentUrl":"https:\/\/www.em.com.br\/emfoco\/wp-content\/uploads\/2026\/03\/8-27.jpg","width":1280,"height":720,"caption":"Santa Catarina amplia isen\u00e7\u00e3o de IPVA para ve\u00edculos com vinte anos"},{"@type":"BreadcrumbList","@id":"https:\/\/www.em.com.br\/emfoco\/2026\/03\/13\/donos-desses-carros-estao-ganhando-isencao-de-ipva-2026-veja-quem-deixa-de-pagar-o-imposto\/#breadcrumb","itemListElement":[{"@type":"ListItem","position":1,"name":"In\u00edcio","item":"https:\/\/www.em.com.br\/emfoco\/"},{"@type":"ListItem","position":2,"name":"Donos desses carros est\u00e3o ganhando isen\u00e7\u00e3o de IPVA 2026: veja quem deixa de pagar o imposto"}]},{"@type":"WebSite","@id":"https:\/\/www.em.com.br\/emfoco\/#website","url":"https:\/\/www.em.com.br\/emfoco\/","name":"Estado de Minas - Em foco","description":"Acompanhe as \u00faltimas not\u00edcias e fique bem informado sobre tudo o que acontece em Minas Gerais, Brasil e no mundo.","potentialAction":[{"@type":"SearchAction","target":{"@type":"EntryPoint","urlTemplate":"https:\/\/www.em.com.br\/emfoco\/?s={search_term_string}"},"query-input":{"@type":"PropertyValueSpecification","valueRequired":true,"valueName":"search_term_string"}}],"inLanguage":"pt-BR"},{"@type":"Person","@id":"https:\/\/www.em.com.br\/emfoco\/#\/schema\/person\/1c9ddeab18b98abeffef834667bcf08a","name":"Gabriel Martins","image":{"@type":"ImageObject","inLanguage":"pt-BR","@id":"https:\/\/www.em.com.br\/emfoco\/#\/schema\/person\/image\/","url":"https:\/\/secure.gravatar.com\/avatar\/f0f1e2efdfd88f1ad2cb08c5c2731e50?s=96&d=mm&r=g","contentUrl":"https:\/\/secure.gravatar.com\/avatar\/f0f1e2efdfd88f1ad2cb08c5c2731e50?s=96&d=mm&r=g","caption":"Gabriel Martins"},"sameAs":["https:\/\/www.em.com.br\/emfoco\/"],"url":"https:\/\/www.em.com.br\/emfoco\/author\/gabrielmartinsmyth\/"}]}},"_links":{"self":[{"href":"https:\/\/www.em.com.br\/emfoco\/wp-json\/wp\/v2\/posts\/179688","targetHints":{"allow":["GET"]}}],"collection":[{"href":"https:\/\/www.em.com.br\/emfoco\/wp-json\/wp\/v2\/posts"}],"about":[{"href":"https:\/\/www.em.com.br\/emfoco\/wp-json\/wp\/v2\/types\/post"}],"author":[{"embeddable":true,"href":"https:\/\/www.em.com.br\/emfoco\/wp-json\/wp\/v2\/users\/13"}],"replies":[{"embeddable":true,"href":"https:\/\/www.em.com.br\/emfoco\/wp-json\/wp\/v2\/comments?post=179688"}],"version-history":[{"count":1,"href":"https:\/\/www.em.com.br\/emfoco\/wp-json\/wp\/v2\/posts\/179688\/revisions"}],"predecessor-version":[{"id":179746,"href":"https:\/\/www.em.com.br\/emfoco\/wp-json\/wp\/v2\/posts\/179688\/revisions\/179746"}],"wp:featuredmedia":[{"embeddable":true,"href":"https:\/\/www.em.com.br\/emfoco\/wp-json\/wp\/v2\/media\/179739"}],"wp:attachment":[{"href":"https:\/\/www.em.com.br\/emfoco\/wp-json\/wp\/v2\/media?parent=179688"}],"wp:term":[{"taxonomy":"category","embeddable":true,"href":"https:\/\/www.em.com.br\/emfoco\/wp-json\/wp\/v2\/categories?post=179688"},{"taxonomy":"post_tag","embeddable":true,"href":"https:\/\/www.em.com.br\/emfoco\/wp-json\/wp\/v2\/tags?post=179688"}],"curies":[{"name":"wp","href":"https:\/\/api.w.org\/{rel}","templated":true}]}}