{"id":179687,"date":"2026-03-13T10:15:00","date_gmt":"2026-03-13T13:15:00","guid":{"rendered":"https:\/\/www.em.com.br\/emfoco\/?p=179687"},"modified":"2026-03-10T13:30:53","modified_gmt":"2026-03-10T16:30:53","slug":"salario-minimo-de-2027-pode-ter-aumento-real-acima-da-inflacao-veja-o-que-ja-se-projeta-para-o-novo-valor","status":"publish","type":"post","link":"https:\/\/www.em.com.br\/emfoco\/2026\/03\/13\/salario-minimo-de-2027-pode-ter-aumento-real-acima-da-inflacao-veja-o-que-ja-se-projeta-para-o-novo-valor\/","title":{"rendered":"Sal\u00e1rio m\u00ednimo de 2027 pode ter aumento real acima da infla\u00e7\u00e3o: veja o que j\u00e1 se projeta para o novo valor"},"content":{"rendered":"\n<p>O valor do\u00a0<strong>sal\u00e1rio m\u00ednimo de 2027<\/strong>\u00a0ainda n\u00e3o est\u00e1 definido, mas j\u00e1 existe um cen\u00e1rio prov\u00e1vel: o piso deve ter ganho real em torno de <strong>2,3% acima da infla\u00e7\u00e3o<\/strong>, seguindo a regra permanente de reajuste e as proje\u00e7\u00f5es para a economia de 2025, o que coloca o tema no radar de trabalhadores, empresas, sindicatos, governo e profissionais da \u00e1rea cont\u00e1bil.<\/p>\n\n\n\n<h2 class=\"wp-block-heading\">Como ser\u00e1 calculado o sal\u00e1rio m\u00ednimo de 2027<\/h2>\n\n\n\n<p>A regra combina a infla\u00e7\u00e3o acumulada at\u00e9 novembro de 2026, medida pelo <strong><a href=\"https:\/\/www.ibge.gov.br\/estatisticas\/economicas\/precos-e-custos\/9258-indice-nacional-de-precos-ao-consumidor.html\" target=\"_blank\" rel=\"noreferrer noopener\">INPC<\/a><\/strong>, com o desempenho do PIB de 2025. O objetivo \u00e9 preservar o poder de compra e garantir algum aumento real quando a economia cresce.<\/p>\n\n\n\n<p>O INPC recomp\u00f5e as perdas inflacion\u00e1rias, enquanto o PIB de 2025, estimado em 2,3%, determina o ganho acima da infla\u00e7\u00e3o. Como o dado oficial de infla\u00e7\u00e3o s\u00f3 ser\u00e1 fechado no fim de 2026, as proje\u00e7\u00f5es atuais servem apenas para planejamento e cen\u00e1rios.<\/p>\n\n\n\n<figure class=\"wp-block-image size-large\"><img loading=\"lazy\" decoding=\"async\" width=\"1024\" height=\"576\" src=\"https:\/\/www.em.com.br\/emfoco\/wp-content\/uploads\/2026\/03\/1-53-1024x576.jpg\" alt=\"Sal\u00e1rio m\u00ednimo de 2027 pode ter aumento real acima da infla\u00e7\u00e3o: veja o que j\u00e1 se projeta para o novo valor\" class=\"wp-image-179749\" srcset=\"https:\/\/www.em.com.br\/emfoco\/wp-content\/uploads\/2026\/03\/1-53-1024x576.jpg 1024w, https:\/\/www.em.com.br\/emfoco\/wp-content\/uploads\/2026\/03\/1-53-300x169.jpg 300w, https:\/\/www.em.com.br\/emfoco\/wp-content\/uploads\/2026\/03\/1-53-768x432.jpg 768w, https:\/\/www.em.com.br\/emfoco\/wp-content\/uploads\/2026\/03\/1-53-750x422.jpg 750w, https:\/\/www.em.com.br\/emfoco\/wp-content\/uploads\/2026\/03\/1-53-1140x641.jpg 1140w, https:\/\/www.em.com.br\/emfoco\/wp-content\/uploads\/2026\/03\/1-53.jpg 1280w\" sizes=\"auto, (max-width: 1024px) 100vw, 1024px\" \/><figcaption class=\"wp-element-caption\">C\u00e1lculo do novo piso combina a infla\u00e7\u00e3o atual com crescimento econ\u00f4mico anterior<\/figcaption><\/figure>\n\n\n\n<h2 class=\"wp-block-heading\">Como o arcabou\u00e7o fiscal pode limitar o aumento do piso<\/h2>\n\n\n\n<p>O crescimento do PIB n\u00e3o \u00e9 o \u00fanico fator que influencia o\u00a0<strong>reajuste do <a href=\"https:\/\/www.em.com.br\/emfoco\/2026\/03\/08\/salario-minimo-de-r-2-407-ja-esta-valendo-e-muitos-trabalhadores-podem-ter-direito-sem-saber\/\" target=\"_blank\" rel=\"noreferrer noopener\">sal\u00e1rio m\u00ednimo<\/a> de 2027<\/strong>. O arcabou\u00e7o fiscal em vigor estabelece uma banda para o ganho real, com piso e teto anuais para o aumento acima da infla\u00e7\u00e3o, a fim de controlar o avan\u00e7o das despesas obrigat\u00f3rias.<\/p>\n\n\n\n<p>Como muitos gastos p\u00fablicos s\u00e3o atrelados ao m\u00ednimo, o governo precisa equilibrar valoriza\u00e7\u00e3o do piso e sustentabilidade fiscal. No cen\u00e1rio atual, o crescimento projetado de 2,3% do PIB em 2025 se encaixa nos limites da banda, desde que as metas fiscais sejam respeitadas e n\u00e3o haja mudan\u00e7a na legisla\u00e7\u00e3o.<\/p>\n\n\n\n<h2 class=\"wp-block-heading\">Quem ser\u00e1 impactado pelo sal\u00e1rio m\u00ednimo de 2027<\/h2>\n\n\n\n<p>O&nbsp;<strong>sal\u00e1rio m\u00ednimo de 2027<\/strong>&nbsp;afeta n\u00e3o apenas quem recebe o piso em carteira, mas tamb\u00e9m benef\u00edcios previdenci\u00e1rios, assistenciais e contratos privados indexados ao valor nacional. Isso impacta diretamente a renda de milh\u00f5es de fam\u00edlias e o custo de empresas em diversos setores.<\/p>\n\n\n\n<p>Entre os principais grupos atingidos pelo novo valor, destacam-se:<\/p>\n\n\n\n<ul class=\"wp-block-list\">\n<li><strong>Trabalhadores formais:<\/strong>\u00a0empregados registrados com remunera\u00e7\u00e3o igual ou pr\u00f3xima ao piso nacional.<\/li>\n\n\n\n<li><strong>Segurados do INSS:<\/strong>\u00a0benefici\u00e1rios que recebem aposentadoria, pens\u00e3o ou aux\u00edlio calculado pelo valor m\u00ednimo.<\/li>\n\n\n\n<li><strong>Benefici\u00e1rios de programas sociais:<\/strong>\u00a0pessoas atendidas por pol\u00edticas que usam o m\u00ednimo como base, como o BPC.<\/li>\n\n\n\n<li><strong>Empresas e organiza\u00e7\u00f5es:<\/strong>\u00a0empregadores que estruturam tabelas salariais, contratos e benef\u00edcios a partir do piso.<\/li>\n<\/ul>\n\n\n\n<figure class=\"wp-block-image size-large\"><img loading=\"lazy\" decoding=\"async\" width=\"1024\" height=\"576\" src=\"https:\/\/www.em.com.br\/emfoco\/wp-content\/uploads\/2026\/03\/9-26-1024x576.jpg\" alt=\"Sal\u00e1rio m\u00ednimo de 2027 pode ter aumento real acima da infla\u00e7\u00e3o: veja o que j\u00e1 se projeta para o novo valor\" class=\"wp-image-179740\" srcset=\"https:\/\/www.em.com.br\/emfoco\/wp-content\/uploads\/2026\/03\/9-26-1024x576.jpg 1024w, https:\/\/www.em.com.br\/emfoco\/wp-content\/uploads\/2026\/03\/9-26-300x169.jpg 300w, https:\/\/www.em.com.br\/emfoco\/wp-content\/uploads\/2026\/03\/9-26-768x432.jpg 768w, https:\/\/www.em.com.br\/emfoco\/wp-content\/uploads\/2026\/03\/9-26-750x422.jpg 750w, https:\/\/www.em.com.br\/emfoco\/wp-content\/uploads\/2026\/03\/9-26-1140x641.jpg 1140w, https:\/\/www.em.com.br\/emfoco\/wp-content\/uploads\/2026\/03\/9-26.jpg 1280w\" sizes=\"auto, (max-width: 1024px) 100vw, 1024px\" \/><figcaption class=\"wp-element-caption\">Novo valor impacta diretamente os benef\u00edcios previdenci\u00e1rios e diversos contratos privados<\/figcaption><\/figure>\n\n\n\n<h2 class=\"wp-block-heading\">Como empresas e contadores podem se preparar para o novo valor<\/h2>\n\n\n\n<p>Com a perspectiva de aumento real, \u00e1reas financeira e de RH precisam rodar simula\u00e7\u00f5es com diferentes cen\u00e1rios para o&nbsp;<strong>sal\u00e1rio m\u00ednimo de 2027<\/strong>, antecipando impactos em folha, encargos e fluxo de caixa. Isso \u00e9 ainda mais cr\u00edtico em neg\u00f3cios com grande concentra\u00e7\u00e3o de vagas pr\u00f3ximas ao piso.<\/p>\n\n\n\n<p>Profissionais de contabilidade acompanham estimativas de INPC e PIB, al\u00e9m das regras do arcabou\u00e7o fiscal, para montar proje\u00e7\u00f5es e revisar documentos. Nesse processo, \u00e9 essencial:<\/p>\n\n\n\n<ol class=\"wp-block-list\">\n<li>Mapear quantos trabalhadores t\u00eam remunera\u00e7\u00e3o diretamente vinculada ao piso nacional.<\/li>\n\n\n\n<li>Projetar cen\u00e1rios conservador, intermedi\u00e1rio e otimista para o novo valor.<\/li>\n\n\n\n<li>Revisar contratos, benef\u00edcios e pol\u00edticas internas indexados ao sal\u00e1rio m\u00ednimo.<\/li>\n\n\n\n<li>Ajustar o or\u00e7amento anual para absorver o aumento de despesas com pessoal.<\/li>\n\n\n\n<li>Configurar sistemas de folha para aplicar o novo piso assim que o decreto for publicado.<\/li>\n<\/ol>\n\n\n\n<h2 class=\"wp-block-heading\">Qual \u00e9 o papel do sal\u00e1rio m\u00ednimo de 2027 no futuro da renda e do Estado<\/h2>\n\n\n\n<p>O&nbsp;<strong>sal\u00e1rio m\u00ednimo de 2027<\/strong>&nbsp;estar\u00e1 no centro do debate sobre renda, desigualdade e responsabilidade fiscal, ao mesmo tempo em que busca recuperar o poder de compra e n\u00e3o desequilibrar o or\u00e7amento p\u00fablico. Esse valor influencia diretamente pol\u00edticas sociais, planejamento empresarial e a percep\u00e7\u00e3o da sociedade sobre crescimento econ\u00f4mico.<\/p>\n\n\n\n<p>Se voc\u00ea \u00e9 trabalhador, gestor de RH, contador ou empreendedor, n\u00e3o espere o decreto sair para agir: revise seus n\u00fameros, atualize seus planos e antecipe decis\u00f5es agora, porque a forma como voc\u00ea se prepara hoje pode definir sua estabilidade financeira e competitividade quando o novo piso entrar em vigor.<\/p>\n","protected":false},"excerpt":{"rendered":"<p>O valor do\u00a0sal\u00e1rio m\u00ednimo de 2027\u00a0ainda n\u00e3o est\u00e1 definido, mas j\u00e1 existe um cen\u00e1rio prov\u00e1vel: o piso deve ter ganho real em torno de 2,3% acima da infla\u00e7\u00e3o, seguindo a regra permanente de reajuste e as proje\u00e7\u00f5es para a economia de 2025, o que coloca o tema no radar de trabalhadores, empresas, sindicatos, governo e [&hellip;]<\/p>\n","protected":false},"author":13,"featured_media":179742,"comment_status":"open","ping_status":"open","sticky":false,"template":"","format":"standard","meta":{"jnews-multi-image_gallery":[],"jnews_single_post":{"format":"standard"},"jnews_primary_category":[],"jnews_social_meta":[],"jnews_override_counter":[],"footnotes":""},"categories":[28],"tags":[1130,1437,717],"class_list":["post-179687","post","type-post","status-publish","format-standard","has-post-thumbnail","hentry","category-economia","tag-inpc","tag-reajuste-salarial","tag-salario-minimo"],"yoast_head":"<!-- This site is optimized with the Yoast SEO plugin v23.8 - https:\/\/yoast.com\/wordpress\/plugins\/seo\/ -->\n<title>Sal\u00e1rio m\u00ednimo de 2027 pode ter aumento real acima da infla\u00e7\u00e3o: veja o que j\u00e1 se projeta para o novo valor - Estado de Minas - Em foco<\/title>\n<meta name=\"description\" content=\"Sal\u00e1rio m\u00ednimo de 2027 pode subir acima da infla\u00e7\u00e3o. Entenda o que pode definir o reajuste do piso nacional.\" \/>\n<meta name=\"robots\" content=\"index, follow, max-snippet:-1, max-image-preview:large, max-video-preview:-1\" \/>\n<link rel=\"canonical\" href=\"https:\/\/www.em.com.br\/emfoco\/2026\/03\/13\/salario-minimo-de-2027-pode-ter-aumento-real-acima-da-inflacao-veja-o-que-ja-se-projeta-para-o-novo-valor\/\" \/>\n<meta property=\"og:locale\" content=\"pt_BR\" \/>\n<meta property=\"og:type\" content=\"article\" \/>\n<meta property=\"og:title\" content=\"Sal\u00e1rio m\u00ednimo de 2027 pode ter aumento real acima da infla\u00e7\u00e3o: veja o que j\u00e1 se projeta para o novo valor - Estado de Minas - Em foco\" \/>\n<meta property=\"og:description\" content=\"Sal\u00e1rio m\u00ednimo de 2027 pode subir acima da infla\u00e7\u00e3o. Entenda o que pode definir o reajuste do piso nacional.\" \/>\n<meta property=\"og:url\" content=\"https:\/\/www.em.com.br\/emfoco\/2026\/03\/13\/salario-minimo-de-2027-pode-ter-aumento-real-acima-da-inflacao-veja-o-que-ja-se-projeta-para-o-novo-valor\/\" \/>\n<meta property=\"og:site_name\" content=\"Estado de Minas - Em foco\" \/>\n<meta property=\"article:published_time\" content=\"2026-03-13T13:15:00+00:00\" \/>\n<meta property=\"article:modified_time\" content=\"2026-03-10T16:30:53+00:00\" \/>\n<meta property=\"og:image\" content=\"https:\/\/www.em.com.br\/emfoco\/wp-content\/uploads\/2026\/03\/11-18.jpg\" \/>\n\t<meta property=\"og:image:width\" content=\"1280\" \/>\n\t<meta property=\"og:image:height\" content=\"720\" \/>\n\t<meta property=\"og:image:type\" content=\"image\/jpeg\" \/>\n<meta name=\"author\" content=\"Gabriel Martins\" \/>\n<meta name=\"twitter:card\" content=\"summary_large_image\" \/>\n<meta name=\"twitter:label1\" content=\"Escrito por\" \/>\n\t<meta name=\"twitter:data1\" content=\"Gabriel Martins\" \/>\n\t<meta name=\"twitter:label2\" content=\"Est. tempo de leitura\" \/>\n\t<meta name=\"twitter:data2\" content=\"5 minutos\" \/>\n<!-- \/ Yoast SEO plugin. -->","yoast_head_json":{"title":"Sal\u00e1rio m\u00ednimo de 2027 pode ter aumento real acima da infla\u00e7\u00e3o: veja o que j\u00e1 se projeta para o novo valor - Estado de Minas - Em foco","description":"Sal\u00e1rio m\u00ednimo de 2027 pode subir acima da infla\u00e7\u00e3o. Entenda o que pode definir o reajuste do piso nacional.","robots":{"index":"index","follow":"follow","max-snippet":"max-snippet:-1","max-image-preview":"max-image-preview:large","max-video-preview":"max-video-preview:-1"},"canonical":"https:\/\/www.em.com.br\/emfoco\/2026\/03\/13\/salario-minimo-de-2027-pode-ter-aumento-real-acima-da-inflacao-veja-o-que-ja-se-projeta-para-o-novo-valor\/","og_locale":"pt_BR","og_type":"article","og_title":"Sal\u00e1rio m\u00ednimo de 2027 pode ter aumento real acima da infla\u00e7\u00e3o: veja o que j\u00e1 se projeta para o novo valor - Estado de Minas - Em foco","og_description":"Sal\u00e1rio m\u00ednimo de 2027 pode subir acima da infla\u00e7\u00e3o. Entenda o que pode definir o reajuste do piso nacional.","og_url":"https:\/\/www.em.com.br\/emfoco\/2026\/03\/13\/salario-minimo-de-2027-pode-ter-aumento-real-acima-da-inflacao-veja-o-que-ja-se-projeta-para-o-novo-valor\/","og_site_name":"Estado de Minas - Em foco","article_published_time":"2026-03-13T13:15:00+00:00","article_modified_time":"2026-03-10T16:30:53+00:00","og_image":[{"width":1280,"height":720,"url":"https:\/\/www.em.com.br\/emfoco\/wp-content\/uploads\/2026\/03\/11-18.jpg","type":"image\/jpeg"}],"author":"Gabriel Martins","twitter_card":"summary_large_image","twitter_misc":{"Escrito por":"Gabriel Martins","Est. tempo de leitura":"5 minutos"},"schema":{"@context":"https:\/\/schema.org","@graph":[{"@type":"WebPage","@id":"https:\/\/www.em.com.br\/emfoco\/2026\/03\/13\/salario-minimo-de-2027-pode-ter-aumento-real-acima-da-inflacao-veja-o-que-ja-se-projeta-para-o-novo-valor\/","url":"https:\/\/www.em.com.br\/emfoco\/2026\/03\/13\/salario-minimo-de-2027-pode-ter-aumento-real-acima-da-inflacao-veja-o-que-ja-se-projeta-para-o-novo-valor\/","name":"Sal\u00e1rio m\u00ednimo de 2027 pode ter aumento real acima da infla\u00e7\u00e3o: veja o que j\u00e1 se projeta para o novo valor - Estado de Minas - Em foco","isPartOf":{"@id":"https:\/\/www.em.com.br\/emfoco\/#website"},"primaryImageOfPage":{"@id":"https:\/\/www.em.com.br\/emfoco\/2026\/03\/13\/salario-minimo-de-2027-pode-ter-aumento-real-acima-da-inflacao-veja-o-que-ja-se-projeta-para-o-novo-valor\/#primaryimage"},"image":{"@id":"https:\/\/www.em.com.br\/emfoco\/2026\/03\/13\/salario-minimo-de-2027-pode-ter-aumento-real-acima-da-inflacao-veja-o-que-ja-se-projeta-para-o-novo-valor\/#primaryimage"},"thumbnailUrl":"https:\/\/www.em.com.br\/emfoco\/wp-content\/uploads\/2026\/03\/11-18.jpg","datePublished":"2026-03-13T13:15:00+00:00","dateModified":"2026-03-10T16:30:53+00:00","author":{"@id":"https:\/\/www.em.com.br\/emfoco\/#\/schema\/person\/1c9ddeab18b98abeffef834667bcf08a"},"description":"Sal\u00e1rio m\u00ednimo de 2027 pode subir acima da infla\u00e7\u00e3o. Entenda o que pode definir o reajuste do piso nacional.","breadcrumb":{"@id":"https:\/\/www.em.com.br\/emfoco\/2026\/03\/13\/salario-minimo-de-2027-pode-ter-aumento-real-acima-da-inflacao-veja-o-que-ja-se-projeta-para-o-novo-valor\/#breadcrumb"},"inLanguage":"pt-BR","potentialAction":[{"@type":"ReadAction","target":["https:\/\/www.em.com.br\/emfoco\/2026\/03\/13\/salario-minimo-de-2027-pode-ter-aumento-real-acima-da-inflacao-veja-o-que-ja-se-projeta-para-o-novo-valor\/"]}]},{"@type":"ImageObject","inLanguage":"pt-BR","@id":"https:\/\/www.em.com.br\/emfoco\/2026\/03\/13\/salario-minimo-de-2027-pode-ter-aumento-real-acima-da-inflacao-veja-o-que-ja-se-projeta-para-o-novo-valor\/#primaryimage","url":"https:\/\/www.em.com.br\/emfoco\/wp-content\/uploads\/2026\/03\/11-18.jpg","contentUrl":"https:\/\/www.em.com.br\/emfoco\/wp-content\/uploads\/2026\/03\/11-18.jpg","width":1280,"height":720,"caption":"Proje\u00e7\u00e3o do sal\u00e1rio m\u00ednimo para dois mil e vinte sete prev\u00ea aumento"},{"@type":"BreadcrumbList","@id":"https:\/\/www.em.com.br\/emfoco\/2026\/03\/13\/salario-minimo-de-2027-pode-ter-aumento-real-acima-da-inflacao-veja-o-que-ja-se-projeta-para-o-novo-valor\/#breadcrumb","itemListElement":[{"@type":"ListItem","position":1,"name":"In\u00edcio","item":"https:\/\/www.em.com.br\/emfoco\/"},{"@type":"ListItem","position":2,"name":"Sal\u00e1rio m\u00ednimo de 2027 pode ter aumento real acima da infla\u00e7\u00e3o: veja o que j\u00e1 se projeta para o novo valor"}]},{"@type":"WebSite","@id":"https:\/\/www.em.com.br\/emfoco\/#website","url":"https:\/\/www.em.com.br\/emfoco\/","name":"Estado de Minas - Em foco","description":"Acompanhe as \u00faltimas not\u00edcias e fique bem informado sobre tudo o que acontece em Minas Gerais, Brasil e no mundo.","potentialAction":[{"@type":"SearchAction","target":{"@type":"EntryPoint","urlTemplate":"https:\/\/www.em.com.br\/emfoco\/?s={search_term_string}"},"query-input":{"@type":"PropertyValueSpecification","valueRequired":true,"valueName":"search_term_string"}}],"inLanguage":"pt-BR"},{"@type":"Person","@id":"https:\/\/www.em.com.br\/emfoco\/#\/schema\/person\/1c9ddeab18b98abeffef834667bcf08a","name":"Gabriel Martins","image":{"@type":"ImageObject","inLanguage":"pt-BR","@id":"https:\/\/www.em.com.br\/emfoco\/#\/schema\/person\/image\/","url":"https:\/\/secure.gravatar.com\/avatar\/f0f1e2efdfd88f1ad2cb08c5c2731e50?s=96&d=mm&r=g","contentUrl":"https:\/\/secure.gravatar.com\/avatar\/f0f1e2efdfd88f1ad2cb08c5c2731e50?s=96&d=mm&r=g","caption":"Gabriel Martins"},"sameAs":["https:\/\/www.em.com.br\/emfoco\/"],"url":"https:\/\/www.em.com.br\/emfoco\/author\/gabrielmartinsmyth\/"}]}},"_links":{"self":[{"href":"https:\/\/www.em.com.br\/emfoco\/wp-json\/wp\/v2\/posts\/179687","targetHints":{"allow":["GET"]}}],"collection":[{"href":"https:\/\/www.em.com.br\/emfoco\/wp-json\/wp\/v2\/posts"}],"about":[{"href":"https:\/\/www.em.com.br\/emfoco\/wp-json\/wp\/v2\/types\/post"}],"author":[{"embeddable":true,"href":"https:\/\/www.em.com.br\/emfoco\/wp-json\/wp\/v2\/users\/13"}],"replies":[{"embeddable":true,"href":"https:\/\/www.em.com.br\/emfoco\/wp-json\/wp\/v2\/comments?post=179687"}],"version-history":[{"count":1,"href":"https:\/\/www.em.com.br\/emfoco\/wp-json\/wp\/v2\/posts\/179687\/revisions"}],"predecessor-version":[{"id":179750,"href":"https:\/\/www.em.com.br\/emfoco\/wp-json\/wp\/v2\/posts\/179687\/revisions\/179750"}],"wp:featuredmedia":[{"embeddable":true,"href":"https:\/\/www.em.com.br\/emfoco\/wp-json\/wp\/v2\/media\/179742"}],"wp:attachment":[{"href":"https:\/\/www.em.com.br\/emfoco\/wp-json\/wp\/v2\/media?parent=179687"}],"wp:term":[{"taxonomy":"category","embeddable":true,"href":"https:\/\/www.em.com.br\/emfoco\/wp-json\/wp\/v2\/categories?post=179687"},{"taxonomy":"post_tag","embeddable":true,"href":"https:\/\/www.em.com.br\/emfoco\/wp-json\/wp\/v2\/tags?post=179687"}],"curies":[{"name":"wp","href":"https:\/\/api.w.org\/{rel}","templated":true}]}}