{"id":179672,"date":"2026-03-10T10:35:00","date_gmt":"2026-03-10T13:35:00","guid":{"rendered":"https:\/\/www.em.com.br\/emfoco\/?p=179672"},"modified":"2026-03-10T10:39:04","modified_gmt":"2026-03-10T13:39:04","slug":"suica-pernambucana-que-bate-9-graus-em-pleno-nordeste-a-cidade-sobre-sete-colinas-onde-o-relogio-marca-as-horas-com-flores","status":"publish","type":"post","link":"https:\/\/www.em.com.br\/emfoco\/2026\/03\/10\/suica-pernambucana-que-bate-9-graus-em-pleno-nordeste-a-cidade-sobre-sete-colinas-onde-o-relogio-marca-as-horas-com-flores\/","title":{"rendered":"Su\u00ed\u00e7a Pernambucana que bate 9 graus em pleno nordeste: a cidade sobre sete colinas onde o rel\u00f3gio marca as horas com flores"},"content":{"rendered":"\n<p>A neblina desce pelas ladeiras e o term\u00f4metro cai abaixo de 15 \u00b0C. Quem sobe a serra do Agreste Pernambucano e chega a <strong>Garanhuns<\/strong> estranha o casaco, o cheiro de chocolate quente e as pra\u00e7as tomadas por canteiros que n\u00e3o sobreviveriam no calor do sert\u00e3o. A 842 metros de altitude, erguida sobre sete colinas no <strong>Planalto da Borborema<\/strong>, a \u201cSu\u00ed\u00e7a Pernambucana\u201d desmente tudo o que se imagina sobre o clima nordestino.<\/p>\n\n\n\n<h2 class=\"wp-block-heading\">Sete colinas com nomes grandiosos e um frio que veio da altitude<\/h2>\n\n\n\n<p><strong>Monte Sinai<\/strong>, <strong>Triunfo<\/strong>, <strong>Columinho<\/strong>, <strong>Ipiranga<\/strong>, <strong>Antas<\/strong>, <strong>Magano<\/strong> e <strong>Quilombo<\/strong>. As sete colinas isolam Garanhuns das massas de ar quente e criam um microclima de montanha raro em <strong>Pernambuco<\/strong>. A temperatura m\u00e9dia anual \u00e9 de 21 \u00b0C, mas no inverno os term\u00f4metros podem cair a 9 \u00b0C, a m\u00ednima absoluta registrada pelo <strong>Instituto Nacional de Meteorologia (Inmet)<\/strong> em julho de 1999. No ponto mais alto, o <strong>Monte Magano<\/strong>, a altitude chega a 1.030 metros.<\/p>\n\n\n<div class=\"wp-block-image\">\n<figure class=\"aligncenter size-large\"><img loading=\"lazy\" decoding=\"async\" width=\"1024\" height=\"576\" src=\"https:\/\/www.em.com.br\/emfoco\/wp-content\/uploads\/2025\/12\/Garanhuns-1-1024x576.jpg\" alt=\"A Su\u00ed\u00e7a Pernambucana se tornou um dos destinos favoritos dos brasileiros\" class=\"wp-image-145342\" srcset=\"https:\/\/www.em.com.br\/emfoco\/wp-content\/uploads\/2025\/12\/Garanhuns-1-1024x576.jpg 1024w, https:\/\/www.em.com.br\/emfoco\/wp-content\/uploads\/2025\/12\/Garanhuns-1-300x169.jpg 300w, https:\/\/www.em.com.br\/emfoco\/wp-content\/uploads\/2025\/12\/Garanhuns-1-768x432.jpg 768w, https:\/\/www.em.com.br\/emfoco\/wp-content\/uploads\/2025\/12\/Garanhuns-1-750x422.jpg 750w, https:\/\/www.em.com.br\/emfoco\/wp-content\/uploads\/2025\/12\/Garanhuns-1-1140x641.jpg 1140w, https:\/\/www.em.com.br\/emfoco\/wp-content\/uploads\/2025\/12\/Garanhuns-1.jpg 1280w\" sizes=\"auto, (max-width: 1024px) 100vw, 1024px\" \/><figcaption class=\"wp-element-caption\">Embora o foco seja tur\u00edstico, muitos visitantes passam a considerar Garanhuns como poss\u00edvel lar gra\u00e7as ao clima fresco \/\/ Cr\u00e9ditos: Wikimedia Commons<\/figcaption><\/figure><\/div>\n\n\n<p>A hist\u00f3ria do povoamento come\u00e7a em 1658, quando fugitivos da ocupa\u00e7\u00e3o holandesa se fixaram nos brejos da serra. O nome pode vir do tupi <em>guir\u00e1-nhum<\/em> (p\u00e1ssaros pretos) ou de uma tribo Cariri que habitava a regi\u00e3o. A vila virou cidade em 1879 e ganhou impulso com a chegada da ferrovia, em 1887, que transformou Garanhuns no primeiro centro cafeeiro de <strong>Pernambuco<\/strong>.<\/p>\n\n\n<div class=\"wp-block-image\">\n<figure class=\"aligncenter size-large\"><img loading=\"lazy\" decoding=\"async\" width=\"1024\" height=\"576\" src=\"https:\/\/www.em.com.br\/emfoco\/wp-content\/uploads\/2025\/12\/Garanhuns2-1024x576.jpg\" alt=\"A Su\u00ed\u00e7a Pernambucana se tornou um dos destinos favoritos dos brasileiros\" class=\"wp-image-145343\" srcset=\"https:\/\/www.em.com.br\/emfoco\/wp-content\/uploads\/2025\/12\/Garanhuns2-1024x576.jpg 1024w, https:\/\/www.em.com.br\/emfoco\/wp-content\/uploads\/2025\/12\/Garanhuns2-300x169.jpg 300w, https:\/\/www.em.com.br\/emfoco\/wp-content\/uploads\/2025\/12\/Garanhuns2-768x432.jpg 768w, https:\/\/www.em.com.br\/emfoco\/wp-content\/uploads\/2025\/12\/Garanhuns2-750x422.jpg 750w, https:\/\/www.em.com.br\/emfoco\/wp-content\/uploads\/2025\/12\/Garanhuns2-1140x641.jpg 1140w, https:\/\/www.em.com.br\/emfoco\/wp-content\/uploads\/2025\/12\/Garanhuns2.jpg 1280w\" sizes=\"auto, (max-width: 1024px) 100vw, 1024px\" \/><figcaption class=\"wp-element-caption\">O clima serrano de Garanhuns e a extens\u00e3o das \u00e1reas verdes ajudam a tornar a visita ainda melhor \/\/ Cr\u00e9ditos: Wikimedia Commons<\/figcaption><\/figure><\/div>\n\n\n<h2 class=\"wp-block-heading\">O que visitar na serra mais fria do estado?<\/h2>\n\n\n\n<p>Garanhuns distribui atra\u00e7\u00f5es entre colinas, pra\u00e7as hist\u00f3ricas e parques centen\u00e1rios. O clima ameno permite passeios a p\u00e9 o ano todo, mas o inverno \u00e9 a temporada de ouro.<\/p>\n\n\n\n<ul class=\"wp-block-list has-medium-font-size\">\n<li><strong>Rel\u00f3gio de Flores<\/strong>: cart\u00e3o-postal na <strong>Pra\u00e7a Tavares Correia<\/strong>, inaugurado em 1981. Tem 4 metros de di\u00e2metro, funciona a cristal de quartzo e traz os n\u00fameros em plantas e flores vivas. \u00c9 o \u00fanico do g\u00eanero no Norte e Nordeste, inspirado nos rel\u00f3gios florais da <strong>Su\u00ed\u00e7a<\/strong>, segundo a <a href=\"https:\/\/garanhuns.pe.gov.br\/potencial-turistico\/\" target=\"_blank\" rel=\"noreferrer noopener\"><strong>Prefeitura de Garanhuns<\/strong><\/a>.<\/li>\n\n\n\n<li><strong>Cristo do Magano<\/strong>: mirante a 1.030 metros com vista panor\u00e2mica de todo o Planalto da Borborema. \u00c9 um dos cristos em maior altitude do Brasil.<\/li>\n\n\n\n<li><strong>Parque Euclides Dourado<\/strong>: o maior da cidade, com eucaliptos centen\u00e1rios, pista de cooper e academia ao ar livre. Funciona desde a d\u00e9cada de 1920, sendo um dos parques urbanos mais antigos do pa\u00eds.<\/li>\n\n\n\n<li><strong>Mosteiro de S\u00e3o Bento<\/strong>: fundado em 1940, tem missas com canto gregoriano aos domingos e funciona como hospedaria. A arquitetura em tijolo aparente lembra os mosteiros beneditinos europeus.<\/li>\n\n\n\n<li><strong>Centro Cultural Alfredo Leite Cavalcanti<\/strong>: instalado na antiga esta\u00e7\u00e3o ferrovi\u00e1ria de 1887, abriga o Memorial da Cidade e o <strong>Teatro Luiz Souto Dourado<\/strong>, montado onde passava o trem.<\/li>\n<\/ul>\n\n\n\n<p><strong>Leia tamb\u00e9m: <a href=\"https:\/\/www.em.com.br\/emfoco\/2026\/03\/08\/a-vila-onde-nao-ha-bancos-nao-ha-asfalto-e-nao-ha-postes-de-luz-so-o-brilho-da-lua-sobre-as-praias-mais-bonitas-do-planeta\/\" target=\"_blank\" rel=\"noreferrer noopener\">A vila onde n\u00e3o h\u00e1 bancos, n\u00e3o h\u00e1 asfalto e n\u00e3o h\u00e1 postes de luz: s\u00f3 o brilho da lua sobre as praias mais bonitas do planeta<\/a><\/strong><\/p>\n\n\n\n<p>Quem deseja explorar a \u201cSu\u00ed\u00e7a Pernambucana\u201d, vai curtir esse v\u00eddeo especialmente selecionado do canal <strong>Pernambucanos por a\u00ed<\/strong>, que conta com mais de <strong>50 mil<\/strong> visualiza\u00e7\u00f5es, onde o casal de apresentadores mostra um roteiro completo de 1 dia por <strong>Garanhuns<\/strong>, incluindo o <strong>Rel\u00f3gio das Flores<\/strong> e o <strong>Santu\u00e1rio M\u00e3e Rainha<\/strong>:<\/p>\n\n\n\n<figure class=\"wp-block-embed is-type-video is-provider-youtube wp-block-embed-youtube wp-embed-aspect-16-9 wp-has-aspect-ratio\"><div class=\"wp-block-embed__wrapper\">\n<div class=\"jeg_video_container jeg_video_content\"><iframe loading=\"lazy\" title=\"O QUE FAZER EM GARANHUNS-PE EM 1 DIA ROTEIRO ATUALIZADO (COM PRE\u00c7OS) #garanhuns\" width=\"500\" height=\"281\" src=\"https:\/\/www.youtube.com\/embed\/kkrXFQyxExk?feature=oembed\" frameborder=\"0\" allow=\"accelerometer; autoplay; clipboard-write; encrypted-media; gyroscope; picture-in-picture; web-share\" referrerpolicy=\"strict-origin-when-cross-origin\" allowfullscreen><\/iframe><\/div>\n<\/div><\/figure>\n\n\n\n<h2 class=\"wp-block-heading\">O maior festival multicultural da Am\u00e9rica Latina acontece aqui em julho<\/h2>\n\n\n\n<p>O <strong>Festival de Inverno de Garanhuns (FIG)<\/strong> ocupa mais de 20 polos espalhados pela cidade durante cerca de 18 dias, com programa\u00e7\u00e3o totalmente gratuita. M\u00fasica, teatro, circo, dan\u00e7a, cinema e literatura dividem palcos sem hierarquia. Na <strong>Pra\u00e7a Mestre Dominguinhos<\/strong>, noites tem\u00e1ticas alternam forr\u00f3, rock, MPB e rap. Nomes como <strong>Alceu Valen\u00e7a<\/strong>, <strong>Elba Ramalho<\/strong> e <strong>Na\u00e7\u00e3o Zumbi<\/strong> dividem o palco principal com artistas locais e patrim\u00f4nios vivos de Pernambuco.<\/p>\n\n\n\n<p>Fora do FIG, a cidade sedia o <strong>Viva Dominguinhos<\/strong> em abril, homenageando o sanfoneiro <strong>Dominguinhos<\/strong>, nascido na vizinha <strong>Caet\u00e9s<\/strong>, e o <strong>Encantos do Natal<\/strong>, que transforma ruas e pra\u00e7as em espet\u00e1culo de luzes entre novembro e janeiro.<\/p>\n\n\n\n<h2 class=\"wp-block-heading\">Quando o frio e as flores favorecem cada passeio?<\/h2>\n\n\n\n<p>O inverno \u00e9 a alta temporada por raz\u00f5es clim\u00e1ticas e culturais. O ver\u00e3o \u00e9 mais quente, mas ainda ameno para os padr\u00f5es nordestinos.<\/p>\n\n\n\n<style>\n    .card-interativo {\n        transition: transform 0.15s ease-in-out, box-shadow 0.15s ease-in-out;\n        cursor: pointer;\n    }\n    .card-interativo:hover {\n        transform: translateY(-4px);\n    }\n    .card-interativo:active {\n        transform: scale(0.96);\n    }\n<\/style>\n<div class=\"google-auto-ads-ignore\" style=\"box-sizing: border-box; display: flex; flex-direction: column; width: 100%; max-width: 900px; margin: 30px auto; font-family: 'Segoe UI', Roboto, Helvetica, Arial, sans-serif; clear: both;\">\n    <div style=\"display: flex; flex-wrap: wrap; gap: 15px;\">\n        \n        <div class=\"card-interativo\" style=\"flex: 1 1 calc(25% - 15px); min-width: 200px; border: 1px solid #e1e6ef; border-top: 4px solid #1a2a57; border-radius: 8px; padding: 20px; background: #fff; box-sizing: border-box; box-shadow: 0 4px 10px rgba(26, 42, 87, 0.05); display: flex; flex-direction: column;\">\n            <div style=\"display: flex; align-items: center; justify-content: center; gap: 8px; margin-bottom: 20px;\">\n                <span style=\"font-size: 22px; line-height: 1;\">\u2600\ufe0f<\/span>\n                <strong style=\"color: #1a2a57; font-size: 16px; text-transform: uppercase;\">Ver\u00e3o<\/strong>\n            <\/div>\n            <div style=\"margin-bottom: auto;\">\n                <div style=\"text-align: center; font-size: 11px; font-weight: 800; color: #111c3a; text-transform: uppercase; margin-bottom: 5px;\">Dezembro &#8211; Fevereiro<\/div>\n                <div style=\"text-align: center; font-size: 26px; font-weight: 900; color: #1a2a57; margin-bottom: 10px;\">18\u00b0C a 30\u00b0C<\/div>\n                <div style=\"text-align: center; font-size: 13px; color: #555; line-height: 1.5; margin-bottom: 15px;\">\u00c9 mais quente, mas ainda muito ameno para os padr\u00f5es nordestinos. \u00c9poca bel\u00edssima para curtir os <strong>parques floridos e o evento Encantos do Natal<\/strong>. <em>Evite caminhadas longas ao sol do meio-dia.<\/em><\/div>\n            <\/div>\n            <div style=\"text-align: center;\">\n                <span style=\"display: inline-block; background: #f0f4f8; color: #1a2a57; font-size: 10px; font-weight: 800; padding: 6px 12px; border-radius: 20px; text-transform: uppercase; border: 1px solid #e1e6ef; line-height: 1.4;\">\ud83c\udf24\ufe0f Chuva Baixa<\/span>\n            <\/div>\n        <\/div>\n\n        <div class=\"card-interativo\" style=\"flex: 1 1 calc(25% - 15px); min-width: 200px; border: 1px solid #e1e6ef; border-top: 4px solid #1a2a57; border-radius: 8px; padding: 20px; background: #fff; box-sizing: border-box; box-shadow: 0 4px 10px rgba(26, 42, 87, 0.05); display: flex; flex-direction: column;\">\n            <div style=\"display: flex; align-items: center; justify-content: center; gap: 8px; margin-bottom: 20px;\">\n                <span style=\"font-size: 22px; line-height: 1;\">\ud83c\udf42<\/span>\n                <strong style=\"color: #1a2a57; font-size: 16px; text-transform: uppercase;\">Outono<\/strong>\n            <\/div>\n            <div style=\"margin-bottom: auto;\">\n                <div style=\"text-align: center; font-size: 11px; font-weight: 800; color: #111c3a; text-transform: uppercase; margin-bottom: 5px;\">Mar\u00e7o &#8211; Maio<\/div>\n                <div style=\"text-align: center; font-size: 26px; font-weight: 900; color: #1a2a57; margin-bottom: 10px;\">16\u00b0C a 27\u00b0C<\/div>\n                <div style=\"text-align: center; font-size: 13px; color: #555; line-height: 1.5; margin-bottom: 15px;\">A temperatura cai gradualmente e as chuvas marcam presen\u00e7a. Prepare-se para curtir as <strong>trilhas locais e o badalado festival Viva Dominguinhos<\/strong> (em abril).<\/div>\n            <\/div>\n            <div style=\"text-align: center;\">\n                <span style=\"display: inline-block; background: #f0f4f8; color: #1a2a57; font-size: 10px; font-weight: 800; padding: 6px 12px; border-radius: 20px; text-transform: uppercase; border: 1px solid #e1e6ef; line-height: 1.4;\">\u2601\ufe0f Chuva M\u00e9dia<\/span>\n            <\/div>\n        <\/div>\n\n        <div class=\"card-interativo\" style=\"flex: 1 1 calc(25% - 15px); min-width: 200px; border: 2px solid #1a2a57; border-radius: 8px; padding: 20px; background: #f0f4f8; box-sizing: border-box; box-shadow: 0 4px 10px rgba(26, 42, 87, 0.1); display: flex; flex-direction: column;\">\n            <div style=\"display: flex; align-items: center; justify-content: center; gap: 8px; margin-bottom: 20px;\">\n                <span style=\"font-size: 22px; line-height: 1;\">\u2744\ufe0f<\/span>\n                <strong style=\"color: #1a2a57; font-size: 16px; text-transform: uppercase;\">Inverno<\/strong>\n            <\/div>\n            <div style=\"margin-bottom: auto;\">\n                <div style=\"text-align: center; font-size: 11px; font-weight: 800; color: #111c3a; text-transform: uppercase; margin-bottom: 5px;\">Junho &#8211; Agosto<\/div>\n                <div style=\"text-align: center; font-size: 26px; font-weight: 900; color: #1a2a57; margin-bottom: 10px;\">9\u00b0C a 23\u00b0C<\/div>\n                <div style=\"text-align: center; font-size: 13px; color: #555; line-height: 1.5; margin-bottom: 15px;\">A cidade lota e respira cultura! Clima frio e chuvoso, perfeito para <strong>fondue, chocolate quente e curtir o gigante Festival de Inverno (FIG)<\/strong> em julho. <em>Reserve hot\u00e9is com meses de anteced\u00eancia.<\/em><\/div>\n            <\/div>\n            <div style=\"text-align: center;\">\n                <span style=\"display: inline-block; background: #1a2a57; color: #fff; font-size: 10px; font-weight: 800; padding: 6px 12px; border-radius: 20px; text-transform: uppercase; line-height: 1.4;\">\ud83c\udf92 Alta Temporada<\/span>\n            <\/div>\n        <\/div>\n\n        <div class=\"card-interativo\" style=\"flex: 1 1 calc(25% - 15px); min-width: 200px; border: 1px solid #e1e6ef; border-top: 4px solid #1a2a57; border-radius: 8px; padding: 20px; background: #fff; box-sizing: border-box; box-shadow: 0 4px 10px rgba(26, 42, 87, 0.05); display: flex; flex-direction: column;\">\n            <div style=\"display: flex; align-items: center; justify-content: center; gap: 8px; margin-bottom: 20px;\">\n                <span style=\"font-size: 22px; line-height: 1;\">\ud83c\udf38<\/span>\n                <strong style=\"color: #1a2a57; font-size: 16px; text-transform: uppercase;\">Primavera<\/strong>\n            <\/div>\n            <div style=\"margin-bottom: auto;\">\n                <div style=\"text-align: center; font-size: 11px; font-weight: 800; color: #111c3a; text-transform: uppercase; margin-bottom: 5px;\">Setembro &#8211; Novembro<\/div>\n                <div style=\"text-align: center; font-size: 26px; font-weight: 900; color: #1a2a57; margin-bottom: 10px;\">16\u00b0C a 28\u00b0C<\/div>\n                <div style=\"text-align: center; font-size: 13px; color: #555; line-height: 1.5; margin-bottom: 15px;\">As chuvas diminuem, as flores tomam conta dos canteiros e o c\u00e9u limpo garante cen\u00e1rios maravilhosos. Fase excelente para visitar os <strong>mirantes e a vin\u00edcola da regi\u00e3o<\/strong>.<\/div>\n            <\/div>\n            <div style=\"text-align: center;\">\n                <span style=\"display: inline-block; background: #f0f4f8; color: #1a2a57; font-size: 10px; font-weight: 800; padding: 6px 12px; border-radius: 20px; text-transform: uppercase; border: 1px solid #e1e6ef; line-height: 1.4;\">\u2600\ufe0f Chuva Baixa<\/span>\n            <\/div>\n        <\/div>\n        \n    <\/div>\n<\/div>\n\n\n\n<p><em>Temperaturas aproximadas com base no <a href=\"https:\/\/www.climatempo.com.br\/previsao-do-tempo\/cidade\/257\/garanhuns-pe\" target=\"_blank\" rel=\"noreferrer noopener\"><strong>Climatempo<\/strong><\/a> e dados do Inmet. Condi\u00e7\u00f5es podem variar.<\/em><\/p>\n\n\n\n<h2 class=\"wp-block-heading\">Como chegar \u00e0 serra pernambucana?<\/h2>\n\n\n\n<p>De carro, s\u00e3o cerca de 230 km desde o <strong>Recife<\/strong> pela <strong>BR-232<\/strong> at\u00e9 S\u00e3o Caetano e depois pela <strong>BR-423<\/strong>, em trajeto de aproximadamente 3h30. \u00d4nibus da <strong>Via\u00e7\u00e3o Progresso<\/strong> partem diariamente do <strong>Terminal Integrado de Passageiros (TIP)<\/strong> da capital. Quem vem de <strong>Caruaru<\/strong> percorre cerca de 130 km em 2 horas pela mesma rodovia.<\/p>\n\n\n\n<h2 class=\"wp-block-heading\">Suba a serra e sinta o frio que o Nordeste esconde<\/h2>\n\n\n\n<p>Garanhuns \u00e9 o tipo de cidade que reescreve expectativas. Onde se espera sol inclemente, h\u00e1 neblina. Onde se imagina sert\u00e3o seco, h\u00e1 pra\u00e7as cobertas de flores e eucaliptos centen\u00e1rios. E onde ningu\u00e9m procuraria um rel\u00f3gio floral su\u00ed\u00e7o, ele est\u00e1 ali, marcando as horas com p\u00e9talas vivas desde 1981.<\/p>\n\n\n\n<p>Suba o Planalto da Borborema, leve um casaco que voc\u00ea nunca imaginou usar em Pernambuco e descubra por que chamam esse peda\u00e7o do Agreste de Su\u00ed\u00e7a.<\/p>\n","protected":false},"excerpt":{"rendered":"<p>A neblina desce pelas ladeiras e o term\u00f4metro cai abaixo de 15 \u00b0C. Quem sobe a serra do Agreste Pernambucano e chega a Garanhuns estranha o casaco, o cheiro de chocolate quente e as pra\u00e7as tomadas por canteiros que n\u00e3o sobreviveriam no calor do sert\u00e3o. A 842 metros de altitude, erguida sobre sete colinas no [&hellip;]<\/p>\n","protected":false},"author":6,"featured_media":174701,"comment_status":"open","ping_status":"open","sticky":false,"template":"","format":"standard","meta":{"jnews-multi-image_gallery":[],"jnews_single_post":{"format":"standard"},"jnews_primary_category":[],"jnews_social_meta":[],"jnews_override_counter":[],"footnotes":""},"categories":[26],"tags":[183,21307,1503],"class_list":["post-179672","post","type-post","status-publish","format-standard","has-post-thumbnail","hentry","category-cidades","tag-cidades","tag-garanhuns","tag-pernambuco"],"yoast_head":"<!-- This site is optimized with the Yoast SEO plugin v23.8 - https:\/\/yoast.com\/wordpress\/plugins\/seo\/ -->\n<title>Su\u00ed\u00e7a Pernambucana que bate 9 graus em pleno nordeste: a cidade sobre sete colinas onde o rel\u00f3gio marca as horas com flores - Estado de Minas - Em foco<\/title>\n<meta name=\"description\" content=\"Com clima surpreendentemente frio para o Nordeste, essa cidade serrana encanta com paisagens floridas e atmosfera tranquila.\" \/>\n<meta name=\"robots\" content=\"index, follow, max-snippet:-1, max-image-preview:large, max-video-preview:-1\" \/>\n<link rel=\"canonical\" href=\"https:\/\/www.em.com.br\/emfoco\/2026\/03\/10\/suica-pernambucana-que-bate-9-graus-em-pleno-nordeste-a-cidade-sobre-sete-colinas-onde-o-relogio-marca-as-horas-com-flores\/\" \/>\n<meta property=\"og:locale\" content=\"pt_BR\" \/>\n<meta property=\"og:type\" content=\"article\" \/>\n<meta property=\"og:title\" content=\"Su\u00ed\u00e7a Pernambucana que bate 9 graus em pleno nordeste: a cidade sobre sete colinas onde o rel\u00f3gio marca as horas com flores - Estado de Minas - Em foco\" \/>\n<meta property=\"og:description\" content=\"Com clima surpreendentemente frio para o Nordeste, essa cidade serrana encanta com paisagens floridas e atmosfera tranquila.\" \/>\n<meta property=\"og:url\" content=\"https:\/\/www.em.com.br\/emfoco\/2026\/03\/10\/suica-pernambucana-que-bate-9-graus-em-pleno-nordeste-a-cidade-sobre-sete-colinas-onde-o-relogio-marca-as-horas-com-flores\/\" \/>\n<meta property=\"og:site_name\" content=\"Estado de Minas - Em foco\" \/>\n<meta property=\"article:published_time\" content=\"2026-03-10T13:35:00+00:00\" \/>\n<meta property=\"article:modified_time\" content=\"2026-03-10T13:39:04+00:00\" \/>\n<meta property=\"og:image\" content=\"https:\/\/www.em.com.br\/emfoco\/wp-content\/uploads\/2026\/02\/GARANHUNS.jpg\" \/>\n\t<meta property=\"og:image:width\" content=\"1280\" \/>\n\t<meta property=\"og:image:height\" content=\"720\" \/>\n\t<meta property=\"og:image:type\" content=\"image\/jpeg\" \/>\n<meta name=\"author\" content=\"Vitor Bruno\" \/>\n<meta name=\"twitter:card\" content=\"summary_large_image\" \/>\n<meta name=\"twitter:label1\" content=\"Escrito por\" \/>\n\t<meta name=\"twitter:data1\" content=\"Vitor Bruno\" \/>\n\t<meta name=\"twitter:label2\" content=\"Est. tempo de leitura\" \/>\n\t<meta name=\"twitter:data2\" content=\"7 minutos\" \/>\n<!-- \/ Yoast SEO plugin. -->","yoast_head_json":{"title":"Su\u00ed\u00e7a Pernambucana que bate 9 graus em pleno nordeste: a cidade sobre sete colinas onde o rel\u00f3gio marca as horas com flores - Estado de Minas - Em foco","description":"Com clima surpreendentemente frio para o Nordeste, essa cidade serrana encanta com paisagens floridas e atmosfera tranquila.","robots":{"index":"index","follow":"follow","max-snippet":"max-snippet:-1","max-image-preview":"max-image-preview:large","max-video-preview":"max-video-preview:-1"},"canonical":"https:\/\/www.em.com.br\/emfoco\/2026\/03\/10\/suica-pernambucana-que-bate-9-graus-em-pleno-nordeste-a-cidade-sobre-sete-colinas-onde-o-relogio-marca-as-horas-com-flores\/","og_locale":"pt_BR","og_type":"article","og_title":"Su\u00ed\u00e7a Pernambucana que bate 9 graus em pleno nordeste: a cidade sobre sete colinas onde o rel\u00f3gio marca as horas com flores - Estado de Minas - Em foco","og_description":"Com clima surpreendentemente frio para o Nordeste, essa cidade serrana encanta com paisagens floridas e atmosfera tranquila.","og_url":"https:\/\/www.em.com.br\/emfoco\/2026\/03\/10\/suica-pernambucana-que-bate-9-graus-em-pleno-nordeste-a-cidade-sobre-sete-colinas-onde-o-relogio-marca-as-horas-com-flores\/","og_site_name":"Estado de Minas - Em foco","article_published_time":"2026-03-10T13:35:00+00:00","article_modified_time":"2026-03-10T13:39:04+00:00","og_image":[{"width":1280,"height":720,"url":"https:\/\/www.em.com.br\/emfoco\/wp-content\/uploads\/2026\/02\/GARANHUNS.jpg","type":"image\/jpeg"}],"author":"Vitor Bruno","twitter_card":"summary_large_image","twitter_misc":{"Escrito por":"Vitor Bruno","Est. tempo de leitura":"7 minutos"},"schema":{"@context":"https:\/\/schema.org","@graph":[{"@type":"WebPage","@id":"https:\/\/www.em.com.br\/emfoco\/2026\/03\/10\/suica-pernambucana-que-bate-9-graus-em-pleno-nordeste-a-cidade-sobre-sete-colinas-onde-o-relogio-marca-as-horas-com-flores\/","url":"https:\/\/www.em.com.br\/emfoco\/2026\/03\/10\/suica-pernambucana-que-bate-9-graus-em-pleno-nordeste-a-cidade-sobre-sete-colinas-onde-o-relogio-marca-as-horas-com-flores\/","name":"Su\u00ed\u00e7a Pernambucana que bate 9 graus em pleno nordeste: a cidade sobre sete colinas onde o rel\u00f3gio marca as horas com flores - Estado de Minas - Em foco","isPartOf":{"@id":"https:\/\/www.em.com.br\/emfoco\/#website"},"primaryImageOfPage":{"@id":"https:\/\/www.em.com.br\/emfoco\/2026\/03\/10\/suica-pernambucana-que-bate-9-graus-em-pleno-nordeste-a-cidade-sobre-sete-colinas-onde-o-relogio-marca-as-horas-com-flores\/#primaryimage"},"image":{"@id":"https:\/\/www.em.com.br\/emfoco\/2026\/03\/10\/suica-pernambucana-que-bate-9-graus-em-pleno-nordeste-a-cidade-sobre-sete-colinas-onde-o-relogio-marca-as-horas-com-flores\/#primaryimage"},"thumbnailUrl":"https:\/\/www.em.com.br\/emfoco\/wp-content\/uploads\/2026\/02\/GARANHUNS.jpg","datePublished":"2026-03-10T13:35:00+00:00","dateModified":"2026-03-10T13:39:04+00:00","author":{"@id":"https:\/\/www.em.com.br\/emfoco\/#\/schema\/person\/364ac1852fafd00f1be20f0b8b237569"},"description":"Com clima surpreendentemente frio para o Nordeste, essa cidade serrana encanta com paisagens floridas e atmosfera tranquila.","breadcrumb":{"@id":"https:\/\/www.em.com.br\/emfoco\/2026\/03\/10\/suica-pernambucana-que-bate-9-graus-em-pleno-nordeste-a-cidade-sobre-sete-colinas-onde-o-relogio-marca-as-horas-com-flores\/#breadcrumb"},"inLanguage":"pt-BR","potentialAction":[{"@type":"ReadAction","target":["https:\/\/www.em.com.br\/emfoco\/2026\/03\/10\/suica-pernambucana-que-bate-9-graus-em-pleno-nordeste-a-cidade-sobre-sete-colinas-onde-o-relogio-marca-as-horas-com-flores\/"]}]},{"@type":"ImageObject","inLanguage":"pt-BR","@id":"https:\/\/www.em.com.br\/emfoco\/2026\/03\/10\/suica-pernambucana-que-bate-9-graus-em-pleno-nordeste-a-cidade-sobre-sete-colinas-onde-o-relogio-marca-as-horas-com-flores\/#primaryimage","url":"https:\/\/www.em.com.br\/emfoco\/wp-content\/uploads\/2026\/02\/GARANHUNS.jpg","contentUrl":"https:\/\/www.em.com.br\/emfoco\/wp-content\/uploads\/2026\/02\/GARANHUNS.jpg","width":1280,"height":720,"caption":"A cidade sobre sete colinas onde Dominguinhos aprendeu a tocar: Garanhuns surpreende no Agreste (imagem ilustrativa)"},{"@type":"BreadcrumbList","@id":"https:\/\/www.em.com.br\/emfoco\/2026\/03\/10\/suica-pernambucana-que-bate-9-graus-em-pleno-nordeste-a-cidade-sobre-sete-colinas-onde-o-relogio-marca-as-horas-com-flores\/#breadcrumb","itemListElement":[{"@type":"ListItem","position":1,"name":"In\u00edcio","item":"https:\/\/www.em.com.br\/emfoco\/"},{"@type":"ListItem","position":2,"name":"Su\u00ed\u00e7a Pernambucana que bate 9 graus em pleno nordeste: a cidade sobre sete colinas onde o rel\u00f3gio marca as horas com flores"}]},{"@type":"WebSite","@id":"https:\/\/www.em.com.br\/emfoco\/#website","url":"https:\/\/www.em.com.br\/emfoco\/","name":"Estado de Minas - Em foco","description":"Acompanhe as \u00faltimas not\u00edcias e fique bem informado sobre tudo o que acontece em Minas Gerais, Brasil e no mundo.","potentialAction":[{"@type":"SearchAction","target":{"@type":"EntryPoint","urlTemplate":"https:\/\/www.em.com.br\/emfoco\/?s={search_term_string}"},"query-input":{"@type":"PropertyValueSpecification","valueRequired":true,"valueName":"search_term_string"}}],"inLanguage":"pt-BR"},{"@type":"Person","@id":"https:\/\/www.em.com.br\/emfoco\/#\/schema\/person\/364ac1852fafd00f1be20f0b8b237569","name":"Vitor Bruno","image":{"@type":"ImageObject","inLanguage":"pt-BR","@id":"https:\/\/www.em.com.br\/emfoco\/#\/schema\/person\/image\/","url":"https:\/\/secure.gravatar.com\/avatar\/b719e5cdede09f942064960883b5524d?s=96&d=mm&r=g","contentUrl":"https:\/\/secure.gravatar.com\/avatar\/b719e5cdede09f942064960883b5524d?s=96&d=mm&r=g","caption":"Vitor Bruno"},"sameAs":["https:\/\/www.em.com.br\/emfoco\/"],"url":"https:\/\/www.em.com.br\/emfoco\/author\/vitormyth\/"}]}},"_links":{"self":[{"href":"https:\/\/www.em.com.br\/emfoco\/wp-json\/wp\/v2\/posts\/179672","targetHints":{"allow":["GET"]}}],"collection":[{"href":"https:\/\/www.em.com.br\/emfoco\/wp-json\/wp\/v2\/posts"}],"about":[{"href":"https:\/\/www.em.com.br\/emfoco\/wp-json\/wp\/v2\/types\/post"}],"author":[{"embeddable":true,"href":"https:\/\/www.em.com.br\/emfoco\/wp-json\/wp\/v2\/users\/6"}],"replies":[{"embeddable":true,"href":"https:\/\/www.em.com.br\/emfoco\/wp-json\/wp\/v2\/comments?post=179672"}],"version-history":[{"count":2,"href":"https:\/\/www.em.com.br\/emfoco\/wp-json\/wp\/v2\/posts\/179672\/revisions"}],"predecessor-version":[{"id":179683,"href":"https:\/\/www.em.com.br\/emfoco\/wp-json\/wp\/v2\/posts\/179672\/revisions\/179683"}],"wp:featuredmedia":[{"embeddable":true,"href":"https:\/\/www.em.com.br\/emfoco\/wp-json\/wp\/v2\/media\/174701"}],"wp:attachment":[{"href":"https:\/\/www.em.com.br\/emfoco\/wp-json\/wp\/v2\/media?parent=179672"}],"wp:term":[{"taxonomy":"category","embeddable":true,"href":"https:\/\/www.em.com.br\/emfoco\/wp-json\/wp\/v2\/categories?post=179672"},{"taxonomy":"post_tag","embeddable":true,"href":"https:\/\/www.em.com.br\/emfoco\/wp-json\/wp\/v2\/tags?post=179672"}],"curies":[{"name":"wp","href":"https:\/\/api.w.org\/{rel}","templated":true}]}}