{"id":179635,"date":"2026-03-12T21:45:00","date_gmt":"2026-03-13T00:45:00","guid":{"rendered":"https:\/\/www.em.com.br\/emfoco\/?p=179635"},"modified":"2026-03-10T10:30:11","modified_gmt":"2026-03-10T13:30:11","slug":"trabalhadores-estao-retirando-parte-do-fgts-todos-os-anos-veja-como-funciona-essa-opcao-e-o-que-avaliar-antes","status":"publish","type":"post","link":"https:\/\/www.em.com.br\/emfoco\/2026\/03\/12\/trabalhadores-estao-retirando-parte-do-fgts-todos-os-anos-veja-como-funciona-essa-opcao-e-o-que-avaliar-antes\/","title":{"rendered":"Trabalhadores est\u00e3o retirando parte do FGTS todos os anos: veja como funciona essa op\u00e7\u00e3o e o que avaliar antes"},"content":{"rendered":"\n<p>O saque-anivers\u00e1rio do FGTS se consolidou como uma alternativa para quem quer acessar parte do dinheiro do fundo todos os anos, em vez de deixar tudo preso para situa\u00e7\u00f5es espec\u00edficas como demiss\u00e3o sem justa causa, aposentadoria ou compra de im\u00f3vel. Em 2026, com mudan\u00e7as em debate e novas ofertas de cr\u00e9dito atreladas ao benef\u00edcio, entender como essa modalidade funciona \u00e9 essencial para n\u00e3o comprometer a sua prote\u00e7\u00e3o financeira no futuro.<\/p>\n\n\n\n<h2 class=\"wp-block-heading\">O que \u00e9 o saque-anivers\u00e1rio do FGTS e como ele funciona?<\/h2>\n\n\n\n<p>O saque-anivers\u00e1rio do FGTS \u00e9 uma modalidade opcional que permite ao trabalhador retirar, uma vez por ano, um percentual do saldo de suas contas ativas e inativas. O resgate acontece sempre no m\u00eas de anivers\u00e1rio do titular, dentro de um per\u00edodo pr\u00e9-determinado, sem obrigar o comparecimento a uma ag\u00eancia, pois o processo \u00e9 feito em grande parte de forma digital.<\/p>\n\n\n\n<p>Se o valor liberado n\u00e3o \u00e9 sacado dentro da janela dispon\u00edvel, ele retorna automaticamente ao saldo do <strong><a href=\"https:\/\/www.em.com.br\/emfoco\/2026\/03\/09\/saque-aniversario-do-fgts-em-2026-veja-como-funciona-e-quando-o-dinheiro-pode-ser-liberado\/\" target=\"_blank\" rel=\"noreferrer noopener\">FGTS<\/a><\/strong>. A grande diferen\u00e7a para o saque-rescis\u00e3o \u00e9 que, ao aderir ao saque-anivers\u00e1rio, o trabalhador perde o direito de sacar o saldo total em caso de demiss\u00e3o sem justa causa, mantendo apenas a multa rescis\u00f3ria de 40%.<\/p>\n\n\n\n<figure class=\"wp-block-image size-large\"><img loading=\"lazy\" decoding=\"async\" width=\"1024\" height=\"576\" src=\"https:\/\/www.em.com.br\/emfoco\/wp-content\/uploads\/2026\/03\/1-51-1024x576.jpg\" alt=\"Trabalhadores est\u00e3o retirando parte do FGTS todos os anos: veja como funciona essa op\u00e7\u00e3o e o que avaliar antes\" class=\"wp-image-179660\" srcset=\"https:\/\/www.em.com.br\/emfoco\/wp-content\/uploads\/2026\/03\/1-51-1024x576.jpg 1024w, https:\/\/www.em.com.br\/emfoco\/wp-content\/uploads\/2026\/03\/1-51-300x169.jpg 300w, https:\/\/www.em.com.br\/emfoco\/wp-content\/uploads\/2026\/03\/1-51-768x432.jpg 768w, https:\/\/www.em.com.br\/emfoco\/wp-content\/uploads\/2026\/03\/1-51-750x422.jpg 750w, https:\/\/www.em.com.br\/emfoco\/wp-content\/uploads\/2026\/03\/1-51-1140x641.jpg 1140w, https:\/\/www.em.com.br\/emfoco\/wp-content\/uploads\/2026\/03\/1-51.jpg 1280w\" sizes=\"auto, (max-width: 1024px) 100vw, 1024px\" \/><figcaption class=\"wp-element-caption\">Modalidade opcional altera o resgate total em caso de demiss\u00e3o imprevista<\/figcaption><\/figure>\n\n\n\n<h2 class=\"wp-block-heading\">Como o valor do saque-anivers\u00e1rio do FGTS \u00e9 calculado?<\/h2>\n\n\n\n<p>O c\u00e1lculo do saque-anivers\u00e1rio segue uma tabela progressiva que aplica uma al\u00edquota sobre o saldo total das contas, podendo incluir ainda uma parcela adicional fixa. Assim, saldos menores costumam ter percentuais mais altos, enquanto saldos elevados recebem al\u00edquotas menores, compensadas por um valor extra.<\/p>\n\n\n\n<p>Essa l\u00f3gica busca equilibrar o benef\u00edcio entre diferentes faixas de saldo e renda, evitando distor\u00e7\u00f5es. Ainda assim, \u00e9 importante lembrar que retirar dinheiro todos os anos reduz o efeito dos juros e da atualiza\u00e7\u00e3o monet\u00e1ria, diminuindo o potencial de crescimento do fundo no longo prazo.<\/p>\n\n\n\n<h2 class=\"wp-block-heading\">Como aderir ao saque-anivers\u00e1rio do FGTS com seguran\u00e7a?<\/h2>\n\n\n\n<p>A ades\u00e3o ao saque-anivers\u00e1rio \u00e9 volunt\u00e1ria e pode ser feita principalmente pelo aplicativo FGTS ou pelo site da Caixa Econ\u00f4mica Federal. Durante o processo, o trabalhador consulta seus saldos, escolhe a modalidade desejada e indica uma conta banc\u00e1ria para receber automaticamente o valor liberado no per\u00edodo de saque.<\/p>\n\n\n\n<p>Para facilitar a compreens\u00e3o do processo de ades\u00e3o e evitar erros, vale seguir um passo a passo simples e conferir todas as informa\u00e7\u00f5es antes de confirmar a mudan\u00e7a:<\/p>\n\n\n\n<ul class=\"wp-block-list\">\n<li>Acessar o aplicativo ou site oficial do FGTS.<\/li>\n\n\n\n<li>Fazer login com CPF e senha cadastrados.<\/li>\n\n\n\n<li>Verificar o saldo dispon\u00edvel nas contas do fundo.<\/li>\n\n\n\n<li>Selecionar a op\u00e7\u00e3o de ades\u00e3o ao saque-anivers\u00e1rio.<\/li>\n\n\n\n<li>Confirmar a escolha e indicar a conta para recebimento.<\/li>\n<\/ul>\n\n\n\n<p>Confira o v\u00eddeo compartilhado pelo canal do YouTube <strong><a href=\"https:\/\/www.youtube.com\/@alexandredebarrosrodrigues\" target=\"_blank\" rel=\"noreferrer noopener\">Alexandre de Barros Rodrigues | Tax e Corporate<\/a><\/strong> falando sobre as principais mudan\u00e7as do saque-anivers\u00e1rio do FGTS para 2026.<\/p>\n\n\n\n<figure class=\"wp-block-embed is-type-video is-provider-youtube wp-block-embed-youtube wp-embed-aspect-16-9 wp-has-aspect-ratio\"><div class=\"wp-block-embed__wrapper\">\n<div class=\"jeg_video_container jeg_video_content\"><iframe loading=\"lazy\" title=\"SAQUE-ANIVERS\u00c1RIO DO FGTS 2026: MUDOU TUDO! Novas regras, calend\u00e1rio e empr\u00e9stimo. Vale a pena?\" width=\"500\" height=\"281\" src=\"https:\/\/www.youtube.com\/embed\/xsYlxl3Z8yo?start=1&#038;feature=oembed\" frameborder=\"0\" allow=\"accelerometer; autoplay; clipboard-write; encrypted-media; gyroscope; picture-in-picture; web-share\" referrerpolicy=\"strict-origin-when-cross-origin\" allowfullscreen><\/iframe><\/div>\n<\/div><\/figure>\n\n\n\n<h2 class=\"wp-block-heading\">Quais s\u00e3o as principais vantagens e riscos do saque-anivers\u00e1rio?<\/h2>\n\n\n\n<p>Entre os pontos positivos, o saque-anivers\u00e1rio permite acesso recorrente a recursos, o que pode ajudar no planejamento de despesas anuais, pagamento de d\u00edvidas e refor\u00e7o do or\u00e7amento em momentos espec\u00edficos. Al\u00e9m disso, muitos bancos oferecem cr\u00e9dito com base na antecipa\u00e7\u00e3o dos saques futuros, o que amplia o leque de op\u00e7\u00f5es para quem precisa de dinheiro r\u00e1pido.<\/p>\n\n\n\n<p>Por outro lado, existem riscos relevantes: ao optar pela modalidade, o trabalhador n\u00e3o pode sacar o saldo integral em caso de demiss\u00e3o sem justa causa, o que enfraquece sua reserva emergencial. A retirada anual tamb\u00e9m reduz o montante acumulado ao longo do tempo e, quando combinada com a antecipa\u00e7\u00e3o em bancos, pode comprometer receitas de anos seguintes se n\u00e3o houver planejamento financeiro rigoroso.<\/p>\n\n\n\n<h2 class=\"wp-block-heading\">O saque-anivers\u00e1rio do FGTS ainda vale a pena em 2026?<\/h2>\n\n\n\n<p>Em 2026, o saque-anivers\u00e1rio continua sendo uma escolha que depende do perfil de cada trabalhador, do grau de estabilidade no emprego e da disciplina para lidar com o dinheiro que entra todos os anos. Quem valoriza mais liquidez imediata pode ver vantagem na modalidade; j\u00e1 quem prioriza prote\u00e7\u00e3o em caso de desemprego e projetos de longo prazo tende a permanecer no saque-rescis\u00e3o.<\/p>\n\n\n\n<p>Antes de decidir, avalie sua situa\u00e7\u00e3o profissional, suas d\u00edvidas e sua capacidade de poupar: uma escolha precipitada pode custar caro em um momento de demiss\u00e3o ou emerg\u00eancia. Se tiver d\u00favidas, busque orienta\u00e7\u00e3o financeira confi\u00e1vel e, se fizer sentido para voc\u00ea, ajuste sua op\u00e7\u00e3o no FGTS ainda hoje \u2014 cada m\u00eas conta para fortalecer ou enfraquecer sua seguran\u00e7a financeira no futuro.<\/p>\n","protected":false},"excerpt":{"rendered":"<p>O saque-anivers\u00e1rio do FGTS se consolidou como uma alternativa para quem quer acessar parte do dinheiro do fundo todos os anos, em vez de deixar tudo preso para situa\u00e7\u00f5es espec\u00edficas como demiss\u00e3o sem justa causa, aposentadoria ou compra de im\u00f3vel. Em 2026, com mudan\u00e7as em debate e novas ofertas de cr\u00e9dito atreladas ao benef\u00edcio, entender [&hellip;]<\/p>\n","protected":false},"author":13,"featured_media":179661,"comment_status":"open","ping_status":"open","sticky":false,"template":"","format":"standard","meta":{"jnews-multi-image_gallery":[],"jnews_single_post":{"format":"standard"},"jnews_primary_category":[],"jnews_social_meta":[],"jnews_override_counter":[],"footnotes":""},"categories":[28],"tags":[1036,6866,1038],"class_list":["post-179635","post","type-post","status-publish","format-standard","has-post-thumbnail","hentry","category-economia","tag-fgts","tag-saque-fgts","tag-saque-aniversario"],"yoast_head":"<!-- This site is optimized with the Yoast SEO plugin v23.8 - https:\/\/yoast.com\/wordpress\/plugins\/seo\/ -->\n<title>Trabalhadores est\u00e3o retirando parte do FGTS todos os anos: veja como funciona essa op\u00e7\u00e3o e o que avaliar antes - Estado de Minas - Em foco<\/title>\n<meta name=\"description\" content=\"Trabalhadores podem retirar parte do FGTS todo ano. Entenda como funciona o saque anivers\u00e1rio e o que avaliar antes de aderir.\" \/>\n<meta name=\"robots\" content=\"index, follow, max-snippet:-1, max-image-preview:large, max-video-preview:-1\" \/>\n<link rel=\"canonical\" href=\"https:\/\/www.em.com.br\/emfoco\/2026\/03\/12\/trabalhadores-estao-retirando-parte-do-fgts-todos-os-anos-veja-como-funciona-essa-opcao-e-o-que-avaliar-antes\/\" \/>\n<meta property=\"og:locale\" content=\"pt_BR\" \/>\n<meta property=\"og:type\" content=\"article\" \/>\n<meta property=\"og:title\" content=\"Trabalhadores est\u00e3o retirando parte do FGTS todos os anos: veja como funciona essa op\u00e7\u00e3o e o que avaliar antes - Estado de Minas - Em foco\" \/>\n<meta property=\"og:description\" content=\"Trabalhadores podem retirar parte do FGTS todo ano. Entenda como funciona o saque anivers\u00e1rio e o que avaliar antes de aderir.\" \/>\n<meta property=\"og:url\" content=\"https:\/\/www.em.com.br\/emfoco\/2026\/03\/12\/trabalhadores-estao-retirando-parte-do-fgts-todos-os-anos-veja-como-funciona-essa-opcao-e-o-que-avaliar-antes\/\" \/>\n<meta property=\"og:site_name\" content=\"Estado de Minas - Em foco\" \/>\n<meta property=\"article:published_time\" content=\"2026-03-13T00:45:00+00:00\" \/>\n<meta property=\"article:modified_time\" content=\"2026-03-10T13:30:11+00:00\" \/>\n<meta property=\"og:image\" content=\"https:\/\/www.em.com.br\/emfoco\/wp-content\/uploads\/2026\/03\/2-46.jpg\" \/>\n\t<meta property=\"og:image:width\" content=\"1280\" \/>\n\t<meta property=\"og:image:height\" content=\"720\" \/>\n\t<meta property=\"og:image:type\" content=\"image\/jpeg\" \/>\n<meta name=\"author\" content=\"Gabriel Martins\" \/>\n<meta name=\"twitter:card\" content=\"summary_large_image\" \/>\n<meta name=\"twitter:label1\" content=\"Escrito por\" \/>\n\t<meta name=\"twitter:data1\" content=\"Gabriel Martins\" \/>\n\t<meta name=\"twitter:label2\" content=\"Est. tempo de leitura\" \/>\n\t<meta name=\"twitter:data2\" content=\"5 minutos\" \/>\n<!-- \/ Yoast SEO plugin. -->","yoast_head_json":{"title":"Trabalhadores est\u00e3o retirando parte do FGTS todos os anos: veja como funciona essa op\u00e7\u00e3o e o que avaliar antes - Estado de Minas - Em foco","description":"Trabalhadores podem retirar parte do FGTS todo ano. Entenda como funciona o saque anivers\u00e1rio e o que avaliar antes de aderir.","robots":{"index":"index","follow":"follow","max-snippet":"max-snippet:-1","max-image-preview":"max-image-preview:large","max-video-preview":"max-video-preview:-1"},"canonical":"https:\/\/www.em.com.br\/emfoco\/2026\/03\/12\/trabalhadores-estao-retirando-parte-do-fgts-todos-os-anos-veja-como-funciona-essa-opcao-e-o-que-avaliar-antes\/","og_locale":"pt_BR","og_type":"article","og_title":"Trabalhadores est\u00e3o retirando parte do FGTS todos os anos: veja como funciona essa op\u00e7\u00e3o e o que avaliar antes - Estado de Minas - Em foco","og_description":"Trabalhadores podem retirar parte do FGTS todo ano. Entenda como funciona o saque anivers\u00e1rio e o que avaliar antes de aderir.","og_url":"https:\/\/www.em.com.br\/emfoco\/2026\/03\/12\/trabalhadores-estao-retirando-parte-do-fgts-todos-os-anos-veja-como-funciona-essa-opcao-e-o-que-avaliar-antes\/","og_site_name":"Estado de Minas - Em foco","article_published_time":"2026-03-13T00:45:00+00:00","article_modified_time":"2026-03-10T13:30:11+00:00","og_image":[{"width":1280,"height":720,"url":"https:\/\/www.em.com.br\/emfoco\/wp-content\/uploads\/2026\/03\/2-46.jpg","type":"image\/jpeg"}],"author":"Gabriel Martins","twitter_card":"summary_large_image","twitter_misc":{"Escrito por":"Gabriel Martins","Est. tempo de leitura":"5 minutos"},"schema":{"@context":"https:\/\/schema.org","@graph":[{"@type":"WebPage","@id":"https:\/\/www.em.com.br\/emfoco\/2026\/03\/12\/trabalhadores-estao-retirando-parte-do-fgts-todos-os-anos-veja-como-funciona-essa-opcao-e-o-que-avaliar-antes\/","url":"https:\/\/www.em.com.br\/emfoco\/2026\/03\/12\/trabalhadores-estao-retirando-parte-do-fgts-todos-os-anos-veja-como-funciona-essa-opcao-e-o-que-avaliar-antes\/","name":"Trabalhadores est\u00e3o retirando parte do FGTS todos os anos: veja como funciona essa op\u00e7\u00e3o e o que avaliar antes - Estado de Minas - Em foco","isPartOf":{"@id":"https:\/\/www.em.com.br\/emfoco\/#website"},"primaryImageOfPage":{"@id":"https:\/\/www.em.com.br\/emfoco\/2026\/03\/12\/trabalhadores-estao-retirando-parte-do-fgts-todos-os-anos-veja-como-funciona-essa-opcao-e-o-que-avaliar-antes\/#primaryimage"},"image":{"@id":"https:\/\/www.em.com.br\/emfoco\/2026\/03\/12\/trabalhadores-estao-retirando-parte-do-fgts-todos-os-anos-veja-como-funciona-essa-opcao-e-o-que-avaliar-antes\/#primaryimage"},"thumbnailUrl":"https:\/\/www.em.com.br\/emfoco\/wp-content\/uploads\/2026\/03\/2-46.jpg","datePublished":"2026-03-13T00:45:00+00:00","dateModified":"2026-03-10T13:30:11+00:00","author":{"@id":"https:\/\/www.em.com.br\/emfoco\/#\/schema\/person\/1c9ddeab18b98abeffef834667bcf08a"},"description":"Trabalhadores podem retirar parte do FGTS todo ano. Entenda como funciona o saque anivers\u00e1rio e o que avaliar antes de aderir.","breadcrumb":{"@id":"https:\/\/www.em.com.br\/emfoco\/2026\/03\/12\/trabalhadores-estao-retirando-parte-do-fgts-todos-os-anos-veja-como-funciona-essa-opcao-e-o-que-avaliar-antes\/#breadcrumb"},"inLanguage":"pt-BR","potentialAction":[{"@type":"ReadAction","target":["https:\/\/www.em.com.br\/emfoco\/2026\/03\/12\/trabalhadores-estao-retirando-parte-do-fgts-todos-os-anos-veja-como-funciona-essa-opcao-e-o-que-avaliar-antes\/"]}]},{"@type":"ImageObject","inLanguage":"pt-BR","@id":"https:\/\/www.em.com.br\/emfoco\/2026\/03\/12\/trabalhadores-estao-retirando-parte-do-fgts-todos-os-anos-veja-como-funciona-essa-opcao-e-o-que-avaliar-antes\/#primaryimage","url":"https:\/\/www.em.com.br\/emfoco\/wp-content\/uploads\/2026\/03\/2-46.jpg","contentUrl":"https:\/\/www.em.com.br\/emfoco\/wp-content\/uploads\/2026\/03\/2-46.jpg","width":1280,"height":720,"caption":"Trabalhadores podem acessar parte do saldo anualmente atrav\u00e9s do saque-anivers\u00e1rio"},{"@type":"BreadcrumbList","@id":"https:\/\/www.em.com.br\/emfoco\/2026\/03\/12\/trabalhadores-estao-retirando-parte-do-fgts-todos-os-anos-veja-como-funciona-essa-opcao-e-o-que-avaliar-antes\/#breadcrumb","itemListElement":[{"@type":"ListItem","position":1,"name":"In\u00edcio","item":"https:\/\/www.em.com.br\/emfoco\/"},{"@type":"ListItem","position":2,"name":"Trabalhadores est\u00e3o retirando parte do FGTS todos os anos: veja como funciona essa op\u00e7\u00e3o e o que avaliar antes"}]},{"@type":"WebSite","@id":"https:\/\/www.em.com.br\/emfoco\/#website","url":"https:\/\/www.em.com.br\/emfoco\/","name":"Estado de Minas - Em foco","description":"Acompanhe as \u00faltimas not\u00edcias e fique bem informado sobre tudo o que acontece em Minas Gerais, Brasil e no mundo.","potentialAction":[{"@type":"SearchAction","target":{"@type":"EntryPoint","urlTemplate":"https:\/\/www.em.com.br\/emfoco\/?s={search_term_string}"},"query-input":{"@type":"PropertyValueSpecification","valueRequired":true,"valueName":"search_term_string"}}],"inLanguage":"pt-BR"},{"@type":"Person","@id":"https:\/\/www.em.com.br\/emfoco\/#\/schema\/person\/1c9ddeab18b98abeffef834667bcf08a","name":"Gabriel Martins","image":{"@type":"ImageObject","inLanguage":"pt-BR","@id":"https:\/\/www.em.com.br\/emfoco\/#\/schema\/person\/image\/","url":"https:\/\/secure.gravatar.com\/avatar\/f0f1e2efdfd88f1ad2cb08c5c2731e50?s=96&d=mm&r=g","contentUrl":"https:\/\/secure.gravatar.com\/avatar\/f0f1e2efdfd88f1ad2cb08c5c2731e50?s=96&d=mm&r=g","caption":"Gabriel Martins"},"sameAs":["https:\/\/www.em.com.br\/emfoco\/"],"url":"https:\/\/www.em.com.br\/emfoco\/author\/gabrielmartinsmyth\/"}]}},"_links":{"self":[{"href":"https:\/\/www.em.com.br\/emfoco\/wp-json\/wp\/v2\/posts\/179635","targetHints":{"allow":["GET"]}}],"collection":[{"href":"https:\/\/www.em.com.br\/emfoco\/wp-json\/wp\/v2\/posts"}],"about":[{"href":"https:\/\/www.em.com.br\/emfoco\/wp-json\/wp\/v2\/types\/post"}],"author":[{"embeddable":true,"href":"https:\/\/www.em.com.br\/emfoco\/wp-json\/wp\/v2\/users\/13"}],"replies":[{"embeddable":true,"href":"https:\/\/www.em.com.br\/emfoco\/wp-json\/wp\/v2\/comments?post=179635"}],"version-history":[{"count":1,"href":"https:\/\/www.em.com.br\/emfoco\/wp-json\/wp\/v2\/posts\/179635\/revisions"}],"predecessor-version":[{"id":179677,"href":"https:\/\/www.em.com.br\/emfoco\/wp-json\/wp\/v2\/posts\/179635\/revisions\/179677"}],"wp:featuredmedia":[{"embeddable":true,"href":"https:\/\/www.em.com.br\/emfoco\/wp-json\/wp\/v2\/media\/179661"}],"wp:attachment":[{"href":"https:\/\/www.em.com.br\/emfoco\/wp-json\/wp\/v2\/media?parent=179635"}],"wp:term":[{"taxonomy":"category","embeddable":true,"href":"https:\/\/www.em.com.br\/emfoco\/wp-json\/wp\/v2\/categories?post=179635"},{"taxonomy":"post_tag","embeddable":true,"href":"https:\/\/www.em.com.br\/emfoco\/wp-json\/wp\/v2\/tags?post=179635"}],"curies":[{"name":"wp","href":"https:\/\/api.w.org\/{rel}","templated":true}]}}