{"id":179634,"date":"2026-03-12T20:25:00","date_gmt":"2026-03-12T23:25:00","guid":{"rendered":"https:\/\/www.em.com.br\/emfoco\/?p=179634"},"modified":"2026-03-10T10:29:25","modified_gmt":"2026-03-10T13:29:25","slug":"governo-pode-liberar-ate-r-500-por-crianca-para-familias-veja-quem-pode-se-enquadrar-nas-regras","status":"publish","type":"post","link":"https:\/\/www.em.com.br\/emfoco\/2026\/03\/12\/governo-pode-liberar-ate-r-500-por-crianca-para-familias-veja-quem-pode-se-enquadrar-nas-regras\/","title":{"rendered":"Governo pode liberar at\u00e9 R$ 500 por crian\u00e7a para fam\u00edlias: veja quem pode se enquadrar nas regras"},"content":{"rendered":"\n<p>Fam\u00edlias com crian\u00e7as pequenas ganharam em 2025 um refor\u00e7o espec\u00edfico no or\u00e7amento para lidar com os gastos de cuidados infantis: o&nbsp;<strong>Aux\u00edlio Creche Brasil 2025<\/strong>, benef\u00edcio que pode garantir at\u00e9&nbsp;<strong>R$ 500 por filho<\/strong>&nbsp;para apoiar despesas com creches e servi\u00e7os de educa\u00e7\u00e3o infantil, ampliando a prote\u00e7\u00e3o social e o acesso \u00e0 educa\u00e7\u00e3o em um cen\u00e1rio de alta no custo de vida.<\/p>\n\n\n\n<h2 class=\"wp-block-heading\">O que \u00e9 o Aux\u00edlio Creche Brasil 2025 e como funciona o benef\u00edcio<\/h2>\n\n\n\n<p>O&nbsp;<strong>Aux\u00edlio Creche Brasil 2025<\/strong>&nbsp;\u00e9 um programa de transfer\u00eancia de renda voltado ao custeio de creches e cuidados diurnos para crian\u00e7as de at\u00e9 cinco anos. O valor mensal pode chegar a R$ 500 por crian\u00e7a, conforme as regras definidas pelo governo federal, e \u00e9 pago diretamente \u00e0 fam\u00edlia para refor\u00e7ar o or\u00e7amento.<\/p>\n\n\n\n<p>Na pr\u00e1tica, o benef\u00edcio reduz o peso das mensalidades de creches privadas e dos custos indiretos de creches p\u00fablicas, como transporte, alimenta\u00e7\u00e3o complementar e material b\u00e1sico. Ao ser recebido de forma cont\u00ednua, oferece previsibilidade financeira e contribui para a perman\u00eancia das crian\u00e7as em ambientes educativos regulares.<\/p>\n\n\n\n<figure class=\"wp-block-image size-large\"><img loading=\"lazy\" decoding=\"async\" width=\"1024\" height=\"576\" src=\"https:\/\/www.em.com.br\/emfoco\/wp-content\/uploads\/2026\/03\/3-43-1024x576.jpg\" alt=\"Governo pode liberar at\u00e9 R$ 500 por crian\u00e7a para fam\u00edlias: veja quem pode se enquadrar nas regras\" class=\"wp-image-179662\" srcset=\"https:\/\/www.em.com.br\/emfoco\/wp-content\/uploads\/2026\/03\/3-43-1024x576.jpg 1024w, https:\/\/www.em.com.br\/emfoco\/wp-content\/uploads\/2026\/03\/3-43-300x169.jpg 300w, https:\/\/www.em.com.br\/emfoco\/wp-content\/uploads\/2026\/03\/3-43-768x432.jpg 768w, https:\/\/www.em.com.br\/emfoco\/wp-content\/uploads\/2026\/03\/3-43-750x422.jpg 750w, https:\/\/www.em.com.br\/emfoco\/wp-content\/uploads\/2026\/03\/3-43-1140x641.jpg 1140w, https:\/\/www.em.com.br\/emfoco\/wp-content\/uploads\/2026\/03\/3-43.jpg 1280w\" sizes=\"auto, (max-width: 1024px) 100vw, 1024px\" \/><figcaption class=\"wp-element-caption\">Benef\u00edcio mensal de quinhentos reais visa apoiar fam\u00edlias de baixa renda<\/figcaption><\/figure>\n\n\n\n<h2 class=\"wp-block-heading\">Quem tem direito ao Aux\u00edlio Creche Brasil 2025<\/h2>\n\n\n\n<p>O acesso ao&nbsp;<strong>Aux\u00edlio Creche Brasil 2025<\/strong>&nbsp;segue crit\u00e9rios voltados a priorizar fam\u00edlias de baixa renda com crian\u00e7as em creches regulares. A ideia \u00e9 que o recurso chegue a quem realmente depende do complemento financeiro para garantir o cuidado di\u00e1rio na primeira inf\u00e2ncia.<\/p>\n\n\n\n<p>Os requisitos b\u00e1sicos costumam envolver condi\u00e7\u00f5es de renda, idade da crian\u00e7a, situa\u00e7\u00e3o de trabalho dos respons\u00e1veis e documenta\u00e7\u00e3o atualizada, como nos exemplos abaixo:<\/p>\n\n\n\n<ul class=\"wp-block-list\">\n<li><strong>Renda familiar per capita<\/strong>\u00a0limitada a at\u00e9 dois sal\u00e1rios m\u00ednimos;<\/li>\n\n\n\n<li><strong>Crian\u00e7as de 0 a 5 anos<\/strong>, matriculadas em creche p\u00fablica ou privada regularizada;<\/li>\n\n\n\n<li><strong>Respons\u00e1veis legais empregados formalmente<\/strong>\u00a0ou em busca ativa de trabalho, com possibilidade de comprova\u00e7\u00e3o;<\/li>\n\n\n\n<li>Apresenta\u00e7\u00e3o de\u00a0<strong>documentos atualizados<\/strong>, como CPF, comprovante de resid\u00eancia e certid\u00e3o de nascimento.<\/li>\n<\/ul>\n\n\n\n<h2 class=\"wp-block-heading\">Como solicitar o Aux\u00edlio Creche Brasil 2025 pela internet<\/h2>\n\n\n\n<p>O processo de solicita\u00e7\u00e3o do Aux\u00edlio Creche Brasil 2025 ocorre, em grande parte, de forma digital, o que facilita o acesso para quem tem conex\u00e3o \u00e0 internet. O respons\u00e1vel precisa reunir a documenta\u00e7\u00e3o necess\u00e1ria e preencher os dados com aten\u00e7\u00e3o para evitar pend\u00eancias na an\u00e1lise.<\/p>\n\n\n\n<p>Geralmente, a pessoa deve acessar o portal oficial do programa ou a plataforma unificada de benef\u00edcios do governo, fazer login com <strong><a href=\"https:\/\/www.em.com.br\/emfoco\/2026\/03\/07\/comunicado-urgente-para-quem-coloca-o-cpf-na-nota-em-minas-gerais-agora-em-marco\/\" target=\"_blank\" rel=\"noreferrer noopener\">CPF <\/a><\/strong>e senha, preencher o formul\u00e1rio com informa\u00e7\u00f5es da fam\u00edlia, anexar comprovantes de renda, matr\u00edcula e resid\u00eancia e, depois, acompanhar o andamento pela pr\u00f3pria plataforma at\u00e9 a libera\u00e7\u00e3o do benef\u00edcio em conta banc\u00e1ria ou cart\u00e3o social.<\/p>\n\n\n\n<p>Confira o v\u00eddeo compartilhado pelo canal do YouTube <strong><a href=\"https:\/\/www.youtube.com\/@fdrnoticias\" target=\"_blank\" rel=\"noreferrer noopener\">FDR &#8211; Finan\u00e7as, Direitos, Renda<\/a><\/strong> falando sobre o aux\u00edlio-creche e como conseguir os benef\u00edcios para seus filhos.<\/p>\n\n\n\n<figure class=\"wp-block-embed is-type-video is-provider-youtube wp-block-embed-youtube wp-embed-aspect-16-9 wp-has-aspect-ratio\"><div class=\"wp-block-embed__wrapper\">\n<div class=\"jeg_video_container jeg_video_content\"><iframe loading=\"lazy\" title=\"AUX\u00cdLIO-CRECHE 2025: VEJA QUEM TEM DIREITO E COMO SOLICITAR O BENEF\u00cdCIO PARA SEU FILHO!\" width=\"500\" height=\"281\" src=\"https:\/\/www.youtube.com\/embed\/J0os7cp2dcY?feature=oembed\" frameborder=\"0\" allow=\"accelerometer; autoplay; clipboard-write; encrypted-media; gyroscope; picture-in-picture; web-share\" referrerpolicy=\"strict-origin-when-cross-origin\" allowfullscreen><\/iframe><\/div>\n<\/div><\/figure>\n\n\n\n<h2 class=\"wp-block-heading\">Quais s\u00e3o os principais benef\u00edcios gerados pelo Aux\u00edlio Creche Brasil 2025<\/h2>\n\n\n\n<p>Entre os impactos mais imediatos do&nbsp;<strong>Aux\u00edlio Creche Brasil 2025<\/strong>&nbsp;est\u00e1 o al\u00edvio financeiro, reduzindo o comprometimento da renda com mensalidades e custos associados \u00e0 creche. Isso pode diminuir o endividamento e evitar atrasos em pagamentos essenciais, trazendo mais equil\u00edbrio ao or\u00e7amento familiar.<\/p>\n\n\n\n<p>O programa tamb\u00e9m incentiva a perman\u00eancia dos respons\u00e1veis no mercado de trabalho, j\u00e1 que as crian\u00e7as ficam em ambiente monitorado enquanto pais e m\u00e3es estudam ou trabalham. No campo educacional, garante maior frequ\u00eancia \u00e0 creche, favorecendo o desenvolvimento social, cognitivo e motor das crian\u00e7as e facilitando a transi\u00e7\u00e3o para o ensino fundamental.<\/p>\n\n\n\n<h2 class=\"wp-block-heading\">Qual \u00e9 o impacto social do Aux\u00edlio Creche Brasil 2025 no Brasil<\/h2>\n\n\n\n<p>O&nbsp;<strong>Aux\u00edlio Creche Brasil 2025<\/strong>&nbsp;integra um conjunto de pol\u00edticas para a primeira inf\u00e2ncia, ajudando a reduzir desigualdades ao ampliar o acesso a estruturas b\u00e1sicas de cuidado e educa\u00e7\u00e3o. A combina\u00e7\u00e3o entre renda extra e vagas em creches tende a melhorar indicadores de desenvolvimento infantil e, no longo prazo, os n\u00edveis de escolaridade.<\/p>\n\n\n\n<p>Em um contexto de mudan\u00e7as econ\u00f4micas e desafios regionais, acompanhar as regras, prazos e poss\u00edveis amplia\u00e7\u00f5es do benef\u00edcio \u00e9 essencial para n\u00e3o perder o direito. Se sua fam\u00edlia se encaixa nos requisitos, n\u00e3o adie: busque informa\u00e7\u00f5es oficiais, organize a documenta\u00e7\u00e3o e fa\u00e7a a solicita\u00e7\u00e3o o quanto antes para garantir essa ajuda decisiva no cuidado com as crian\u00e7as.<\/p>\n","protected":false},"excerpt":{"rendered":"<p>Fam\u00edlias com crian\u00e7as pequenas ganharam em 2025 um refor\u00e7o espec\u00edfico no or\u00e7amento para lidar com os gastos de cuidados infantis: o&nbsp;Aux\u00edlio Creche Brasil 2025, benef\u00edcio que pode garantir at\u00e9&nbsp;R$ 500 por filho&nbsp;para apoiar despesas com creches e servi\u00e7os de educa\u00e7\u00e3o infantil, ampliando a prote\u00e7\u00e3o social e o acesso \u00e0 educa\u00e7\u00e3o em um cen\u00e1rio de alta [&hellip;]<\/p>\n","protected":false},"author":13,"featured_media":179663,"comment_status":"open","ping_status":"open","sticky":false,"template":"","format":"standard","meta":{"jnews-multi-image_gallery":[],"jnews_single_post":{"format":"standard"},"jnews_primary_category":[],"jnews_social_meta":[],"jnews_override_counter":[],"footnotes":""},"categories":[28],"tags":[25950,446],"class_list":["post-179634","post","type-post","status-publish","format-standard","has-post-thumbnail","hentry","category-economia","tag-auxilio-creche","tag-auxilio-financeiro"],"yoast_head":"<!-- This site is optimized with the Yoast SEO plugin v23.8 - https:\/\/yoast.com\/wordpress\/plugins\/seo\/ -->\n<title>Governo pode liberar at\u00e9 R$ 500 por crian\u00e7a para fam\u00edlias: veja quem pode se enquadrar nas regras - Estado de Minas - Em foco<\/title>\n<meta name=\"description\" content=\"Fam\u00edlias com crian\u00e7as de at\u00e9 5 anos podem receber at\u00e9 R$ 500 por m\u00eas. Veja quem pode ter direito ao valor e como solicitar.\" \/>\n<meta name=\"robots\" content=\"index, follow, max-snippet:-1, max-image-preview:large, max-video-preview:-1\" \/>\n<link rel=\"canonical\" href=\"https:\/\/www.em.com.br\/emfoco\/2026\/03\/12\/governo-pode-liberar-ate-r-500-por-crianca-para-familias-veja-quem-pode-se-enquadrar-nas-regras\/\" \/>\n<meta property=\"og:locale\" content=\"pt_BR\" \/>\n<meta property=\"og:type\" content=\"article\" \/>\n<meta property=\"og:title\" content=\"Governo pode liberar at\u00e9 R$ 500 por crian\u00e7a para fam\u00edlias: veja quem pode se enquadrar nas regras - Estado de Minas - Em foco\" \/>\n<meta property=\"og:description\" content=\"Fam\u00edlias com crian\u00e7as de at\u00e9 5 anos podem receber at\u00e9 R$ 500 por m\u00eas. Veja quem pode ter direito ao valor e como solicitar.\" \/>\n<meta property=\"og:url\" content=\"https:\/\/www.em.com.br\/emfoco\/2026\/03\/12\/governo-pode-liberar-ate-r-500-por-crianca-para-familias-veja-quem-pode-se-enquadrar-nas-regras\/\" \/>\n<meta property=\"og:site_name\" content=\"Estado de Minas - Em foco\" \/>\n<meta property=\"article:published_time\" content=\"2026-03-12T23:25:00+00:00\" \/>\n<meta property=\"article:modified_time\" content=\"2026-03-10T13:29:25+00:00\" \/>\n<meta property=\"og:image\" content=\"https:\/\/www.em.com.br\/emfoco\/wp-content\/uploads\/2026\/03\/4-42.jpg\" \/>\n\t<meta property=\"og:image:width\" content=\"1280\" \/>\n\t<meta property=\"og:image:height\" content=\"720\" \/>\n\t<meta property=\"og:image:type\" content=\"image\/jpeg\" \/>\n<meta name=\"author\" content=\"Gabriel Martins\" \/>\n<meta name=\"twitter:card\" content=\"summary_large_image\" \/>\n<meta name=\"twitter:label1\" content=\"Escrito por\" \/>\n\t<meta name=\"twitter:data1\" content=\"Gabriel Martins\" \/>\n\t<meta name=\"twitter:label2\" content=\"Est. tempo de leitura\" \/>\n\t<meta name=\"twitter:data2\" content=\"5 minutos\" \/>\n<!-- \/ Yoast SEO plugin. -->","yoast_head_json":{"title":"Governo pode liberar at\u00e9 R$ 500 por crian\u00e7a para fam\u00edlias: veja quem pode se enquadrar nas regras - Estado de Minas - Em foco","description":"Fam\u00edlias com crian\u00e7as de at\u00e9 5 anos podem receber at\u00e9 R$ 500 por m\u00eas. Veja quem pode ter direito ao valor e como solicitar.","robots":{"index":"index","follow":"follow","max-snippet":"max-snippet:-1","max-image-preview":"max-image-preview:large","max-video-preview":"max-video-preview:-1"},"canonical":"https:\/\/www.em.com.br\/emfoco\/2026\/03\/12\/governo-pode-liberar-ate-r-500-por-crianca-para-familias-veja-quem-pode-se-enquadrar-nas-regras\/","og_locale":"pt_BR","og_type":"article","og_title":"Governo pode liberar at\u00e9 R$ 500 por crian\u00e7a para fam\u00edlias: veja quem pode se enquadrar nas regras - Estado de Minas - Em foco","og_description":"Fam\u00edlias com crian\u00e7as de at\u00e9 5 anos podem receber at\u00e9 R$ 500 por m\u00eas. Veja quem pode ter direito ao valor e como solicitar.","og_url":"https:\/\/www.em.com.br\/emfoco\/2026\/03\/12\/governo-pode-liberar-ate-r-500-por-crianca-para-familias-veja-quem-pode-se-enquadrar-nas-regras\/","og_site_name":"Estado de Minas - Em foco","article_published_time":"2026-03-12T23:25:00+00:00","article_modified_time":"2026-03-10T13:29:25+00:00","og_image":[{"width":1280,"height":720,"url":"https:\/\/www.em.com.br\/emfoco\/wp-content\/uploads\/2026\/03\/4-42.jpg","type":"image\/jpeg"}],"author":"Gabriel Martins","twitter_card":"summary_large_image","twitter_misc":{"Escrito por":"Gabriel Martins","Est. tempo de leitura":"5 minutos"},"schema":{"@context":"https:\/\/schema.org","@graph":[{"@type":"WebPage","@id":"https:\/\/www.em.com.br\/emfoco\/2026\/03\/12\/governo-pode-liberar-ate-r-500-por-crianca-para-familias-veja-quem-pode-se-enquadrar-nas-regras\/","url":"https:\/\/www.em.com.br\/emfoco\/2026\/03\/12\/governo-pode-liberar-ate-r-500-por-crianca-para-familias-veja-quem-pode-se-enquadrar-nas-regras\/","name":"Governo pode liberar at\u00e9 R$ 500 por crian\u00e7a para fam\u00edlias: veja quem pode se enquadrar nas regras - Estado de Minas - Em foco","isPartOf":{"@id":"https:\/\/www.em.com.br\/emfoco\/#website"},"primaryImageOfPage":{"@id":"https:\/\/www.em.com.br\/emfoco\/2026\/03\/12\/governo-pode-liberar-ate-r-500-por-crianca-para-familias-veja-quem-pode-se-enquadrar-nas-regras\/#primaryimage"},"image":{"@id":"https:\/\/www.em.com.br\/emfoco\/2026\/03\/12\/governo-pode-liberar-ate-r-500-por-crianca-para-familias-veja-quem-pode-se-enquadrar-nas-regras\/#primaryimage"},"thumbnailUrl":"https:\/\/www.em.com.br\/emfoco\/wp-content\/uploads\/2026\/03\/4-42.jpg","datePublished":"2026-03-12T23:25:00+00:00","dateModified":"2026-03-10T13:29:25+00:00","author":{"@id":"https:\/\/www.em.com.br\/emfoco\/#\/schema\/person\/1c9ddeab18b98abeffef834667bcf08a"},"description":"Fam\u00edlias com crian\u00e7as de at\u00e9 5 anos podem receber at\u00e9 R$ 500 por m\u00eas. Veja quem pode ter direito ao valor e como solicitar.","breadcrumb":{"@id":"https:\/\/www.em.com.br\/emfoco\/2026\/03\/12\/governo-pode-liberar-ate-r-500-por-crianca-para-familias-veja-quem-pode-se-enquadrar-nas-regras\/#breadcrumb"},"inLanguage":"pt-BR","potentialAction":[{"@type":"ReadAction","target":["https:\/\/www.em.com.br\/emfoco\/2026\/03\/12\/governo-pode-liberar-ate-r-500-por-crianca-para-familias-veja-quem-pode-se-enquadrar-nas-regras\/"]}]},{"@type":"ImageObject","inLanguage":"pt-BR","@id":"https:\/\/www.em.com.br\/emfoco\/2026\/03\/12\/governo-pode-liberar-ate-r-500-por-crianca-para-familias-veja-quem-pode-se-enquadrar-nas-regras\/#primaryimage","url":"https:\/\/www.em.com.br\/emfoco\/wp-content\/uploads\/2026\/03\/4-42.jpg","contentUrl":"https:\/\/www.em.com.br\/emfoco\/wp-content\/uploads\/2026\/03\/4-42.jpg","width":1280,"height":720,"caption":"Novo programa federal oferece suporte financeiro para o custeio de creches"},{"@type":"BreadcrumbList","@id":"https:\/\/www.em.com.br\/emfoco\/2026\/03\/12\/governo-pode-liberar-ate-r-500-por-crianca-para-familias-veja-quem-pode-se-enquadrar-nas-regras\/#breadcrumb","itemListElement":[{"@type":"ListItem","position":1,"name":"In\u00edcio","item":"https:\/\/www.em.com.br\/emfoco\/"},{"@type":"ListItem","position":2,"name":"Governo pode liberar at\u00e9 R$ 500 por crian\u00e7a para fam\u00edlias: veja quem pode se enquadrar nas regras"}]},{"@type":"WebSite","@id":"https:\/\/www.em.com.br\/emfoco\/#website","url":"https:\/\/www.em.com.br\/emfoco\/","name":"Estado de Minas - Em foco","description":"Acompanhe as \u00faltimas not\u00edcias e fique bem informado sobre tudo o que acontece em Minas Gerais, Brasil e no mundo.","potentialAction":[{"@type":"SearchAction","target":{"@type":"EntryPoint","urlTemplate":"https:\/\/www.em.com.br\/emfoco\/?s={search_term_string}"},"query-input":{"@type":"PropertyValueSpecification","valueRequired":true,"valueName":"search_term_string"}}],"inLanguage":"pt-BR"},{"@type":"Person","@id":"https:\/\/www.em.com.br\/emfoco\/#\/schema\/person\/1c9ddeab18b98abeffef834667bcf08a","name":"Gabriel Martins","image":{"@type":"ImageObject","inLanguage":"pt-BR","@id":"https:\/\/www.em.com.br\/emfoco\/#\/schema\/person\/image\/","url":"https:\/\/secure.gravatar.com\/avatar\/f0f1e2efdfd88f1ad2cb08c5c2731e50?s=96&d=mm&r=g","contentUrl":"https:\/\/secure.gravatar.com\/avatar\/f0f1e2efdfd88f1ad2cb08c5c2731e50?s=96&d=mm&r=g","caption":"Gabriel Martins"},"sameAs":["https:\/\/www.em.com.br\/emfoco\/"],"url":"https:\/\/www.em.com.br\/emfoco\/author\/gabrielmartinsmyth\/"}]}},"_links":{"self":[{"href":"https:\/\/www.em.com.br\/emfoco\/wp-json\/wp\/v2\/posts\/179634","targetHints":{"allow":["GET"]}}],"collection":[{"href":"https:\/\/www.em.com.br\/emfoco\/wp-json\/wp\/v2\/posts"}],"about":[{"href":"https:\/\/www.em.com.br\/emfoco\/wp-json\/wp\/v2\/types\/post"}],"author":[{"embeddable":true,"href":"https:\/\/www.em.com.br\/emfoco\/wp-json\/wp\/v2\/users\/13"}],"replies":[{"embeddable":true,"href":"https:\/\/www.em.com.br\/emfoco\/wp-json\/wp\/v2\/comments?post=179634"}],"version-history":[{"count":1,"href":"https:\/\/www.em.com.br\/emfoco\/wp-json\/wp\/v2\/posts\/179634\/revisions"}],"predecessor-version":[{"id":179676,"href":"https:\/\/www.em.com.br\/emfoco\/wp-json\/wp\/v2\/posts\/179634\/revisions\/179676"}],"wp:featuredmedia":[{"embeddable":true,"href":"https:\/\/www.em.com.br\/emfoco\/wp-json\/wp\/v2\/media\/179663"}],"wp:attachment":[{"href":"https:\/\/www.em.com.br\/emfoco\/wp-json\/wp\/v2\/media?parent=179634"}],"wp:term":[{"taxonomy":"category","embeddable":true,"href":"https:\/\/www.em.com.br\/emfoco\/wp-json\/wp\/v2\/categories?post=179634"},{"taxonomy":"post_tag","embeddable":true,"href":"https:\/\/www.em.com.br\/emfoco\/wp-json\/wp\/v2\/tags?post=179634"}],"curies":[{"name":"wp","href":"https:\/\/api.w.org\/{rel}","templated":true}]}}