{"id":179632,"date":"2026-03-12T18:45:00","date_gmt":"2026-03-12T21:45:00","guid":{"rendered":"https:\/\/www.em.com.br\/emfoco\/?p=179632"},"modified":"2026-03-10T10:27:35","modified_gmt":"2026-03-10T13:27:35","slug":"novo-cnpj-alfanumerico-comeca-em-2026-e-empresas-precisam-preparar-sistemas-para-aceitar-letras-no-cadastro","status":"publish","type":"post","link":"https:\/\/www.em.com.br\/emfoco\/2026\/03\/12\/novo-cnpj-alfanumerico-comeca-em-2026-e-empresas-precisam-preparar-sistemas-para-aceitar-letras-no-cadastro\/","title":{"rendered":"Novo CNPJ alfanum\u00e9rico come\u00e7a em 2026 e empresas precisam preparar sistemas para aceitar letras no cadastro"},"content":{"rendered":"\n<p>O novo CNPJ alfanum\u00e9rico, previsto para come\u00e7ar a ser emitido a partir de julho de 2026, \u00e9 uma atualiza\u00e7\u00e3o relevante no cadastro de pessoas jur\u00eddicas no Brasil, pois amplia a capacidade de registros e acompanha o crescimento acelerado de empresas, startups, filiais e entidades do terceiro setor.<\/p>\n\n\n\n<h2 class=\"wp-block-heading\">O que muda com o novo CNPJ alfanum\u00e9rico<\/h2>\n\n\n\n<p>O novo CNPJ da <strong><a href=\"https:\/\/www.em.com.br\/emfoco\/2026\/02\/26\/receita-federal-publica-nova-regra-e-muda-beneficios-fiscais-veja-quem-perde-a-isencao-e-quem-continua-protegido\/\" target=\"_blank\" rel=\"noreferrer noopener\">Receita Federal<\/a><\/strong> ser\u00e1 um identificador alfanum\u00e9rico, formado pela combina\u00e7\u00e3o de letras e d\u00edgitos. O modelo atual, apenas num\u00e9rico, est\u00e1 pr\u00f3ximo do limite de combina\u00e7\u00f5es em um cen\u00e1rio de abertura intensa de novas inscri\u00e7\u00f5es.<\/p>\n\n\n\n<p>Com a inclus\u00e3o de letras, a capacidade de gerar c\u00f3digos cresce de forma exponencial, garantindo f\u00f4lego ao sistema por muitos anos. A mudan\u00e7a tamb\u00e9m se alinha a pr\u00e1ticas internacionais e facilita a integra\u00e7\u00e3o com tecnologias modernas de valida\u00e7\u00e3o, cruzamento de dados e registros fiscais.<\/p>\n\n\n\n<figure class=\"wp-block-image size-large\"><img loading=\"lazy\" decoding=\"async\" width=\"1024\" height=\"576\" src=\"https:\/\/www.em.com.br\/emfoco\/wp-content\/uploads\/2026\/03\/8-26-1024x576.jpg\" alt=\"Novo CNPJ alfanum\u00e9rico come\u00e7a em 2026 e empresas precisam preparar sistemas para aceitar letras no cadastro\" class=\"wp-image-179667\" srcset=\"https:\/\/www.em.com.br\/emfoco\/wp-content\/uploads\/2026\/03\/8-26-1024x576.jpg 1024w, https:\/\/www.em.com.br\/emfoco\/wp-content\/uploads\/2026\/03\/8-26-300x169.jpg 300w, https:\/\/www.em.com.br\/emfoco\/wp-content\/uploads\/2026\/03\/8-26-768x432.jpg 768w, https:\/\/www.em.com.br\/emfoco\/wp-content\/uploads\/2026\/03\/8-26-750x422.jpg 750w, https:\/\/www.em.com.br\/emfoco\/wp-content\/uploads\/2026\/03\/8-26-1140x641.jpg 1140w, https:\/\/www.em.com.br\/emfoco\/wp-content\/uploads\/2026\/03\/8-26.jpg 1280w\" sizes=\"auto, (max-width: 1024px) 100vw, 1024px\" \/><figcaption class=\"wp-element-caption\">Inclus\u00e3o de caracteres alfanum\u00e9ricos expande a capacidade de registros empresariais brasileiros<\/figcaption><\/figure>\n\n\n\n<h2 class=\"wp-block-heading\">Como ser\u00e1 a estrutura do novo CNPJ<\/h2>\n\n\n\n<p>O CNPJ mant\u00e9m os 14 d\u00edgitos, mas adota um formato alfanum\u00e9rico nas 12 primeiras posi\u00e7\u00f5es (ex: <code>AB12CD34EF56-78<\/code>) para expandir as combina\u00e7\u00f5es dispon\u00edveis. Os dois \u00faltimos d\u00edgitos continuam estritamente num\u00e9ricos para valida\u00e7\u00e3o via M\u00f3dulo 11, utilizando a tabela ASCII para converter letras em valores e garantir a compatibilidade com sistemas atuais.<\/p>\n\n\n\n<!DOCTYPE html>\n<html lang=\"pt-br\">\n<head>\n<style>\n    .cnpj-table {\n        width: 100%;\n        border-collapse: collapse;\n        font-family: 'Segoe UI', Tahoma, sans-serif;\n        margin: 20px 0;\n        background-color: #ffffff;\n        border-radius: 8px;\n        overflow: hidden;\n        box-shadow: 0 4px 15px rgba(0,0,0,0.06);\n    }\n    .cnpj-table thead {\n        background: linear-gradient(90deg, #1e3c72 0%, #2a5298 100%);\n        color: white;\n    }\n    .cnpj-table th {\n        padding: 16px;\n        text-align: left;\n        font-size: 14px;\n        text-transform: uppercase;\n        letter-spacing: 0.5px;\n    }\n    .cnpj-table td {\n        padding: 14px 16px;\n        border-bottom: 1px solid #edf2f7;\n        color: #4a5568;\n        font-size: 14px;\n    }\n    .cnpj-table tr:hover {\n        background-color: #f7fafc;\n    }\n    .item-highlight {\n        font-weight: 700;\n        color: #2b6cb0;\n        width: 30%;\n    }\n    .badge-tecnico {\n        background-color: #ebf8ff;\n        color: #2c5282;\n        padding: 4px 8px;\n        border-radius: 4px;\n        font-family: monospace;\n        font-size: 12px;\n        border: 1px solid #bee3f8;\n    }\n<\/style>\n<\/head>\n<body>\n\n<table class=\"cnpj-table\">\n    <thead>\n        <tr>\n            <th>Componente<\/th>\n            <th>Mudan\u00e7a<\/th>\n            <th>Detalhe T\u00e9cnico<\/th>\n        <\/tr>\n    <\/thead>\n    <tbody>\n        <tr>\n            <td class=\"item-highlight\">Tamanho<\/td>\n            <td>Permanece com 14 posi\u00e7\u00f5es.<\/td>\n            <td><span class=\"badge-tecnico\">Sem altera\u00e7\u00e3o de layout<\/span><\/td>\n        <\/tr>\n        <tr>\n            <td class=\"item-highlight\">Identificador<\/td>\n            <td>12 primeiros d\u00edgitos alfanum\u00e9ricos.<\/td>\n            <td><span class=\"badge-tecnico\">Letras e n\u00fameros<\/span><\/td>\n        <\/tr>\n        <tr>\n            <td class=\"item-highlight\">Valida\u00e7\u00e3o<\/td>\n            <td>2 \u00faltimos d\u00edgitos num\u00e9ricos.<\/td>\n            <td><span class=\"badge-tecnico\">Posi\u00e7\u00f5es 13 e 14<\/span><\/td>\n        <\/tr>\n        <tr>\n            <td class=\"item-highlight\">C\u00e1lculo<\/td>\n            <td>L\u00f3gica M\u00f3dulo 11 (ASCII &#8211; 48).<\/td>\n            <td><span class=\"badge-tecnico\">Convers\u00e3o interna<\/span><\/td>\n        <\/tr>\n    <\/tbody>\n<\/table>\n\n<\/body>\n<\/html>\n\n\n\n<h2 class=\"wp-block-heading\">Como o novo CNPJ impacta empresas e sistemas<\/h2>\n\n\n\n<p>Empresas j\u00e1 existentes manter\u00e3o seus CNPJs num\u00e9ricos, sem troca ou recadastro. Por\u00e9m, qualquer sistema que use CNPJ como chave de identifica\u00e7\u00e3o precisar\u00e1 reconhecer o novo padr\u00e3o alfanum\u00e9rico para evitar falhas operacionais e rejei\u00e7\u00e3o de cadastros.<\/p>\n\n\n\n<p>Se os sistemas continuarem preparados apenas para n\u00fameros, diversos problemas podem surgir no dia a dia, como voc\u00ea v\u00ea a seguir:<\/p>\n\n\n\n<ul class=\"wp-block-list\">\n<li>Recusa autom\u00e1tica de cadastros com letras no campo CNPJ;<\/li>\n\n\n\n<li>Erros em integra\u00e7\u00f5es que validam somente sequ\u00eancias num\u00e9ricas;<\/li>\n\n\n\n<li>Falhas na emiss\u00e3o de notas fiscais eletr\u00f4nicas para CNPJs alfanum\u00e9ricos;<\/li>\n\n\n\n<li>Dificuldades em consultas, relat\u00f3rios e verifica\u00e7\u00f5es fiscais.<\/li>\n<\/ul>\n\n\n\n<p>Confira o v\u00eddeo compartilhado pelo canal do YouTube <strong><a href=\"https:\/\/www.youtube.com\/@canaldaeconet\" target=\"_blank\" rel=\"noreferrer noopener\">Econet Editora<\/a><\/strong> falando sobre as mudan\u00e7as no CNPJ alfanum\u00e9rico para 2026.<\/p>\n\n\n\n<figure class=\"wp-block-embed is-type-video is-provider-youtube wp-block-embed-youtube wp-embed-aspect-16-9 wp-has-aspect-ratio\"><div class=\"wp-block-embed__wrapper\">\n<div class=\"jeg_video_container jeg_video_content\"><iframe loading=\"lazy\" title=\"O CNPJ ALFANUM\u00c9RICO VEM A\u00cd | CONFIRA TODOS OS DETALHES\" width=\"500\" height=\"281\" src=\"https:\/\/www.youtube.com\/embed\/cmoQZvNgMZ8?feature=oembed\" frameborder=\"0\" allow=\"accelerometer; autoplay; clipboard-write; encrypted-media; gyroscope; picture-in-picture; web-share\" referrerpolicy=\"strict-origin-when-cross-origin\" allowfullscreen><\/iframe><\/div>\n<\/div><\/figure>\n\n\n\n<h2 class=\"wp-block-heading\">Quem precisa se adaptar ao novo CNPJ at\u00e9 2026<\/h2>\n\n\n\n<p>Qualquer organiza\u00e7\u00e3o que manipule, armazene ou valide CNPJs ter\u00e1 de revisar processos e sistemas internos. Isso inclui desde grandes corpora\u00e7\u00f5es at\u00e9 pequenos neg\u00f3cios que usam ERPs, plataformas em nuvem, gateways de pagamento e sistemas de gest\u00e3o ou faturamento.<\/p>\n\n\n\n<p>\u00c1reas como contabilidade, bancos, meios de pagamento, com\u00e9rcio eletr\u00f4nico, utilities e prestadores de servi\u00e7os p\u00fablicos e privados tendem a ser mais impactados. Al\u00e9m dos ajustes t\u00e9cnicos, ser\u00e1 necess\u00e1rio atualizar manuais, contratos, formul\u00e1rios, integra\u00e7\u00f5es e treinamentos para refletir o novo formato alfanum\u00e9rico.<\/p>\n\n\n\n<h2 class=\"wp-block-heading\">Por que voc\u00ea deve agir agora para se adequar ao novo CNPJ<\/h2>\n\n\n\n<p>A conviv\u00eancia entre CNPJs num\u00e9ricos e alfanum\u00e9ricos exigir\u00e1 sistemas preparados para ambos os formatos, sem espa\u00e7o para erros em cadastros, faturamento ou obriga\u00e7\u00f5es fiscais. Quem deixar a adapta\u00e7\u00e3o para a \u00faltima hora corre risco real de paralisa\u00e7\u00f5es, rejei\u00e7\u00e3o de documentos eletr\u00f4nicos e perda imediata de neg\u00f3cios.<\/p>\n\n\n\n<p>Comece j\u00e1 a mapear sistemas, revisar regras de valida\u00e7\u00e3o, ajustar integra\u00e7\u00f5es e treinar as equipes de TI, fiscal, cont\u00e1bil e atendimento. Trate essa mudan\u00e7a como prioridade estrat\u00e9gica: antecipe-se, garanta conformidade com a Receita Federal e proteja a continuidade da sua opera\u00e7\u00e3o antes que julho de 2026 chegue e voc\u00ea seja pego desprevenido.<\/p>\n","protected":false},"excerpt":{"rendered":"<p>O novo CNPJ alfanum\u00e9rico, previsto para come\u00e7ar a ser emitido a partir de julho de 2026, \u00e9 uma atualiza\u00e7\u00e3o relevante no cadastro de pessoas jur\u00eddicas no Brasil, pois amplia a capacidade de registros e acompanha o crescimento acelerado de empresas, startups, filiais e entidades do terceiro setor. O que muda com o novo CNPJ alfanum\u00e9rico [&hellip;]<\/p>\n","protected":false},"author":13,"featured_media":179668,"comment_status":"open","ping_status":"open","sticky":false,"template":"","format":"standard","meta":{"jnews-multi-image_gallery":[],"jnews_single_post":{"format":"standard"},"jnews_primary_category":[],"jnews_social_meta":[],"jnews_override_counter":[],"footnotes":""},"categories":[28],"tags":[1418,25948,21664],"class_list":["post-179632","post","type-post","status-publish","format-standard","has-post-thumbnail","hentry","category-economia","tag-empresas","tag-mudancas-no-cnpj","tag-novo-cnpj"],"yoast_head":"<!-- This site is optimized with the Yoast SEO plugin v23.8 - https:\/\/yoast.com\/wordpress\/plugins\/seo\/ -->\n<title>Novo CNPJ alfanum\u00e9rico come\u00e7a em 2026 e empresas precisam preparar sistemas para aceitar letras no cadastro - Estado de Minas - Em foco<\/title>\n<meta name=\"description\" content=\"Novo CNPJ com letras come\u00e7a em julho de 2026. Veja o que muda no cadastro de empresas e quais sistemas precisam se adaptar.\" \/>\n<meta name=\"robots\" content=\"index, follow, max-snippet:-1, max-image-preview:large, max-video-preview:-1\" \/>\n<link rel=\"canonical\" href=\"https:\/\/www.em.com.br\/emfoco\/2026\/03\/12\/novo-cnpj-alfanumerico-comeca-em-2026-e-empresas-precisam-preparar-sistemas-para-aceitar-letras-no-cadastro\/\" \/>\n<meta property=\"og:locale\" content=\"pt_BR\" \/>\n<meta property=\"og:type\" content=\"article\" \/>\n<meta property=\"og:title\" content=\"Novo CNPJ alfanum\u00e9rico come\u00e7a em 2026 e empresas precisam preparar sistemas para aceitar letras no cadastro - Estado de Minas - Em foco\" \/>\n<meta property=\"og:description\" content=\"Novo CNPJ com letras come\u00e7a em julho de 2026. Veja o que muda no cadastro de empresas e quais sistemas precisam se adaptar.\" \/>\n<meta property=\"og:url\" content=\"https:\/\/www.em.com.br\/emfoco\/2026\/03\/12\/novo-cnpj-alfanumerico-comeca-em-2026-e-empresas-precisam-preparar-sistemas-para-aceitar-letras-no-cadastro\/\" \/>\n<meta property=\"og:site_name\" content=\"Estado de Minas - Em foco\" \/>\n<meta property=\"article:published_time\" content=\"2026-03-12T21:45:00+00:00\" \/>\n<meta property=\"article:modified_time\" content=\"2026-03-10T13:27:35+00:00\" \/>\n<meta property=\"og:image\" content=\"https:\/\/www.em.com.br\/emfoco\/wp-content\/uploads\/2026\/03\/9-25.jpg\" \/>\n\t<meta property=\"og:image:width\" content=\"1280\" \/>\n\t<meta property=\"og:image:height\" content=\"720\" \/>\n\t<meta property=\"og:image:type\" content=\"image\/jpeg\" \/>\n<meta name=\"author\" content=\"Gabriel Martins\" \/>\n<meta name=\"twitter:card\" content=\"summary_large_image\" \/>\n<meta name=\"twitter:label1\" content=\"Escrito por\" \/>\n\t<meta name=\"twitter:data1\" content=\"Gabriel Martins\" \/>\n\t<meta name=\"twitter:label2\" content=\"Est. tempo de leitura\" \/>\n\t<meta name=\"twitter:data2\" content=\"4 minutos\" \/>\n<!-- \/ Yoast SEO plugin. -->","yoast_head_json":{"title":"Novo CNPJ alfanum\u00e9rico come\u00e7a em 2026 e empresas precisam preparar sistemas para aceitar letras no cadastro - Estado de Minas - Em foco","description":"Novo CNPJ com letras come\u00e7a em julho de 2026. Veja o que muda no cadastro de empresas e quais sistemas precisam se adaptar.","robots":{"index":"index","follow":"follow","max-snippet":"max-snippet:-1","max-image-preview":"max-image-preview:large","max-video-preview":"max-video-preview:-1"},"canonical":"https:\/\/www.em.com.br\/emfoco\/2026\/03\/12\/novo-cnpj-alfanumerico-comeca-em-2026-e-empresas-precisam-preparar-sistemas-para-aceitar-letras-no-cadastro\/","og_locale":"pt_BR","og_type":"article","og_title":"Novo CNPJ alfanum\u00e9rico come\u00e7a em 2026 e empresas precisam preparar sistemas para aceitar letras no cadastro - Estado de Minas - Em foco","og_description":"Novo CNPJ com letras come\u00e7a em julho de 2026. Veja o que muda no cadastro de empresas e quais sistemas precisam se adaptar.","og_url":"https:\/\/www.em.com.br\/emfoco\/2026\/03\/12\/novo-cnpj-alfanumerico-comeca-em-2026-e-empresas-precisam-preparar-sistemas-para-aceitar-letras-no-cadastro\/","og_site_name":"Estado de Minas - Em foco","article_published_time":"2026-03-12T21:45:00+00:00","article_modified_time":"2026-03-10T13:27:35+00:00","og_image":[{"width":1280,"height":720,"url":"https:\/\/www.em.com.br\/emfoco\/wp-content\/uploads\/2026\/03\/9-25.jpg","type":"image\/jpeg"}],"author":"Gabriel Martins","twitter_card":"summary_large_image","twitter_misc":{"Escrito por":"Gabriel Martins","Est. tempo de leitura":"4 minutos"},"schema":{"@context":"https:\/\/schema.org","@graph":[{"@type":"WebPage","@id":"https:\/\/www.em.com.br\/emfoco\/2026\/03\/12\/novo-cnpj-alfanumerico-comeca-em-2026-e-empresas-precisam-preparar-sistemas-para-aceitar-letras-no-cadastro\/","url":"https:\/\/www.em.com.br\/emfoco\/2026\/03\/12\/novo-cnpj-alfanumerico-comeca-em-2026-e-empresas-precisam-preparar-sistemas-para-aceitar-letras-no-cadastro\/","name":"Novo CNPJ alfanum\u00e9rico come\u00e7a em 2026 e empresas precisam preparar sistemas para aceitar letras no cadastro - Estado de Minas - Em foco","isPartOf":{"@id":"https:\/\/www.em.com.br\/emfoco\/#website"},"primaryImageOfPage":{"@id":"https:\/\/www.em.com.br\/emfoco\/2026\/03\/12\/novo-cnpj-alfanumerico-comeca-em-2026-e-empresas-precisam-preparar-sistemas-para-aceitar-letras-no-cadastro\/#primaryimage"},"image":{"@id":"https:\/\/www.em.com.br\/emfoco\/2026\/03\/12\/novo-cnpj-alfanumerico-comeca-em-2026-e-empresas-precisam-preparar-sistemas-para-aceitar-letras-no-cadastro\/#primaryimage"},"thumbnailUrl":"https:\/\/www.em.com.br\/emfoco\/wp-content\/uploads\/2026\/03\/9-25.jpg","datePublished":"2026-03-12T21:45:00+00:00","dateModified":"2026-03-10T13:27:35+00:00","author":{"@id":"https:\/\/www.em.com.br\/emfoco\/#\/schema\/person\/1c9ddeab18b98abeffef834667bcf08a"},"description":"Novo CNPJ com letras come\u00e7a em julho de 2026. Veja o que muda no cadastro de empresas e quais sistemas precisam se adaptar.","breadcrumb":{"@id":"https:\/\/www.em.com.br\/emfoco\/2026\/03\/12\/novo-cnpj-alfanumerico-comeca-em-2026-e-empresas-precisam-preparar-sistemas-para-aceitar-letras-no-cadastro\/#breadcrumb"},"inLanguage":"pt-BR","potentialAction":[{"@type":"ReadAction","target":["https:\/\/www.em.com.br\/emfoco\/2026\/03\/12\/novo-cnpj-alfanumerico-comeca-em-2026-e-empresas-precisam-preparar-sistemas-para-aceitar-letras-no-cadastro\/"]}]},{"@type":"ImageObject","inLanguage":"pt-BR","@id":"https:\/\/www.em.com.br\/emfoco\/2026\/03\/12\/novo-cnpj-alfanumerico-comeca-em-2026-e-empresas-precisam-preparar-sistemas-para-aceitar-letras-no-cadastro\/#primaryimage","url":"https:\/\/www.em.com.br\/emfoco\/wp-content\/uploads\/2026\/03\/9-25.jpg","contentUrl":"https:\/\/www.em.com.br\/emfoco\/wp-content\/uploads\/2026\/03\/9-25.jpg","width":1280,"height":720,"caption":"Receita Federal implementa novo formato de CNPJ com letras e n\u00fameros"},{"@type":"BreadcrumbList","@id":"https:\/\/www.em.com.br\/emfoco\/2026\/03\/12\/novo-cnpj-alfanumerico-comeca-em-2026-e-empresas-precisam-preparar-sistemas-para-aceitar-letras-no-cadastro\/#breadcrumb","itemListElement":[{"@type":"ListItem","position":1,"name":"In\u00edcio","item":"https:\/\/www.em.com.br\/emfoco\/"},{"@type":"ListItem","position":2,"name":"Novo CNPJ alfanum\u00e9rico come\u00e7a em 2026 e empresas precisam preparar sistemas para aceitar letras no cadastro"}]},{"@type":"WebSite","@id":"https:\/\/www.em.com.br\/emfoco\/#website","url":"https:\/\/www.em.com.br\/emfoco\/","name":"Estado de Minas - Em foco","description":"Acompanhe as \u00faltimas not\u00edcias e fique bem informado sobre tudo o que acontece em Minas Gerais, Brasil e no mundo.","potentialAction":[{"@type":"SearchAction","target":{"@type":"EntryPoint","urlTemplate":"https:\/\/www.em.com.br\/emfoco\/?s={search_term_string}"},"query-input":{"@type":"PropertyValueSpecification","valueRequired":true,"valueName":"search_term_string"}}],"inLanguage":"pt-BR"},{"@type":"Person","@id":"https:\/\/www.em.com.br\/emfoco\/#\/schema\/person\/1c9ddeab18b98abeffef834667bcf08a","name":"Gabriel Martins","image":{"@type":"ImageObject","inLanguage":"pt-BR","@id":"https:\/\/www.em.com.br\/emfoco\/#\/schema\/person\/image\/","url":"https:\/\/secure.gravatar.com\/avatar\/f0f1e2efdfd88f1ad2cb08c5c2731e50?s=96&d=mm&r=g","contentUrl":"https:\/\/secure.gravatar.com\/avatar\/f0f1e2efdfd88f1ad2cb08c5c2731e50?s=96&d=mm&r=g","caption":"Gabriel Martins"},"sameAs":["https:\/\/www.em.com.br\/emfoco\/"],"url":"https:\/\/www.em.com.br\/emfoco\/author\/gabrielmartinsmyth\/"}]}},"_links":{"self":[{"href":"https:\/\/www.em.com.br\/emfoco\/wp-json\/wp\/v2\/posts\/179632","targetHints":{"allow":["GET"]}}],"collection":[{"href":"https:\/\/www.em.com.br\/emfoco\/wp-json\/wp\/v2\/posts"}],"about":[{"href":"https:\/\/www.em.com.br\/emfoco\/wp-json\/wp\/v2\/types\/post"}],"author":[{"embeddable":true,"href":"https:\/\/www.em.com.br\/emfoco\/wp-json\/wp\/v2\/users\/13"}],"replies":[{"embeddable":true,"href":"https:\/\/www.em.com.br\/emfoco\/wp-json\/wp\/v2\/comments?post=179632"}],"version-history":[{"count":1,"href":"https:\/\/www.em.com.br\/emfoco\/wp-json\/wp\/v2\/posts\/179632\/revisions"}],"predecessor-version":[{"id":179674,"href":"https:\/\/www.em.com.br\/emfoco\/wp-json\/wp\/v2\/posts\/179632\/revisions\/179674"}],"wp:featuredmedia":[{"embeddable":true,"href":"https:\/\/www.em.com.br\/emfoco\/wp-json\/wp\/v2\/media\/179668"}],"wp:attachment":[{"href":"https:\/\/www.em.com.br\/emfoco\/wp-json\/wp\/v2\/media?parent=179632"}],"wp:term":[{"taxonomy":"category","embeddable":true,"href":"https:\/\/www.em.com.br\/emfoco\/wp-json\/wp\/v2\/categories?post=179632"},{"taxonomy":"post_tag","embeddable":true,"href":"https:\/\/www.em.com.br\/emfoco\/wp-json\/wp\/v2\/tags?post=179632"}],"curies":[{"name":"wp","href":"https:\/\/api.w.org\/{rel}","templated":true}]}}