{"id":179630,"date":"2026-03-12T14:05:00","date_gmt":"2026-03-12T17:05:00","guid":{"rendered":"https:\/\/www.em.com.br\/emfoco\/?p=179630"},"modified":"2026-03-10T10:14:17","modified_gmt":"2026-03-10T13:14:17","slug":"aposentadoria-aos-65-anos-em-2026-entenda-as-regras-do-inss-e-o-que-conferir-agora-para-evitar-atraso-no-beneficio","status":"publish","type":"post","link":"https:\/\/www.em.com.br\/emfoco\/2026\/03\/12\/aposentadoria-aos-65-anos-em-2026-entenda-as-regras-do-inss-e-o-que-conferir-agora-para-evitar-atraso-no-beneficio\/","title":{"rendered":"Aposentadoria aos 65 anos em 2026: entenda as regras do INSS e o que conferir agora para evitar atraso no benef\u00edcio"},"content":{"rendered":"\n<p>Completar 65 anos em 2026 costuma ser visto como um marco para a aposentadoria, mas, pelas regras atuais do <strong>INSS<\/strong>, essa idade n\u00e3o basta isoladamente: desde a Reforma da Previd\u00eancia, idade m\u00ednima, tempo de contribui\u00e7\u00e3o e car\u00eancia passaram a caminhar juntos, o que exige planejamento e aten\u00e7\u00e3o redobrada de quem est\u00e1 perto de se aposentar.<\/p>\n\n\n\n<h2 class=\"wp-block-heading\">Quais s\u00e3o as regras b\u00e1sicas para se aposentar pelo INSS em 2026<\/h2>\n\n\n\n<p>A <strong>aposentadoria pelo INSS<\/strong> em 2026 segue crit\u00e9rios diferentes para homens e mulheres, combinando idade m\u00ednima, tempo de contribui\u00e7\u00e3o e car\u00eancia. Para os homens, a idade m\u00ednima \u00e9 de 65 anos, com exig\u00eancia de 15 anos de contribui\u00e7\u00f5es para quem j\u00e1 era segurado antes de novembro de 2019 e de 20 anos para quem come\u00e7ou a contribuir ap\u00f3s a Reforma da Previd\u00eancia.<\/p>\n\n\n\n<p>No caso das mulheres, a idade m\u00ednima \u00e9 de 62 anos, com necessidade de 15 anos de contribui\u00e7\u00e3o. Se uma trabalhadora chegar aos 65 anos em 2026 sem ter solicitado o benef\u00edcio, a idade m\u00ednima j\u00e1 estar\u00e1 atendida; ser\u00e1 essencial confirmar se o tempo de recolhimento efetivo alcan\u00e7a os 15 anos e se todos os per\u00edodos constam corretamente no <strong><a href=\"https:\/\/www.em.com.br\/emfoco\/2025\/12\/22\/com-salario-falso-de-r-48-mil-no-cnis-trabalhador-perde-beneficio-e-justica-condena-inss\/\" target=\"_blank\" rel=\"noreferrer noopener\">CNIS<\/a><\/strong>.<\/p>\n\n\n\n<figure class=\"wp-block-image size-large\"><img loading=\"lazy\" decoding=\"async\" width=\"1024\" height=\"576\" src=\"https:\/\/www.em.com.br\/emfoco\/wp-content\/uploads\/2026\/03\/1-49-1024x576.jpg\" alt=\"Aposentadoria aos 65 anos em 2026: entenda as regras do INSS e o que conferir agora para evitar atraso no benef\u00edcio\" class=\"wp-image-179641\" srcset=\"https:\/\/www.em.com.br\/emfoco\/wp-content\/uploads\/2026\/03\/1-49-1024x576.jpg 1024w, https:\/\/www.em.com.br\/emfoco\/wp-content\/uploads\/2026\/03\/1-49-300x169.jpg 300w, https:\/\/www.em.com.br\/emfoco\/wp-content\/uploads\/2026\/03\/1-49-768x432.jpg 768w, https:\/\/www.em.com.br\/emfoco\/wp-content\/uploads\/2026\/03\/1-49-750x422.jpg 750w, https:\/\/www.em.com.br\/emfoco\/wp-content\/uploads\/2026\/03\/1-49-1140x641.jpg 1140w, https:\/\/www.em.com.br\/emfoco\/wp-content\/uploads\/2026\/03\/1-49.jpg 1280w\" sizes=\"auto, (max-width: 1024px) 100vw, 1024px\" \/><figcaption class=\"wp-element-caption\">Crit\u00e9rios de idade e tempo de contribui\u00e7\u00e3o variam entre homens e mulheres<\/figcaption><\/figure>\n\n\n\n<h2 class=\"wp-block-heading\">O que muda para quem completa 65 anos e quer se aposentar em 2026<\/h2>\n\n\n\n<p>Quem completa 65 anos em 2026 e pretende se aposentar precisa observar tr\u00eas fatores principais: idade, tempo de contribui\u00e7\u00e3o e car\u00eancia. A car\u00eancia corresponde ao n\u00famero m\u00ednimo de meses efetivamente pagos, hoje fixado em 180 contribui\u00e7\u00f5es mensais, o que equivale a 15 anos, e vale para homens e mulheres.<\/p>\n\n\n\n<p>\u00c9 importante entender a diferen\u00e7a entre tempo de contribui\u00e7\u00e3o e car\u00eancia, pois isso impacta diretamente o direito ao benef\u00edcio. Para organizar essa verifica\u00e7\u00e3o e evitar surpresas, vale aten\u00e7\u00e3o especial a alguns pontos pr\u00e1ticos:<\/p>\n\n\n\n<ul class=\"wp-block-list\">\n<li>Conferir o <strong>CNIS (Cadastro Nacional de Informa\u00e7\u00f5es Sociais)<\/strong> e checar v\u00ednculos antigos.<\/li>\n\n\n\n<li>Verificar se constam per\u00edodos de trabalho rural e com carteira assinada.<\/li>\n\n\n\n<li>Confirmar registros de afastamentos por aux\u00edlio-doen\u00e7a ou outros benef\u00edcios.<\/li>\n\n\n\n<li>Regularizar eventuais lacunas de contribui\u00e7\u00e3o com documentos comprobat\u00f3rios.<\/li>\n<\/ul>\n\n\n\n<h2 class=\"wp-block-heading\">Quais s\u00e3o as principais regras de transi\u00e7\u00e3o para se aposentar antes da idade m\u00ednima<\/h2>\n\n\n\n<p>Para quem j\u00e1 contribu\u00eda ao INSS antes da <strong>Reforma da Previd\u00eancia<\/strong>, existem regras de transi\u00e7\u00e3o que permitem se aposentar sem cumprir integralmente a idade m\u00ednima de 65 ou 62 anos. Em 2026, uma das mais usadas \u00e9 a regra dos pontos, que soma idade e tempo de contribui\u00e7\u00e3o: homens precisam atingir 103 pontos, com pelo menos 35 anos de contribui\u00e7\u00e3o, e mulheres 93 pontos, com no m\u00ednimo 30 anos.<\/p>\n\n\n\n<p>Outra alternativa \u00e9 a idade m\u00ednima progressiva, que aumenta gradualmente ano a ano. Em 2026, essa regra exige, para os homens, 64 anos e 6 meses de idade e 35 anos de contribui\u00e7\u00e3o; para as mulheres, 59 anos e 6 meses de idade e 30 anos de pagamentos. Essas f\u00f3rmulas suavizam a transi\u00e7\u00e3o entre o modelo antigo e o atual, reduzindo o impacto para quem j\u00e1 estava perto de se aposentar.<\/p>\n\n\n\n<p>Confira o v\u00eddeo compartilhado pelo canal do YouTube <strong><a href=\"https:\/\/www.youtube.com\/@bemexplicado2.0\" target=\"_blank\" rel=\"noreferrer noopener\">Bem Explicado<\/a><\/strong> falando sobre a aposentadoria por tempo de contribui\u00e7\u00e3o em 2026,  quem tem direito e como dar entrada.<\/p>\n\n\n\n<figure class=\"wp-block-embed is-type-video is-provider-youtube wp-block-embed-youtube wp-embed-aspect-16-9 wp-has-aspect-ratio\"><div class=\"wp-block-embed__wrapper\">\n<div class=\"jeg_video_container jeg_video_content\"><iframe loading=\"lazy\" title=\"INSS 2026: APOSENTADORIA POR TEMPO DE CONTRIBUI\u00c7\u00c3O: QUEM TEM DIREITO E COMO CONSEGUIR? VEJA!\" width=\"500\" height=\"281\" src=\"https:\/\/www.youtube.com\/embed\/z8gsr5gtr_o?feature=oembed\" frameborder=\"0\" allow=\"accelerometer; autoplay; clipboard-write; encrypted-media; gyroscope; picture-in-picture; web-share\" referrerpolicy=\"strict-origin-when-cross-origin\" allowfullscreen><\/iframe><\/div>\n<\/div><\/figure>\n\n\n\n<h2 class=\"wp-block-heading\">Como simular e pedir a aposentadoria pelo Meu INSS em 2026<\/h2>\n\n\n\n<p>Para saber se j\u00e1 \u00e9 poss\u00edvel se aposentar ou quanto tempo ainda falta, o caminho mais simples em 2026 \u00e9 usar o portal ou aplicativo <strong>Meu INSS<\/strong>. A plataforma cruza as informa\u00e7\u00f5es do CNIS e apresenta uma simula\u00e7\u00e3o de aposentadoria, indicando idade, tempo de contribui\u00e7\u00e3o, car\u00eancia cumprida e proje\u00e7\u00f5es de quando cada regra poder\u00e1 ser atingida, al\u00e9m de estimar o valor do benef\u00edcio.<\/p>\n\n\n\n<p>O ideal \u00e9 acessar o Meu INSS com login gov.br, conferir todos os v\u00ednculos e solicitar corre\u00e7\u00e3o de dados antes de registrar o pedido. Em muitos casos, alguns meses adicionais de contribui\u00e7\u00e3o podem melhorar o valor final, pois o c\u00e1lculo considera a m\u00e9dia dos sal\u00e1rios a partir de julho de 1994 e os percentuais definidos em lei.<\/p>\n\n\n\n<h2 class=\"wp-block-heading\">Por que planejar a aposentadoria agora e qual \u00e9 o pr\u00f3ximo passo<\/h2>\n\n\n\n<p>As mudan\u00e7as nas regras do INSS tornaram a aposentadoria um processo mais t\u00e9cnico e menos autom\u00e1tico, especialmente para quem completa 65 anos em 2026. Planejar com anteced\u00eancia, conferir o CNIS, entender as regras de transi\u00e7\u00e3o e simular cen\u00e1rios pode significar a diferen\u00e7a entre um benef\u00edcio apertado e uma renda mais segura a longo prazo.<\/p>\n\n\n\n<p>N\u00e3o espere chegar ao \u00faltimo m\u00eas para descobrir se falta tempo de contribui\u00e7\u00e3o ou se h\u00e1 erros no cadastro: acesse o Meu INSS hoje, revise seus dados e, se tiver d\u00favidas, busque orienta\u00e7\u00e3o especializada imediatamente. Cada m\u00eas perdido pode atrasar seu direito e reduzir o valor do benef\u00edcio, ent\u00e3o aja agora para garantir uma aposentadoria mais tranquila e protegida.<\/p>\n","protected":false},"excerpt":{"rendered":"<p>Completar 65 anos em 2026 costuma ser visto como um marco para a aposentadoria, mas, pelas regras atuais do INSS, essa idade n\u00e3o basta isoladamente: desde a Reforma da Previd\u00eancia, idade m\u00ednima, tempo de contribui\u00e7\u00e3o e car\u00eancia passaram a caminhar juntos, o que exige planejamento e aten\u00e7\u00e3o redobrada de quem est\u00e1 perto de se aposentar. [&hellip;]<\/p>\n","protected":false},"author":13,"featured_media":179642,"comment_status":"open","ping_status":"open","sticky":false,"template":"","format":"standard","meta":{"jnews-multi-image_gallery":[],"jnews_single_post":{"format":"standard"},"jnews_primary_category":[],"jnews_social_meta":[],"jnews_override_counter":[],"footnotes":""},"categories":[28],"tags":[172,174,1901],"class_list":["post-179630","post","type-post","status-publish","format-standard","has-post-thumbnail","hentry","category-economia","tag-aposentadoria","tag-inss","tag-regras-de-aposentadoria"],"yoast_head":"<!-- This site is optimized with the Yoast SEO plugin v23.8 - https:\/\/yoast.com\/wordpress\/plugins\/seo\/ -->\n<title>Aposentadoria aos 65 anos em 2026: entenda as regras do INSS e o que conferir agora para evitar atraso no benef\u00edcio - Estado de Minas - Em foco<\/title>\n<meta name=\"description\" content=\"Vai completar 65 anos em 2026? Veja as regras atuais do INSS e descubra o que conferir agora para n\u00e3o atrasar sua aposentadoria.\" \/>\n<meta name=\"robots\" content=\"index, follow, max-snippet:-1, max-image-preview:large, max-video-preview:-1\" \/>\n<link rel=\"canonical\" href=\"https:\/\/www.em.com.br\/emfoco\/2026\/03\/12\/aposentadoria-aos-65-anos-em-2026-entenda-as-regras-do-inss-e-o-que-conferir-agora-para-evitar-atraso-no-beneficio\/\" \/>\n<meta property=\"og:locale\" content=\"pt_BR\" \/>\n<meta property=\"og:type\" content=\"article\" \/>\n<meta property=\"og:title\" content=\"Aposentadoria aos 65 anos em 2026: entenda as regras do INSS e o que conferir agora para evitar atraso no benef\u00edcio - Estado de Minas - Em foco\" \/>\n<meta property=\"og:description\" content=\"Vai completar 65 anos em 2026? Veja as regras atuais do INSS e descubra o que conferir agora para n\u00e3o atrasar sua aposentadoria.\" \/>\n<meta property=\"og:url\" content=\"https:\/\/www.em.com.br\/emfoco\/2026\/03\/12\/aposentadoria-aos-65-anos-em-2026-entenda-as-regras-do-inss-e-o-que-conferir-agora-para-evitar-atraso-no-beneficio\/\" \/>\n<meta property=\"og:site_name\" content=\"Estado de Minas - Em foco\" \/>\n<meta property=\"article:published_time\" content=\"2026-03-12T17:05:00+00:00\" \/>\n<meta property=\"article:modified_time\" content=\"2026-03-10T13:14:17+00:00\" \/>\n<meta property=\"og:image\" content=\"https:\/\/www.em.com.br\/emfoco\/wp-content\/uploads\/2026\/03\/2-44.jpg\" \/>\n\t<meta property=\"og:image:width\" content=\"1280\" \/>\n\t<meta property=\"og:image:height\" content=\"720\" \/>\n\t<meta property=\"og:image:type\" content=\"image\/jpeg\" \/>\n<meta name=\"author\" content=\"Gabriel Martins\" \/>\n<meta name=\"twitter:card\" content=\"summary_large_image\" \/>\n<meta name=\"twitter:label1\" content=\"Escrito por\" \/>\n\t<meta name=\"twitter:data1\" content=\"Gabriel Martins\" \/>\n\t<meta name=\"twitter:label2\" content=\"Est. tempo de leitura\" \/>\n\t<meta name=\"twitter:data2\" content=\"5 minutos\" \/>\n<!-- \/ Yoast SEO plugin. -->","yoast_head_json":{"title":"Aposentadoria aos 65 anos em 2026: entenda as regras do INSS e o que conferir agora para evitar atraso no benef\u00edcio - Estado de Minas - Em foco","description":"Vai completar 65 anos em 2026? Veja as regras atuais do INSS e descubra o que conferir agora para n\u00e3o atrasar sua aposentadoria.","robots":{"index":"index","follow":"follow","max-snippet":"max-snippet:-1","max-image-preview":"max-image-preview:large","max-video-preview":"max-video-preview:-1"},"canonical":"https:\/\/www.em.com.br\/emfoco\/2026\/03\/12\/aposentadoria-aos-65-anos-em-2026-entenda-as-regras-do-inss-e-o-que-conferir-agora-para-evitar-atraso-no-beneficio\/","og_locale":"pt_BR","og_type":"article","og_title":"Aposentadoria aos 65 anos em 2026: entenda as regras do INSS e o que conferir agora para evitar atraso no benef\u00edcio - Estado de Minas - Em foco","og_description":"Vai completar 65 anos em 2026? Veja as regras atuais do INSS e descubra o que conferir agora para n\u00e3o atrasar sua aposentadoria.","og_url":"https:\/\/www.em.com.br\/emfoco\/2026\/03\/12\/aposentadoria-aos-65-anos-em-2026-entenda-as-regras-do-inss-e-o-que-conferir-agora-para-evitar-atraso-no-beneficio\/","og_site_name":"Estado de Minas - Em foco","article_published_time":"2026-03-12T17:05:00+00:00","article_modified_time":"2026-03-10T13:14:17+00:00","og_image":[{"width":1280,"height":720,"url":"https:\/\/www.em.com.br\/emfoco\/wp-content\/uploads\/2026\/03\/2-44.jpg","type":"image\/jpeg"}],"author":"Gabriel Martins","twitter_card":"summary_large_image","twitter_misc":{"Escrito por":"Gabriel Martins","Est. tempo de leitura":"5 minutos"},"schema":{"@context":"https:\/\/schema.org","@graph":[{"@type":"WebPage","@id":"https:\/\/www.em.com.br\/emfoco\/2026\/03\/12\/aposentadoria-aos-65-anos-em-2026-entenda-as-regras-do-inss-e-o-que-conferir-agora-para-evitar-atraso-no-beneficio\/","url":"https:\/\/www.em.com.br\/emfoco\/2026\/03\/12\/aposentadoria-aos-65-anos-em-2026-entenda-as-regras-do-inss-e-o-que-conferir-agora-para-evitar-atraso-no-beneficio\/","name":"Aposentadoria aos 65 anos em 2026: entenda as regras do INSS e o que conferir agora para evitar atraso no benef\u00edcio - Estado de Minas - Em foco","isPartOf":{"@id":"https:\/\/www.em.com.br\/emfoco\/#website"},"primaryImageOfPage":{"@id":"https:\/\/www.em.com.br\/emfoco\/2026\/03\/12\/aposentadoria-aos-65-anos-em-2026-entenda-as-regras-do-inss-e-o-que-conferir-agora-para-evitar-atraso-no-beneficio\/#primaryimage"},"image":{"@id":"https:\/\/www.em.com.br\/emfoco\/2026\/03\/12\/aposentadoria-aos-65-anos-em-2026-entenda-as-regras-do-inss-e-o-que-conferir-agora-para-evitar-atraso-no-beneficio\/#primaryimage"},"thumbnailUrl":"https:\/\/www.em.com.br\/emfoco\/wp-content\/uploads\/2026\/03\/2-44.jpg","datePublished":"2026-03-12T17:05:00+00:00","dateModified":"2026-03-10T13:14:17+00:00","author":{"@id":"https:\/\/www.em.com.br\/emfoco\/#\/schema\/person\/1c9ddeab18b98abeffef834667bcf08a"},"description":"Vai completar 65 anos em 2026? Veja as regras atuais do INSS e descubra o que conferir agora para n\u00e3o atrasar sua aposentadoria.","breadcrumb":{"@id":"https:\/\/www.em.com.br\/emfoco\/2026\/03\/12\/aposentadoria-aos-65-anos-em-2026-entenda-as-regras-do-inss-e-o-que-conferir-agora-para-evitar-atraso-no-beneficio\/#breadcrumb"},"inLanguage":"pt-BR","potentialAction":[{"@type":"ReadAction","target":["https:\/\/www.em.com.br\/emfoco\/2026\/03\/12\/aposentadoria-aos-65-anos-em-2026-entenda-as-regras-do-inss-e-o-que-conferir-agora-para-evitar-atraso-no-beneficio\/"]}]},{"@type":"ImageObject","inLanguage":"pt-BR","@id":"https:\/\/www.em.com.br\/emfoco\/2026\/03\/12\/aposentadoria-aos-65-anos-em-2026-entenda-as-regras-do-inss-e-o-que-conferir-agora-para-evitar-atraso-no-beneficio\/#primaryimage","url":"https:\/\/www.em.com.br\/emfoco\/wp-content\/uploads\/2026\/03\/2-44.jpg","contentUrl":"https:\/\/www.em.com.br\/emfoco\/wp-content\/uploads\/2026\/03\/2-44.jpg","width":1280,"height":720,"caption":"Completar sessenta e cinco anos exige planejamento detalhado para obter aposentadoria"},{"@type":"BreadcrumbList","@id":"https:\/\/www.em.com.br\/emfoco\/2026\/03\/12\/aposentadoria-aos-65-anos-em-2026-entenda-as-regras-do-inss-e-o-que-conferir-agora-para-evitar-atraso-no-beneficio\/#breadcrumb","itemListElement":[{"@type":"ListItem","position":1,"name":"In\u00edcio","item":"https:\/\/www.em.com.br\/emfoco\/"},{"@type":"ListItem","position":2,"name":"Aposentadoria aos 65 anos em 2026: entenda as regras do INSS e o que conferir agora para evitar atraso no benef\u00edcio"}]},{"@type":"WebSite","@id":"https:\/\/www.em.com.br\/emfoco\/#website","url":"https:\/\/www.em.com.br\/emfoco\/","name":"Estado de Minas - Em foco","description":"Acompanhe as \u00faltimas not\u00edcias e fique bem informado sobre tudo o que acontece em Minas Gerais, Brasil e no mundo.","potentialAction":[{"@type":"SearchAction","target":{"@type":"EntryPoint","urlTemplate":"https:\/\/www.em.com.br\/emfoco\/?s={search_term_string}"},"query-input":{"@type":"PropertyValueSpecification","valueRequired":true,"valueName":"search_term_string"}}],"inLanguage":"pt-BR"},{"@type":"Person","@id":"https:\/\/www.em.com.br\/emfoco\/#\/schema\/person\/1c9ddeab18b98abeffef834667bcf08a","name":"Gabriel Martins","image":{"@type":"ImageObject","inLanguage":"pt-BR","@id":"https:\/\/www.em.com.br\/emfoco\/#\/schema\/person\/image\/","url":"https:\/\/secure.gravatar.com\/avatar\/f0f1e2efdfd88f1ad2cb08c5c2731e50?s=96&d=mm&r=g","contentUrl":"https:\/\/secure.gravatar.com\/avatar\/f0f1e2efdfd88f1ad2cb08c5c2731e50?s=96&d=mm&r=g","caption":"Gabriel Martins"},"sameAs":["https:\/\/www.em.com.br\/emfoco\/"],"url":"https:\/\/www.em.com.br\/emfoco\/author\/gabrielmartinsmyth\/"}]}},"_links":{"self":[{"href":"https:\/\/www.em.com.br\/emfoco\/wp-json\/wp\/v2\/posts\/179630","targetHints":{"allow":["GET"]}}],"collection":[{"href":"https:\/\/www.em.com.br\/emfoco\/wp-json\/wp\/v2\/posts"}],"about":[{"href":"https:\/\/www.em.com.br\/emfoco\/wp-json\/wp\/v2\/types\/post"}],"author":[{"embeddable":true,"href":"https:\/\/www.em.com.br\/emfoco\/wp-json\/wp\/v2\/users\/13"}],"replies":[{"embeddable":true,"href":"https:\/\/www.em.com.br\/emfoco\/wp-json\/wp\/v2\/comments?post=179630"}],"version-history":[{"count":1,"href":"https:\/\/www.em.com.br\/emfoco\/wp-json\/wp\/v2\/posts\/179630\/revisions"}],"predecessor-version":[{"id":179655,"href":"https:\/\/www.em.com.br\/emfoco\/wp-json\/wp\/v2\/posts\/179630\/revisions\/179655"}],"wp:featuredmedia":[{"embeddable":true,"href":"https:\/\/www.em.com.br\/emfoco\/wp-json\/wp\/v2\/media\/179642"}],"wp:attachment":[{"href":"https:\/\/www.em.com.br\/emfoco\/wp-json\/wp\/v2\/media?parent=179630"}],"wp:term":[{"taxonomy":"category","embeddable":true,"href":"https:\/\/www.em.com.br\/emfoco\/wp-json\/wp\/v2\/categories?post=179630"},{"taxonomy":"post_tag","embeddable":true,"href":"https:\/\/www.em.com.br\/emfoco\/wp-json\/wp\/v2\/tags?post=179630"}],"curies":[{"name":"wp","href":"https:\/\/api.w.org\/{rel}","templated":true}]}}