{"id":179628,"date":"2026-03-12T11:55:00","date_gmt":"2026-03-12T14:55:00","guid":{"rendered":"https:\/\/www.em.com.br\/emfoco\/?p=179628"},"modified":"2026-03-10T10:17:19","modified_gmt":"2026-03-10T13:17:19","slug":"governo-libera-duas-parcelas-extras-de-seguro-desemprego-para-trabalhadores-demitidos-entre-2025-e-2026","status":"publish","type":"post","link":"https:\/\/www.em.com.br\/emfoco\/2026\/03\/12\/governo-libera-duas-parcelas-extras-de-seguro-desemprego-para-trabalhadores-demitidos-entre-2025-e-2026\/","title":{"rendered":"Governo libera duas parcelas extras de seguro desemprego para trabalhadores demitidos entre 2025 e 2026"},"content":{"rendered":"\n<p>O an\u00fancio da libera\u00e7\u00e3o de duas parcelas extras de <strong>seguro-desemprego<\/strong> para trabalhadores demitidos entre 2025 e 2026 em tr\u00eas cidades de <strong>Minas Gerais<\/strong> impacta diretamente a renda de milhares de fam\u00edlias, funcionando como um refor\u00e7o tempor\u00e1rio de prote\u00e7\u00e3o social em um per\u00edodo de temporais intensos e danos \u00e0 infraestrutura local.<\/p>\n\n\n\n<h2 class=\"wp-block-heading\">O que s\u00e3o as parcelas extras de seguro-desemprego<\/h2>\n\n\n\n<p>As parcelas extras de seguro-desemprego s\u00e3o um acr\u00e9scimo tempor\u00e1rio ao n\u00famero padr\u00e3o de pagamentos que o trabalhador teria direito ap\u00f3s uma demiss\u00e3o sem justa causa. Em vez de mudar as regras gerais do programa, o governo cria um complemento emergencial voltado a um grupo espec\u00edfico em situa\u00e7\u00e3o at\u00edpica.<\/p>\n\n\n\n<p>Neste caso, o foco est\u00e1 nos demitidos entre o fim de 2025 e o primeiro trimestre de 2026 em regi\u00f5es afetadas por chuvas fortes e estado de calamidade p\u00fablica. O valor de cada presta\u00e7\u00e3o segue o c\u00e1lculo normal do benef\u00edcio, apenas estendendo o tempo de recebimento por mais dois meses.<\/p>\n\n\n\n<figure class=\"wp-block-image size-large\"><img loading=\"lazy\" decoding=\"async\" width=\"1024\" height=\"576\" src=\"https:\/\/www.em.com.br\/emfoco\/wp-content\/uploads\/2026\/03\/2-45-1024x576.jpg\" alt=\"Governo libera duas parcelas extras de seguro desemprego para trabalhadores demitidos entre 2025 e 2026\" class=\"wp-image-179657\" srcset=\"https:\/\/www.em.com.br\/emfoco\/wp-content\/uploads\/2026\/03\/2-45-1024x576.jpg 1024w, https:\/\/www.em.com.br\/emfoco\/wp-content\/uploads\/2026\/03\/2-45-300x169.jpg 300w, https:\/\/www.em.com.br\/emfoco\/wp-content\/uploads\/2026\/03\/2-45-768x432.jpg 768w, https:\/\/www.em.com.br\/emfoco\/wp-content\/uploads\/2026\/03\/2-45-750x422.jpg 750w, https:\/\/www.em.com.br\/emfoco\/wp-content\/uploads\/2026\/03\/2-45-1140x641.jpg 1140w, https:\/\/www.em.com.br\/emfoco\/wp-content\/uploads\/2026\/03\/2-45.jpg 1280w\" sizes=\"auto, (max-width: 1024px) 100vw, 1024px\" \/><figcaption class=\"wp-element-caption\">Medida emergencial visa proteger fam\u00edlias atingidas por fortes chuvas no estado<\/figcaption><\/figure>\n\n\n\n<h2 class=\"wp-block-heading\">Quem tem direito \u00e0s duas parcelas extras<\/h2>\n\n\n\n<p>O crit\u00e9rio central para ter acesso \u00e0s duas parcelas extras \u00e9 a combina\u00e7\u00e3o entre local de resid\u00eancia ou trabalho e o per\u00edodo da demiss\u00e3o. A medida vale para trabalhadores de Juiz de Fora, Ub\u00e1 e Matias Barbosa, em Minas Gerais, dispensados sem justa causa entre 1\u00ba de setembro de 2025 e 31 de mar\u00e7o de 2026.<\/p>\n\n\n\n<p>Al\u00e9m de se enquadrar nesse recorte, \u00e9 preciso cumprir as exig\u00eancias tradicionais do seguro-desemprego, como tempo m\u00ednimo de trabalho formal, aus\u00eancia de renda suficiente para o pr\u00f3prio sustento e n\u00e3o receber benef\u00edcio previdenci\u00e1rio continuado. Quem j\u00e1 tem direito ao benef\u00edcio padr\u00e3o, dentro desses crit\u00e9rios, passa automaticamente a receber as duas parcelas adicionais.<\/p>\n\n\n\n<ul class=\"wp-block-list\">\n<li>Demitido sem justa causa entre 01\/09\/2025 e 31\/03\/2026;<\/li>\n\n\n\n<li>Resid\u00eancia ou v\u00ednculo de trabalho em <strong><a href=\"https:\/\/www.em.com.br\/emfoco\/2026\/01\/29\/moradores-de-juiz-de-fora-podem-pagar-metade-da-conta-de-luz-com-a-tarifa-social-veja-como-garantir-o-desconto-sem-sair-de-casa\/\" target=\"_blank\" rel=\"noreferrer noopener\">Juiz de Fora<\/a><\/strong>, Ub\u00e1 ou Matias Barbosa;<\/li>\n\n\n\n<li>Atendimento aos requisitos gerais do seguro-desemprego;<\/li>\n\n\n\n<li>Benef\u00edcio solicitado dentro dos prazos habituais do programa.<\/li>\n<\/ul>\n\n\n\n<h2 class=\"wp-block-heading\">Como funciona o pagamento das parcelas extras<\/h2>\n\n\n\n<p>O pagamento das parcelas adicionais \u00e9 feito de forma autom\u00e1tica pelo sistema do Minist\u00e9rio do Trabalho, sem necessidade de novo formul\u00e1rio ou atendimento espec\u00edfico. Assim que o trabalhador faz o requerimento do benef\u00edcio padr\u00e3o, o sistema verifica se o CPF se enquadra nas regras especiais para inclus\u00e3o das duas presta\u00e7\u00f5es extras.<\/p>\n\n\n\n<p>O fluxo de pagamento segue a mesma conta ou forma de recebimento j\u00e1 utilizada para as demais parcelas, respeitando o calend\u00e1rio oficial. A automatiza\u00e7\u00e3o reduz filas, deslocamentos e d\u00favidas, favorecendo a popula\u00e7\u00e3o em cidades ainda afetadas por problemas de mobilidade e estrutura.<\/p>\n\n\n\n<figure class=\"wp-block-image size-large\"><img loading=\"lazy\" decoding=\"async\" width=\"1024\" height=\"576\" src=\"https:\/\/www.em.com.br\/emfoco\/wp-content\/uploads\/2026\/03\/1-50-1024x576.jpg\" alt=\"Governo libera duas parcelas extras de seguro desemprego para trabalhadores demitidos entre 2025 e 2026\" class=\"wp-image-179656\" srcset=\"https:\/\/www.em.com.br\/emfoco\/wp-content\/uploads\/2026\/03\/1-50-1024x576.jpg 1024w, https:\/\/www.em.com.br\/emfoco\/wp-content\/uploads\/2026\/03\/1-50-300x169.jpg 300w, https:\/\/www.em.com.br\/emfoco\/wp-content\/uploads\/2026\/03\/1-50-768x432.jpg 768w, https:\/\/www.em.com.br\/emfoco\/wp-content\/uploads\/2026\/03\/1-50-750x422.jpg 750w, https:\/\/www.em.com.br\/emfoco\/wp-content\/uploads\/2026\/03\/1-50-1140x641.jpg 1140w, https:\/\/www.em.com.br\/emfoco\/wp-content\/uploads\/2026\/03\/1-50.jpg 1280w\" sizes=\"auto, (max-width: 1024px) 100vw, 1024px\" \/><figcaption class=\"wp-element-caption\">Pagamento ocorre de forma autom\u00e1tica pelo sistema federal de prote\u00e7\u00e3o trabalhista<\/figcaption><\/figure>\n\n\n\n<h2 class=\"wp-block-heading\">Como as parcelas extras se relacionam ao saque calamidade do FGTS<\/h2>\n\n\n\n<p>Paralelamente ao refor\u00e7o do seguro-desemprego, moradores das \u00e1reas atingidas podem acessar o <strong><a href=\"https:\/\/www.fgts.gov.br\/Paginas\/trabalhador\/saque-calamidade.aspx\" target=\"_blank\" rel=\"noreferrer noopener\">Saque-Calamidade do FGTS<\/a><\/strong>, previsto para situa\u00e7\u00f5es de desastre natural com calamidade p\u00fablica reconhecida. Nessa modalidade, \u00e9 poss\u00edvel retirar valores limitados das contas do FGTS, desde que haja saldo e n\u00e3o tenha havido saque similar nos \u00faltimos 12 meses.<\/p>\n\n\n\n<p>O pedido \u00e9 realizado pelo aplicativo do FGTS, com envio de documentos pessoais e comprovante de resid\u00eancia, al\u00e9m da escolha de conta para cr\u00e9dito. Ao combinar as parcelas extras com o saque calamidade, o governo busca formar uma rede de prote\u00e7\u00e3o mais ampla, ajudando a manter despesas b\u00e1sicas e o consumo local em um momento de forte instabilidade.<\/p>\n\n\n\n<h2 class=\"wp-block-heading\">Por que agir agora para garantir seus direitos<\/h2>\n\n\n\n<p>Em um cen\u00e1rio de calamidade e incerteza no mercado de trabalho, cada parcela de renda faz diferen\u00e7a na mesa das fam\u00edlias. As duas parcelas extras de seguro-desemprego, somadas ao poss\u00edvel saque calamidade do FGTS, podem ser decisivas para evitar atrasos em contas essenciais, endividamento e interrup\u00e7\u00e3o de projetos pessoais.<\/p>\n\n\n\n<p>Se voc\u00ea se enquadra nos crit\u00e9rios, n\u00e3o adie: consulte imediatamente os canais oficiais do Minist\u00e9rio do Trabalho, da Caixa Econ\u00f4mica Federal e da sua prefeitura, organize seus documentos e fa\u00e7a os pedidos dentro do prazo. Perder esse refor\u00e7o financeiro por falta de informa\u00e7\u00e3o ou por atraso pode ter um impacto real na sua seguran\u00e7a financeira justamente quando voc\u00ea mais precisa de apoio.<\/p>\n","protected":false},"excerpt":{"rendered":"<p>O an\u00fancio da libera\u00e7\u00e3o de duas parcelas extras de seguro-desemprego para trabalhadores demitidos entre 2025 e 2026 em tr\u00eas cidades de Minas Gerais impacta diretamente a renda de milhares de fam\u00edlias, funcionando como um refor\u00e7o tempor\u00e1rio de prote\u00e7\u00e3o social em um per\u00edodo de temporais intensos e danos \u00e0 infraestrutura local. O que s\u00e3o as parcelas [&hellip;]<\/p>\n","protected":false},"author":13,"featured_media":179658,"comment_status":"open","ping_status":"open","sticky":false,"template":"","format":"standard","meta":{"jnews-multi-image_gallery":[],"jnews_single_post":{"format":"standard"},"jnews_primary_category":[],"jnews_social_meta":[],"jnews_override_counter":[],"footnotes":""},"categories":[28],"tags":[207,11411],"class_list":["post-179628","post","type-post","status-publish","format-standard","has-post-thumbnail","hentry","category-economia","tag-minas-gerais","tag-seguro-desemprego-2"],"yoast_head":"<!-- This site is optimized with the Yoast SEO plugin v23.8 - https:\/\/yoast.com\/wordpress\/plugins\/seo\/ -->\n<title>Governo libera duas parcelas extras de seguro desemprego para trabalhadores demitidos entre 2025 e 2026 - Estado de Minas - Em foco<\/title>\n<meta name=\"description\" content=\"Trabalhadores demitidos em cidades afetadas por temporais ter\u00e3o duas parcelas extras de seguro desemprego.\" \/>\n<meta name=\"robots\" content=\"index, follow, max-snippet:-1, max-image-preview:large, max-video-preview:-1\" \/>\n<link rel=\"canonical\" href=\"https:\/\/www.em.com.br\/emfoco\/2026\/03\/12\/governo-libera-duas-parcelas-extras-de-seguro-desemprego-para-trabalhadores-demitidos-entre-2025-e-2026\/\" \/>\n<meta property=\"og:locale\" content=\"pt_BR\" \/>\n<meta property=\"og:type\" content=\"article\" \/>\n<meta property=\"og:title\" content=\"Governo libera duas parcelas extras de seguro desemprego para trabalhadores demitidos entre 2025 e 2026 - Estado de Minas - Em foco\" \/>\n<meta property=\"og:description\" content=\"Trabalhadores demitidos em cidades afetadas por temporais ter\u00e3o duas parcelas extras de seguro desemprego.\" \/>\n<meta property=\"og:url\" content=\"https:\/\/www.em.com.br\/emfoco\/2026\/03\/12\/governo-libera-duas-parcelas-extras-de-seguro-desemprego-para-trabalhadores-demitidos-entre-2025-e-2026\/\" \/>\n<meta property=\"og:site_name\" content=\"Estado de Minas - Em foco\" \/>\n<meta property=\"article:published_time\" content=\"2026-03-12T14:55:00+00:00\" \/>\n<meta property=\"article:modified_time\" content=\"2026-03-10T13:17:19+00:00\" \/>\n<meta property=\"og:image\" content=\"https:\/\/www.em.com.br\/emfoco\/wp-content\/uploads\/2026\/03\/3-42.jpg\" \/>\n\t<meta property=\"og:image:width\" content=\"1280\" \/>\n\t<meta property=\"og:image:height\" content=\"720\" \/>\n\t<meta property=\"og:image:type\" content=\"image\/jpeg\" \/>\n<meta name=\"author\" content=\"Gabriel Martins\" \/>\n<meta name=\"twitter:card\" content=\"summary_large_image\" \/>\n<meta name=\"twitter:label1\" content=\"Escrito por\" \/>\n\t<meta name=\"twitter:data1\" content=\"Gabriel Martins\" \/>\n\t<meta name=\"twitter:label2\" content=\"Est. tempo de leitura\" \/>\n\t<meta name=\"twitter:data2\" content=\"5 minutos\" \/>\n<!-- \/ Yoast SEO plugin. -->","yoast_head_json":{"title":"Governo libera duas parcelas extras de seguro desemprego para trabalhadores demitidos entre 2025 e 2026 - Estado de Minas - Em foco","description":"Trabalhadores demitidos em cidades afetadas por temporais ter\u00e3o duas parcelas extras de seguro desemprego.","robots":{"index":"index","follow":"follow","max-snippet":"max-snippet:-1","max-image-preview":"max-image-preview:large","max-video-preview":"max-video-preview:-1"},"canonical":"https:\/\/www.em.com.br\/emfoco\/2026\/03\/12\/governo-libera-duas-parcelas-extras-de-seguro-desemprego-para-trabalhadores-demitidos-entre-2025-e-2026\/","og_locale":"pt_BR","og_type":"article","og_title":"Governo libera duas parcelas extras de seguro desemprego para trabalhadores demitidos entre 2025 e 2026 - Estado de Minas - Em foco","og_description":"Trabalhadores demitidos em cidades afetadas por temporais ter\u00e3o duas parcelas extras de seguro desemprego.","og_url":"https:\/\/www.em.com.br\/emfoco\/2026\/03\/12\/governo-libera-duas-parcelas-extras-de-seguro-desemprego-para-trabalhadores-demitidos-entre-2025-e-2026\/","og_site_name":"Estado de Minas - Em foco","article_published_time":"2026-03-12T14:55:00+00:00","article_modified_time":"2026-03-10T13:17:19+00:00","og_image":[{"width":1280,"height":720,"url":"https:\/\/www.em.com.br\/emfoco\/wp-content\/uploads\/2026\/03\/3-42.jpg","type":"image\/jpeg"}],"author":"Gabriel Martins","twitter_card":"summary_large_image","twitter_misc":{"Escrito por":"Gabriel Martins","Est. tempo de leitura":"5 minutos"},"schema":{"@context":"https:\/\/schema.org","@graph":[{"@type":"WebPage","@id":"https:\/\/www.em.com.br\/emfoco\/2026\/03\/12\/governo-libera-duas-parcelas-extras-de-seguro-desemprego-para-trabalhadores-demitidos-entre-2025-e-2026\/","url":"https:\/\/www.em.com.br\/emfoco\/2026\/03\/12\/governo-libera-duas-parcelas-extras-de-seguro-desemprego-para-trabalhadores-demitidos-entre-2025-e-2026\/","name":"Governo libera duas parcelas extras de seguro desemprego para trabalhadores demitidos entre 2025 e 2026 - Estado de Minas - Em foco","isPartOf":{"@id":"https:\/\/www.em.com.br\/emfoco\/#website"},"primaryImageOfPage":{"@id":"https:\/\/www.em.com.br\/emfoco\/2026\/03\/12\/governo-libera-duas-parcelas-extras-de-seguro-desemprego-para-trabalhadores-demitidos-entre-2025-e-2026\/#primaryimage"},"image":{"@id":"https:\/\/www.em.com.br\/emfoco\/2026\/03\/12\/governo-libera-duas-parcelas-extras-de-seguro-desemprego-para-trabalhadores-demitidos-entre-2025-e-2026\/#primaryimage"},"thumbnailUrl":"https:\/\/www.em.com.br\/emfoco\/wp-content\/uploads\/2026\/03\/3-42.jpg","datePublished":"2026-03-12T14:55:00+00:00","dateModified":"2026-03-10T13:17:19+00:00","author":{"@id":"https:\/\/www.em.com.br\/emfoco\/#\/schema\/person\/1c9ddeab18b98abeffef834667bcf08a"},"description":"Trabalhadores demitidos em cidades afetadas por temporais ter\u00e3o duas parcelas extras de seguro desemprego.","breadcrumb":{"@id":"https:\/\/www.em.com.br\/emfoco\/2026\/03\/12\/governo-libera-duas-parcelas-extras-de-seguro-desemprego-para-trabalhadores-demitidos-entre-2025-e-2026\/#breadcrumb"},"inLanguage":"pt-BR","potentialAction":[{"@type":"ReadAction","target":["https:\/\/www.em.com.br\/emfoco\/2026\/03\/12\/governo-libera-duas-parcelas-extras-de-seguro-desemprego-para-trabalhadores-demitidos-entre-2025-e-2026\/"]}]},{"@type":"ImageObject","inLanguage":"pt-BR","@id":"https:\/\/www.em.com.br\/emfoco\/2026\/03\/12\/governo-libera-duas-parcelas-extras-de-seguro-desemprego-para-trabalhadores-demitidos-entre-2025-e-2026\/#primaryimage","url":"https:\/\/www.em.com.br\/emfoco\/wp-content\/uploads\/2026\/03\/3-42.jpg","contentUrl":"https:\/\/www.em.com.br\/emfoco\/wp-content\/uploads\/2026\/03\/3-42.jpg","width":1280,"height":720,"caption":"Governo libera parcelas adicionais do seguro para trabalhadores em cidades mineiras"},{"@type":"BreadcrumbList","@id":"https:\/\/www.em.com.br\/emfoco\/2026\/03\/12\/governo-libera-duas-parcelas-extras-de-seguro-desemprego-para-trabalhadores-demitidos-entre-2025-e-2026\/#breadcrumb","itemListElement":[{"@type":"ListItem","position":1,"name":"In\u00edcio","item":"https:\/\/www.em.com.br\/emfoco\/"},{"@type":"ListItem","position":2,"name":"Governo libera duas parcelas extras de seguro desemprego para trabalhadores demitidos entre 2025 e 2026"}]},{"@type":"WebSite","@id":"https:\/\/www.em.com.br\/emfoco\/#website","url":"https:\/\/www.em.com.br\/emfoco\/","name":"Estado de Minas - Em foco","description":"Acompanhe as \u00faltimas not\u00edcias e fique bem informado sobre tudo o que acontece em Minas Gerais, Brasil e no mundo.","potentialAction":[{"@type":"SearchAction","target":{"@type":"EntryPoint","urlTemplate":"https:\/\/www.em.com.br\/emfoco\/?s={search_term_string}"},"query-input":{"@type":"PropertyValueSpecification","valueRequired":true,"valueName":"search_term_string"}}],"inLanguage":"pt-BR"},{"@type":"Person","@id":"https:\/\/www.em.com.br\/emfoco\/#\/schema\/person\/1c9ddeab18b98abeffef834667bcf08a","name":"Gabriel Martins","image":{"@type":"ImageObject","inLanguage":"pt-BR","@id":"https:\/\/www.em.com.br\/emfoco\/#\/schema\/person\/image\/","url":"https:\/\/secure.gravatar.com\/avatar\/f0f1e2efdfd88f1ad2cb08c5c2731e50?s=96&d=mm&r=g","contentUrl":"https:\/\/secure.gravatar.com\/avatar\/f0f1e2efdfd88f1ad2cb08c5c2731e50?s=96&d=mm&r=g","caption":"Gabriel Martins"},"sameAs":["https:\/\/www.em.com.br\/emfoco\/"],"url":"https:\/\/www.em.com.br\/emfoco\/author\/gabrielmartinsmyth\/"}]}},"_links":{"self":[{"href":"https:\/\/www.em.com.br\/emfoco\/wp-json\/wp\/v2\/posts\/179628","targetHints":{"allow":["GET"]}}],"collection":[{"href":"https:\/\/www.em.com.br\/emfoco\/wp-json\/wp\/v2\/posts"}],"about":[{"href":"https:\/\/www.em.com.br\/emfoco\/wp-json\/wp\/v2\/types\/post"}],"author":[{"embeddable":true,"href":"https:\/\/www.em.com.br\/emfoco\/wp-json\/wp\/v2\/users\/13"}],"replies":[{"embeddable":true,"href":"https:\/\/www.em.com.br\/emfoco\/wp-json\/wp\/v2\/comments?post=179628"}],"version-history":[{"count":1,"href":"https:\/\/www.em.com.br\/emfoco\/wp-json\/wp\/v2\/posts\/179628\/revisions"}],"predecessor-version":[{"id":179659,"href":"https:\/\/www.em.com.br\/emfoco\/wp-json\/wp\/v2\/posts\/179628\/revisions\/179659"}],"wp:featuredmedia":[{"embeddable":true,"href":"https:\/\/www.em.com.br\/emfoco\/wp-json\/wp\/v2\/media\/179658"}],"wp:attachment":[{"href":"https:\/\/www.em.com.br\/emfoco\/wp-json\/wp\/v2\/media?parent=179628"}],"wp:term":[{"taxonomy":"category","embeddable":true,"href":"https:\/\/www.em.com.br\/emfoco\/wp-json\/wp\/v2\/categories?post=179628"},{"taxonomy":"post_tag","embeddable":true,"href":"https:\/\/www.em.com.br\/emfoco\/wp-json\/wp\/v2\/tags?post=179628"}],"curies":[{"name":"wp","href":"https:\/\/api.w.org\/{rel}","templated":true}]}}