{"id":179617,"date":"2026-03-11T22:05:54","date_gmt":"2026-03-12T01:05:54","guid":{"rendered":"https:\/\/www.em.com.br\/emfoco\/?p=179617"},"modified":"2026-03-10T18:11:14","modified_gmt":"2026-03-10T21:11:14","slug":"adeus-look-basico-os-truques-que-transformam-roupas-comuns-em-producoes-elegantes","status":"publish","type":"post","link":"https:\/\/www.em.com.br\/emfoco\/2026\/03\/11\/adeus-look-basico-os-truques-que-transformam-roupas-comuns-em-producoes-elegantes\/","title":{"rendered":"Adeus look b\u00e1sico: os truques que transformam roupas comuns em produ\u00e7\u00f5es elegantes"},"content":{"rendered":"\n<p>Quem nunca abriu o arm\u00e1rio cheio de roupas e pensou que n\u00e3o tinha nada interessante para vestir? A express\u00e3o <strong>adeus look b\u00e1sico<\/strong> nasceu justamente desse desejo de dar um toque mais <strong>especial<\/strong> ao que a gente j\u00e1 tem, sem precisar gastar muito ou mudar totalmente de <b>estilo<\/b><\/p>\n\n\n\n<h2 class=\"wp-block-heading\">Como transformar pe\u00e7as simples em produ\u00e7\u00f5es elegantes no adeus look b\u00e1sico<\/h2>\n\n\n\n<p>Para colocar o <strong>adeus look b\u00e1sico<\/strong> em pr\u00e1tica, a constru\u00e7\u00e3o do visual passa por escolhas mais <b>intencionais<\/b>, mas ainda muito poss\u00edveis na rotina. Elementos como bom <b>caimento<\/b>, propor\u00e7\u00e3o equilibrada e acabamento bem feito fazem diferen\u00e7a na apar\u00eancia final e deixam tudo com ar mais <b>caprichado<\/b>.<\/p>\n\n\n\n<p>Uma cal\u00e7a de corte reto, bem ajustada ao corpo, por exemplo, cria uma imagem mais <b>alinhada<\/b> do que um modelo muito apertado ou largo demais. A mesma l\u00f3gica vale para barras bem feitas, costuras <b>discretas<\/b> e tecidos com bom aspecto visual, que fazem o look parecer mais <b>cuidado<\/b> mesmo quando \u00e9 bem simples.<\/p>\n\n\n<div class=\"wp-block-image\">\n<figure class=\"aligncenter size-large\"><img loading=\"lazy\" decoding=\"async\" width=\"1024\" height=\"576\" src=\"https:\/\/www.em.com.br\/emfoco\/wp-content\/uploads\/2026\/02\/Gemini_Generated_Image_e2kr12e2kr12e2kr-2-1024x576.png\" alt=\"\" class=\"wp-image-174483\" srcset=\"https:\/\/www.em.com.br\/emfoco\/wp-content\/uploads\/2026\/02\/Gemini_Generated_Image_e2kr12e2kr12e2kr-2-1024x576.png 1024w, https:\/\/www.em.com.br\/emfoco\/wp-content\/uploads\/2026\/02\/Gemini_Generated_Image_e2kr12e2kr12e2kr-2-300x169.png 300w, https:\/\/www.em.com.br\/emfoco\/wp-content\/uploads\/2026\/02\/Gemini_Generated_Image_e2kr12e2kr12e2kr-2-768x432.png 768w, https:\/\/www.em.com.br\/emfoco\/wp-content\/uploads\/2026\/02\/Gemini_Generated_Image_e2kr12e2kr12e2kr-2-750x422.png 750w, https:\/\/www.em.com.br\/emfoco\/wp-content\/uploads\/2026\/02\/Gemini_Generated_Image_e2kr12e2kr12e2kr-2-1140x641.png 1140w, https:\/\/www.em.com.br\/emfoco\/wp-content\/uploads\/2026\/02\/Gemini_Generated_Image_e2kr12e2kr12e2kr-2.png 1280w\" sizes=\"auto, (max-width: 1024px) 100vw, 1024px\" \/><figcaption class=\"wp-element-caption\">Uma cal\u00e7a de corte reto, bem ajustada ao corpo, por exemplo, cria uma imagem mais alinhada <\/figcaption><\/figure><\/div>\n\n\n<p>Leia tamb\u00e9m:&nbsp;<a href=\"https:\/\/www.em.com.br\/emfoco\/2026\/03\/08\/a-nova-tendencia-moda-praia-que-domina-o-verao-2026-e-transforma-qualquer-producao-com-praticidade\/\" target=\"_blank\" rel=\"noopener\">A nova tend\u00eancia moda-praia que domina o ver\u00e3o 2026 e transforma qualquer produ\u00e7\u00e3o com praticidade<\/a><\/p>\n\n\n\n<h2 class=\"wp-block-heading\">Quais pe\u00e7as-chave ajudam a dizer adeus ao look b\u00e1sico<\/h2>\n\n\n\n<p>Determinadas pe\u00e7as funcionam como atalhos para um visual mais <b>sofisticado<\/b>, mesmo quando a base \u00e9 jeans e camiseta. Elas conversam bem com roupas <b>simples<\/b>, podem ser usadas em diferentes contextos e ajudam a criar um efeito de \u201cme arrumei, mas sem esfor\u00e7o\u201d, refor\u00e7ando um estilo mais <b>aut\u00eantico<\/b>.<\/p>\n\n\n\n<ul class=\"wp-block-list\">\n<li><strong>Blazer estruturado: <\/strong>Um blazer em tom neutro, como <b>preto<\/b>, bege ou azul-marinho, transforma jeans e camiseta em um conjunto com apar\u00eancia mais <b>arrumada<\/b>. Em ambientes profissionais, ele substitui casacos informais e ajuda a dar <b>acabamento<\/b> ao look.<\/li>\n<\/ul>\n\n\n\n<figure class=\"wp-block-embed is-type-rich is-provider-pinterest wp-block-embed-pinterest\"><div class=\"wp-block-embed__wrapper\">\n<iframe loading=\"lazy\" title=\" \" src=\"https:\/\/assets.pinterest.com\/ext\/embed.html?id=633387444006754&#038;src=oembed\" height=\"1056\" width=\"450\" frameborder=\"0\" scrolling=\"no\" ><\/iframe>\n<\/div><\/figure>\n\n\n\n<ul class=\"wp-block-list\">\n<li><strong>Camisa de bot\u00f5es: <\/strong>A camisa de algod\u00e3o ou <b>linho<\/b>, mesmo em corte cl\u00e1ssico, permite composi\u00e7\u00f5es variadas: aberta sobre regata, usada por dentro da cal\u00e7a ou amarrada na <b>cintura<\/b>. A pe\u00e7a traz um ar alinhado sem parecer exagerado ou <b>desconfort\u00e1vel<\/b>.<\/li>\n<\/ul>\n\n\n\n<figure class=\"wp-block-embed is-type-rich is-provider-pinterest wp-block-embed-pinterest\"><div class=\"wp-block-embed__wrapper\">\n<iframe loading=\"lazy\" title=\" \" src=\"https:\/\/assets.pinterest.com\/ext\/embed.html?id=68748520531&#038;src=oembed\" height=\"938\" width=\"450\" frameborder=\"0\" scrolling=\"no\" ><\/iframe>\n<\/div><\/figure>\n\n\n\n<ul class=\"wp-block-list\">\n<li><strong>Cal\u00e7a de alfaiataria: <\/strong>A cal\u00e7a de corte reto ou levemente amplo substitui o jeans em situa\u00e7\u00f5es que pedem um visual um pouco mais <b>formal<\/b>. Em 2026, modelos de cintura m\u00e9dia e tecidos leves ganharam espa\u00e7o por unir <strong>conforto<\/strong> e <b>eleg\u00e2ncia<\/b>.<\/li>\n<\/ul>\n\n\n\n<figure class=\"wp-block-embed is-type-rich is-provider-pinterest wp-block-embed-pinterest\"><div class=\"wp-block-embed__wrapper\">\n<iframe loading=\"lazy\" title=\"As melhores dicas de como usar cal\u00e7a de alfaiataria\" src=\"https:\/\/assets.pinterest.com\/ext\/embed.html?id=400116748166799509&#038;src=oembed\" height=\"775\" width=\"450\" frameborder=\"0\" scrolling=\"no\" ><\/iframe>\n<\/div><\/figure>\n\n\n\n<ul class=\"wp-block-list\">\n<li><strong>Mule, loafer ou sapato tipo slingback: <\/strong>Esses cal\u00e7ados, geralmente com design mais <b>limpo<\/b>, ajudam a atualizar um look simples. Em vez de um t\u00eanis muito esportivo, essas op\u00e7\u00f5es mant\u00eam a <b>praticidade<\/b>, mas com apar\u00eancia mais requintada e <b>adulta<\/b>.<\/li>\n<\/ul>\n\n\n\n<figure class=\"wp-block-embed is-type-rich is-provider-pinterest wp-block-embed-pinterest\"><div class=\"wp-block-embed__wrapper\">\n<iframe loading=\"lazy\" title=\" \" src=\"https:\/\/assets.pinterest.com\/ext\/embed.html?id=2674081025749659&#038;src=oembed\" height=\"1079\" width=\"450\" frameborder=\"0\" scrolling=\"no\" ><\/iframe>\n<\/div><\/figure>\n\n\n\n<ul class=\"wp-block-list\">\n<li><strong>Bolsa estruturada: <\/strong>Modelos m\u00e9dios, com al\u00e7a firme e formato <b>definido<\/b>, complementam a ideia de visual elegante. A cor neutra facilita a <b>combina\u00e7\u00e3o<\/b> com pe\u00e7as j\u00e1 presentes no guarda-roupa e transmite uma imagem mais <b>organizada<\/b>.<\/li>\n<\/ul>\n\n\n\n<figure class=\"wp-block-embed is-type-rich is-provider-pinterest wp-block-embed-pinterest\"><div class=\"wp-block-embed__wrapper\">\n<iframe loading=\"lazy\" title=\"Bolsa Verde Escura com Estampa Animal Print \u2013 Combina\u00e7\u00e3o Moderna e Refinada\" src=\"https:\/\/assets.pinterest.com\/ext\/embed.html?id=376895062587194579&#038;src=oembed\" height=\"775\" width=\"450\" frameborder=\"0\" scrolling=\"no\" ><\/iframe>\n<\/div><\/figure>\n\n\n\n<h2 class=\"wp-block-heading\">Como aplicar o adeus look b\u00e1sico no dia a dia sem exageros<\/h2>\n\n\n\n<p>A tend\u00eancia tamb\u00e9m se relaciona ao <strong>equil\u00edbrio<\/strong>. Ao dizer adeus ao look b\u00e1sico, n\u00e3o \u00e9 preciso transformar cada produ\u00e7\u00e3o em algo cheio de <b>informa\u00e7\u00e3o<\/b>. Em muitos casos, basta incluir um ponto de destaque em um conjunto simples, como um acess\u00f3rio marcante ou uma terceira pe\u00e7a bem <b>escolhida<\/b>.<\/p>\n\n\n\n<p>Para facilitar, voc\u00ea pode criar um pequeno <b>ritual<\/b> ao se arrumar, observando a base do look e escolhendo apenas um elemento de <b>impacto<\/b>. Assim, a produ\u00e7\u00e3o continua pr\u00e1tica, continua a sua cara, mas com um ar mais <b>polido<\/b> e adequado a diferentes situa\u00e7\u00f5es do dia.<\/p>\n\n\n\n<p>Para voc\u00ea que gosta de se cuidar, separamos um v\u00eddeo do canal da<a href=\"https:\/\/www.youtube.com\/@brislamota\" target=\"_blank\" rel=\"noreferrer noopener\"> Brisla Mota <\/a>com dicas apra inovar seu look:<\/p>\n\n\n\n<figure class=\"wp-block-embed is-type-video is-provider-youtube wp-block-embed-youtube wp-embed-aspect-16-9 wp-has-aspect-ratio\"><div class=\"wp-block-embed__wrapper\">\n<div class=\"jeg_video_container jeg_video_content\"><iframe loading=\"lazy\" title=\"CARA DE RICA COM ESSES 9 LOOKS !\" width=\"500\" height=\"281\" src=\"https:\/\/www.youtube.com\/embed\/tz7kvBlY4Cg?feature=oembed\" frameborder=\"0\" allow=\"accelerometer; autoplay; clipboard-write; encrypted-media; gyroscope; picture-in-picture; web-share\" referrerpolicy=\"strict-origin-when-cross-origin\" allowfullscreen><\/iframe><\/div>\n<\/div><\/figure>\n\n\n\n<h2 class=\"wp-block-heading\">Quais passos simples ajudam a colocar o adeus look b\u00e1sico em pr\u00e1tica<\/h2>\n\n\n\n<p>Alguns passos f\u00e1ceis podem te ajudar a aplicar o <strong>adeus look b\u00e1sico<\/strong> sem complica\u00e7\u00f5es. A ideia \u00e9 partir de uma base <b>neutra<\/b> e adicionar poucos detalhes que fa\u00e7am <b>diferen\u00e7a<\/b>, mantendo tudo leve e poss\u00edvel no <b>cotidiano<\/b>.<\/p>\n\n\n\n<ul class=\"wp-block-list\">\n<li>Definir uma base <b>neutra<\/b>, como cal\u00e7a jeans e camiseta <b>lisa<\/b>.<\/li>\n\n\n\n<li>Escolher uma terceira pe\u00e7a ou um acess\u00f3rio de <b>impacto<\/b>.<\/li>\n\n\n\n<li>Observar o <b>equil\u00edbrio<\/b> das cores, priorizando uma paleta <b>limitada<\/b>.<\/li>\n\n\n\n<li>Cuidar do ajuste das roupas ao <b>corpo<\/b>, evitando sobras ou apertos <b>excessivos<\/b>.<\/li>\n\n\n\n<li>Verificar detalhes como <b>barra<\/b>, gola, punho e limpeza dos <b>cal\u00e7ados<\/b>.<\/li>\n<\/ul>\n\n\n\n<p>Se voc\u00ea quer come\u00e7ar hoje, escolha uma pe\u00e7a que <b>ama<\/b>, adicione um detalhe especial e observe como se sente com esse novo olhar para o pr\u00f3prio <b>estilo<\/b>. Use essas dicas como guia, teste combina\u00e7\u00f5es e, aos poucos, crie seu jeito \u00fanico de dizer <strong>adeus<\/strong> ao look b\u00e1sico, tornando cada visual mais <b>alinhado<\/b> com quem voc\u00ea realmente \u00e9.<\/p>\n","protected":false},"excerpt":{"rendered":"<p>Quem nunca abriu o arm\u00e1rio cheio de roupas e pensou que n\u00e3o tinha nada interessante para vestir? A express\u00e3o adeus look b\u00e1sico nasceu justamente desse desejo de dar um toque mais especial ao que a gente j\u00e1 tem, sem precisar gastar muito ou mudar totalmente de estilo Como transformar pe\u00e7as simples em produ\u00e7\u00f5es elegantes no [&hellip;]<\/p>\n","protected":false},"author":9,"featured_media":179822,"comment_status":"open","ping_status":"open","sticky":false,"template":"","format":"standard","meta":{"jnews-multi-image_gallery":[],"jnews_single_post":{"format":"standard"},"jnews_primary_category":[],"jnews_social_meta":[],"jnews_override_counter":[],"footnotes":""},"categories":[8691,1],"tags":[25938,25939,4977,1920],"class_list":["post-179617","post","type-post","status-publish","format-standard","has-post-thumbnail","hentry","category-bem-estar","category-noticias","tag-dress-code","tag-look-basico","tag-moda","tag-tendencia"],"yoast_head":"<!-- This site is optimized with the Yoast SEO plugin v23.8 - https:\/\/yoast.com\/wordpress\/plugins\/seo\/ -->\n<title>Adeus look b\u00e1sico: os truques que transformam roupas comuns em produ\u00e7\u00f5es elegantes - Estado de Minas - Em foco<\/title>\n<meta name=\"description\" content=\"Transforme pe\u00e7as simples em produ\u00e7\u00f5es elegantes e aprenda a dizer adeus ao look b\u00e1sico com toques de estilo\" \/>\n<meta name=\"robots\" content=\"index, follow, max-snippet:-1, max-image-preview:large, max-video-preview:-1\" \/>\n<link rel=\"canonical\" href=\"https:\/\/www.em.com.br\/emfoco\/2026\/03\/11\/adeus-look-basico-os-truques-que-transformam-roupas-comuns-em-producoes-elegantes\/\" \/>\n<meta property=\"og:locale\" content=\"pt_BR\" \/>\n<meta property=\"og:type\" content=\"article\" \/>\n<meta property=\"og:title\" content=\"Adeus look b\u00e1sico: os truques que transformam roupas comuns em produ\u00e7\u00f5es elegantes - Estado de Minas - Em foco\" \/>\n<meta property=\"og:description\" content=\"Transforme pe\u00e7as simples em produ\u00e7\u00f5es elegantes e aprenda a dizer adeus ao look b\u00e1sico com toques de estilo\" \/>\n<meta property=\"og:url\" content=\"https:\/\/www.em.com.br\/emfoco\/2026\/03\/11\/adeus-look-basico-os-truques-que-transformam-roupas-comuns-em-producoes-elegantes\/\" \/>\n<meta property=\"og:site_name\" content=\"Estado de Minas - Em foco\" \/>\n<meta property=\"article:published_time\" content=\"2026-03-12T01:05:54+00:00\" \/>\n<meta property=\"article:modified_time\" content=\"2026-03-10T21:11:14+00:00\" \/>\n<meta property=\"og:image\" content=\"https:\/\/www.em.com.br\/emfoco\/wp-content\/uploads\/2026\/03\/Gemini_Generated_Image_8a9x7u8a9x7u8a9x-1.png\" \/>\n\t<meta property=\"og:image:width\" content=\"1280\" \/>\n\t<meta property=\"og:image:height\" content=\"720\" \/>\n\t<meta property=\"og:image:type\" content=\"image\/png\" \/>\n<meta name=\"author\" content=\"Daniely Cardoso\" \/>\n<meta name=\"twitter:card\" content=\"summary_large_image\" \/>\n<meta name=\"twitter:label1\" content=\"Escrito por\" \/>\n\t<meta name=\"twitter:data1\" content=\"Daniely Cardoso\" \/>\n\t<meta name=\"twitter:label2\" content=\"Est. tempo de leitura\" \/>\n\t<meta name=\"twitter:data2\" content=\"5 minutos\" \/>\n<!-- \/ Yoast SEO plugin. -->","yoast_head_json":{"title":"Adeus look b\u00e1sico: os truques que transformam roupas comuns em produ\u00e7\u00f5es elegantes - Estado de Minas - Em foco","description":"Transforme pe\u00e7as simples em produ\u00e7\u00f5es elegantes e aprenda a dizer adeus ao look b\u00e1sico com toques de estilo","robots":{"index":"index","follow":"follow","max-snippet":"max-snippet:-1","max-image-preview":"max-image-preview:large","max-video-preview":"max-video-preview:-1"},"canonical":"https:\/\/www.em.com.br\/emfoco\/2026\/03\/11\/adeus-look-basico-os-truques-que-transformam-roupas-comuns-em-producoes-elegantes\/","og_locale":"pt_BR","og_type":"article","og_title":"Adeus look b\u00e1sico: os truques que transformam roupas comuns em produ\u00e7\u00f5es elegantes - Estado de Minas - Em foco","og_description":"Transforme pe\u00e7as simples em produ\u00e7\u00f5es elegantes e aprenda a dizer adeus ao look b\u00e1sico com toques de estilo","og_url":"https:\/\/www.em.com.br\/emfoco\/2026\/03\/11\/adeus-look-basico-os-truques-que-transformam-roupas-comuns-em-producoes-elegantes\/","og_site_name":"Estado de Minas - Em foco","article_published_time":"2026-03-12T01:05:54+00:00","article_modified_time":"2026-03-10T21:11:14+00:00","og_image":[{"width":1280,"height":720,"url":"https:\/\/www.em.com.br\/emfoco\/wp-content\/uploads\/2026\/03\/Gemini_Generated_Image_8a9x7u8a9x7u8a9x-1.png","type":"image\/png"}],"author":"Daniely Cardoso","twitter_card":"summary_large_image","twitter_misc":{"Escrito por":"Daniely Cardoso","Est. tempo de leitura":"5 minutos"},"schema":{"@context":"https:\/\/schema.org","@graph":[{"@type":"WebPage","@id":"https:\/\/www.em.com.br\/emfoco\/2026\/03\/11\/adeus-look-basico-os-truques-que-transformam-roupas-comuns-em-producoes-elegantes\/","url":"https:\/\/www.em.com.br\/emfoco\/2026\/03\/11\/adeus-look-basico-os-truques-que-transformam-roupas-comuns-em-producoes-elegantes\/","name":"Adeus look b\u00e1sico: os truques que transformam roupas comuns em produ\u00e7\u00f5es elegantes - Estado de Minas - Em foco","isPartOf":{"@id":"https:\/\/www.em.com.br\/emfoco\/#website"},"primaryImageOfPage":{"@id":"https:\/\/www.em.com.br\/emfoco\/2026\/03\/11\/adeus-look-basico-os-truques-que-transformam-roupas-comuns-em-producoes-elegantes\/#primaryimage"},"image":{"@id":"https:\/\/www.em.com.br\/emfoco\/2026\/03\/11\/adeus-look-basico-os-truques-que-transformam-roupas-comuns-em-producoes-elegantes\/#primaryimage"},"thumbnailUrl":"https:\/\/www.em.com.br\/emfoco\/wp-content\/uploads\/2026\/03\/Gemini_Generated_Image_8a9x7u8a9x7u8a9x-1.png","datePublished":"2026-03-12T01:05:54+00:00","dateModified":"2026-03-10T21:11:14+00:00","author":{"@id":"https:\/\/www.em.com.br\/emfoco\/#\/schema\/person\/0a8186d72f2c3a5c6276d90b41f271a0"},"description":"Transforme pe\u00e7as simples em produ\u00e7\u00f5es elegantes e aprenda a dizer adeus ao look b\u00e1sico com toques de estilo","breadcrumb":{"@id":"https:\/\/www.em.com.br\/emfoco\/2026\/03\/11\/adeus-look-basico-os-truques-que-transformam-roupas-comuns-em-producoes-elegantes\/#breadcrumb"},"inLanguage":"pt-BR","potentialAction":[{"@type":"ReadAction","target":["https:\/\/www.em.com.br\/emfoco\/2026\/03\/11\/adeus-look-basico-os-truques-que-transformam-roupas-comuns-em-producoes-elegantes\/"]}]},{"@type":"ImageObject","inLanguage":"pt-BR","@id":"https:\/\/www.em.com.br\/emfoco\/2026\/03\/11\/adeus-look-basico-os-truques-que-transformam-roupas-comuns-em-producoes-elegantes\/#primaryimage","url":"https:\/\/www.em.com.br\/emfoco\/wp-content\/uploads\/2026\/03\/Gemini_Generated_Image_8a9x7u8a9x7u8a9x-1.png","contentUrl":"https:\/\/www.em.com.br\/emfoco\/wp-content\/uploads\/2026\/03\/Gemini_Generated_Image_8a9x7u8a9x7u8a9x-1.png","width":1280,"height":720,"caption":"Determinadas pe\u00e7as funcionam como atalhos para um visual mais sofisticado, mesmo quando a base \u00e9 jeans e camiseta"},{"@type":"BreadcrumbList","@id":"https:\/\/www.em.com.br\/emfoco\/2026\/03\/11\/adeus-look-basico-os-truques-que-transformam-roupas-comuns-em-producoes-elegantes\/#breadcrumb","itemListElement":[{"@type":"ListItem","position":1,"name":"In\u00edcio","item":"https:\/\/www.em.com.br\/emfoco\/"},{"@type":"ListItem","position":2,"name":"Adeus look b\u00e1sico: os truques que transformam roupas comuns em produ\u00e7\u00f5es elegantes"}]},{"@type":"WebSite","@id":"https:\/\/www.em.com.br\/emfoco\/#website","url":"https:\/\/www.em.com.br\/emfoco\/","name":"Estado de Minas - Em foco","description":"Acompanhe as \u00faltimas not\u00edcias e fique bem informado sobre tudo o que acontece em Minas Gerais, Brasil e no mundo.","potentialAction":[{"@type":"SearchAction","target":{"@type":"EntryPoint","urlTemplate":"https:\/\/www.em.com.br\/emfoco\/?s={search_term_string}"},"query-input":{"@type":"PropertyValueSpecification","valueRequired":true,"valueName":"search_term_string"}}],"inLanguage":"pt-BR"},{"@type":"Person","@id":"https:\/\/www.em.com.br\/emfoco\/#\/schema\/person\/0a8186d72f2c3a5c6276d90b41f271a0","name":"Daniely Cardoso","image":{"@type":"ImageObject","inLanguage":"pt-BR","@id":"https:\/\/www.em.com.br\/emfoco\/#\/schema\/person\/image\/","url":"https:\/\/secure.gravatar.com\/avatar\/4b80ddbd124d1f071b626d52d62e5dff?s=96&d=mm&r=g","contentUrl":"https:\/\/secure.gravatar.com\/avatar\/4b80ddbd124d1f071b626d52d62e5dff?s=96&d=mm&r=g","caption":"Daniely Cardoso"},"url":"https:\/\/www.em.com.br\/emfoco\/author\/danielymyth\/"}]}},"_links":{"self":[{"href":"https:\/\/www.em.com.br\/emfoco\/wp-json\/wp\/v2\/posts\/179617","targetHints":{"allow":["GET"]}}],"collection":[{"href":"https:\/\/www.em.com.br\/emfoco\/wp-json\/wp\/v2\/posts"}],"about":[{"href":"https:\/\/www.em.com.br\/emfoco\/wp-json\/wp\/v2\/types\/post"}],"author":[{"embeddable":true,"href":"https:\/\/www.em.com.br\/emfoco\/wp-json\/wp\/v2\/users\/9"}],"replies":[{"embeddable":true,"href":"https:\/\/www.em.com.br\/emfoco\/wp-json\/wp\/v2\/comments?post=179617"}],"version-history":[{"count":3,"href":"https:\/\/www.em.com.br\/emfoco\/wp-json\/wp\/v2\/posts\/179617\/revisions"}],"predecessor-version":[{"id":179913,"href":"https:\/\/www.em.com.br\/emfoco\/wp-json\/wp\/v2\/posts\/179617\/revisions\/179913"}],"wp:featuredmedia":[{"embeddable":true,"href":"https:\/\/www.em.com.br\/emfoco\/wp-json\/wp\/v2\/media\/179822"}],"wp:attachment":[{"href":"https:\/\/www.em.com.br\/emfoco\/wp-json\/wp\/v2\/media?parent=179617"}],"wp:term":[{"taxonomy":"category","embeddable":true,"href":"https:\/\/www.em.com.br\/emfoco\/wp-json\/wp\/v2\/categories?post=179617"},{"taxonomy":"post_tag","embeddable":true,"href":"https:\/\/www.em.com.br\/emfoco\/wp-json\/wp\/v2\/tags?post=179617"}],"curies":[{"name":"wp","href":"https:\/\/api.w.org\/{rel}","templated":true}]}}