{"id":179616,"date":"2026-03-11T19:15:47","date_gmt":"2026-03-11T22:15:47","guid":{"rendered":"https:\/\/www.em.com.br\/emfoco\/?p=179616"},"modified":"2026-03-10T16:48:29","modified_gmt":"2026-03-10T19:48:29","slug":"nem-saia-nem-calca-social-o-macacao-que-virou-o-uniforme-da-mulher-elegante-em-2026","status":"publish","type":"post","link":"https:\/\/www.em.com.br\/emfoco\/2026\/03\/11\/nem-saia-nem-calca-social-o-macacao-que-virou-o-uniforme-da-mulher-elegante-em-2026\/","title":{"rendered":"Nem saia nem cal\u00e7a social, o macac\u00e3o que virou o uniforme da mulher elegante em 2026"},"content":{"rendered":"\n<p>Voc\u00ea j\u00e1 ficou em d\u00favida sobre como se vestir para um evento mais arrumado sem apelar para a mesma <strong>saia<\/strong> de sempre ou aquela <b>cal\u00e7a<\/b> social? Hoje, muita gente busca um <b>meio-termo<\/b>: um visual moderno, confort\u00e1vel e com cara de \u201cbem pensado\u201d, que foge das f\u00f3rmulas cl\u00e1ssicas, mas ainda transmite cuidado e <strong>eleg\u00e2ncia<\/strong> no dia a dia.<\/p>\n\n\n\n<h2 class=\"wp-block-heading\">O que define esse modelo moderno de vestir<\/h2>\n\n\n\n<p>A express\u00e3o <strong>nem<\/strong> <b>saia<\/b> nem cal\u00e7a tradicional resume um estilo que rompe com o guarda-roupa formal cl\u00e1ssico. Em vez de depender da dupla camisa e cal\u00e7a reta ou da combina\u00e7\u00e3o de saia e blazer, esse modelo moderno privilegia pe\u00e7as diferentes, mas com acabamento de qualidade e caimento <b>confort\u00e1vel<\/b>.<\/p>\n\n\n\n<p>Entre as pe\u00e7as mais usadas nesse estilo aparecem <strong>macac\u00f5es<\/strong> de alfaiataria, bermudas estruturadas, conjuntos de shorts mais longos, vestidos-camisa e cal\u00e7as de modelagem alternativa, como pantacourts e culottes. O que une essas op\u00e7\u00f5es \u00e9 a inten\u00e7\u00e3o de criar um visual alinhado, com ar <b>atual<\/b> e que se adapta ao cotidiano e a eventos <b>espec\u00edficos<\/b>.<\/p>\n\n\n<div class=\"wp-block-image\">\n<figure class=\"aligncenter size-large\"><img loading=\"lazy\" decoding=\"async\" width=\"1024\" height=\"576\" src=\"https:\/\/www.em.com.br\/emfoco\/wp-content\/uploads\/2026\/02\/Gemini_Generated_Image_kkf2j3kkf2j3kkf2-1-1024x576.png\" alt=\"\" class=\"wp-image-174420\" srcset=\"https:\/\/www.em.com.br\/emfoco\/wp-content\/uploads\/2026\/02\/Gemini_Generated_Image_kkf2j3kkf2j3kkf2-1-1024x576.png 1024w, https:\/\/www.em.com.br\/emfoco\/wp-content\/uploads\/2026\/02\/Gemini_Generated_Image_kkf2j3kkf2j3kkf2-1-300x169.png 300w, https:\/\/www.em.com.br\/emfoco\/wp-content\/uploads\/2026\/02\/Gemini_Generated_Image_kkf2j3kkf2j3kkf2-1-768x432.png 768w, https:\/\/www.em.com.br\/emfoco\/wp-content\/uploads\/2026\/02\/Gemini_Generated_Image_kkf2j3kkf2j3kkf2-1-750x422.png 750w, https:\/\/www.em.com.br\/emfoco\/wp-content\/uploads\/2026\/02\/Gemini_Generated_Image_kkf2j3kkf2j3kkf2-1-1140x641.png 1140w, https:\/\/www.em.com.br\/emfoco\/wp-content\/uploads\/2026\/02\/Gemini_Generated_Image_kkf2j3kkf2j3kkf2-1.png 1280w\" sizes=\"auto, (max-width: 1024px) 100vw, 1024px\" \/><figcaption class=\"wp-element-caption\">Entre as pe\u00e7as mais usadas nesse estilo aparecem macac\u00f5es de alfaiataria<\/figcaption><\/figure><\/div>\n\n\n<p>Leia tamb\u00e9m:&nbsp;<a href=\"https:\/\/www.em.com.br\/emfoco\/2026\/03\/09\/unhas-descamando-e-quebrando-conheca-a-receita-natural-que-ganhou-espaco-no-autocuidado-e-esta-salvando-unhas-fracas\/\" target=\"_blank\" rel=\"noopener\">Unhas descamando e quebrando? Conhe\u00e7a a receita natural que ganhou espa\u00e7o no autocuidado e est\u00e1 salvando unhas fracas<\/a><\/p>\n\n\n\n<h2 class=\"wp-block-heading\">Como montar um visual elegante com esse estilo moderno<\/h2>\n\n\n\n<p>Para adotar o estilo <strong>nem<\/strong> saia nem cal\u00e7a tradicional com eleg\u00e2ncia, a combina\u00e7\u00e3o de pe\u00e7as precisa ser pensada com aten\u00e7\u00e3o, mas sem complicar. Em muitos casos, a pe\u00e7a principal \u00e9 <b>neutra<\/b> e o destaque fica nos acess\u00f3rios, sapatos e textura dos tecidos, mantendo o visual <b>sofisticado<\/b>, mesmo quando a base \u00e9 mais despojada.<\/p>\n\n\n\n<p>Algumas diretrizes simples podem ajudar a montar looks coerentes e vers\u00e1teis no dia a dia:<\/p>\n\n\n\n<ul class=\"wp-block-list\">\n<li>Escolher tecidos mais <strong>estruturados<\/strong>, como linho,<a href=\"https:\/\/br.pinterest.com\/search\/pins\/?q=sarja%20fina&amp;rs=typed\" target=\"_blank\" rel=\"noreferrer noopener\"> sarja fina<\/a>, crepe e alfaiataria leve;<\/li>\n\n\n\n<li>Priorizar cores <b>s\u00f3brias<\/b> ou paletas harm\u00f4nicas, evitando contrastes exagerados;<\/li>\n\n\n\n<li>Investir em cortes <strong>retos<\/strong> ou levemente amplos, que ofere\u00e7am conforto sem perder o ar elegante;<\/li>\n\n\n\n<li>Equilibrar <b>volumes<\/b>: se a parte de baixo \u00e9 mais solta, a parte de cima pode ser mais ajustada, e vice-versa;<\/li>\n\n\n\n<li>Completar o visual com sapatos bem <strong>acabados<\/strong>, como mocassins, sand\u00e1lias de tiras finas, scarpins ou botas minimalistas.<\/li>\n<\/ul>\n\n\n\n<h2 class=\"wp-block-heading\">Quais pe\u00e7as substituem a saia e a cal\u00e7a tradicional<\/h2>\n\n\n\n<p>O guarda-roupa atual oferece v\u00e1rias alternativas para quem busca um visual elegante sem recorrer \u00e0 saia ou \u00e0 cal\u00e7a cl\u00e1ssica. Algumas pe\u00e7as se destacam por unir <strong>praticidade<\/strong> e sofistica\u00e7\u00e3o, funcionando bem tanto para o <b>trabalho<\/b> quanto para momentos de <b>lazer<\/b>.<\/p>\n\n\n\n<ul class=\"wp-block-list\">\n<li><strong>Macac\u00e3o de alfaiataria: <\/strong>O macac\u00e3o estruturado \u00e9 uma das principais apostas desse estilo moderno. Com cintura <b style=\"font-size: revert;\">marcada<\/b><span style=\"font-size: revert;\">, pernas retas ou levemente amplas e decotes discretos, ele cria um conjunto \u00fanico e f\u00e1cil de usar.<\/span><\/li>\n<\/ul>\n\n\n\n<figure class=\"wp-block-embed is-type-rich is-provider-pinterest wp-block-embed-pinterest\"><div class=\"wp-block-embed__wrapper\">\n<iframe loading=\"lazy\" title=\"back in stock \ud83e\udd0d macac\u00e3o Mil\u00e3o\" src=\"https:\/\/assets.pinterest.com\/ext\/embed.html?id=75083518782869550&#038;src=oembed\" height=\"899\" width=\"450\" frameborder=\"0\" scrolling=\"no\" ><\/iframe>\n<\/div><\/figure>\n\n\n\n<ul class=\"wp-block-list\">\n<li><strong>Conjunto de bermuda ou shorts de alfaiataria: <\/strong>Para climas quentes, o conjunto de blazer com bermuda ou shorts de alfaiataria virou queridinho.<\/li>\n<\/ul>\n\n\n\n<figure class=\"wp-block-embed is-type-rich is-provider-pinterest wp-block-embed-pinterest\"><div class=\"wp-block-embed__wrapper\">\n<iframe loading=\"lazy\" title=\" \" src=\"https:\/\/assets.pinterest.com\/ext\/embed.html?id=1266706140828752&#038;src=oembed\" height=\"800\" width=\"450\" frameborder=\"0\" scrolling=\"no\" ><\/iframe>\n<\/div><\/figure>\n\n\n\n<ul class=\"wp-block-list\">\n<li><strong>Vestido-camisa e chemise: <\/strong>O vestido-camisa, tamb\u00e9m chamado de chemise, se encaixa bem na proposta <em style=\"font-size: revert;\">nem saia nem cal\u00e7a tradicional<\/em><span style=\"font-size: revert;\"> porque funciona como pe\u00e7a \u00fanica, com apar\u00eancia limpa e sofisticada.\u00a0<\/span><\/li>\n<\/ul>\n\n\n\n<figure class=\"wp-block-embed is-type-rich is-provider-pinterest wp-block-embed-pinterest\"><div class=\"wp-block-embed__wrapper\">\n<iframe loading=\"lazy\" title=\"Back in town ! I don\u2019t know a chicer outfit than a long breezy shirtdress \ud83d\ude2e\u200d\ud83d\udca8Want the links? Comment LOOK and check your DMs ;)  #frenchstyle #summerlook\" src=\"https:\/\/assets.pinterest.com\/ext\/embed.html?id=30117891253246715&#038;src=oembed\" height=\"898\" width=\"450\" frameborder=\"0\" scrolling=\"no\" ><\/iframe>\n<\/div><\/figure>\n\n\n\n<ul class=\"wp-block-list\">\n<li><strong>Cal\u00e7as de modelagem n\u00e3o convencional: <\/strong>Modelos como pantacourt, culotte ou cal\u00e7a-envelope fogem da cal\u00e7a social tradicional.\u00a0<\/li>\n<\/ul>\n\n\n\n<figure class=\"wp-block-embed is-type-rich is-provider-pinterest wp-block-embed-pinterest\"><div class=\"wp-block-embed__wrapper\">\n<iframe loading=\"lazy\" title=\"Dicas de moda: como usar cal\u00e7a pantacourt\" src=\"https:\/\/assets.pinterest.com\/ext\/embed.html?id=738520038933042978&#038;src=oembed\" height=\"899\" width=\"450\" frameborder=\"0\" scrolling=\"no\" ><\/iframe>\n<\/div><\/figure>\n\n\n\n<h2 class=\"wp-block-heading\">Quando usar o estilo nem saia nem cal\u00e7a tradicional<\/h2>\n\n\n\n<p>O modelo moderno que foge da saia e da cal\u00e7a cl\u00e1ssica \u00e9 vers\u00e1til e se adapta bem a diferentes rotinas. Em ambientes corporativos com c\u00f3digo de vestimenta mais flex\u00edvel, o macac\u00e3o de <strong>alfaiataria<\/strong> e o conjunto de bermuda com blazer aparecem como alternativas vi\u00e1veis e cheias de <b>personalidade<\/b> para quem quer se destacar com eleg\u00e2ncia.<\/p>\n\n\n\n<p>Eventos sociais diurnos, como almo\u00e7os, anivers\u00e1rios e lan\u00e7amentos culturais, tamb\u00e9m recebem bem esse tipo de produ\u00e7\u00e3o. \u00c0 noite, tecidos mais nobres, como <b>cetim<\/b> encorpado ou crepe pesado, refor\u00e7am a eleg\u00e2ncia. Para momentos informais, vers\u00f5es mais leves das mesmas pe\u00e7as mant\u00eam a proposta moderna, por\u00e9m com maior <strong>descontra\u00e7\u00e3o<\/strong> e liberdade.<\/p>\n","protected":false},"excerpt":{"rendered":"<p>Voc\u00ea j\u00e1 ficou em d\u00favida sobre como se vestir para um evento mais arrumado sem apelar para a mesma saia de sempre ou aquela cal\u00e7a social? Hoje, muita gente busca um meio-termo: um visual moderno, confort\u00e1vel e com cara de \u201cbem pensado\u201d, que foge das f\u00f3rmulas cl\u00e1ssicas, mas ainda transmite cuidado e eleg\u00e2ncia no dia [&hellip;]<\/p>\n","protected":false},"author":9,"featured_media":179817,"comment_status":"open","ping_status":"open","sticky":false,"template":"","format":"standard","meta":{"jnews-multi-image_gallery":[],"jnews_single_post":{"format":"standard"},"jnews_primary_category":[],"jnews_social_meta":[],"jnews_override_counter":[],"footnotes":""},"categories":[8819,1],"tags":[25938,4977,9446,1920],"class_list":["post-179616","post","type-post","status-publish","format-standard","has-post-thumbnail","hentry","category-curiosidades","category-noticias","tag-dress-code","tag-moda","tag-roupa","tag-tendencia"],"yoast_head":"<!-- This site is optimized with the Yoast SEO plugin v23.8 - https:\/\/yoast.com\/wordpress\/plugins\/seo\/ -->\n<title>Nem saia nem cal\u00e7a social, o macac\u00e3o que virou o uniforme da mulher elegante em 2026 - Estado de Minas - Em foco<\/title>\n<meta name=\"description\" content=\"Fuja do \u00f3bvio com produ\u00e7\u00f5es modernas que substituem a saia e a cal\u00e7a social com muita eleg\u00e2ncia e conforto\" \/>\n<meta name=\"robots\" content=\"index, follow, max-snippet:-1, max-image-preview:large, max-video-preview:-1\" \/>\n<link rel=\"canonical\" href=\"https:\/\/www.em.com.br\/emfoco\/2026\/03\/11\/nem-saia-nem-calca-social-o-macacao-que-virou-o-uniforme-da-mulher-elegante-em-2026\/\" \/>\n<meta property=\"og:locale\" content=\"pt_BR\" \/>\n<meta property=\"og:type\" content=\"article\" \/>\n<meta property=\"og:title\" content=\"Nem saia nem cal\u00e7a social, o macac\u00e3o que virou o uniforme da mulher elegante em 2026 - Estado de Minas - Em foco\" \/>\n<meta property=\"og:description\" content=\"Fuja do \u00f3bvio com produ\u00e7\u00f5es modernas que substituem a saia e a cal\u00e7a social com muita eleg\u00e2ncia e conforto\" \/>\n<meta property=\"og:url\" content=\"https:\/\/www.em.com.br\/emfoco\/2026\/03\/11\/nem-saia-nem-calca-social-o-macacao-que-virou-o-uniforme-da-mulher-elegante-em-2026\/\" \/>\n<meta property=\"og:site_name\" content=\"Estado de Minas - Em foco\" \/>\n<meta property=\"article:published_time\" content=\"2026-03-11T22:15:47+00:00\" \/>\n<meta property=\"article:modified_time\" content=\"2026-03-10T19:48:29+00:00\" \/>\n<meta property=\"og:image\" content=\"https:\/\/www.em.com.br\/emfoco\/wp-content\/uploads\/2026\/03\/Gemini_Generated_Image_xa7p8oxa7p8oxa7p-2.png\" \/>\n\t<meta property=\"og:image:width\" content=\"1280\" \/>\n\t<meta property=\"og:image:height\" content=\"720\" \/>\n\t<meta property=\"og:image:type\" content=\"image\/png\" \/>\n<meta name=\"author\" content=\"Daniely Cardoso\" \/>\n<meta name=\"twitter:card\" content=\"summary_large_image\" \/>\n<meta name=\"twitter:label1\" content=\"Escrito por\" \/>\n\t<meta name=\"twitter:data1\" content=\"Daniely Cardoso\" \/>\n\t<meta name=\"twitter:label2\" content=\"Est. tempo de leitura\" \/>\n\t<meta name=\"twitter:data2\" content=\"4 minutos\" \/>\n<!-- \/ Yoast SEO plugin. -->","yoast_head_json":{"title":"Nem saia nem cal\u00e7a social, o macac\u00e3o que virou o uniforme da mulher elegante em 2026 - Estado de Minas - Em foco","description":"Fuja do \u00f3bvio com produ\u00e7\u00f5es modernas que substituem a saia e a cal\u00e7a social com muita eleg\u00e2ncia e conforto","robots":{"index":"index","follow":"follow","max-snippet":"max-snippet:-1","max-image-preview":"max-image-preview:large","max-video-preview":"max-video-preview:-1"},"canonical":"https:\/\/www.em.com.br\/emfoco\/2026\/03\/11\/nem-saia-nem-calca-social-o-macacao-que-virou-o-uniforme-da-mulher-elegante-em-2026\/","og_locale":"pt_BR","og_type":"article","og_title":"Nem saia nem cal\u00e7a social, o macac\u00e3o que virou o uniforme da mulher elegante em 2026 - Estado de Minas - Em foco","og_description":"Fuja do \u00f3bvio com produ\u00e7\u00f5es modernas que substituem a saia e a cal\u00e7a social com muita eleg\u00e2ncia e conforto","og_url":"https:\/\/www.em.com.br\/emfoco\/2026\/03\/11\/nem-saia-nem-calca-social-o-macacao-que-virou-o-uniforme-da-mulher-elegante-em-2026\/","og_site_name":"Estado de Minas - Em foco","article_published_time":"2026-03-11T22:15:47+00:00","article_modified_time":"2026-03-10T19:48:29+00:00","og_image":[{"width":1280,"height":720,"url":"https:\/\/www.em.com.br\/emfoco\/wp-content\/uploads\/2026\/03\/Gemini_Generated_Image_xa7p8oxa7p8oxa7p-2.png","type":"image\/png"}],"author":"Daniely Cardoso","twitter_card":"summary_large_image","twitter_misc":{"Escrito por":"Daniely Cardoso","Est. tempo de leitura":"4 minutos"},"schema":{"@context":"https:\/\/schema.org","@graph":[{"@type":"WebPage","@id":"https:\/\/www.em.com.br\/emfoco\/2026\/03\/11\/nem-saia-nem-calca-social-o-macacao-que-virou-o-uniforme-da-mulher-elegante-em-2026\/","url":"https:\/\/www.em.com.br\/emfoco\/2026\/03\/11\/nem-saia-nem-calca-social-o-macacao-que-virou-o-uniforme-da-mulher-elegante-em-2026\/","name":"Nem saia nem cal\u00e7a social, o macac\u00e3o que virou o uniforme da mulher elegante em 2026 - Estado de Minas - Em foco","isPartOf":{"@id":"https:\/\/www.em.com.br\/emfoco\/#website"},"primaryImageOfPage":{"@id":"https:\/\/www.em.com.br\/emfoco\/2026\/03\/11\/nem-saia-nem-calca-social-o-macacao-que-virou-o-uniforme-da-mulher-elegante-em-2026\/#primaryimage"},"image":{"@id":"https:\/\/www.em.com.br\/emfoco\/2026\/03\/11\/nem-saia-nem-calca-social-o-macacao-que-virou-o-uniforme-da-mulher-elegante-em-2026\/#primaryimage"},"thumbnailUrl":"https:\/\/www.em.com.br\/emfoco\/wp-content\/uploads\/2026\/03\/Gemini_Generated_Image_xa7p8oxa7p8oxa7p-2.png","datePublished":"2026-03-11T22:15:47+00:00","dateModified":"2026-03-10T19:48:29+00:00","author":{"@id":"https:\/\/www.em.com.br\/emfoco\/#\/schema\/person\/0a8186d72f2c3a5c6276d90b41f271a0"},"description":"Fuja do \u00f3bvio com produ\u00e7\u00f5es modernas que substituem a saia e a cal\u00e7a social com muita eleg\u00e2ncia e conforto","breadcrumb":{"@id":"https:\/\/www.em.com.br\/emfoco\/2026\/03\/11\/nem-saia-nem-calca-social-o-macacao-que-virou-o-uniforme-da-mulher-elegante-em-2026\/#breadcrumb"},"inLanguage":"pt-BR","potentialAction":[{"@type":"ReadAction","target":["https:\/\/www.em.com.br\/emfoco\/2026\/03\/11\/nem-saia-nem-calca-social-o-macacao-que-virou-o-uniforme-da-mulher-elegante-em-2026\/"]}]},{"@type":"ImageObject","inLanguage":"pt-BR","@id":"https:\/\/www.em.com.br\/emfoco\/2026\/03\/11\/nem-saia-nem-calca-social-o-macacao-que-virou-o-uniforme-da-mulher-elegante-em-2026\/#primaryimage","url":"https:\/\/www.em.com.br\/emfoco\/wp-content\/uploads\/2026\/03\/Gemini_Generated_Image_xa7p8oxa7p8oxa7p-2.png","contentUrl":"https:\/\/www.em.com.br\/emfoco\/wp-content\/uploads\/2026\/03\/Gemini_Generated_Image_xa7p8oxa7p8oxa7p-2.png","width":1280,"height":720,"caption":"Esta tend\u00eancia substitui os conjuntos r\u00edgidos de antigamente por pe\u00e7as fluidas que priorizam o conforto t\u00e9rmico ideal para os dias mais frescos."},{"@type":"BreadcrumbList","@id":"https:\/\/www.em.com.br\/emfoco\/2026\/03\/11\/nem-saia-nem-calca-social-o-macacao-que-virou-o-uniforme-da-mulher-elegante-em-2026\/#breadcrumb","itemListElement":[{"@type":"ListItem","position":1,"name":"In\u00edcio","item":"https:\/\/www.em.com.br\/emfoco\/"},{"@type":"ListItem","position":2,"name":"Nem saia nem cal\u00e7a social, o macac\u00e3o que virou o uniforme da mulher elegante em 2026"}]},{"@type":"WebSite","@id":"https:\/\/www.em.com.br\/emfoco\/#website","url":"https:\/\/www.em.com.br\/emfoco\/","name":"Estado de Minas - Em foco","description":"Acompanhe as \u00faltimas not\u00edcias e fique bem informado sobre tudo o que acontece em Minas Gerais, Brasil e no mundo.","potentialAction":[{"@type":"SearchAction","target":{"@type":"EntryPoint","urlTemplate":"https:\/\/www.em.com.br\/emfoco\/?s={search_term_string}"},"query-input":{"@type":"PropertyValueSpecification","valueRequired":true,"valueName":"search_term_string"}}],"inLanguage":"pt-BR"},{"@type":"Person","@id":"https:\/\/www.em.com.br\/emfoco\/#\/schema\/person\/0a8186d72f2c3a5c6276d90b41f271a0","name":"Daniely Cardoso","image":{"@type":"ImageObject","inLanguage":"pt-BR","@id":"https:\/\/www.em.com.br\/emfoco\/#\/schema\/person\/image\/","url":"https:\/\/secure.gravatar.com\/avatar\/4b80ddbd124d1f071b626d52d62e5dff?s=96&d=mm&r=g","contentUrl":"https:\/\/secure.gravatar.com\/avatar\/4b80ddbd124d1f071b626d52d62e5dff?s=96&d=mm&r=g","caption":"Daniely Cardoso"},"url":"https:\/\/www.em.com.br\/emfoco\/author\/danielymyth\/"}]}},"_links":{"self":[{"href":"https:\/\/www.em.com.br\/emfoco\/wp-json\/wp\/v2\/posts\/179616","targetHints":{"allow":["GET"]}}],"collection":[{"href":"https:\/\/www.em.com.br\/emfoco\/wp-json\/wp\/v2\/posts"}],"about":[{"href":"https:\/\/www.em.com.br\/emfoco\/wp-json\/wp\/v2\/types\/post"}],"author":[{"embeddable":true,"href":"https:\/\/www.em.com.br\/emfoco\/wp-json\/wp\/v2\/users\/9"}],"replies":[{"embeddable":true,"href":"https:\/\/www.em.com.br\/emfoco\/wp-json\/wp\/v2\/comments?post=179616"}],"version-history":[{"count":2,"href":"https:\/\/www.em.com.br\/emfoco\/wp-json\/wp\/v2\/posts\/179616\/revisions"}],"predecessor-version":[{"id":179819,"href":"https:\/\/www.em.com.br\/emfoco\/wp-json\/wp\/v2\/posts\/179616\/revisions\/179819"}],"wp:featuredmedia":[{"embeddable":true,"href":"https:\/\/www.em.com.br\/emfoco\/wp-json\/wp\/v2\/media\/179817"}],"wp:attachment":[{"href":"https:\/\/www.em.com.br\/emfoco\/wp-json\/wp\/v2\/media?parent=179616"}],"wp:term":[{"taxonomy":"category","embeddable":true,"href":"https:\/\/www.em.com.br\/emfoco\/wp-json\/wp\/v2\/categories?post=179616"},{"taxonomy":"post_tag","embeddable":true,"href":"https:\/\/www.em.com.br\/emfoco\/wp-json\/wp\/v2\/tags?post=179616"}],"curies":[{"name":"wp","href":"https:\/\/api.w.org\/{rel}","templated":true}]}}