{"id":179615,"date":"2026-03-11T16:35:40","date_gmt":"2026-03-11T19:35:40","guid":{"rendered":"https:\/\/www.em.com.br\/emfoco\/?p=179615"},"modified":"2026-03-10T18:46:50","modified_gmt":"2026-03-10T21:46:50","slug":"o-penteado-europeu-que-esta-conquistando-mulheres-depois-dos-40-anos","status":"publish","type":"post","link":"https:\/\/www.em.com.br\/emfoco\/2026\/03\/11\/o-penteado-europeu-que-esta-conquistando-mulheres-depois-dos-40-anos\/","title":{"rendered":"O penteado europeu que est\u00e1 conquistando mulheres depois dos 40 anos"},"content":{"rendered":"\n<p>Voc\u00ea j\u00e1 se olhou no espelho e sentiu vontade de mudar o visual, mas sem radicalizar no corte ou na cor? Muitas mulheres depois dos 40 est\u00e3o passando exatamente por isso e descobrindo no chamado <b>penteado europeu<\/b> um jeito simples de se renovar, mantendo a pr\u00f3pria <b>ess\u00eancia<\/b> e ganhando um ar de <b>eleg\u00e2ncia natural<\/b> no dia a dia.<\/p>\n\n\n\n<h2 class=\"wp-block-heading\">Por que o penteado europeu est\u00e1 t\u00e3o em alta entre mulheres acima dos 40 anos<\/h2>\n\n\n\n<p>A procura por esse tipo de <b>penteado europeu<\/b> entre mulheres maduras cresceu porque muitas buscam um corte que tenha menos manuten\u00e7\u00e3o di\u00e1ria, mas n\u00e3o deixe o cabelo com aspecto <b>descuidado<\/b>. A inspira\u00e7\u00e3o em refer\u00eancias francesas, italianas e escandinavas refor\u00e7a a ideia de um visual organizado, atual e totalmente <b>poss\u00edvel<\/b> na vida real.<\/p>\n\n\n\n<p>Com o passar dos anos, \u00e9 comum que a textura do cabelo mude, fique mais fina, ressecada ou com fios brancos. O estilo europeu conversa com essas transforma\u00e7\u00f5es, propondo cortes que distribuem melhor o <b>volume<\/b>, facilitam a finaliza\u00e7\u00e3o em casa e ajudam a integrar os <b>fios grisalhos<\/b> ao visual, quando presentes, sem precisar <b>esconder<\/b> tudo.<\/p>\n\n\n\n<figure class=\"wp-block-embed is-type-rich is-provider-pinterest wp-block-embed-pinterest\"><div class=\"wp-block-embed__wrapper\">\n<iframe loading=\"lazy\" title=\"Bridgerton vibe\" src=\"https:\/\/assets.pinterest.com\/ext\/embed.html?id=1759287349072324&#038;src=oembed\" height=\"899\" width=\"450\" frameborder=\"0\" scrolling=\"no\" ><\/iframe>\n<\/div><\/figure>\n\n\n\n<p>Leia tamb\u00e9m:&nbsp;<a href=\"https:\/\/www.em.com.br\/emfoco\/2026\/03\/10\/as-melhores-formas-de-integrar-o-cabelo-branco-ao-visual-sem-ficar-escrava-do-salao\/\" target=\"_blank\" rel=\"noopener\">As melhores formas de integrar o cabelo branco ao visual sem ficar escrava do sal\u00e3o<\/a><\/p>\n\n\n\n<h2 class=\"wp-block-heading\">Como adotar o penteado europeu que combina com sua rotina<\/h2>\n\n\n\n<p>Antes de aderir ao <b>penteado europeu<\/b> que vem ganhando o p\u00fablico feminino mais maduro, vale fazer uma avalia\u00e7\u00e3o com um <b>profissional<\/b> de confian\u00e7a. Aspectos como formato do rosto, densidade dos fios, presen\u00e7a de qu\u00edmica e rotina di\u00e1ria influenciam diretamente no <b>resultado<\/b> e na facilidade de manter o visual bonito.<\/p>\n\n\n\n<p>Para facilitar essa escolha, \u00e9 importante pensar em alguns pontos pr\u00e1ticos, como o tempo que voc\u00ea tem para arrumar o cabelo, o tipo de finaliza\u00e7\u00e3o que prefere e se quer manter ou mudar a <b>cor<\/b>. Esses detalhes deixam o corte mais <b>personalizado<\/b> e aumentam a chance de voc\u00ea <b>amar<\/b> o resultado no espelho.<\/p>\n\n\n\n<figure class=\"wp-block-embed is-type-rich is-provider-pinterest wp-block-embed-pinterest\"><div class=\"wp-block-embed__wrapper\">\n<iframe loading=\"lazy\" title=\"Penteado tend\u00eancia do ver\u00e3o europeu: tran\u00e7a com la\u00e7o! \u2728 Aqui no Brasil o inverno nem chegou, mas n\u00f3s estamos de olho nas tend\u00eancias da moda ao redor do mundo para as pr\u00f3ximas esta\u00e7\u00f5es - e por que esperar, n\u00e9? Rs Est\u00e3o est\u00e1 confirmado, os la\u00e7os continuam com for\u00e7a total para o ver\u00e3o 2025! \u2705 E a\u00ed, vai aderir a essa trend? \ud83c\udf80 Via @gracemweston #lacos #penteados #penteado #penteadocomtran\u00e7a #penteadocomla\u00e7o #tendenciadamoda\" src=\"https:\/\/assets.pinterest.com\/ext\/embed.html?id=14988611254206892&#038;src=oembed\" height=\"899\" width=\"450\" frameborder=\"0\" scrolling=\"no\" ><\/iframe>\n<\/div><\/figure>\n\n\n\n<h2 class=\"wp-block-heading\">Quais passos ajudam na hora de escolher o penteado europeu ideal<\/h2>\n\n\n\n<p>Para deixar essa decis\u00e3o mais leve, alguns passos simples ajudam a transformar a inspira\u00e7\u00e3o em um <b>corte europeu<\/b> que realmente funcione para o seu dia a dia e para o seu tipo de fio. Assim, voc\u00ea evita <b>frustra\u00e7\u00f5es<\/b> e consegue um visual bonito e <b>pr\u00e1tico<\/b> ao mesmo tempo.<\/p>\n\n\n\n<ol class=\"wp-block-list\">\n<li><strong>Levar refer\u00eancias visuais:<\/strong> fotos de cortes <b>europeus m\u00e9dios<\/b>, bobs e franjas suaves auxiliam na comunica\u00e7\u00e3o com o <b>profissional<\/b>;<\/li>\n\n\n\n<li><strong>Analisar o tempo dispon\u00edvel de cuidado di\u00e1rio:<\/strong> secagem r\u00e1pida, uso de escova ou modelador e aplica\u00e7\u00e3o de <b>finalizadores<\/b> devem ser <b>considerados<\/b>;<\/li>\n\n\n\n<li><strong>Ajustar o corte ao tipo de fio:<\/strong> cabelos finos, grossos, lisos, ondulados ou cacheados pedem t\u00e9cnicas diferentes de corte em <b>camadas<\/b> bem <b>definidas<\/b>;<\/li>\n\n\n\n<li><strong>Definir a manuten\u00e7\u00e3o:<\/strong> cortes estruturados costumam exigir <b>retoques<\/b> a cada seis a dez semanas, dependendo do <b>crescimento<\/b>;<\/li>\n\n\n\n<li><strong>Planejar o uso de colora\u00e7\u00e3o ou realce dos grisalhos:<\/strong> nuances discretas e <b>mechas<\/b> finas s\u00e3o comuns nesse estilo <b>europeu<\/b>.<\/li>\n<\/ol>\n\n\n\n<p>Para voc\u00ea que gosta de se cuidar, separamos um v\u00eddeo do canal da <a href=\"https:\/\/www.youtube.com\/@isabela.gouveia\" target=\"_blank\" rel=\"noreferrer noopener\">Isabela Gouveia <\/a>com dicas para fazer um penteado famoso:<\/p>\n\n\n\n<figure class=\"wp-block-embed is-type-video is-provider-youtube wp-block-embed-youtube wp-embed-aspect-16-9 wp-has-aspect-ratio\"><div class=\"wp-block-embed__wrapper\">\n<div class=\"jeg_video_container jeg_video_content\"><iframe loading=\"lazy\" title=\"RABO PARTIDO NO MEIO: o melhor truque pra fazer o penteado das famosas!\" width=\"500\" height=\"281\" src=\"https:\/\/www.youtube.com\/embed\/-u7wb_aI5g8?start=1&#038;feature=oembed\" frameborder=\"0\" allow=\"accelerometer; autoplay; clipboard-write; encrypted-media; gyroscope; picture-in-picture; web-share\" referrerpolicy=\"strict-origin-when-cross-origin\" allowfullscreen><\/iframe><\/div>\n<\/div><\/figure>\n\n\n\n<h2 class=\"wp-block-heading\">Quais varia\u00e7\u00f5es de penteado europeu favorecem diferentes tipos de rosto<\/h2>\n\n\n\n<p>O chamado <b>corte europeu<\/b> para mulheres maduras n\u00e3o \u00e9 um modelo \u00fanico, mas um conjunto de varia\u00e7\u00f5es que seguem a mesma l\u00f3gica de <b>naturalidade<\/b> e eleg\u00e2ncia discreta. Entre as vers\u00f5es mais vistas, est\u00e3o o bob na altura do queixo com pontas levemente desfiadas e o long bob at\u00e9 os ombros com franja longa, que ajudam a <b>equilibrar<\/b> o formato do rosto.<\/p>\n\n\n\n<p>Em cabelos cacheados, adapta\u00e7\u00f5es mant\u00eam o <b>volume<\/b> nas laterais sob controle e destacam o contorno do rosto sem perder a <b>personalidade<\/b> dos cachos. J\u00e1 as franjas alongadas, em cortina ou puxadas para o lado, costumam <b>suavizar<\/b> linhas de express\u00e3o e, combinadas com luzes finas, trazem um efeito de <b>luminosidade<\/b> muito elegante.<\/p>\n\n\n\n<figure class=\"wp-block-embed is-type-rich is-provider-pinterest wp-block-embed-pinterest\"><div class=\"wp-block-embed__wrapper\">\n<iframe loading=\"lazy\" title=\" \" src=\"https:\/\/assets.pinterest.com\/ext\/embed.html?id=281543725716770&#038;src=oembed\" height=\"899\" width=\"450\" frameborder=\"0\" scrolling=\"no\" ><\/iframe>\n<\/div><\/figure>\n\n\n\n<h2 class=\"wp-block-heading\">Quais cuidados di\u00e1rios ajudam a manter o visual europeu nos cabelos maduros<\/h2>\n\n\n\n<p>Depois de aderir ao <b>penteado europeu<\/b> que virou tend\u00eancia entre mulheres maduras, a rotina de cuidados passa a ser essencial para manter o resultado bonito por mais tempo. Produtos espec\u00edficos para cabelos mais <b>ressecados<\/b> ou afinados, com ingredientes <b>hidratantes<\/b> e fortalecedores, fazem diferen\u00e7a na textura e no brilho dos fios.<\/p>\n\n\n\n<p>Para prolongar o efeito do corte e do penteado, costumam ser recomendadas algumas pr\u00e1ticas simples no dia a dia, como controlar o uso de <b>calor<\/b> e cuidar da hidrata\u00e7\u00e3o semanal. Esses cuidados deixam o cabelo com mais <b>movimento<\/b> e ajudam a preservar o acabamento natural que \u00e9 a cara desse estilo <b>europeu<\/b>.<\/p>\n","protected":false},"excerpt":{"rendered":"<p>Voc\u00ea j\u00e1 se olhou no espelho e sentiu vontade de mudar o visual, mas sem radicalizar no corte ou na cor? Muitas mulheres depois dos 40 est\u00e3o passando exatamente por isso e descobrindo no chamado penteado europeu um jeito simples de se renovar, mantendo a pr\u00f3pria ess\u00eancia e ganhando um ar de eleg\u00e2ncia natural no [&hellip;]<\/p>\n","protected":false},"author":9,"featured_media":179813,"comment_status":"open","ping_status":"open","sticky":false,"template":"","format":"standard","meta":{"jnews-multi-image_gallery":[],"jnews_single_post":{"format":"standard"},"jnews_primary_category":[],"jnews_social_meta":[],"jnews_override_counter":[],"footnotes":""},"categories":[8819,1],"tags":[4905,4977,25937,1920],"class_list":["post-179615","post","type-post","status-publish","format-standard","has-post-thumbnail","hentry","category-curiosidades","category-noticias","tag-cabelo","tag-moda","tag-penteado-europeu","tag-tendencia"],"yoast_head":"<!-- This site is optimized with the Yoast SEO plugin v23.8 - https:\/\/yoast.com\/wordpress\/plugins\/seo\/ -->\n<title>O penteado europeu que est\u00e1 conquistando mulheres depois dos 40 anos - Estado de Minas - Em foco<\/title>\n<meta name=\"description\" content=\"Descubra como o penteado europeu traz eleg\u00e2ncia natural e praticidade para mulheres acima dos 40 anos\" \/>\n<meta name=\"robots\" content=\"index, follow, max-snippet:-1, max-image-preview:large, max-video-preview:-1\" \/>\n<link rel=\"canonical\" href=\"https:\/\/www.em.com.br\/emfoco\/2026\/03\/11\/o-penteado-europeu-que-esta-conquistando-mulheres-depois-dos-40-anos\/\" \/>\n<meta property=\"og:locale\" content=\"pt_BR\" \/>\n<meta property=\"og:type\" content=\"article\" \/>\n<meta property=\"og:title\" content=\"O penteado europeu que est\u00e1 conquistando mulheres depois dos 40 anos - Estado de Minas - Em foco\" \/>\n<meta property=\"og:description\" content=\"Descubra como o penteado europeu traz eleg\u00e2ncia natural e praticidade para mulheres acima dos 40 anos\" \/>\n<meta property=\"og:url\" content=\"https:\/\/www.em.com.br\/emfoco\/2026\/03\/11\/o-penteado-europeu-que-esta-conquistando-mulheres-depois-dos-40-anos\/\" \/>\n<meta property=\"og:site_name\" content=\"Estado de Minas - Em foco\" \/>\n<meta property=\"article:published_time\" content=\"2026-03-11T19:35:40+00:00\" \/>\n<meta property=\"article:modified_time\" content=\"2026-03-10T21:46:50+00:00\" \/>\n<meta property=\"og:image\" content=\"https:\/\/www.em.com.br\/emfoco\/wp-content\/uploads\/2026\/03\/Gemini_Generated_Image_13e71t13e71t13e7-1.png\" \/>\n\t<meta property=\"og:image:width\" content=\"1280\" \/>\n\t<meta property=\"og:image:height\" content=\"720\" \/>\n\t<meta property=\"og:image:type\" content=\"image\/png\" \/>\n<meta name=\"author\" content=\"Daniely Cardoso\" \/>\n<meta name=\"twitter:card\" content=\"summary_large_image\" \/>\n<meta name=\"twitter:label1\" content=\"Escrito por\" \/>\n\t<meta name=\"twitter:data1\" content=\"Daniely Cardoso\" \/>\n\t<meta name=\"twitter:label2\" content=\"Est. tempo de leitura\" \/>\n\t<meta name=\"twitter:data2\" content=\"5 minutos\" \/>\n<!-- \/ Yoast SEO plugin. -->","yoast_head_json":{"title":"O penteado europeu que est\u00e1 conquistando mulheres depois dos 40 anos - Estado de Minas - Em foco","description":"Descubra como o penteado europeu traz eleg\u00e2ncia natural e praticidade para mulheres acima dos 40 anos","robots":{"index":"index","follow":"follow","max-snippet":"max-snippet:-1","max-image-preview":"max-image-preview:large","max-video-preview":"max-video-preview:-1"},"canonical":"https:\/\/www.em.com.br\/emfoco\/2026\/03\/11\/o-penteado-europeu-que-esta-conquistando-mulheres-depois-dos-40-anos\/","og_locale":"pt_BR","og_type":"article","og_title":"O penteado europeu que est\u00e1 conquistando mulheres depois dos 40 anos - Estado de Minas - Em foco","og_description":"Descubra como o penteado europeu traz eleg\u00e2ncia natural e praticidade para mulheres acima dos 40 anos","og_url":"https:\/\/www.em.com.br\/emfoco\/2026\/03\/11\/o-penteado-europeu-que-esta-conquistando-mulheres-depois-dos-40-anos\/","og_site_name":"Estado de Minas - Em foco","article_published_time":"2026-03-11T19:35:40+00:00","article_modified_time":"2026-03-10T21:46:50+00:00","og_image":[{"width":1280,"height":720,"url":"https:\/\/www.em.com.br\/emfoco\/wp-content\/uploads\/2026\/03\/Gemini_Generated_Image_13e71t13e71t13e7-1.png","type":"image\/png"}],"author":"Daniely Cardoso","twitter_card":"summary_large_image","twitter_misc":{"Escrito por":"Daniely Cardoso","Est. tempo de leitura":"5 minutos"},"schema":{"@context":"https:\/\/schema.org","@graph":[{"@type":"WebPage","@id":"https:\/\/www.em.com.br\/emfoco\/2026\/03\/11\/o-penteado-europeu-que-esta-conquistando-mulheres-depois-dos-40-anos\/","url":"https:\/\/www.em.com.br\/emfoco\/2026\/03\/11\/o-penteado-europeu-que-esta-conquistando-mulheres-depois-dos-40-anos\/","name":"O penteado europeu que est\u00e1 conquistando mulheres depois dos 40 anos - Estado de Minas - Em foco","isPartOf":{"@id":"https:\/\/www.em.com.br\/emfoco\/#website"},"primaryImageOfPage":{"@id":"https:\/\/www.em.com.br\/emfoco\/2026\/03\/11\/o-penteado-europeu-que-esta-conquistando-mulheres-depois-dos-40-anos\/#primaryimage"},"image":{"@id":"https:\/\/www.em.com.br\/emfoco\/2026\/03\/11\/o-penteado-europeu-que-esta-conquistando-mulheres-depois-dos-40-anos\/#primaryimage"},"thumbnailUrl":"https:\/\/www.em.com.br\/emfoco\/wp-content\/uploads\/2026\/03\/Gemini_Generated_Image_13e71t13e71t13e7-1.png","datePublished":"2026-03-11T19:35:40+00:00","dateModified":"2026-03-10T21:46:50+00:00","author":{"@id":"https:\/\/www.em.com.br\/emfoco\/#\/schema\/person\/0a8186d72f2c3a5c6276d90b41f271a0"},"description":"Descubra como o penteado europeu traz eleg\u00e2ncia natural e praticidade para mulheres acima dos 40 anos","breadcrumb":{"@id":"https:\/\/www.em.com.br\/emfoco\/2026\/03\/11\/o-penteado-europeu-que-esta-conquistando-mulheres-depois-dos-40-anos\/#breadcrumb"},"inLanguage":"pt-BR","potentialAction":[{"@type":"ReadAction","target":["https:\/\/www.em.com.br\/emfoco\/2026\/03\/11\/o-penteado-europeu-que-esta-conquistando-mulheres-depois-dos-40-anos\/"]}]},{"@type":"ImageObject","inLanguage":"pt-BR","@id":"https:\/\/www.em.com.br\/emfoco\/2026\/03\/11\/o-penteado-europeu-que-esta-conquistando-mulheres-depois-dos-40-anos\/#primaryimage","url":"https:\/\/www.em.com.br\/emfoco\/wp-content\/uploads\/2026\/03\/Gemini_Generated_Image_13e71t13e71t13e7-1.png","contentUrl":"https:\/\/www.em.com.br\/emfoco\/wp-content\/uploads\/2026\/03\/Gemini_Generated_Image_13e71t13e71t13e7-1.png","width":1280,"height":720,"caption":"Entre as tend\u00eancias capilares de 2026, um estilo em especial vem chamando a aten\u00e7\u00e3o nos sal\u00f5es de belez"},{"@type":"BreadcrumbList","@id":"https:\/\/www.em.com.br\/emfoco\/2026\/03\/11\/o-penteado-europeu-que-esta-conquistando-mulheres-depois-dos-40-anos\/#breadcrumb","itemListElement":[{"@type":"ListItem","position":1,"name":"In\u00edcio","item":"https:\/\/www.em.com.br\/emfoco\/"},{"@type":"ListItem","position":2,"name":"O penteado europeu que est\u00e1 conquistando mulheres depois dos 40 anos"}]},{"@type":"WebSite","@id":"https:\/\/www.em.com.br\/emfoco\/#website","url":"https:\/\/www.em.com.br\/emfoco\/","name":"Estado de Minas - Em foco","description":"Acompanhe as \u00faltimas not\u00edcias e fique bem informado sobre tudo o que acontece em Minas Gerais, Brasil e no mundo.","potentialAction":[{"@type":"SearchAction","target":{"@type":"EntryPoint","urlTemplate":"https:\/\/www.em.com.br\/emfoco\/?s={search_term_string}"},"query-input":{"@type":"PropertyValueSpecification","valueRequired":true,"valueName":"search_term_string"}}],"inLanguage":"pt-BR"},{"@type":"Person","@id":"https:\/\/www.em.com.br\/emfoco\/#\/schema\/person\/0a8186d72f2c3a5c6276d90b41f271a0","name":"Daniely Cardoso","image":{"@type":"ImageObject","inLanguage":"pt-BR","@id":"https:\/\/www.em.com.br\/emfoco\/#\/schema\/person\/image\/","url":"https:\/\/secure.gravatar.com\/avatar\/4b80ddbd124d1f071b626d52d62e5dff?s=96&d=mm&r=g","contentUrl":"https:\/\/secure.gravatar.com\/avatar\/4b80ddbd124d1f071b626d52d62e5dff?s=96&d=mm&r=g","caption":"Daniely Cardoso"},"url":"https:\/\/www.em.com.br\/emfoco\/author\/danielymyth\/"}]}},"_links":{"self":[{"href":"https:\/\/www.em.com.br\/emfoco\/wp-json\/wp\/v2\/posts\/179615","targetHints":{"allow":["GET"]}}],"collection":[{"href":"https:\/\/www.em.com.br\/emfoco\/wp-json\/wp\/v2\/posts"}],"about":[{"href":"https:\/\/www.em.com.br\/emfoco\/wp-json\/wp\/v2\/types\/post"}],"author":[{"embeddable":true,"href":"https:\/\/www.em.com.br\/emfoco\/wp-json\/wp\/v2\/users\/9"}],"replies":[{"embeddable":true,"href":"https:\/\/www.em.com.br\/emfoco\/wp-json\/wp\/v2\/comments?post=179615"}],"version-history":[{"count":3,"href":"https:\/\/www.em.com.br\/emfoco\/wp-json\/wp\/v2\/posts\/179615\/revisions"}],"predecessor-version":[{"id":179963,"href":"https:\/\/www.em.com.br\/emfoco\/wp-json\/wp\/v2\/posts\/179615\/revisions\/179963"}],"wp:featuredmedia":[{"embeddable":true,"href":"https:\/\/www.em.com.br\/emfoco\/wp-json\/wp\/v2\/media\/179813"}],"wp:attachment":[{"href":"https:\/\/www.em.com.br\/emfoco\/wp-json\/wp\/v2\/media?parent=179615"}],"wp:term":[{"taxonomy":"category","embeddable":true,"href":"https:\/\/www.em.com.br\/emfoco\/wp-json\/wp\/v2\/categories?post=179615"},{"taxonomy":"post_tag","embeddable":true,"href":"https:\/\/www.em.com.br\/emfoco\/wp-json\/wp\/v2\/tags?post=179615"}],"curies":[{"name":"wp","href":"https:\/\/api.w.org\/{rel}","templated":true}]}}