{"id":179613,"date":"2026-03-11T13:15:24","date_gmt":"2026-03-11T16:15:24","guid":{"rendered":"https:\/\/www.em.com.br\/emfoco\/?p=179613"},"modified":"2026-03-10T17:51:32","modified_gmt":"2026-03-10T20:51:32","slug":"nem-corretivo-nem-base-a-tecnica-de-maquiagem-que-suaviza-olheiras-e-ilumina-o-olhar-apos-os-45","status":"publish","type":"post","link":"https:\/\/www.em.com.br\/emfoco\/2026\/03\/11\/nem-corretivo-nem-base-a-tecnica-de-maquiagem-que-suaviza-olheiras-e-ilumina-o-olhar-apos-os-45\/","title":{"rendered":"Nem corretivo, nem base, a t\u00e9cnica de maquiagem que suaviza olheiras e ilumina o olhar ap\u00f3s os 45"},"content":{"rendered":"\n<p>Depois dos 45 anos, muitas pessoas come\u00e7am a se olhar no espelho e perceber que a regi\u00e3o dos olhos parece mais cansada, com <b>olheiras<\/b> marcadas e menos <b>luminosidade<\/b>; \u00e9 nessa hora que a <b>maquiagem<\/b> se torna uma aliada para real\u00e7ar a beleza natural, suavizar sombras e valorizar um olhar maduro, sem a inten\u00e7\u00e3o de esconder a idade, mas de destacar os tra\u00e7os com equil\u00edbrio e leveza.<\/p>\n\n\n\n<h2 class=\"wp-block-heading\">Como funciona a maquiagem para olheiras e ilumina\u00e7\u00e3o do olhar maduro<\/h2>\n\n\n\n<p>Na pr\u00e1tica, a maquiagem que ilumina o olhar maduro come\u00e7a antes do corretivo, com uma <b>prepara\u00e7\u00e3o<\/b> simples, mas constante. Uma pele bem <b>hidratada<\/b> craquela menos e faz com que o produto assente melhor, deixando o acabamento mais suave ao longo do <b>dia<\/b>.<\/p>\n\n\n\n<p>Depois disso, entram em cena corretivos com fundos levemente p\u00eassego ou salm\u00e3o, que ajudam a neutralizar tons mais <b>arroxeados<\/b> ou acinzentados. Em seguida, um corretivo do tom da pele finaliza a <b>uniformiza\u00e7\u00e3o<\/b>, mantendo a express\u00e3o descansada e sem excesso de <b>produto<\/b>.<\/p>\n\n\n\n<figure class=\"wp-block-embed is-type-rich is-provider-pinterest wp-block-embed-pinterest\"><div class=\"wp-block-embed__wrapper\">\n<iframe loading=\"lazy\" title=\"Como cobrir olheiras com maquiagem  me siga no Instagram: @limamandsmua\" src=\"https:\/\/assets.pinterest.com\/ext\/embed.html?id=231302130854310757&#038;src=oembed\" height=\"899\" width=\"450\" frameborder=\"0\" scrolling=\"no\" ><\/iframe>\n<\/div><\/figure>\n\n\n\n<p>Leia tamb\u00e9m:&nbsp;<a href=\"https:\/\/www.em.com.br\/emfoco\/2026\/03\/09\/unhas-descamando-e-quebrando-conheca-a-receita-natural-que-ganhou-espaco-no-autocuidado-e-esta-salvando-unhas-fracas\/\" target=\"_blank\" rel=\"noopener\">Unhas descamando e quebrando? Conhe\u00e7a a receita natural que ganhou espa\u00e7o no autocuidado e est\u00e1 salvando unhas fracas<\/a><\/p>\n\n\n\n<h2 class=\"wp-block-heading\">Quais passos seguir para suavizar olheiras e iluminar o olhar ap\u00f3s os 45<\/h2>\n\n\n\n<p>Embora cada rosto seja \u00fanico, alguns passos costumam funcionar muito bem para quem j\u00e1 passou dos 45 e quer suavizar as <b>olheiras<\/b> sem pesar a maquiagem. A seguir, um guia simples que pode ser adaptado ao seu <b>estilo<\/b> e ao que voc\u00ea j\u00e1 tem em <b>casa<\/b>.<\/p>\n\n\n<div class=\"wp-block-image\">\n<figure class=\"aligncenter size-large\"><img loading=\"lazy\" decoding=\"async\" width=\"1024\" height=\"576\" src=\"https:\/\/www.em.com.br\/emfoco\/wp-content\/uploads\/2026\/03\/Gemini_Generated_Image_g6x041g6x041g6x0-1-1024x576.png\" alt=\"\" class=\"wp-image-179802\" srcset=\"https:\/\/www.em.com.br\/emfoco\/wp-content\/uploads\/2026\/03\/Gemini_Generated_Image_g6x041g6x041g6x0-1-1024x576.png 1024w, https:\/\/www.em.com.br\/emfoco\/wp-content\/uploads\/2026\/03\/Gemini_Generated_Image_g6x041g6x041g6x0-1-300x169.png 300w, https:\/\/www.em.com.br\/emfoco\/wp-content\/uploads\/2026\/03\/Gemini_Generated_Image_g6x041g6x041g6x0-1-768x432.png 768w, https:\/\/www.em.com.br\/emfoco\/wp-content\/uploads\/2026\/03\/Gemini_Generated_Image_g6x041g6x041g6x0-1-750x422.png 750w, https:\/\/www.em.com.br\/emfoco\/wp-content\/uploads\/2026\/03\/Gemini_Generated_Image_g6x041g6x041g6x0-1-1140x641.png 1140w, https:\/\/www.em.com.br\/emfoco\/wp-content\/uploads\/2026\/03\/Gemini_Generated_Image_g6x041g6x041g6x0-1.png 1280w\" sizes=\"auto, (max-width: 1024px) 100vw, 1024px\" \/><figcaption class=\"wp-element-caption\">Embora cada rosto seja \u00fanico, alguns passos costumam funcionar muito bem para quem j\u00e1 passou dos 45 e quer suavizar as olheiras <\/figcaption><\/figure><\/div>\n\n\n<h2 class=\"wp-block-heading\">Como adaptar a ilumina\u00e7\u00e3o do olhar depois dos 45 anos<\/h2>\n\n\n\n<p>Depois dos 45, a l\u00f3gica da ilumina\u00e7\u00e3o muda um pouco, porque a <b>pele<\/b> ganha mais textura e pede produtos mais delicados. O foco deixa de ser brilho intenso e passa a ser um reflexo suave, que traz aspecto de <b>descanso<\/b> sem destacar rugas ou vinquinhos <b>naturais<\/b>.<\/p>\n\n\n\n<p>Por isso, iluminadores muito met\u00e1licos costumam ser substitu\u00eddos por vers\u00f5es cremosas ou acetinadas, que se fundem melhor \u00e0 <b>pele<\/b>. Sombras claras e esfumados suaves, em tons <b>terrosos<\/b>, rosados ou nude, ajudam a abrir o olhar e criar um resultado mais harm\u00f4nico e <b>elegante<\/b>.<\/p>\n\n\n\n<p>Para voc\u00ea que gosta de se cuidar, separamos um v\u00eddeo do canal da <a href=\"https:\/\/www.youtube.com\/@HellenShawanny\" target=\"_blank\" rel=\"noreferrer noopener\">Hellen Shawanny <\/a>com dicas apra disfar\u00e7ar as olheiras de uma vez por todas:<\/p>\n\n\n\n<figure class=\"wp-block-embed is-type-video is-provider-youtube wp-block-embed-youtube wp-embed-aspect-16-9 wp-has-aspect-ratio\"><div class=\"wp-block-embed__wrapper\">\n<div class=\"jeg_video_container jeg_video_content\"><iframe loading=\"lazy\" title=\"COMO ESCONDER OLHEIRAS ESCURAS E FUNDAS DO JEITO CERTO\" width=\"500\" height=\"281\" src=\"https:\/\/www.youtube.com\/embed\/aD_9jKaNS84?feature=oembed\" frameborder=\"0\" allow=\"accelerometer; autoplay; clipboard-write; encrypted-media; gyroscope; picture-in-picture; web-share\" referrerpolicy=\"strict-origin-when-cross-origin\" allowfullscreen><\/iframe><\/div>\n<\/div><\/figure>\n\n\n\n<h2 class=\"wp-block-heading\">Quais cuidados ajudam a manter o olhar iluminado por mais tempo<\/h2>\n\n\n\n<p>Para que a maquiagem dure bem ao longo do dia, alguns h\u00e1bitos simples fazem grande diferen\u00e7a no resultado. Uma rotina de <b>hidrata\u00e7\u00e3o<\/b> da \u00e1rea dos olhos, uso di\u00e1rio de <b>protetor<\/b> solar e consumo adequado de \u00e1gua ajudam a deixar a pele mais uniforme e <b>preparada<\/b>.<\/p>\n\n\n\n<p>Tamb\u00e9m \u00e9 essencial remover toda a maquiagem \u00e0 noite, usando produtos espec\u00edficos para a regi\u00e3o dos olhos e evitando esfregar com for\u00e7a. Assim, voc\u00ea preserva a delicadeza da <b>pele<\/b>, reduz irrita\u00e7\u00f5es e mant\u00e9m o olhar mais vi\u00e7oso e <b>saud\u00e1vel<\/b> no dia a <b>dia<\/b>.<\/p>\n","protected":false},"excerpt":{"rendered":"<p>Depois dos 45 anos, muitas pessoas come\u00e7am a se olhar no espelho e perceber que a regi\u00e3o dos olhos parece mais cansada, com olheiras marcadas e menos luminosidade; \u00e9 nessa hora que a maquiagem se torna uma aliada para real\u00e7ar a beleza natural, suavizar sombras e valorizar um olhar maduro, sem a inten\u00e7\u00e3o de esconder [&hellip;]<\/p>\n","protected":false},"author":9,"featured_media":179804,"comment_status":"open","ping_status":"open","sticky":false,"template":"","format":"standard","meta":{"jnews-multi-image_gallery":[],"jnews_single_post":{"format":"standard"},"jnews_primary_category":[],"jnews_social_meta":[],"jnews_override_counter":[],"footnotes":""},"categories":[8819,1],"tags":[22121,2616,4914,7176],"class_list":["post-179613","post","type-post","status-publish","format-standard","has-post-thumbnail","hentry","category-curiosidades","category-noticias","tag-auto-cuidado","tag-beleza","tag-maquiagem","tag-tecnica"],"yoast_head":"<!-- This site is optimized with the Yoast SEO plugin v23.8 - https:\/\/yoast.com\/wordpress\/plugins\/seo\/ -->\n<title>Nem corretivo, nem base, a t\u00e9cnica de maquiagem que suaviza olheiras e ilumina o olhar ap\u00f3s os 45 - Estado de Minas - Em foco<\/title>\n<meta name=\"description\" content=\"Aprenda a iluminar o olhar e suavizar olheiras ap\u00f3s os 45 anos com t\u00e9cnicas leves que n\u00e3o marcam rugas\" \/>\n<meta name=\"robots\" content=\"index, follow, max-snippet:-1, max-image-preview:large, max-video-preview:-1\" \/>\n<link rel=\"canonical\" href=\"https:\/\/www.em.com.br\/emfoco\/2026\/03\/11\/nem-corretivo-nem-base-a-tecnica-de-maquiagem-que-suaviza-olheiras-e-ilumina-o-olhar-apos-os-45\/\" \/>\n<meta property=\"og:locale\" content=\"pt_BR\" \/>\n<meta property=\"og:type\" content=\"article\" \/>\n<meta property=\"og:title\" content=\"Nem corretivo, nem base, a t\u00e9cnica de maquiagem que suaviza olheiras e ilumina o olhar ap\u00f3s os 45 - Estado de Minas - Em foco\" \/>\n<meta property=\"og:description\" content=\"Aprenda a iluminar o olhar e suavizar olheiras ap\u00f3s os 45 anos com t\u00e9cnicas leves que n\u00e3o marcam rugas\" \/>\n<meta property=\"og:url\" content=\"https:\/\/www.em.com.br\/emfoco\/2026\/03\/11\/nem-corretivo-nem-base-a-tecnica-de-maquiagem-que-suaviza-olheiras-e-ilumina-o-olhar-apos-os-45\/\" \/>\n<meta property=\"og:site_name\" content=\"Estado de Minas - Em foco\" \/>\n<meta property=\"article:published_time\" content=\"2026-03-11T16:15:24+00:00\" \/>\n<meta property=\"article:modified_time\" content=\"2026-03-10T20:51:32+00:00\" \/>\n<meta property=\"og:image\" content=\"https:\/\/www.em.com.br\/emfoco\/wp-content\/uploads\/2026\/03\/Gemini_Generated_Image_5sdzgn5sdzgn5sdz-1.png\" \/>\n\t<meta property=\"og:image:width\" content=\"1280\" \/>\n\t<meta property=\"og:image:height\" content=\"720\" \/>\n\t<meta property=\"og:image:type\" content=\"image\/png\" \/>\n<meta name=\"author\" content=\"Daniely Cardoso\" \/>\n<meta name=\"twitter:card\" content=\"summary_large_image\" \/>\n<meta name=\"twitter:label1\" content=\"Escrito por\" \/>\n\t<meta name=\"twitter:data1\" content=\"Daniely Cardoso\" \/>\n\t<meta name=\"twitter:label2\" content=\"Est. tempo de leitura\" \/>\n\t<meta name=\"twitter:data2\" content=\"4 minutos\" \/>\n<!-- \/ Yoast SEO plugin. -->","yoast_head_json":{"title":"Nem corretivo, nem base, a t\u00e9cnica de maquiagem que suaviza olheiras e ilumina o olhar ap\u00f3s os 45 - Estado de Minas - Em foco","description":"Aprenda a iluminar o olhar e suavizar olheiras ap\u00f3s os 45 anos com t\u00e9cnicas leves que n\u00e3o marcam rugas","robots":{"index":"index","follow":"follow","max-snippet":"max-snippet:-1","max-image-preview":"max-image-preview:large","max-video-preview":"max-video-preview:-1"},"canonical":"https:\/\/www.em.com.br\/emfoco\/2026\/03\/11\/nem-corretivo-nem-base-a-tecnica-de-maquiagem-que-suaviza-olheiras-e-ilumina-o-olhar-apos-os-45\/","og_locale":"pt_BR","og_type":"article","og_title":"Nem corretivo, nem base, a t\u00e9cnica de maquiagem que suaviza olheiras e ilumina o olhar ap\u00f3s os 45 - Estado de Minas - Em foco","og_description":"Aprenda a iluminar o olhar e suavizar olheiras ap\u00f3s os 45 anos com t\u00e9cnicas leves que n\u00e3o marcam rugas","og_url":"https:\/\/www.em.com.br\/emfoco\/2026\/03\/11\/nem-corretivo-nem-base-a-tecnica-de-maquiagem-que-suaviza-olheiras-e-ilumina-o-olhar-apos-os-45\/","og_site_name":"Estado de Minas - Em foco","article_published_time":"2026-03-11T16:15:24+00:00","article_modified_time":"2026-03-10T20:51:32+00:00","og_image":[{"width":1280,"height":720,"url":"https:\/\/www.em.com.br\/emfoco\/wp-content\/uploads\/2026\/03\/Gemini_Generated_Image_5sdzgn5sdzgn5sdz-1.png","type":"image\/png"}],"author":"Daniely Cardoso","twitter_card":"summary_large_image","twitter_misc":{"Escrito por":"Daniely Cardoso","Est. tempo de leitura":"4 minutos"},"schema":{"@context":"https:\/\/schema.org","@graph":[{"@type":"WebPage","@id":"https:\/\/www.em.com.br\/emfoco\/2026\/03\/11\/nem-corretivo-nem-base-a-tecnica-de-maquiagem-que-suaviza-olheiras-e-ilumina-o-olhar-apos-os-45\/","url":"https:\/\/www.em.com.br\/emfoco\/2026\/03\/11\/nem-corretivo-nem-base-a-tecnica-de-maquiagem-que-suaviza-olheiras-e-ilumina-o-olhar-apos-os-45\/","name":"Nem corretivo, nem base, a t\u00e9cnica de maquiagem que suaviza olheiras e ilumina o olhar ap\u00f3s os 45 - Estado de Minas - Em foco","isPartOf":{"@id":"https:\/\/www.em.com.br\/emfoco\/#website"},"primaryImageOfPage":{"@id":"https:\/\/www.em.com.br\/emfoco\/2026\/03\/11\/nem-corretivo-nem-base-a-tecnica-de-maquiagem-que-suaviza-olheiras-e-ilumina-o-olhar-apos-os-45\/#primaryimage"},"image":{"@id":"https:\/\/www.em.com.br\/emfoco\/2026\/03\/11\/nem-corretivo-nem-base-a-tecnica-de-maquiagem-que-suaviza-olheiras-e-ilumina-o-olhar-apos-os-45\/#primaryimage"},"thumbnailUrl":"https:\/\/www.em.com.br\/emfoco\/wp-content\/uploads\/2026\/03\/Gemini_Generated_Image_5sdzgn5sdzgn5sdz-1.png","datePublished":"2026-03-11T16:15:24+00:00","dateModified":"2026-03-10T20:51:32+00:00","author":{"@id":"https:\/\/www.em.com.br\/emfoco\/#\/schema\/person\/0a8186d72f2c3a5c6276d90b41f271a0"},"description":"Aprenda a iluminar o olhar e suavizar olheiras ap\u00f3s os 45 anos com t\u00e9cnicas leves que n\u00e3o marcam rugas","breadcrumb":{"@id":"https:\/\/www.em.com.br\/emfoco\/2026\/03\/11\/nem-corretivo-nem-base-a-tecnica-de-maquiagem-que-suaviza-olheiras-e-ilumina-o-olhar-apos-os-45\/#breadcrumb"},"inLanguage":"pt-BR","potentialAction":[{"@type":"ReadAction","target":["https:\/\/www.em.com.br\/emfoco\/2026\/03\/11\/nem-corretivo-nem-base-a-tecnica-de-maquiagem-que-suaviza-olheiras-e-ilumina-o-olhar-apos-os-45\/"]}]},{"@type":"ImageObject","inLanguage":"pt-BR","@id":"https:\/\/www.em.com.br\/emfoco\/2026\/03\/11\/nem-corretivo-nem-base-a-tecnica-de-maquiagem-que-suaviza-olheiras-e-ilumina-o-olhar-apos-os-45\/#primaryimage","url":"https:\/\/www.em.com.br\/emfoco\/wp-content\/uploads\/2026\/03\/Gemini_Generated_Image_5sdzgn5sdzgn5sdz-1.png","contentUrl":"https:\/\/www.em.com.br\/emfoco\/wp-content\/uploads\/2026\/03\/Gemini_Generated_Image_5sdzgn5sdzgn5sdz-1.png","width":1280,"height":720,"caption":"Na pr\u00e1tica, a maquiagem que ilumina o olhar maduro come\u00e7a antes do corretivo, com uma prepara\u00e7\u00e3o simples, mas constante."},{"@type":"BreadcrumbList","@id":"https:\/\/www.em.com.br\/emfoco\/2026\/03\/11\/nem-corretivo-nem-base-a-tecnica-de-maquiagem-que-suaviza-olheiras-e-ilumina-o-olhar-apos-os-45\/#breadcrumb","itemListElement":[{"@type":"ListItem","position":1,"name":"In\u00edcio","item":"https:\/\/www.em.com.br\/emfoco\/"},{"@type":"ListItem","position":2,"name":"Nem corretivo, nem base, a t\u00e9cnica de maquiagem que suaviza olheiras e ilumina o olhar ap\u00f3s os 45"}]},{"@type":"WebSite","@id":"https:\/\/www.em.com.br\/emfoco\/#website","url":"https:\/\/www.em.com.br\/emfoco\/","name":"Estado de Minas - Em foco","description":"Acompanhe as \u00faltimas not\u00edcias e fique bem informado sobre tudo o que acontece em Minas Gerais, Brasil e no mundo.","potentialAction":[{"@type":"SearchAction","target":{"@type":"EntryPoint","urlTemplate":"https:\/\/www.em.com.br\/emfoco\/?s={search_term_string}"},"query-input":{"@type":"PropertyValueSpecification","valueRequired":true,"valueName":"search_term_string"}}],"inLanguage":"pt-BR"},{"@type":"Person","@id":"https:\/\/www.em.com.br\/emfoco\/#\/schema\/person\/0a8186d72f2c3a5c6276d90b41f271a0","name":"Daniely Cardoso","image":{"@type":"ImageObject","inLanguage":"pt-BR","@id":"https:\/\/www.em.com.br\/emfoco\/#\/schema\/person\/image\/","url":"https:\/\/secure.gravatar.com\/avatar\/4b80ddbd124d1f071b626d52d62e5dff?s=96&d=mm&r=g","contentUrl":"https:\/\/secure.gravatar.com\/avatar\/4b80ddbd124d1f071b626d52d62e5dff?s=96&d=mm&r=g","caption":"Daniely Cardoso"},"url":"https:\/\/www.em.com.br\/emfoco\/author\/danielymyth\/"}]}},"_links":{"self":[{"href":"https:\/\/www.em.com.br\/emfoco\/wp-json\/wp\/v2\/posts\/179613","targetHints":{"allow":["GET"]}}],"collection":[{"href":"https:\/\/www.em.com.br\/emfoco\/wp-json\/wp\/v2\/posts"}],"about":[{"href":"https:\/\/www.em.com.br\/emfoco\/wp-json\/wp\/v2\/types\/post"}],"author":[{"embeddable":true,"href":"https:\/\/www.em.com.br\/emfoco\/wp-json\/wp\/v2\/users\/9"}],"replies":[{"embeddable":true,"href":"https:\/\/www.em.com.br\/emfoco\/wp-json\/wp\/v2\/comments?post=179613"}],"version-history":[{"count":3,"href":"https:\/\/www.em.com.br\/emfoco\/wp-json\/wp\/v2\/posts\/179613\/revisions"}],"predecessor-version":[{"id":179883,"href":"https:\/\/www.em.com.br\/emfoco\/wp-json\/wp\/v2\/posts\/179613\/revisions\/179883"}],"wp:featuredmedia":[{"embeddable":true,"href":"https:\/\/www.em.com.br\/emfoco\/wp-json\/wp\/v2\/media\/179804"}],"wp:attachment":[{"href":"https:\/\/www.em.com.br\/emfoco\/wp-json\/wp\/v2\/media?parent=179613"}],"wp:term":[{"taxonomy":"category","embeddable":true,"href":"https:\/\/www.em.com.br\/emfoco\/wp-json\/wp\/v2\/categories?post=179613"},{"taxonomy":"post_tag","embeddable":true,"href":"https:\/\/www.em.com.br\/emfoco\/wp-json\/wp\/v2\/tags?post=179613"}],"curies":[{"name":"wp","href":"https:\/\/api.w.org\/{rel}","templated":true}]}}