{"id":179612,"date":"2026-03-11T12:55:16","date_gmt":"2026-03-11T15:55:16","guid":{"rendered":"https:\/\/www.em.com.br\/emfoco\/?p=179612"},"modified":"2026-03-10T16:23:44","modified_gmt":"2026-03-10T19:23:44","slug":"fios-brancos-aparentes-as-cores-de-cabelo-que-disfarcam-e-ainda-iluminam-o-rosto","status":"publish","type":"post","link":"https:\/\/www.em.com.br\/emfoco\/2026\/03\/11\/fios-brancos-aparentes-as-cores-de-cabelo-que-disfarcam-e-ainda-iluminam-o-rosto\/","title":{"rendered":"Fios brancos aparentes? As cores de cabelo que disfar\u00e7am e ainda iluminam o rosto"},"content":{"rendered":"\n<p>Em 2026, muita gente olha no espelho, v\u00ea os primeiros fios <b>brancos<\/b> e se pergunta se \u00e9 hora de <b>esconder<\/b>, assumir ou apenas suavizar essa mudan\u00e7a. A escolha da <b>cor<\/b> de cabelo deixou de ser s\u00f3 est\u00e9tica e passou a dialogar com bem-estar, praticidade e envelhecimento natural<\/p>\n\n\n\n<h2 class=\"wp-block-heading\">Quais t\u00e9cnicas e cores ajudam a esconder fios brancos sem pesar o visual<\/h2>\n\n\n\n<p>As t\u00e9cnicas mais usadas para disfar\u00e7ar cabelos <b>brancos<\/b> em 2026 combinam clareamento suave e esfumado de raiz, evitando aquela apar\u00eancia muito marcada. Profissionais de beleza apostam em misturas de <b>tons<\/b> e em efeitos de luz e sombra que deixam o visual mais moderno, mas com manuten\u00e7\u00e3o simples.<\/p>\n\n\n\n<p>Em vez de cobrir 100% dos fios brancos com uma colora\u00e7\u00e3o muito <b>escura<\/b>, a proposta \u00e9 trabalhar com mechas difusas e ra\u00edzes esfumadas, deixando os brancos \u201cmisturados\u201d ao conjunto. Assim, o crescimento da <b>raiz<\/b> fica mais discreto, sem linhas r\u00edgidas, e o resultado \u00e9 um visual mais harmonioso e suave.<\/p>\n\n\n<div class=\"wp-block-image\">\n<figure class=\"aligncenter size-large\"><img loading=\"lazy\" decoding=\"async\" width=\"1024\" height=\"576\" src=\"https:\/\/www.em.com.br\/emfoco\/wp-content\/uploads\/2025\/10\/cabelos-grisalho_1760362455976-1024x576.jpg\" alt=\"\" class=\"wp-image-114576\" srcset=\"https:\/\/www.em.com.br\/emfoco\/wp-content\/uploads\/2025\/10\/cabelos-grisalho_1760362455976-1024x576.jpg 1024w, https:\/\/www.em.com.br\/emfoco\/wp-content\/uploads\/2025\/10\/cabelos-grisalho_1760362455976-300x169.jpg 300w, https:\/\/www.em.com.br\/emfoco\/wp-content\/uploads\/2025\/10\/cabelos-grisalho_1760362455976-768x432.jpg 768w, https:\/\/www.em.com.br\/emfoco\/wp-content\/uploads\/2025\/10\/cabelos-grisalho_1760362455976-750x422.jpg 750w, https:\/\/www.em.com.br\/emfoco\/wp-content\/uploads\/2025\/10\/cabelos-grisalho_1760362455976-1140x641.jpg 1140w, https:\/\/www.em.com.br\/emfoco\/wp-content\/uploads\/2025\/10\/cabelos-grisalho_1760362455976.jpg 1280w\" sizes=\"auto, (max-width: 1024px) 100vw, 1024px\" \/><figcaption class=\"wp-element-caption\">a proposta \u00e9 trabalhar com mechas difusas e ra\u00edzes esfumadas, deixando os brancos misturados ao conjunto &#8211; Cr\u00e9ditos: depositphotos.com \/ irina999irina<\/figcaption><\/figure><\/div>\n\n\n<p>Leia tamb\u00e9m:&nbsp;<a href=\"https:\/\/www.em.com.br\/emfoco\/2026\/03\/09\/adeus-as-tintas-nova-tendencia-para-cabelos-brancos-promete-visual-mais-natural-e-aparencia-mais-jovem\/\" target=\"_blank\" rel=\"noopener\">Adeus \u00e0s tintas: nova tend\u00eancia para cabelos brancos promete visual mais natural e apar\u00eancia mais jovem<\/a><\/p>\n\n\n\n<h2 class=\"wp-block-heading\">Quais s\u00e3o os principais estilos de cor para disfar\u00e7ar brancos em 2026<\/h2>\n\n\n\n<p>Nesse contexto, alguns estilos de cor ganharam o cora\u00e7\u00e3o de quem quer <b>praticidade<\/b> e um ar rejuvenescido. Cada um deles pode ser adaptado \u00e0 rotina, ao formato do rosto e ao jeito pessoal de se expressar, criando um visual charmoso sem parecer carregado ou <b>artificial<\/b>.<\/p>\n\n\n\n<ul class=\"wp-block-list\">\n<li><b>Morena<\/b> iluminada soft: base castanha m\u00e9dia ou clara com mechas finas em tons mel, caramelo ou avel\u00e3, que quebram o contraste com os <b>brancos<\/b>.<\/li>\n<\/ul>\n\n\n\n<figure class=\"wp-block-embed is-type-rich is-provider-pinterest wp-block-embed-pinterest\"><div class=\"wp-block-embed__wrapper\">\n<iframe loading=\"lazy\" title=\"Cabelo longo morena iluminada \ud83d\ude0d\" src=\"https:\/\/assets.pinterest.com\/ext\/embed.html?id=6473993211933992&#038;src=oembed\" height=\"899\" width=\"450\" frameborder=\"0\" scrolling=\"no\" ><\/iframe>\n<\/div><\/figure>\n\n\n\n<ul class=\"wp-block-list\">\n<li><b>Loiro<\/b> bege iluminador: \u00f3timo para quem j\u00e1 tem muitos fios claros ou brancos; usa nuances bege e peroladas para integrar as mechas naturais e deixar o rosto mais <b>radiante<\/b>.<\/li>\n<\/ul>\n\n\n\n<figure class=\"wp-block-embed is-type-rich is-provider-pinterest wp-block-embed-pinterest\"><div class=\"wp-block-embed__wrapper\">\n<iframe loading=\"lazy\" title=\" \" src=\"https:\/\/assets.pinterest.com\/ext\/embed.html?id=1337074888693614&#038;src=oembed\" height=\"899\" width=\"450\" frameborder=\"0\" scrolling=\"no\" ><\/iframe>\n<\/div><\/figure>\n\n\n\n<ul class=\"wp-block-list\">\n<li><b>Castanho<\/b> transl\u00facido: colora\u00e7\u00e3o semi-permanente ou tonalizante em castanho claro com reflexos dourados, que suaviza o branco sem bloquear totalmente a transpar\u00eancia dos <b>fios<\/b>.<\/li>\n<\/ul>\n\n\n\n<figure class=\"wp-block-embed is-type-rich is-provider-pinterest wp-block-embed-pinterest\"><div class=\"wp-block-embed__wrapper\">\n<iframe loading=\"lazy\" title=\"Trend Alert : \u201cEASY CHIC\u201d\" src=\"https:\/\/assets.pinterest.com\/ext\/embed.html?id=1196337403744815&#038;src=oembed\" height=\"899\" width=\"450\" frameborder=\"0\" scrolling=\"no\" ><\/iframe>\n<\/div><\/figure>\n\n\n\n<ul class=\"wp-block-list\">\n<li><b>Brondes<\/b> (entre o loiro e o castanho): mistura de loiro m\u00e9dio com castanho claro, ideal para criar um efeito \u201cnem loiro, nem moreno\u201d, que costuma favorecer v\u00e1rios tons de <b>pele<\/b>.<\/li>\n<\/ul>\n\n\n\n<figure class=\"wp-block-embed is-type-rich is-provider-pinterest wp-block-embed-pinterest\"><div class=\"wp-block-embed__wrapper\">\n<iframe loading=\"lazy\" title=\"Instagram\" src=\"https:\/\/assets.pinterest.com\/ext\/embed.html?id=68749467503&#038;src=oembed\" height=\"699\" width=\"450\" frameborder=\"0\" scrolling=\"no\" ><\/iframe>\n<\/div><\/figure>\n\n\n\n<h2 class=\"wp-block-heading\">Como escolher a cor de cabelo que ilumina o rosto de forma harmoniosa<\/h2>\n\n\n\n<p>Para selecionar a cor de cabelo que ilumina o rosto e esconde os fios <b>brancos<\/b> de maneira equilibrada, o ideal \u00e9 observar tom de pele, cor natural do cabelo e quantidade de brancos. Essa combina\u00e7\u00e3o serve como guia para decidir se o melhor caminho \u00e9 um <b>castanho<\/b> iluminado, um loiro suave ou um tom intermedi\u00e1rio.<\/p>\n\n\n\n<p>De forma geral, tons levemente <b>quentes<\/b> \u2013 como dourado, mel, caramelo e cobre suave \u2013 refletem mais luz e suavizam sombras no rosto. J\u00e1 reflexos muito frios ou cinzentos s\u00e3o usados com mais cautela para n\u00e3o deixar o visual apagado. A ideia central \u00e9 criar uma transi\u00e7\u00e3o suave entre a <b>cor<\/b> natural, os brancos e as novas nuances aplicadas.<\/p>\n\n\n\n<p>Para voc\u00ea que gosta de se cuidar, separamos um v\u00eddeo do canal da <a href=\"https:\/\/www.youtube.com\/@lidianestambassi2871\" target=\"_blank\" rel=\"noreferrer noopener\">Lidiane Stambassi <\/a>com dicas para achar seu tom de cabelo:<\/p>\n\n\n\n<figure class=\"wp-block-embed is-type-video is-provider-youtube wp-block-embed-youtube wp-embed-aspect-16-9 wp-has-aspect-ratio\"><div class=\"wp-block-embed__wrapper\">\n<div class=\"jeg_video_container jeg_video_content\"><iframe loading=\"lazy\" title=\"TONS IDEAIS PARA O CABELO: como descobrir o seu\" width=\"500\" height=\"281\" src=\"https:\/\/www.youtube.com\/embed\/GbMncxE0wDg?start=1&#038;feature=oembed\" frameborder=\"0\" allow=\"accelerometer; autoplay; clipboard-write; encrypted-media; gyroscope; picture-in-picture; web-share\" referrerpolicy=\"strict-origin-when-cross-origin\" allowfullscreen><\/iframe><\/div>\n<\/div><\/figure>\n\n\n\n<h2 class=\"wp-block-heading\">Quais cores combinam melhor com cada tom de pele<\/h2>\n\n\n\n<p>Na pr\u00e1tica do dia a dia do sal\u00e3o, muitos profissionais observam primeiro a <b>pele<\/b> para sugerir o tom que mais valoriza o rosto. Isso deixa a escolha mais f\u00e1cil e aumenta a chance de voc\u00ea se reconhecer no espelho, com um brilho que parece vir de dentro e n\u00e3o apenas da <b>tinta<\/b>.<\/p>\n\n\n\n<p>Peles claras geralmente combinam com loiros bege, loiros avel\u00e3 e castanhos claros <b>dourados<\/b>. Peles m\u00e9dias ficam bem com morenas iluminadas em tons de mel, caramelo e bronde. J\u00e1 peles escuras costumam ser valorizadas por castanhos quentes, chocolates iluminados e reflexos acobreados bem <b>suaves<\/b>.<\/p>\n","protected":false},"excerpt":{"rendered":"<p>Em 2026, muita gente olha no espelho, v\u00ea os primeiros fios brancos e se pergunta se \u00e9 hora de esconder, assumir ou apenas suavizar essa mudan\u00e7a. A escolha da cor de cabelo deixou de ser s\u00f3 est\u00e9tica e passou a dialogar com bem-estar, praticidade e envelhecimento natural Quais t\u00e9cnicas e cores ajudam a esconder fios [&hellip;]<\/p>\n","protected":false},"author":9,"featured_media":179800,"comment_status":"open","ping_status":"open","sticky":false,"template":"","format":"standard","meta":{"jnews-multi-image_gallery":[],"jnews_single_post":{"format":"standard"},"jnews_primary_category":[],"jnews_social_meta":[],"jnews_override_counter":[],"footnotes":""},"categories":[8819,1],"tags":[2616,313,9915,1920],"class_list":["post-179612","post","type-post","status-publish","format-standard","has-post-thumbnail","hentry","category-curiosidades","category-noticias","tag-beleza","tag-celebridades","tag-cor-de-cabelo","tag-tendencia"],"yoast_head":"<!-- This site is optimized with the Yoast SEO plugin v23.8 - https:\/\/yoast.com\/wordpress\/plugins\/seo\/ -->\n<title>Fios brancos aparentes? As cores de cabelo que disfar\u00e7am e ainda iluminam o rosto - Estado de Minas - Em foco<\/title>\n<meta name=\"description\" content=\"Conhe\u00e7a as cores e t\u00e9cnicas de 2026 que disfar\u00e7am fios brancos com naturalidade e iluminam o seu rosto\" \/>\n<meta name=\"robots\" content=\"index, follow, max-snippet:-1, max-image-preview:large, max-video-preview:-1\" \/>\n<link rel=\"canonical\" href=\"https:\/\/www.em.com.br\/emfoco\/2026\/03\/11\/fios-brancos-aparentes-as-cores-de-cabelo-que-disfarcam-e-ainda-iluminam-o-rosto\/\" \/>\n<meta property=\"og:locale\" content=\"pt_BR\" \/>\n<meta property=\"og:type\" content=\"article\" \/>\n<meta property=\"og:title\" content=\"Fios brancos aparentes? As cores de cabelo que disfar\u00e7am e ainda iluminam o rosto - Estado de Minas - Em foco\" \/>\n<meta property=\"og:description\" content=\"Conhe\u00e7a as cores e t\u00e9cnicas de 2026 que disfar\u00e7am fios brancos com naturalidade e iluminam o seu rosto\" \/>\n<meta property=\"og:url\" content=\"https:\/\/www.em.com.br\/emfoco\/2026\/03\/11\/fios-brancos-aparentes-as-cores-de-cabelo-que-disfarcam-e-ainda-iluminam-o-rosto\/\" \/>\n<meta property=\"og:site_name\" content=\"Estado de Minas - Em foco\" \/>\n<meta property=\"article:published_time\" content=\"2026-03-11T15:55:16+00:00\" \/>\n<meta property=\"article:modified_time\" content=\"2026-03-10T19:23:44+00:00\" \/>\n<meta property=\"og:image\" content=\"https:\/\/www.em.com.br\/emfoco\/wp-content\/uploads\/2026\/03\/Gemini_Generated_Image_tzptxwtzptxwtzpt-1.png\" \/>\n\t<meta property=\"og:image:width\" content=\"1280\" \/>\n\t<meta property=\"og:image:height\" content=\"720\" \/>\n\t<meta property=\"og:image:type\" content=\"image\/png\" \/>\n<meta name=\"author\" content=\"Daniely Cardoso\" \/>\n<meta name=\"twitter:card\" content=\"summary_large_image\" \/>\n<meta name=\"twitter:label1\" content=\"Escrito por\" \/>\n\t<meta name=\"twitter:data1\" content=\"Daniely Cardoso\" \/>\n\t<meta name=\"twitter:label2\" content=\"Est. tempo de leitura\" \/>\n\t<meta name=\"twitter:data2\" content=\"4 minutos\" \/>\n<!-- \/ Yoast SEO plugin. -->","yoast_head_json":{"title":"Fios brancos aparentes? As cores de cabelo que disfar\u00e7am e ainda iluminam o rosto - Estado de Minas - Em foco","description":"Conhe\u00e7a as cores e t\u00e9cnicas de 2026 que disfar\u00e7am fios brancos com naturalidade e iluminam o seu rosto","robots":{"index":"index","follow":"follow","max-snippet":"max-snippet:-1","max-image-preview":"max-image-preview:large","max-video-preview":"max-video-preview:-1"},"canonical":"https:\/\/www.em.com.br\/emfoco\/2026\/03\/11\/fios-brancos-aparentes-as-cores-de-cabelo-que-disfarcam-e-ainda-iluminam-o-rosto\/","og_locale":"pt_BR","og_type":"article","og_title":"Fios brancos aparentes? As cores de cabelo que disfar\u00e7am e ainda iluminam o rosto - Estado de Minas - Em foco","og_description":"Conhe\u00e7a as cores e t\u00e9cnicas de 2026 que disfar\u00e7am fios brancos com naturalidade e iluminam o seu rosto","og_url":"https:\/\/www.em.com.br\/emfoco\/2026\/03\/11\/fios-brancos-aparentes-as-cores-de-cabelo-que-disfarcam-e-ainda-iluminam-o-rosto\/","og_site_name":"Estado de Minas - Em foco","article_published_time":"2026-03-11T15:55:16+00:00","article_modified_time":"2026-03-10T19:23:44+00:00","og_image":[{"width":1280,"height":720,"url":"https:\/\/www.em.com.br\/emfoco\/wp-content\/uploads\/2026\/03\/Gemini_Generated_Image_tzptxwtzptxwtzpt-1.png","type":"image\/png"}],"author":"Daniely Cardoso","twitter_card":"summary_large_image","twitter_misc":{"Escrito por":"Daniely Cardoso","Est. tempo de leitura":"4 minutos"},"schema":{"@context":"https:\/\/schema.org","@graph":[{"@type":"WebPage","@id":"https:\/\/www.em.com.br\/emfoco\/2026\/03\/11\/fios-brancos-aparentes-as-cores-de-cabelo-que-disfarcam-e-ainda-iluminam-o-rosto\/","url":"https:\/\/www.em.com.br\/emfoco\/2026\/03\/11\/fios-brancos-aparentes-as-cores-de-cabelo-que-disfarcam-e-ainda-iluminam-o-rosto\/","name":"Fios brancos aparentes? As cores de cabelo que disfar\u00e7am e ainda iluminam o rosto - Estado de Minas - Em foco","isPartOf":{"@id":"https:\/\/www.em.com.br\/emfoco\/#website"},"primaryImageOfPage":{"@id":"https:\/\/www.em.com.br\/emfoco\/2026\/03\/11\/fios-brancos-aparentes-as-cores-de-cabelo-que-disfarcam-e-ainda-iluminam-o-rosto\/#primaryimage"},"image":{"@id":"https:\/\/www.em.com.br\/emfoco\/2026\/03\/11\/fios-brancos-aparentes-as-cores-de-cabelo-que-disfarcam-e-ainda-iluminam-o-rosto\/#primaryimage"},"thumbnailUrl":"https:\/\/www.em.com.br\/emfoco\/wp-content\/uploads\/2026\/03\/Gemini_Generated_Image_tzptxwtzptxwtzpt-1.png","datePublished":"2026-03-11T15:55:16+00:00","dateModified":"2026-03-10T19:23:44+00:00","author":{"@id":"https:\/\/www.em.com.br\/emfoco\/#\/schema\/person\/0a8186d72f2c3a5c6276d90b41f271a0"},"description":"Conhe\u00e7a as cores e t\u00e9cnicas de 2026 que disfar\u00e7am fios brancos com naturalidade e iluminam o seu rosto","breadcrumb":{"@id":"https:\/\/www.em.com.br\/emfoco\/2026\/03\/11\/fios-brancos-aparentes-as-cores-de-cabelo-que-disfarcam-e-ainda-iluminam-o-rosto\/#breadcrumb"},"inLanguage":"pt-BR","potentialAction":[{"@type":"ReadAction","target":["https:\/\/www.em.com.br\/emfoco\/2026\/03\/11\/fios-brancos-aparentes-as-cores-de-cabelo-que-disfarcam-e-ainda-iluminam-o-rosto\/"]}]},{"@type":"ImageObject","inLanguage":"pt-BR","@id":"https:\/\/www.em.com.br\/emfoco\/2026\/03\/11\/fios-brancos-aparentes-as-cores-de-cabelo-que-disfarcam-e-ainda-iluminam-o-rosto\/#primaryimage","url":"https:\/\/www.em.com.br\/emfoco\/wp-content\/uploads\/2026\/03\/Gemini_Generated_Image_tzptxwtzptxwtzpt-1.png","contentUrl":"https:\/\/www.em.com.br\/emfoco\/wp-content\/uploads\/2026\/03\/Gemini_Generated_Image_tzptxwtzptxwtzpt-1.png","width":1280,"height":720,"caption":"A aplica\u00e7\u00e3o direta do p\u00f3 ou da infus\u00e3o fria ajuda a bloquear os efeitos do horm\u00f4nio DHT que causa a queda capilar"},{"@type":"BreadcrumbList","@id":"https:\/\/www.em.com.br\/emfoco\/2026\/03\/11\/fios-brancos-aparentes-as-cores-de-cabelo-que-disfarcam-e-ainda-iluminam-o-rosto\/#breadcrumb","itemListElement":[{"@type":"ListItem","position":1,"name":"In\u00edcio","item":"https:\/\/www.em.com.br\/emfoco\/"},{"@type":"ListItem","position":2,"name":"Fios brancos aparentes? As cores de cabelo que disfar\u00e7am e ainda iluminam o rosto"}]},{"@type":"WebSite","@id":"https:\/\/www.em.com.br\/emfoco\/#website","url":"https:\/\/www.em.com.br\/emfoco\/","name":"Estado de Minas - Em foco","description":"Acompanhe as \u00faltimas not\u00edcias e fique bem informado sobre tudo o que acontece em Minas Gerais, Brasil e no mundo.","potentialAction":[{"@type":"SearchAction","target":{"@type":"EntryPoint","urlTemplate":"https:\/\/www.em.com.br\/emfoco\/?s={search_term_string}"},"query-input":{"@type":"PropertyValueSpecification","valueRequired":true,"valueName":"search_term_string"}}],"inLanguage":"pt-BR"},{"@type":"Person","@id":"https:\/\/www.em.com.br\/emfoco\/#\/schema\/person\/0a8186d72f2c3a5c6276d90b41f271a0","name":"Daniely Cardoso","image":{"@type":"ImageObject","inLanguage":"pt-BR","@id":"https:\/\/www.em.com.br\/emfoco\/#\/schema\/person\/image\/","url":"https:\/\/secure.gravatar.com\/avatar\/4b80ddbd124d1f071b626d52d62e5dff?s=96&d=mm&r=g","contentUrl":"https:\/\/secure.gravatar.com\/avatar\/4b80ddbd124d1f071b626d52d62e5dff?s=96&d=mm&r=g","caption":"Daniely Cardoso"},"url":"https:\/\/www.em.com.br\/emfoco\/author\/danielymyth\/"}]}},"_links":{"self":[{"href":"https:\/\/www.em.com.br\/emfoco\/wp-json\/wp\/v2\/posts\/179612","targetHints":{"allow":["GET"]}}],"collection":[{"href":"https:\/\/www.em.com.br\/emfoco\/wp-json\/wp\/v2\/posts"}],"about":[{"href":"https:\/\/www.em.com.br\/emfoco\/wp-json\/wp\/v2\/types\/post"}],"author":[{"embeddable":true,"href":"https:\/\/www.em.com.br\/emfoco\/wp-json\/wp\/v2\/users\/9"}],"replies":[{"embeddable":true,"href":"https:\/\/www.em.com.br\/emfoco\/wp-json\/wp\/v2\/comments?post=179612"}],"version-history":[{"count":2,"href":"https:\/\/www.em.com.br\/emfoco\/wp-json\/wp\/v2\/posts\/179612\/revisions"}],"predecessor-version":[{"id":179801,"href":"https:\/\/www.em.com.br\/emfoco\/wp-json\/wp\/v2\/posts\/179612\/revisions\/179801"}],"wp:featuredmedia":[{"embeddable":true,"href":"https:\/\/www.em.com.br\/emfoco\/wp-json\/wp\/v2\/media\/179800"}],"wp:attachment":[{"href":"https:\/\/www.em.com.br\/emfoco\/wp-json\/wp\/v2\/media?parent=179612"}],"wp:term":[{"taxonomy":"category","embeddable":true,"href":"https:\/\/www.em.com.br\/emfoco\/wp-json\/wp\/v2\/categories?post=179612"},{"taxonomy":"post_tag","embeddable":true,"href":"https:\/\/www.em.com.br\/emfoco\/wp-json\/wp\/v2\/tags?post=179612"}],"curies":[{"name":"wp","href":"https:\/\/api.w.org\/{rel}","templated":true}]}}