{"id":179609,"date":"2026-03-11T07:25:56","date_gmt":"2026-03-11T10:25:56","guid":{"rendered":"https:\/\/www.em.com.br\/emfoco\/?p=179609"},"modified":"2026-03-10T16:03:05","modified_gmt":"2026-03-10T19:03:05","slug":"o-truque-do-lapis-para-garantir-um-olhar-muito-mais-jovial-e-elegante","status":"publish","type":"post","link":"https:\/\/www.em.com.br\/emfoco\/2026\/03\/11\/o-truque-do-lapis-para-garantir-um-olhar-muito-mais-jovial-e-elegante\/","title":{"rendered":"O truque do l\u00e1pis para garantir um olhar muito mais jovial e elegante"},"content":{"rendered":"\n<p>Voc\u00ea j\u00e1 se olhou no espelho, percebeu algumas linhas novas e pensou em abandonar a <b>maquiagem<\/b> por achar que nada mais fica bem? A boa not\u00edcia \u00e9 que a <strong>pele<\/strong> madura n\u00e3o precisa de exagero, e sim de escolhas mais suaves, produtos leves e um olhar carinhoso para essa nova fase, em que a beleza se mostra de um jeito mais aut\u00eantico e <b>confort\u00e1vel<\/b>.<\/p>\n\n\n\n<h2 class=\"wp-block-heading\">Como deixar a pele madura pronta para receber uma maquiagem suave<\/h2>\n\n\n\n<p>Valorizar a <b>pele<\/b> madura come\u00e7a antes de qualquer pincelada, com uma prepara\u00e7\u00e3o simples que faz toda diferen\u00e7a no resultado final. Quando a pele est\u00e1 bem cuidada, voc\u00ea precisa de menos cobertura, o que deixa tudo mais leve, r\u00e1pido e <strong>confort\u00e1vel<\/strong> para o dia a dia.<\/p>\n\n\n\n<p>Nessa etapa, vale apostar em limpeza delicada, hidrata\u00e7\u00e3o consistente e <b>prote\u00e7\u00e3o<\/b> solar, mesmo quando o tempo est\u00e1 nublado. Uma pele bem preparada ajuda a base a se espalhar melhor, evita o ac\u00famulo em linhas e garante um visual mais luminoso e com apar\u00eancia de <strong>sa\u00fade<\/strong>.<\/p>\n\n\n\n<figure class=\"wp-block-embed is-type-rich is-provider-pinterest wp-block-embed-pinterest\"><div class=\"wp-block-embed__wrapper\">\n<iframe loading=\"lazy\" title=\"Melhor forma de aplicar os l\u00e1pis de olho \ud83c\udf1f\" src=\"https:\/\/assets.pinterest.com\/ext\/embed.html?id=31032684929601238&#038;src=oembed\" height=\"898\" width=\"450\" frameborder=\"0\" scrolling=\"no\" ><\/iframe>\n<\/div><\/figure>\n\n\n\n<p>Leia tamb\u00e9m:&nbsp;<a href=\"https:\/\/www.em.com.br\/emfoco\/2026\/03\/09\/unhas-descamando-e-quebrando-conheca-a-receita-natural-que-ganhou-espaco-no-autocuidado-e-esta-salvando-unhas-fracas\/\" target=\"_blank\" rel=\"noopener\">Unhas descamando e quebrando? Conhe\u00e7a a receita natural que ganhou espa\u00e7o no autocuidado e est\u00e1 salvando unhas fracas<\/a><\/p>\n\n\n\n<h2 class=\"wp-block-heading\">Como usar base e corretivo em camadas finas na pele madura<\/h2>\n\n\n\n<p>Na <strong>maquiagem<\/strong> leve, a base n\u00e3o precisa cobrir tudo, apenas suavizar o tom da pele onde mais incomoda. Espalhar camadas finas, come\u00e7ando pelo centro do rosto e esfumando para as laterais, deixa o visual mais natural e evita que o produto acumule em rugas e <b>dobrinhas<\/b>.<\/p>\n\n\n\n<p>O <b>corretivo<\/b> entra apenas onde \u00e9 realmente necess\u00e1rio: olheiras mais escuras, manchinhas ou vermelhid\u00e3o pontual. Ao escolher f\u00f3rmulas mais cremosas e el\u00e1sticas, e esfumar com esponja \u00famida ou pincel macio, voc\u00ea mant\u00e9m a \u00e1rea mais lisa, com menos risco de craquelar ao longo do <strong>dia<\/strong>.<\/p>\n\n\n\n<figure class=\"wp-block-embed is-type-rich is-provider-pinterest wp-block-embed-pinterest\"><div class=\"wp-block-embed__wrapper\">\n<iframe loading=\"lazy\" title=\" \" src=\"https:\/\/assets.pinterest.com\/ext\/embed.html?id=140806234511467&#038;src=oembed\" height=\"898\" width=\"450\" frameborder=\"0\" scrolling=\"no\" ><\/iframe>\n<\/div><\/figure>\n\n\n\n<h2 class=\"wp-block-heading\">Como texturas cremosas ajudam no rubor e contorno suave<\/h2>\n\n\n\n<p>Os produtos em creme s\u00e3o grandes aliados da <strong>pele<\/strong> madura, porque se fundem melhor \u00e0 pele e acompanham o movimento natural do rosto. Blush, contorno e iluminador em textura cremosa criam um efeito mais macio, sem linhas marcadas ou aspecto <b>pesado<\/b>.<\/p>\n\n\n\n<p>Aplicar blush nas <b>ma\u00e7\u00e3s<\/b> do rosto, levemente puxado para as t\u00eamporas, devolve aquele ar de sa\u00fade imediato. Um contorno sutil e um iluminador discreto, sem muito brilho espelhado, ajudam a real\u00e7ar tra\u00e7os com eleg\u00e2ncia, sem chamar aten\u00e7\u00e3o para a textura da <strong>pele<\/strong>.<\/p>\n\n\n\n<figure class=\"wp-block-embed is-type-rich is-provider-pinterest wp-block-embed-pinterest\"><div class=\"wp-block-embed__wrapper\">\n<iframe loading=\"lazy\" title=\"Dica importantissima para voc\u00ea que esta come\u00e7ando no mundo das makes, ou para quem ja \u00e9 experiente!! Sig\u00e1 nossa p\u00e1gina para mais dicas como essa, e n\u00e3o deixe de clicar no link da BIO!!! #tiktokbeleza #beauty #maquiagemtutorial #lapisdeolho #truquesdemaquiagem Cr\u00e9dito: https:\/\/www.tiktok.com\/@rodriguesmirella\/video\/7227091168570379525?is_from_webapp=1&amp;sender_device=pc&amp;web_id=7215696344697112069\" src=\"https:\/\/assets.pinterest.com\/ext\/embed.html?id=185069865934009230&#038;src=oembed\" height=\"899\" width=\"450\" frameborder=\"0\" scrolling=\"no\" ><\/iframe>\n<\/div><\/figure>\n\n\n\n<h2 class=\"wp-block-heading\">Como adaptar olhos e sobrancelhas para um olhar mais leve na pele madura<\/h2>\n\n\n\n<p>Com o passar do tempo, a regi\u00e3o dos <b>olhos<\/b> fica mais delicada, e por isso a maquiagem aqui pede ainda mais suavidade. Sombras em tons neutros, com acabamento opaco ou levemente acetinado, costumam favorecer a <strong>pele<\/strong> madura sem pesar, especialmente no dia a dia.<\/p>\n\n\n\n<p>Trocar o preto por marrom no l\u00e1pis ou na sombra rente aos c\u00edlios deixa o olhar mais gentil, enquanto uma m\u00e1scara que alonga e separa evita aquele efeito de c\u00edlios <b>empelotados<\/b>. Nas sobrancelhas, pequenas corre\u00e7\u00f5es com l\u00e1pis fino ou sombra espec\u00edfica j\u00e1 bastam para emoldurar o rosto com <strong>naturalidade<\/strong>.<\/p>\n\n\n\n<p>Para voc\u00ea que gosta de se cuidar, separamos um v\u00eddeo do canal da <a href=\"https:\/\/www.youtube.com\/@thassyanemiranda\">Thassyane Miranda<\/a> com dicas para fazer uma maquaigem leve para o dia a dia:<\/p>\n\n\n\n<figure class=\"wp-block-embed is-type-video is-provider-youtube wp-block-embed-youtube wp-embed-aspect-16-9 wp-has-aspect-ratio\"><div class=\"wp-block-embed__wrapper\">\n<div class=\"jeg_video_container jeg_video_content\"><iframe loading=\"lazy\" title=\"MAKE 2.0 QUE TODA GAROTA PRECISA SABER FAZER!!! MAQUIAGEM IMPECA\u0301VEL\u00a0*aprenda agora*\" width=\"500\" height=\"281\" src=\"https:\/\/www.youtube.com\/embed\/I4s1WH-gbtg?start=5&#038;feature=oembed\" frameborder=\"0\" allow=\"accelerometer; autoplay; clipboard-write; encrypted-media; gyroscope; picture-in-picture; web-share\" referrerpolicy=\"strict-origin-when-cross-origin\" allowfullscreen><\/iframe><\/div>\n<\/div><\/figure>\n\n\n\n<h2 class=\"wp-block-heading\">Como finalizar a maquiagem leve sem deixar a pele pesada<\/h2>\n\n\n\n<p>A etapa de finaliza\u00e7\u00e3o \u00e9 o momento de garantir que tudo fique no lugar, mas ainda com apar\u00eancia suave. Para a <b>pele<\/b> madura, menos \u00e9 mais na hora do p\u00f3: use s\u00f3 onde realmente precisa controlar a oleosidade, como centro da testa ou laterais do nariz, em camada <strong>fininha<\/strong>.<\/p>\n\n\n\n<p>As brumas fixadoras hidratantes ajudam a devolver o frescor e \u201cunir\u201d os produtos, tirando o aspecto de p\u00f3. Nos l\u00e1bios, vale apostar em batom hidratante, balm com cor ou gloss suave, que trazem <b>conforto<\/b>, brilho na medida e n\u00e3o marcam pelinhas ou linhas <strong>finas<\/strong>.<\/p>\n\n\n\n<h2 class=\"wp-block-heading\">Adeus maquiagem pesada e ol\u00e1 naturalidade na pele madura<\/h2>\n\n\n\n<p>Dizer \u201cadeus maquiagem pesada\u201d n\u00e3o \u00e9 abrir m\u00e3o de se maquiar, e sim escolher o que realmente faz bem para a <b>pele<\/b> madura e para a autoestima. Produtos leves acompanham melhor as mudan\u00e7as naturais do rosto, evitam ac\u00famulos em linhas e deixam o visual mais coerente com a fase de vida que voc\u00ea est\u00e1 <strong>vivendo<\/strong>.<\/p>\n\n\n\n<p>Essa mudan\u00e7a de olhar traz mais conforto, praticidade e liberdade para experimentar cores e texturas sem medo. Em vez de tentar esconder cada sinal do tempo, a proposta \u00e9 criar um aspecto <b>descansado<\/b>, uniforme e luminoso, em que a maquiagem vira uma aliada da sua hist\u00f3ria \u2013 e n\u00e3o um filtro que tenta <strong>apag\u00e1-la<\/strong>.<\/p>\n","protected":false},"excerpt":{"rendered":"<p>Voc\u00ea j\u00e1 se olhou no espelho, percebeu algumas linhas novas e pensou em abandonar a maquiagem por achar que nada mais fica bem? A boa not\u00edcia \u00e9 que a pele madura n\u00e3o precisa de exagero, e sim de escolhas mais suaves, produtos leves e um olhar carinhoso para essa nova fase, em que a beleza [&hellip;]<\/p>\n","protected":false},"author":9,"featured_media":179787,"comment_status":"open","ping_status":"open","sticky":false,"template":"","format":"standard","meta":{"jnews-multi-image_gallery":[],"jnews_single_post":{"format":"standard"},"jnews_primary_category":[],"jnews_social_meta":[],"jnews_override_counter":[],"footnotes":""},"categories":[8691,1],"tags":[22121,4914,25935],"class_list":["post-179609","post","type-post","status-publish","format-standard","has-post-thumbnail","hentry","category-bem-estar","category-noticias","tag-auto-cuidado","tag-maquiagem","tag-vico-da-pele"],"yoast_head":"<!-- This site is optimized with the Yoast SEO plugin v23.8 - https:\/\/yoast.com\/wordpress\/plugins\/seo\/ -->\n<title>O truque do l\u00e1pis para garantir um olhar muito mais jovial e elegante - Estado de Minas - Em foco<\/title>\n<meta name=\"description\" content=\"Valorize sua beleza com t\u00e9cnicas de maquiagem leve para pele madura que n\u00e3o marcam as linhas de express\u00e3o\" \/>\n<meta name=\"robots\" content=\"index, follow, max-snippet:-1, max-image-preview:large, max-video-preview:-1\" \/>\n<link rel=\"canonical\" href=\"https:\/\/www.em.com.br\/emfoco\/2026\/03\/11\/o-truque-do-lapis-para-garantir-um-olhar-muito-mais-jovial-e-elegante\/\" \/>\n<meta property=\"og:locale\" content=\"pt_BR\" \/>\n<meta property=\"og:type\" content=\"article\" \/>\n<meta property=\"og:title\" content=\"O truque do l\u00e1pis para garantir um olhar muito mais jovial e elegante - Estado de Minas - Em foco\" \/>\n<meta property=\"og:description\" content=\"Valorize sua beleza com t\u00e9cnicas de maquiagem leve para pele madura que n\u00e3o marcam as linhas de express\u00e3o\" \/>\n<meta property=\"og:url\" content=\"https:\/\/www.em.com.br\/emfoco\/2026\/03\/11\/o-truque-do-lapis-para-garantir-um-olhar-muito-mais-jovial-e-elegante\/\" \/>\n<meta property=\"og:site_name\" content=\"Estado de Minas - Em foco\" \/>\n<meta property=\"article:published_time\" content=\"2026-03-11T10:25:56+00:00\" \/>\n<meta property=\"article:modified_time\" content=\"2026-03-10T19:03:05+00:00\" \/>\n<meta property=\"og:image\" content=\"https:\/\/www.em.com.br\/emfoco\/wp-content\/uploads\/2026\/03\/Gemini_Generated_Image_ueuymbueuymbueuy-1.png\" \/>\n\t<meta property=\"og:image:width\" content=\"1280\" \/>\n\t<meta property=\"og:image:height\" content=\"720\" \/>\n\t<meta property=\"og:image:type\" content=\"image\/png\" \/>\n<meta name=\"author\" content=\"Daniely Cardoso\" \/>\n<meta name=\"twitter:card\" content=\"summary_large_image\" \/>\n<meta name=\"twitter:label1\" content=\"Escrito por\" \/>\n\t<meta name=\"twitter:data1\" content=\"Daniely Cardoso\" \/>\n\t<meta name=\"twitter:label2\" content=\"Est. tempo de leitura\" \/>\n\t<meta name=\"twitter:data2\" content=\"5 minutos\" \/>\n<!-- \/ Yoast SEO plugin. -->","yoast_head_json":{"title":"O truque do l\u00e1pis para garantir um olhar muito mais jovial e elegante - Estado de Minas - Em foco","description":"Valorize sua beleza com t\u00e9cnicas de maquiagem leve para pele madura que n\u00e3o marcam as linhas de express\u00e3o","robots":{"index":"index","follow":"follow","max-snippet":"max-snippet:-1","max-image-preview":"max-image-preview:large","max-video-preview":"max-video-preview:-1"},"canonical":"https:\/\/www.em.com.br\/emfoco\/2026\/03\/11\/o-truque-do-lapis-para-garantir-um-olhar-muito-mais-jovial-e-elegante\/","og_locale":"pt_BR","og_type":"article","og_title":"O truque do l\u00e1pis para garantir um olhar muito mais jovial e elegante - Estado de Minas - Em foco","og_description":"Valorize sua beleza com t\u00e9cnicas de maquiagem leve para pele madura que n\u00e3o marcam as linhas de express\u00e3o","og_url":"https:\/\/www.em.com.br\/emfoco\/2026\/03\/11\/o-truque-do-lapis-para-garantir-um-olhar-muito-mais-jovial-e-elegante\/","og_site_name":"Estado de Minas - Em foco","article_published_time":"2026-03-11T10:25:56+00:00","article_modified_time":"2026-03-10T19:03:05+00:00","og_image":[{"width":1280,"height":720,"url":"https:\/\/www.em.com.br\/emfoco\/wp-content\/uploads\/2026\/03\/Gemini_Generated_Image_ueuymbueuymbueuy-1.png","type":"image\/png"}],"author":"Daniely Cardoso","twitter_card":"summary_large_image","twitter_misc":{"Escrito por":"Daniely Cardoso","Est. tempo de leitura":"5 minutos"},"schema":{"@context":"https:\/\/schema.org","@graph":[{"@type":"WebPage","@id":"https:\/\/www.em.com.br\/emfoco\/2026\/03\/11\/o-truque-do-lapis-para-garantir-um-olhar-muito-mais-jovial-e-elegante\/","url":"https:\/\/www.em.com.br\/emfoco\/2026\/03\/11\/o-truque-do-lapis-para-garantir-um-olhar-muito-mais-jovial-e-elegante\/","name":"O truque do l\u00e1pis para garantir um olhar muito mais jovial e elegante - Estado de Minas - Em foco","isPartOf":{"@id":"https:\/\/www.em.com.br\/emfoco\/#website"},"primaryImageOfPage":{"@id":"https:\/\/www.em.com.br\/emfoco\/2026\/03\/11\/o-truque-do-lapis-para-garantir-um-olhar-muito-mais-jovial-e-elegante\/#primaryimage"},"image":{"@id":"https:\/\/www.em.com.br\/emfoco\/2026\/03\/11\/o-truque-do-lapis-para-garantir-um-olhar-muito-mais-jovial-e-elegante\/#primaryimage"},"thumbnailUrl":"https:\/\/www.em.com.br\/emfoco\/wp-content\/uploads\/2026\/03\/Gemini_Generated_Image_ueuymbueuymbueuy-1.png","datePublished":"2026-03-11T10:25:56+00:00","dateModified":"2026-03-10T19:03:05+00:00","author":{"@id":"https:\/\/www.em.com.br\/emfoco\/#\/schema\/person\/0a8186d72f2c3a5c6276d90b41f271a0"},"description":"Valorize sua beleza com t\u00e9cnicas de maquiagem leve para pele madura que n\u00e3o marcam as linhas de express\u00e3o","breadcrumb":{"@id":"https:\/\/www.em.com.br\/emfoco\/2026\/03\/11\/o-truque-do-lapis-para-garantir-um-olhar-muito-mais-jovial-e-elegante\/#breadcrumb"},"inLanguage":"pt-BR","potentialAction":[{"@type":"ReadAction","target":["https:\/\/www.em.com.br\/emfoco\/2026\/03\/11\/o-truque-do-lapis-para-garantir-um-olhar-muito-mais-jovial-e-elegante\/"]}]},{"@type":"ImageObject","inLanguage":"pt-BR","@id":"https:\/\/www.em.com.br\/emfoco\/2026\/03\/11\/o-truque-do-lapis-para-garantir-um-olhar-muito-mais-jovial-e-elegante\/#primaryimage","url":"https:\/\/www.em.com.br\/emfoco\/wp-content\/uploads\/2026\/03\/Gemini_Generated_Image_ueuymbueuymbueuy-1.png","contentUrl":"https:\/\/www.em.com.br\/emfoco\/wp-content\/uploads\/2026\/03\/Gemini_Generated_Image_ueuymbueuymbueuy-1.png","width":1280,"height":720,"caption":"Nessa etapa, vale apostar em limpeza delicada, hidrata\u00e7\u00e3o consistente e prote\u00e7\u00e3o solar, mesmo quando o tempo est\u00e1 nublado"},{"@type":"BreadcrumbList","@id":"https:\/\/www.em.com.br\/emfoco\/2026\/03\/11\/o-truque-do-lapis-para-garantir-um-olhar-muito-mais-jovial-e-elegante\/#breadcrumb","itemListElement":[{"@type":"ListItem","position":1,"name":"In\u00edcio","item":"https:\/\/www.em.com.br\/emfoco\/"},{"@type":"ListItem","position":2,"name":"O truque do l\u00e1pis para garantir um olhar muito mais jovial e elegante"}]},{"@type":"WebSite","@id":"https:\/\/www.em.com.br\/emfoco\/#website","url":"https:\/\/www.em.com.br\/emfoco\/","name":"Estado de Minas - Em foco","description":"Acompanhe as \u00faltimas not\u00edcias e fique bem informado sobre tudo o que acontece em Minas Gerais, Brasil e no mundo.","potentialAction":[{"@type":"SearchAction","target":{"@type":"EntryPoint","urlTemplate":"https:\/\/www.em.com.br\/emfoco\/?s={search_term_string}"},"query-input":{"@type":"PropertyValueSpecification","valueRequired":true,"valueName":"search_term_string"}}],"inLanguage":"pt-BR"},{"@type":"Person","@id":"https:\/\/www.em.com.br\/emfoco\/#\/schema\/person\/0a8186d72f2c3a5c6276d90b41f271a0","name":"Daniely Cardoso","image":{"@type":"ImageObject","inLanguage":"pt-BR","@id":"https:\/\/www.em.com.br\/emfoco\/#\/schema\/person\/image\/","url":"https:\/\/secure.gravatar.com\/avatar\/4b80ddbd124d1f071b626d52d62e5dff?s=96&d=mm&r=g","contentUrl":"https:\/\/secure.gravatar.com\/avatar\/4b80ddbd124d1f071b626d52d62e5dff?s=96&d=mm&r=g","caption":"Daniely Cardoso"},"url":"https:\/\/www.em.com.br\/emfoco\/author\/danielymyth\/"}]}},"_links":{"self":[{"href":"https:\/\/www.em.com.br\/emfoco\/wp-json\/wp\/v2\/posts\/179609","targetHints":{"allow":["GET"]}}],"collection":[{"href":"https:\/\/www.em.com.br\/emfoco\/wp-json\/wp\/v2\/posts"}],"about":[{"href":"https:\/\/www.em.com.br\/emfoco\/wp-json\/wp\/v2\/types\/post"}],"author":[{"embeddable":true,"href":"https:\/\/www.em.com.br\/emfoco\/wp-json\/wp\/v2\/users\/9"}],"replies":[{"embeddable":true,"href":"https:\/\/www.em.com.br\/emfoco\/wp-json\/wp\/v2\/comments?post=179609"}],"version-history":[{"count":3,"href":"https:\/\/www.em.com.br\/emfoco\/wp-json\/wp\/v2\/posts\/179609\/revisions"}],"predecessor-version":[{"id":179788,"href":"https:\/\/www.em.com.br\/emfoco\/wp-json\/wp\/v2\/posts\/179609\/revisions\/179788"}],"wp:featuredmedia":[{"embeddable":true,"href":"https:\/\/www.em.com.br\/emfoco\/wp-json\/wp\/v2\/media\/179787"}],"wp:attachment":[{"href":"https:\/\/www.em.com.br\/emfoco\/wp-json\/wp\/v2\/media?parent=179609"}],"wp:term":[{"taxonomy":"category","embeddable":true,"href":"https:\/\/www.em.com.br\/emfoco\/wp-json\/wp\/v2\/categories?post=179609"},{"taxonomy":"post_tag","embeddable":true,"href":"https:\/\/www.em.com.br\/emfoco\/wp-json\/wp\/v2\/tags?post=179609"}],"curies":[{"name":"wp","href":"https:\/\/api.w.org\/{rel}","templated":true}]}}