{"id":179601,"date":"2026-03-10T22:05:02","date_gmt":"2026-03-11T01:05:02","guid":{"rendered":"https:\/\/www.em.com.br\/emfoco\/?p=179601"},"modified":"2026-03-09T19:10:45","modified_gmt":"2026-03-09T22:10:45","slug":"nem-escova-nem-babyliss-como-conquistar-um-visual-de-salao-todos-os-dias-sem-calor","status":"publish","type":"post","link":"https:\/\/www.em.com.br\/emfoco\/2026\/03\/10\/nem-escova-nem-babyliss-como-conquistar-um-visual-de-salao-todos-os-dias-sem-calor\/","title":{"rendered":"Nem escova, nem babyliss como conquistar um visual de sal\u00e3o todos os dias sem calor"},"content":{"rendered":"\n<p>Voc\u00ea j\u00e1 acordou, olhou no espelho e pensou: \u201cSeria perfeito se meu cabelo j\u00e1 ficasse assim o dia todo, sem eu fazer nada\u201d? Cada vez mais gente quer um <b>cabelo pr\u00e1tico<\/b>, que fique <strong>bonito sozinho<\/strong>, sem depender de escova, babyliss ou mil produtos todos os dias.<\/p>\n\n\n\n<h2 class=\"wp-block-heading\">O que significa ter um cabelo bonito sem finaliza\u00e7\u00e3o di\u00e1ria<\/h2>\n\n\n\n<p>Ter um <strong>cabelo bonito<\/strong> sem finalizar n\u00e3o \u00e9 abandonar os cuidados, e sim escolher um corte e h\u00e1bitos que deixam o fio <b>bem ajeitado<\/b> por conta pr\u00f3pria. A ideia \u00e9 trabalhar com a textura natural para que o cabelo seque com um <strong>bom formato<\/strong> sem muito esfor\u00e7o.<\/p>\n\n\n\n<p>Quando o corte respeita o caimento natural, o cabelo costuma ter menos <b>frizz aparente<\/b>, mais defini\u00e7\u00e3o e um visual mais <strong>est\u00e1vel no dia<\/strong> a dia. Al\u00e9m disso, usar menos calor ajuda a reduzir ressecamento e <b>quebra dos fios<\/b>, mantendo o cabelo mais saud\u00e1vel e com brilho <strong>natural<\/strong>.<\/p>\n\n\n\n<figure class=\"wp-block-embed is-type-rich is-provider-pinterest wp-block-embed-pinterest\"><div class=\"wp-block-embed__wrapper\">\n<iframe loading=\"lazy\" title=\"Cabelo, finaliza\u00e7\u00e3o, defini\u00e7\u00e3o e menos volume\" src=\"https:\/\/assets.pinterest.com\/ext\/embed.html?id=4362930883142371&#038;src=oembed\" height=\"899\" width=\"450\" frameborder=\"0\" scrolling=\"no\" ><\/iframe>\n<\/div><\/figure>\n\n\n\n<p>Leia tamb\u00e9m:&nbsp;<a href=\"https:\/\/www.em.com.br\/emfoco\/2026\/03\/09\/adeus-as-tintas-nova-tendencia-para-cabelos-brancos-promete-visual-mais-natural-e-aparencia-mais-jovem\/\" target=\"_blank\" rel=\"noopener\">Adeus \u00e0s tintas: nova tend\u00eancia para cabelos brancos promete visual mais natural e apar\u00eancia mais jovem<\/a><\/p>\n\n\n\n<h2 class=\"wp-block-heading\">Qual \u00e9 o melhor estilo de cabelo que fica bonito mesmo sem finalizar<\/h2>\n\n\n\n<p>N\u00e3o existe um \u00fanico <strong>estilo perfeito<\/strong>, mas alguns cortes s\u00e3o campe\u00f5es em praticidade para quem tem rotina <b>corrida e agitada<\/b>. Em geral, cortes que acompanham o volume natural, criam movimento e fogem de pontas muito retas se comportam melhor sem <strong>interven\u00e7\u00e3o di\u00e1ria<\/strong>.<\/p>\n\n\n\n<p>O comprimento ideal varia conforme o <strong>tipo de fio<\/strong>, o clima onde voc\u00ea mora e at\u00e9 se voc\u00ea gosta de usar o cabelo sempre solto ou <b>viver de coque<\/b>. Cortes m\u00e9dios e curtos com leves camadas, franjas longas e estilos f\u00e1ceis de <strong>prender r\u00e1pido<\/strong> costumam funcionar bem para quem quer um visual natural e <b>descomplicado<\/b>.<\/p>\n\n\n\n<figure class=\"wp-block-embed is-type-rich is-provider-pinterest wp-block-embed-pinterest\"><div class=\"wp-block-embed__wrapper\">\n<iframe loading=\"lazy\" title=\"Quanto tempo voc\u00ea demora para finalizar o cabelo? Essa finaliza\u00e7\u00e3o \u00e9 super pr\u00e1tica e r\u00e1pida, ideal para quem n\u00e3o tem muito tempo para cuidar do cabelo. Em 5 minutos voc\u00ea consegue fazer toda finaliza\u00e7\u00e3o.   . . #linerandbrows  #salonline #todecacho #salonlinebrasil #migssalonline #heymigssl #finalizacaoem5minutos #finalizacaodecachos #finaliza\u00e7\u00e3orapida\" src=\"https:\/\/assets.pinterest.com\/ext\/embed.html?id=118430665279235303&#038;src=oembed\" height=\"898\" width=\"450\" frameborder=\"0\" scrolling=\"no\" ><\/iframe>\n<\/div><\/figure>\n\n\n\n<h2 class=\"wp-block-heading\">Quais estilos pr\u00e1ticos combinam com cada tipo de cabelo<\/h2>\n\n\n\n<p>Para facilitar a escolha de um <strong>corte pr\u00e1tico<\/strong>, muitos profissionais organizam as sugest\u00f5es por tipo de fio. Assim fica mais simples entender como o cabelo tende a secar ao <b>natural em casa<\/b> e quais formatos colaboram para um resultado bonito, sem depender de finaliza\u00e7\u00e3o <strong>complexa<\/strong>.<\/p>\n\n\n\n<ul class=\"wp-block-list\">\n<li><strong>Cabelo liso:<\/strong> cortes m\u00e9dios em camadas suaves, long bob e repicados discretos que d\u00e3o <b>movimento leve<\/b> sem exigir escova.<\/li>\n\n\n\n<li><strong>Cabelo ondulado:<\/strong> cortes em \u201cU\u201d ou \u201cV\u201d com camadas, shaggy ou wolf cut suavizado para valorizar as ondas de forma <b>natural<\/b>.<\/li>\n\n\n\n<li><strong>Cabelo cacheado:<\/strong> cortes arredondados, camadas verticais ou curly bob, que distribuem o volume e facilitam a <strong>secagem ao ar<\/strong>.<\/li>\n\n\n\n<li><strong>Cabelo crespo:<\/strong> formato globo, tapered hair e black com camadas internas, que ajudam na <b>defini\u00e7\u00e3o natural<\/b> e no controle de volume.<\/li>\n<\/ul>\n\n\n\n<p>Para voc\u00ea que gosta de se cuidar, separamos um v\u00eddeo do canal da <a href=\"https:\/\/www.youtube.com\/@analidialopess\" target=\"_blank\" rel=\"noreferrer noopener\">Ana L\u00eddia Lopes<\/a> com dicas para fazer a finaliza\u00e7\u00e3o no cabelo cacheado:<\/p>\n\n\n\n<figure class=\"wp-block-embed is-type-video is-provider-youtube wp-block-embed-youtube wp-embed-aspect-16-9 wp-has-aspect-ratio\"><div class=\"wp-block-embed__wrapper\">\n<div class=\"jeg_video_container jeg_video_content\"><iframe loading=\"lazy\" title=\"FINALIZAC\u0327A\u0303O PARA CABELOS RESSECADOS E POROSOS! \u2728\" width=\"500\" height=\"281\" src=\"https:\/\/www.youtube.com\/embed\/AIedeYDnMSs?start=475&#038;feature=oembed\" frameborder=\"0\" allow=\"accelerometer; autoplay; clipboard-write; encrypted-media; gyroscope; picture-in-picture; web-share\" referrerpolicy=\"strict-origin-when-cross-origin\" allowfullscreen><\/iframe><\/div>\n<\/div><\/figure>\n\n\n\n<h2 class=\"wp-block-heading\">Como cuidar do cabelo para ele ficar bonito sem finalizar<\/h2>\n\n\n\n<p>Mesmo querendo praticidade, alguns cuidados simples ajudam o cabelo a secar mais <strong>organizado sozinho<\/strong>. A ideia n\u00e3o \u00e9 ter um ritual enorme, e sim uma rotina realista, com poucos produtos bem escolhidos e h\u00e1bitos que favore\u00e7am o <b>caimento natural<\/b> dos fios no dia a dia.<\/p>\n\n\n\n<p>Vale prestar aten\u00e7\u00e3o no tipo de shampoo e condicionador, no jeito de secar com a <strong>toalha em casa<\/strong> e na frequ\u00eancia do corte para manter o formato. Pentes de dentes largos, escovas adequadas e o costume de desembara\u00e7ar com <b>paci\u00eancia e calma<\/b> tamb\u00e9m reduzem a quebra e mant\u00eam a defini\u00e7\u00e3o <strong>natural<\/strong>.<\/p>\n\n\n\n<figure class=\"wp-block-embed is-type-rich is-provider-pinterest wp-block-embed-pinterest\"><div class=\"wp-block-embed__wrapper\">\n<iframe loading=\"lazy\" title=\"Essa finaliza\u00e7\u00e3o vai te dar muita defini\u00e7\u00e3o e v\u00e1rios dias de cabelo arrumado\ud83e\udd0c\ud83c\udffc\" src=\"https:\/\/assets.pinterest.com\/ext\/embed.html?id=313563192829761719&#038;src=oembed\" height=\"898\" width=\"450\" frameborder=\"0\" scrolling=\"no\" ><\/iframe>\n<\/div><\/figure>\n\n\n\n<h2 class=\"wp-block-heading\">Quando vale buscar ajuda profissional para escolher o estilo ideal<\/h2>\n\n\n\n<p>Se voc\u00ea sempre dependeu de <strong>secador e chapinha<\/strong> e quer migrar para um visual mais natural, um bom profissional pode facilitar muito essa <b>transi\u00e7\u00e3o de estilo<\/b>. Um cabeleireiro experiente observa textura, densidade, hist\u00f3rico de qu\u00edmica e formato de rosto para sugerir cortes que funcionem na sua <strong>rotina real<\/strong>.<\/p>\n\n\n\n<p>Muitas vezes essa mudan\u00e7a \u00e9 feita aos poucos, ajustando comprimento, criando camadas e mudando a forma de <b>cuidar dos fios<\/b>. Assim, o cabelo vai se adaptando e, com o tempo, voc\u00ea conquista um visual mais alinhado, com menos <strong>depend\u00eancia de finalizadores<\/strong> e mais liberdade para deixar tudo ao natural.<\/p>\n","protected":false},"excerpt":{"rendered":"<p>Voc\u00ea j\u00e1 acordou, olhou no espelho e pensou: \u201cSeria perfeito se meu cabelo j\u00e1 ficasse assim o dia todo, sem eu fazer nada\u201d? Cada vez mais gente quer um cabelo pr\u00e1tico, que fique bonito sozinho, sem depender de escova, babyliss ou mil produtos todos os dias. O que significa ter um cabelo bonito sem finaliza\u00e7\u00e3o [&hellip;]<\/p>\n","protected":false},"author":9,"featured_media":179607,"comment_status":"open","ping_status":"open","sticky":false,"template":"","format":"standard","meta":{"jnews-multi-image_gallery":[],"jnews_single_post":{"format":"standard"},"jnews_primary_category":[],"jnews_social_meta":[],"jnews_override_counter":[],"footnotes":""},"categories":[8819,1],"tags":[22121,2616,4905],"class_list":["post-179601","post","type-post","status-publish","format-standard","has-post-thumbnail","hentry","category-curiosidades","category-noticias","tag-auto-cuidado","tag-beleza","tag-cabelo"],"yoast_head":"<!-- This site is optimized with the Yoast SEO plugin v23.8 - https:\/\/yoast.com\/wordpress\/plugins\/seo\/ -->\n<title>Nem escova, nem babyliss como conquistar um visual de sal\u00e3o todos os dias sem calor - Estado de Minas - Em foco<\/title>\n<meta name=\"description\" content=\"Conquiste um cabelo incr\u00edvel e pr\u00e1tico com cortes estrat\u00e9gicos que valorizam sua textura natural todos os dias\" \/>\n<meta name=\"robots\" content=\"index, follow, max-snippet:-1, max-image-preview:large, max-video-preview:-1\" \/>\n<link rel=\"canonical\" href=\"https:\/\/www.em.com.br\/emfoco\/2026\/03\/10\/nem-escova-nem-babyliss-como-conquistar-um-visual-de-salao-todos-os-dias-sem-calor\/\" \/>\n<meta property=\"og:locale\" content=\"pt_BR\" \/>\n<meta property=\"og:type\" content=\"article\" \/>\n<meta property=\"og:title\" content=\"Nem escova, nem babyliss como conquistar um visual de sal\u00e3o todos os dias sem calor - Estado de Minas - Em foco\" \/>\n<meta property=\"og:description\" content=\"Conquiste um cabelo incr\u00edvel e pr\u00e1tico com cortes estrat\u00e9gicos que valorizam sua textura natural todos os dias\" \/>\n<meta property=\"og:url\" content=\"https:\/\/www.em.com.br\/emfoco\/2026\/03\/10\/nem-escova-nem-babyliss-como-conquistar-um-visual-de-salao-todos-os-dias-sem-calor\/\" \/>\n<meta property=\"og:site_name\" content=\"Estado de Minas - Em foco\" \/>\n<meta property=\"article:published_time\" content=\"2026-03-11T01:05:02+00:00\" \/>\n<meta property=\"article:modified_time\" content=\"2026-03-09T22:10:45+00:00\" \/>\n<meta property=\"og:image\" content=\"https:\/\/www.em.com.br\/emfoco\/wp-content\/uploads\/2026\/03\/Gemini_Generated_Image_2jcnzb2jcnzb2jcn-1.png\" \/>\n\t<meta property=\"og:image:width\" content=\"1280\" \/>\n\t<meta property=\"og:image:height\" content=\"720\" \/>\n\t<meta property=\"og:image:type\" content=\"image\/png\" \/>\n<meta name=\"author\" content=\"Daniely Cardoso\" \/>\n<meta name=\"twitter:card\" content=\"summary_large_image\" \/>\n<meta name=\"twitter:label1\" content=\"Escrito por\" \/>\n\t<meta name=\"twitter:data1\" content=\"Daniely Cardoso\" \/>\n\t<meta name=\"twitter:label2\" content=\"Est. tempo de leitura\" \/>\n\t<meta name=\"twitter:data2\" content=\"4 minutos\" \/>\n<!-- \/ Yoast SEO plugin. -->","yoast_head_json":{"title":"Nem escova, nem babyliss como conquistar um visual de sal\u00e3o todos os dias sem calor - Estado de Minas - Em foco","description":"Conquiste um cabelo incr\u00edvel e pr\u00e1tico com cortes estrat\u00e9gicos que valorizam sua textura natural todos os dias","robots":{"index":"index","follow":"follow","max-snippet":"max-snippet:-1","max-image-preview":"max-image-preview:large","max-video-preview":"max-video-preview:-1"},"canonical":"https:\/\/www.em.com.br\/emfoco\/2026\/03\/10\/nem-escova-nem-babyliss-como-conquistar-um-visual-de-salao-todos-os-dias-sem-calor\/","og_locale":"pt_BR","og_type":"article","og_title":"Nem escova, nem babyliss como conquistar um visual de sal\u00e3o todos os dias sem calor - Estado de Minas - Em foco","og_description":"Conquiste um cabelo incr\u00edvel e pr\u00e1tico com cortes estrat\u00e9gicos que valorizam sua textura natural todos os dias","og_url":"https:\/\/www.em.com.br\/emfoco\/2026\/03\/10\/nem-escova-nem-babyliss-como-conquistar-um-visual-de-salao-todos-os-dias-sem-calor\/","og_site_name":"Estado de Minas - Em foco","article_published_time":"2026-03-11T01:05:02+00:00","article_modified_time":"2026-03-09T22:10:45+00:00","og_image":[{"width":1280,"height":720,"url":"https:\/\/www.em.com.br\/emfoco\/wp-content\/uploads\/2026\/03\/Gemini_Generated_Image_2jcnzb2jcnzb2jcn-1.png","type":"image\/png"}],"author":"Daniely Cardoso","twitter_card":"summary_large_image","twitter_misc":{"Escrito por":"Daniely Cardoso","Est. tempo de leitura":"4 minutos"},"schema":{"@context":"https:\/\/schema.org","@graph":[{"@type":"WebPage","@id":"https:\/\/www.em.com.br\/emfoco\/2026\/03\/10\/nem-escova-nem-babyliss-como-conquistar-um-visual-de-salao-todos-os-dias-sem-calor\/","url":"https:\/\/www.em.com.br\/emfoco\/2026\/03\/10\/nem-escova-nem-babyliss-como-conquistar-um-visual-de-salao-todos-os-dias-sem-calor\/","name":"Nem escova, nem babyliss como conquistar um visual de sal\u00e3o todos os dias sem calor - Estado de Minas - Em foco","isPartOf":{"@id":"https:\/\/www.em.com.br\/emfoco\/#website"},"primaryImageOfPage":{"@id":"https:\/\/www.em.com.br\/emfoco\/2026\/03\/10\/nem-escova-nem-babyliss-como-conquistar-um-visual-de-salao-todos-os-dias-sem-calor\/#primaryimage"},"image":{"@id":"https:\/\/www.em.com.br\/emfoco\/2026\/03\/10\/nem-escova-nem-babyliss-como-conquistar-um-visual-de-salao-todos-os-dias-sem-calor\/#primaryimage"},"thumbnailUrl":"https:\/\/www.em.com.br\/emfoco\/wp-content\/uploads\/2026\/03\/Gemini_Generated_Image_2jcnzb2jcnzb2jcn-1.png","datePublished":"2026-03-11T01:05:02+00:00","dateModified":"2026-03-09T22:10:45+00:00","author":{"@id":"https:\/\/www.em.com.br\/emfoco\/#\/schema\/person\/0a8186d72f2c3a5c6276d90b41f271a0"},"description":"Conquiste um cabelo incr\u00edvel e pr\u00e1tico com cortes estrat\u00e9gicos que valorizam sua textura natural todos os dias","breadcrumb":{"@id":"https:\/\/www.em.com.br\/emfoco\/2026\/03\/10\/nem-escova-nem-babyliss-como-conquistar-um-visual-de-salao-todos-os-dias-sem-calor\/#breadcrumb"},"inLanguage":"pt-BR","potentialAction":[{"@type":"ReadAction","target":["https:\/\/www.em.com.br\/emfoco\/2026\/03\/10\/nem-escova-nem-babyliss-como-conquistar-um-visual-de-salao-todos-os-dias-sem-calor\/"]}]},{"@type":"ImageObject","inLanguage":"pt-BR","@id":"https:\/\/www.em.com.br\/emfoco\/2026\/03\/10\/nem-escova-nem-babyliss-como-conquistar-um-visual-de-salao-todos-os-dias-sem-calor\/#primaryimage","url":"https:\/\/www.em.com.br\/emfoco\/wp-content\/uploads\/2026\/03\/Gemini_Generated_Image_2jcnzb2jcnzb2jcn-1.png","contentUrl":"https:\/\/www.em.com.br\/emfoco\/wp-content\/uploads\/2026\/03\/Gemini_Generated_Image_2jcnzb2jcnzb2jcn-1.png","width":1280,"height":720,"caption":"O corte lob se destaca como a moldura perfeita para enfrentar os ventos gelados sem que o cabelo perca o brilho natural."},{"@type":"BreadcrumbList","@id":"https:\/\/www.em.com.br\/emfoco\/2026\/03\/10\/nem-escova-nem-babyliss-como-conquistar-um-visual-de-salao-todos-os-dias-sem-calor\/#breadcrumb","itemListElement":[{"@type":"ListItem","position":1,"name":"In\u00edcio","item":"https:\/\/www.em.com.br\/emfoco\/"},{"@type":"ListItem","position":2,"name":"Nem escova, nem babyliss como conquistar um visual de sal\u00e3o todos os dias sem calor"}]},{"@type":"WebSite","@id":"https:\/\/www.em.com.br\/emfoco\/#website","url":"https:\/\/www.em.com.br\/emfoco\/","name":"Estado de Minas - Em foco","description":"Acompanhe as \u00faltimas not\u00edcias e fique bem informado sobre tudo o que acontece em Minas Gerais, Brasil e no mundo.","potentialAction":[{"@type":"SearchAction","target":{"@type":"EntryPoint","urlTemplate":"https:\/\/www.em.com.br\/emfoco\/?s={search_term_string}"},"query-input":{"@type":"PropertyValueSpecification","valueRequired":true,"valueName":"search_term_string"}}],"inLanguage":"pt-BR"},{"@type":"Person","@id":"https:\/\/www.em.com.br\/emfoco\/#\/schema\/person\/0a8186d72f2c3a5c6276d90b41f271a0","name":"Daniely Cardoso","image":{"@type":"ImageObject","inLanguage":"pt-BR","@id":"https:\/\/www.em.com.br\/emfoco\/#\/schema\/person\/image\/","url":"https:\/\/secure.gravatar.com\/avatar\/4b80ddbd124d1f071b626d52d62e5dff?s=96&d=mm&r=g","contentUrl":"https:\/\/secure.gravatar.com\/avatar\/4b80ddbd124d1f071b626d52d62e5dff?s=96&d=mm&r=g","caption":"Daniely Cardoso"},"url":"https:\/\/www.em.com.br\/emfoco\/author\/danielymyth\/"}]}},"_links":{"self":[{"href":"https:\/\/www.em.com.br\/emfoco\/wp-json\/wp\/v2\/posts\/179601","targetHints":{"allow":["GET"]}}],"collection":[{"href":"https:\/\/www.em.com.br\/emfoco\/wp-json\/wp\/v2\/posts"}],"about":[{"href":"https:\/\/www.em.com.br\/emfoco\/wp-json\/wp\/v2\/types\/post"}],"author":[{"embeddable":true,"href":"https:\/\/www.em.com.br\/emfoco\/wp-json\/wp\/v2\/users\/9"}],"replies":[{"embeddable":true,"href":"https:\/\/www.em.com.br\/emfoco\/wp-json\/wp\/v2\/comments?post=179601"}],"version-history":[{"count":2,"href":"https:\/\/www.em.com.br\/emfoco\/wp-json\/wp\/v2\/posts\/179601\/revisions"}],"predecessor-version":[{"id":179608,"href":"https:\/\/www.em.com.br\/emfoco\/wp-json\/wp\/v2\/posts\/179601\/revisions\/179608"}],"wp:featuredmedia":[{"embeddable":true,"href":"https:\/\/www.em.com.br\/emfoco\/wp-json\/wp\/v2\/media\/179607"}],"wp:attachment":[{"href":"https:\/\/www.em.com.br\/emfoco\/wp-json\/wp\/v2\/media?parent=179601"}],"wp:term":[{"taxonomy":"category","embeddable":true,"href":"https:\/\/www.em.com.br\/emfoco\/wp-json\/wp\/v2\/categories?post=179601"},{"taxonomy":"post_tag","embeddable":true,"href":"https:\/\/www.em.com.br\/emfoco\/wp-json\/wp\/v2\/tags?post=179601"}],"curies":[{"name":"wp","href":"https:\/\/api.w.org\/{rel}","templated":true}]}}