{"id":179581,"date":"2026-03-10T21:25:09","date_gmt":"2026-03-11T00:25:09","guid":{"rendered":"https:\/\/www.em.com.br\/emfoco\/?p=179581"},"modified":"2026-03-09T19:10:24","modified_gmt":"2026-03-09T22:10:24","slug":"diga-adeus-aos-mosquitos-a-planta-que-e-facil-e-plantar-e-espanta-as-pragas-da-sua-casa","status":"publish","type":"post","link":"https:\/\/www.em.com.br\/emfoco\/2026\/03\/10\/diga-adeus-aos-mosquitos-a-planta-que-e-facil-e-plantar-e-espanta-as-pragas-da-sua-casa\/","title":{"rendered":"Diga adeus aos mosquitos, a planta que \u00e9 f\u00e1cil de plantar e espanta as pragas da sua casa"},"content":{"rendered":"\n<p>Voc\u00ea j\u00e1 tentou aproveitar uma tarde tranquila no quintal e foi interrompido por mosquitos rondando sem parar? Nesses momentos, ter uma planta como a <strong>citronela<\/strong> por perto pode fazer diferen\u00e7a: al\u00e9m de deixar o ambiente mais verde e perfumado, ela ajuda a <b>reduzir mosquitos<\/b> de forma simples e natural.<\/p>\n\n\n\n<h2 class=\"wp-block-heading\">O que \u00e9 a citronela e como ela afasta os mosquitos<\/h2>\n\n\n\n<p>A citronela, tamb\u00e9m chamada de <strong>capim-citronela<\/strong>, \u00e9 uma planta de folhas longas, parecida com um capim alto, muito usada em <b>jardins caseiros<\/b>. Seu grande segredo est\u00e1 no \u00f3leo essencial presente nas folhas, rico em compostos como citronelal e geraniol, bastante comuns em <b>velas repelentes<\/b> e sprays naturais.<\/p>\n\n\n\n<p>Quando a planta libera seu aroma, ele pode confundir o olfato dos insetos, dificultando que encontrem pessoas e <strong>animais<\/strong>. Por isso, a citronela costuma ser colocada em varandas, \u00e1reas de lazer e perto de portas, ajudando a <b>reduzir a presen\u00e7a<\/b> de mosquitos, especialmente em dias quentes e mais \u00famidos.<\/p>\n\n\n\n<figure class=\"wp-block-embed is-type-rich is-provider-pinterest wp-block-embed-pinterest\"><div class=\"wp-block-embed__wrapper\">\n<iframe loading=\"lazy\" title=\"Citronelas em vaso\" src=\"https:\/\/assets.pinterest.com\/ext\/embed.html?id=37436240648398588&#038;src=oembed\" height=\"589\" width=\"450\" frameborder=\"0\" scrolling=\"no\" ><\/iframe>\n<\/div><\/figure>\n\n\n\n<p>Leia tamb\u00e9m:&nbsp;<a href=\"https:\/\/www.em.com.br\/emfoco\/2026\/03\/09\/quer-colher-uvas-em-casa-veja-como-plantar-videira-e-transformar-seu-quintal-em-um-cantinho-produtivo\/\" target=\"_blank\" rel=\"noopener\">Quer colher uvas em casa? Veja como plantar videira e transformar seu quintal em um cantinho produtivo<\/a><\/p>\n\n\n\n<h2 class=\"wp-block-heading\">Como plantar citronela em casa de forma simples<\/h2>\n\n\n\n<p>Para ter <strong>citronela em casa<\/strong>, a primeira decis\u00e3o \u00e9 escolher se ela ficar\u00e1 em vaso ou direto no jardim, o que facilita para quem mora em apartamento. Voc\u00ea pode comprar mudas j\u00e1 formadas ou dividir touceiras de uma planta saud\u00e1vel, sempre conferindo se \u00e9 a <b>citronela verdadeira<\/b> e n\u00e3o uma esp\u00e9cie parecida sem o mesmo efeito.<\/p>\n\n\n\n<figure class=\"wp-block-embed is-type-rich is-provider-pinterest wp-block-embed-pinterest\"><div class=\"wp-block-embed__wrapper\">\n<iframe loading=\"lazy\" title=\"Citronela y Geranio lim\u00f3n: Cuidados y Reproducci\u00f3n de estas plantas Anti- mosquitos \/\/ Jardinatis\" src=\"https:\/\/assets.pinterest.com\/ext\/embed.html?id=489344315778077391&#038;src=oembed\" height=\"550\" width=\"450\" frameborder=\"0\" scrolling=\"no\" ><\/iframe>\n<\/div><\/figure>\n\n\n\n<p>O plantio b\u00e1sico pode ser resumido em etapas simples e f\u00e1ceis de seguir no dia a dia:<\/p>\n\n\n\n<ol class=\"wp-block-list\">\n<li><strong>Escolha do vaso ou canteiro<\/strong>: preferir vasos grandes (m\u00ednimo 30 cm de di\u00e2metro) com furos de drenagem, ou um espa\u00e7o de jardim com boa incid\u00eancia de sol.<\/li>\n\n\n\n<li><strong>Prepara\u00e7\u00e3o do solo<\/strong>: usar uma mistura de terra vegetal, areia grossa e composto org\u00e2nico, formando um substrato leve, f\u00e9rtil e bem drenado.<\/li>\n\n\n\n<li><strong>Plantio da muda<\/strong>: abrir um buraco proporcional ao tamanho da muda, acomodar as ra\u00edzes cuidadosamente e cobrir com o substrato, pressionando levemente para firmar.<\/li>\n\n\n\n<li><strong>Rega inicial<\/strong>: regar ap\u00f3s o plantio at\u00e9 umedecer bem a terra, sem deixar po\u00e7as de \u00e1gua.<\/li>\n\n\n\n<li><strong>Posicionamento<\/strong>: manter o vaso ou canteiro em local com sol direto por pelo menos 4 a 6 horas di\u00e1rias.<\/li>\n<\/ol>\n\n\n\n<p>O segredo est\u00e1 no equil\u00edbrio: solo \u00famido, mas n\u00e3o encharcado, e boa <strong>luminosidade di\u00e1ria<\/strong>, sem sombra o tempo todo. Em pouco tempo, a citronela costuma se expandir, formando touceiras densas e aumentando a \u00e1rea de a\u00e7\u00e3o do seu <b>cheiro caracter\u00edstico<\/b>.<\/p>\n\n\n\n<p>Para voc\u00ea que gosta de plantar, separamos um v\u00eddeo do canal <a href=\"https:\/\/www.youtube.com\/@hortamineira1234\" target=\"_blank\" rel=\"noreferrer noopener\">Horta Mineira<\/a> com dicas para plantar e cudiar da citronela:<\/p>\n\n\n\n<figure class=\"wp-block-embed is-type-video is-provider-youtube wp-block-embed-youtube wp-embed-aspect-16-9 wp-has-aspect-ratio\"><div class=\"wp-block-embed__wrapper\">\n<div class=\"jeg_video_container jeg_video_content\"><iframe loading=\"lazy\" title=\"COMO PLANTAR CITRONELA\" width=\"500\" height=\"281\" src=\"https:\/\/www.youtube.com\/embed\/QDargIs61qs?start=2&#038;feature=oembed\" frameborder=\"0\" allow=\"accelerometer; autoplay; clipboard-write; encrypted-media; gyroscope; picture-in-picture; web-share\" referrerpolicy=\"strict-origin-when-cross-origin\" allowfullscreen><\/iframe><\/div>\n<\/div><\/figure>\n\n\n\n<h2 class=\"wp-block-heading\">Quais cuidados ter com a citronela no dia a dia<\/h2>\n\n\n\n<p>Depois de plantar, a citronela precisa de alguns cuidados simples para continuar bonita e bem cheirosa. A rega deve ser regular, sempre observando se a camada superficial do solo est\u00e1 seca ao toque das <strong>pontas dos dedos<\/strong>. Em regi\u00f5es muito quentes, pode ser necess\u00e1rio regar quase todos os dias, enquanto em locais mais \u00famidos o intervalo pode ser um pouco <b>mais espa\u00e7ado<\/b>.<\/p>\n\n\n\n<p>Al\u00e9m da \u00e1gua certa, alguns cuidados pr\u00e1ticos ajudam a manter a planta forte, verdinha e com aroma mais intenso por muito mais tempo.<\/p>\n\n\n\n<ul class=\"wp-block-list\">\n<li><strong>Podas peri\u00f3dicas<\/strong>: retirar folhas secas ou muito velhas estimula brota\u00e7\u00f5es novas, geralmente mais perfumadas.<\/li>\n\n\n\n<li><strong>Aduba\u00e7\u00e3o leve<\/strong>: a cada dois ou tr\u00eas meses, aplicar adubo org\u00e2nico, como composto ou h\u00famus de minhoca.<\/li>\n\n\n\n<li><strong>Controle de pragas<\/strong>: observar sinais de cochonilhas, pulg\u00f5es ou fungos e usar solu\u00e7\u00f5es suaves, como sab\u00e3o neutro dilu\u00eddo.<\/li>\n\n\n\n<li><strong>Espa\u00e7amento adequado<\/strong>: no jardim, deixar espa\u00e7o entre as touceiras para facilitar a circula\u00e7\u00e3o de ar.<\/li>\n<\/ul>\n\n\n\n<p>Em casas com crian\u00e7as pequenas ou pets curiosos, muitas pessoas preferem manter a citronela em vasos altos ou \u00e1reas menos acess\u00edveis. Embora seja uma planta r\u00fastica, o contato excessivo com as folhas pode causar leve <strong>desconforto de pele<\/strong> em pessoas mais sens\u00edveis, por isso vale observar qualquer <b>rea\u00e7\u00e3o diferente<\/b>.<\/p>\n","protected":false},"excerpt":{"rendered":"<p>Voc\u00ea j\u00e1 tentou aproveitar uma tarde tranquila no quintal e foi interrompido por mosquitos rondando sem parar? Nesses momentos, ter uma planta como a citronela por perto pode fazer diferen\u00e7a: al\u00e9m de deixar o ambiente mais verde e perfumado, ela ajuda a reduzir mosquitos de forma simples e natural. O que \u00e9 a citronela e [&hellip;]<\/p>\n","protected":false},"author":9,"featured_media":179598,"comment_status":"open","ping_status":"open","sticky":false,"template":"","format":"standard","meta":{"jnews-multi-image_gallery":[],"jnews_single_post":{"format":"standard"},"jnews_primary_category":[],"jnews_social_meta":[],"jnews_override_counter":[],"footnotes":""},"categories":[8819,1],"tags":[8640,7701,9437,9438],"class_list":["post-179581","post","type-post","status-publish","format-standard","has-post-thumbnail","hentry","category-curiosidades","category-noticias","tag-citronela","tag-como-plantar","tag-mosquito","tag-repelente"],"yoast_head":"<!-- This site is optimized with the Yoast SEO plugin v23.8 - https:\/\/yoast.com\/wordpress\/plugins\/seo\/ -->\n<title>Diga adeus aos mosquitos, a planta que \u00e9 f\u00e1cil de plantar e espanta as pragas da sua casa - Estado de Minas - Em foco<\/title>\n<meta name=\"description\" content=\"Crie um escudo natural contra mosquitos cultivando citronela em casa com estas dicas pr\u00e1ticas de plantio e manuten\u00e7\u00e3o\" \/>\n<meta name=\"robots\" content=\"index, follow, max-snippet:-1, max-image-preview:large, max-video-preview:-1\" \/>\n<link rel=\"canonical\" href=\"https:\/\/www.em.com.br\/emfoco\/2026\/03\/10\/diga-adeus-aos-mosquitos-a-planta-que-e-facil-e-plantar-e-espanta-as-pragas-da-sua-casa\/\" \/>\n<meta property=\"og:locale\" content=\"pt_BR\" \/>\n<meta property=\"og:type\" content=\"article\" \/>\n<meta property=\"og:title\" content=\"Diga adeus aos mosquitos, a planta que \u00e9 f\u00e1cil de plantar e espanta as pragas da sua casa - Estado de Minas - Em foco\" \/>\n<meta property=\"og:description\" content=\"Crie um escudo natural contra mosquitos cultivando citronela em casa com estas dicas pr\u00e1ticas de plantio e manuten\u00e7\u00e3o\" \/>\n<meta property=\"og:url\" content=\"https:\/\/www.em.com.br\/emfoco\/2026\/03\/10\/diga-adeus-aos-mosquitos-a-planta-que-e-facil-e-plantar-e-espanta-as-pragas-da-sua-casa\/\" \/>\n<meta property=\"og:site_name\" content=\"Estado de Minas - Em foco\" \/>\n<meta property=\"article:published_time\" content=\"2026-03-11T00:25:09+00:00\" \/>\n<meta property=\"article:modified_time\" content=\"2026-03-09T22:10:24+00:00\" \/>\n<meta property=\"og:image\" content=\"https:\/\/www.em.com.br\/emfoco\/wp-content\/uploads\/2026\/03\/Gemini_Generated_Image_n4sksdn4sksdn4sk-1.png\" \/>\n\t<meta property=\"og:image:width\" content=\"1280\" \/>\n\t<meta property=\"og:image:height\" content=\"720\" \/>\n\t<meta property=\"og:image:type\" content=\"image\/png\" \/>\n<meta name=\"author\" content=\"Daniely Cardoso\" \/>\n<meta name=\"twitter:card\" content=\"summary_large_image\" \/>\n<meta name=\"twitter:label1\" content=\"Escrito por\" \/>\n\t<meta name=\"twitter:data1\" content=\"Daniely Cardoso\" \/>\n\t<meta name=\"twitter:label2\" content=\"Est. tempo de leitura\" \/>\n\t<meta name=\"twitter:data2\" content=\"4 minutos\" \/>\n<!-- \/ Yoast SEO plugin. -->","yoast_head_json":{"title":"Diga adeus aos mosquitos, a planta que \u00e9 f\u00e1cil de plantar e espanta as pragas da sua casa - Estado de Minas - Em foco","description":"Crie um escudo natural contra mosquitos cultivando citronela em casa com estas dicas pr\u00e1ticas de plantio e manuten\u00e7\u00e3o","robots":{"index":"index","follow":"follow","max-snippet":"max-snippet:-1","max-image-preview":"max-image-preview:large","max-video-preview":"max-video-preview:-1"},"canonical":"https:\/\/www.em.com.br\/emfoco\/2026\/03\/10\/diga-adeus-aos-mosquitos-a-planta-que-e-facil-e-plantar-e-espanta-as-pragas-da-sua-casa\/","og_locale":"pt_BR","og_type":"article","og_title":"Diga adeus aos mosquitos, a planta que \u00e9 f\u00e1cil de plantar e espanta as pragas da sua casa - Estado de Minas - Em foco","og_description":"Crie um escudo natural contra mosquitos cultivando citronela em casa com estas dicas pr\u00e1ticas de plantio e manuten\u00e7\u00e3o","og_url":"https:\/\/www.em.com.br\/emfoco\/2026\/03\/10\/diga-adeus-aos-mosquitos-a-planta-que-e-facil-e-plantar-e-espanta-as-pragas-da-sua-casa\/","og_site_name":"Estado de Minas - Em foco","article_published_time":"2026-03-11T00:25:09+00:00","article_modified_time":"2026-03-09T22:10:24+00:00","og_image":[{"width":1280,"height":720,"url":"https:\/\/www.em.com.br\/emfoco\/wp-content\/uploads\/2026\/03\/Gemini_Generated_Image_n4sksdn4sksdn4sk-1.png","type":"image\/png"}],"author":"Daniely Cardoso","twitter_card":"summary_large_image","twitter_misc":{"Escrito por":"Daniely Cardoso","Est. tempo de leitura":"4 minutos"},"schema":{"@context":"https:\/\/schema.org","@graph":[{"@type":"WebPage","@id":"https:\/\/www.em.com.br\/emfoco\/2026\/03\/10\/diga-adeus-aos-mosquitos-a-planta-que-e-facil-e-plantar-e-espanta-as-pragas-da-sua-casa\/","url":"https:\/\/www.em.com.br\/emfoco\/2026\/03\/10\/diga-adeus-aos-mosquitos-a-planta-que-e-facil-e-plantar-e-espanta-as-pragas-da-sua-casa\/","name":"Diga adeus aos mosquitos, a planta que \u00e9 f\u00e1cil de plantar e espanta as pragas da sua casa - Estado de Minas - Em foco","isPartOf":{"@id":"https:\/\/www.em.com.br\/emfoco\/#website"},"primaryImageOfPage":{"@id":"https:\/\/www.em.com.br\/emfoco\/2026\/03\/10\/diga-adeus-aos-mosquitos-a-planta-que-e-facil-e-plantar-e-espanta-as-pragas-da-sua-casa\/#primaryimage"},"image":{"@id":"https:\/\/www.em.com.br\/emfoco\/2026\/03\/10\/diga-adeus-aos-mosquitos-a-planta-que-e-facil-e-plantar-e-espanta-as-pragas-da-sua-casa\/#primaryimage"},"thumbnailUrl":"https:\/\/www.em.com.br\/emfoco\/wp-content\/uploads\/2026\/03\/Gemini_Generated_Image_n4sksdn4sksdn4sk-1.png","datePublished":"2026-03-11T00:25:09+00:00","dateModified":"2026-03-09T22:10:24+00:00","author":{"@id":"https:\/\/www.em.com.br\/emfoco\/#\/schema\/person\/0a8186d72f2c3a5c6276d90b41f271a0"},"description":"Crie um escudo natural contra mosquitos cultivando citronela em casa com estas dicas pr\u00e1ticas de plantio e manuten\u00e7\u00e3o","breadcrumb":{"@id":"https:\/\/www.em.com.br\/emfoco\/2026\/03\/10\/diga-adeus-aos-mosquitos-a-planta-que-e-facil-e-plantar-e-espanta-as-pragas-da-sua-casa\/#breadcrumb"},"inLanguage":"pt-BR","potentialAction":[{"@type":"ReadAction","target":["https:\/\/www.em.com.br\/emfoco\/2026\/03\/10\/diga-adeus-aos-mosquitos-a-planta-que-e-facil-e-plantar-e-espanta-as-pragas-da-sua-casa\/"]}]},{"@type":"ImageObject","inLanguage":"pt-BR","@id":"https:\/\/www.em.com.br\/emfoco\/2026\/03\/10\/diga-adeus-aos-mosquitos-a-planta-que-e-facil-e-plantar-e-espanta-as-pragas-da-sua-casa\/#primaryimage","url":"https:\/\/www.em.com.br\/emfoco\/wp-content\/uploads\/2026\/03\/Gemini_Generated_Image_n4sksdn4sksdn4sk-1.png","contentUrl":"https:\/\/www.em.com.br\/emfoco\/wp-content\/uploads\/2026\/03\/Gemini_Generated_Image_n4sksdn4sksdn4sk-1.png","width":1280,"height":720,"caption":"Quando a planta libera seu aroma, ele pode confundir o olfato dos insetos, dificultando que encontrem pessoas e animais"},{"@type":"BreadcrumbList","@id":"https:\/\/www.em.com.br\/emfoco\/2026\/03\/10\/diga-adeus-aos-mosquitos-a-planta-que-e-facil-e-plantar-e-espanta-as-pragas-da-sua-casa\/#breadcrumb","itemListElement":[{"@type":"ListItem","position":1,"name":"In\u00edcio","item":"https:\/\/www.em.com.br\/emfoco\/"},{"@type":"ListItem","position":2,"name":"Diga adeus aos mosquitos, a planta que \u00e9 f\u00e1cil de plantar e espanta as pragas da sua casa"}]},{"@type":"WebSite","@id":"https:\/\/www.em.com.br\/emfoco\/#website","url":"https:\/\/www.em.com.br\/emfoco\/","name":"Estado de Minas - Em foco","description":"Acompanhe as \u00faltimas not\u00edcias e fique bem informado sobre tudo o que acontece em Minas Gerais, Brasil e no mundo.","potentialAction":[{"@type":"SearchAction","target":{"@type":"EntryPoint","urlTemplate":"https:\/\/www.em.com.br\/emfoco\/?s={search_term_string}"},"query-input":{"@type":"PropertyValueSpecification","valueRequired":true,"valueName":"search_term_string"}}],"inLanguage":"pt-BR"},{"@type":"Person","@id":"https:\/\/www.em.com.br\/emfoco\/#\/schema\/person\/0a8186d72f2c3a5c6276d90b41f271a0","name":"Daniely Cardoso","image":{"@type":"ImageObject","inLanguage":"pt-BR","@id":"https:\/\/www.em.com.br\/emfoco\/#\/schema\/person\/image\/","url":"https:\/\/secure.gravatar.com\/avatar\/4b80ddbd124d1f071b626d52d62e5dff?s=96&d=mm&r=g","contentUrl":"https:\/\/secure.gravatar.com\/avatar\/4b80ddbd124d1f071b626d52d62e5dff?s=96&d=mm&r=g","caption":"Daniely Cardoso"},"url":"https:\/\/www.em.com.br\/emfoco\/author\/danielymyth\/"}]}},"_links":{"self":[{"href":"https:\/\/www.em.com.br\/emfoco\/wp-json\/wp\/v2\/posts\/179581","targetHints":{"allow":["GET"]}}],"collection":[{"href":"https:\/\/www.em.com.br\/emfoco\/wp-json\/wp\/v2\/posts"}],"about":[{"href":"https:\/\/www.em.com.br\/emfoco\/wp-json\/wp\/v2\/types\/post"}],"author":[{"embeddable":true,"href":"https:\/\/www.em.com.br\/emfoco\/wp-json\/wp\/v2\/users\/9"}],"replies":[{"embeddable":true,"href":"https:\/\/www.em.com.br\/emfoco\/wp-json\/wp\/v2\/comments?post=179581"}],"version-history":[{"count":3,"href":"https:\/\/www.em.com.br\/emfoco\/wp-json\/wp\/v2\/posts\/179581\/revisions"}],"predecessor-version":[{"id":179606,"href":"https:\/\/www.em.com.br\/emfoco\/wp-json\/wp\/v2\/posts\/179581\/revisions\/179606"}],"wp:featuredmedia":[{"embeddable":true,"href":"https:\/\/www.em.com.br\/emfoco\/wp-json\/wp\/v2\/media\/179598"}],"wp:attachment":[{"href":"https:\/\/www.em.com.br\/emfoco\/wp-json\/wp\/v2\/media?parent=179581"}],"wp:term":[{"taxonomy":"category","embeddable":true,"href":"https:\/\/www.em.com.br\/emfoco\/wp-json\/wp\/v2\/categories?post=179581"},{"taxonomy":"post_tag","embeddable":true,"href":"https:\/\/www.em.com.br\/emfoco\/wp-json\/wp\/v2\/tags?post=179581"}],"curies":[{"name":"wp","href":"https:\/\/api.w.org\/{rel}","templated":true}]}}