{"id":179580,"date":"2026-03-10T21:05:04","date_gmt":"2026-03-11T00:05:04","guid":{"rendered":"https:\/\/www.em.com.br\/emfoco\/?p=179580"},"modified":"2026-03-09T19:02:55","modified_gmt":"2026-03-09T22:02:55","slug":"as-4-atividades-fisicas-mais-indicadas-para-proteger-o-coracao-e-as-articulacoes-depois-dos-45","status":"publish","type":"post","link":"https:\/\/www.em.com.br\/emfoco\/2026\/03\/10\/as-4-atividades-fisicas-mais-indicadas-para-proteger-o-coracao-e-as-articulacoes-depois-dos-45\/","title":{"rendered":"As 4 atividades f\u00edsicas mais indicadas para proteger o cora\u00e7\u00e3o e as articula\u00e7\u00f5es depois dos 45"},"content":{"rendered":"\n<p>Voc\u00ea j\u00e1 sentiu que o cansa\u00e7o chega mais r\u00e1pido depois dos <strong>45 anos<\/strong>, mesmo fazendo quase tudo igual? Essa fase costuma trazer mudan\u00e7as naturais no corpo, mas manter a <strong>energia di\u00e1ria<\/strong> \u00e9 totalmente poss\u00edvel com uma rotina simples de movimento, sono de qualidade e alimenta\u00e7\u00e3o que fa\u00e7a sentido para a sua vida.<\/p>\n\n\n\n<h2 class=\"wp-block-heading\">Quais exerc\u00edcios realmente ajudam a manter a energia ap\u00f3s os 45 anos<\/h2>\n\n\n\n<p>Depois dos <strong>45 anos<\/strong>, o corpo passa por altera\u00e7\u00f5es hormonais e perda gradual de <strong>for\u00e7a muscular<\/strong>, o que pode aumentar a sensa\u00e7\u00e3o de cansa\u00e7o e des\u00e2nimo. Nesse momento, o ideal n\u00e3o \u00e9 fazer exerc\u00edcios pesados de vez em quando, mas manter uma rotina de atividades moderadas e constantes.<\/p>\n\n\n\n<p>Quando o movimento vira h\u00e1bito, fica mais f\u00e1cil controlar o <strong>peso corporal<\/strong>, diminuir dores nas articula\u00e7\u00f5es e manter a mente mais desperta ao longo do dia. A palavra-chave \u00e9 <strong>regularidade<\/strong>, pois treinos leves feitos com frequ\u00eancia costumam trazer mais resultado do que esfor\u00e7os intensos e espor\u00e1dicos.<\/p>\n\n\n\n<figure class=\"wp-block-embed is-type-rich is-provider-pinterest wp-block-embed-pinterest\"><div class=\"wp-block-embed__wrapper\">\n<iframe loading=\"lazy\" title=\"Mobilidade de quadril para iniciantes! Tempo e repeti\u00e7\u00f5es pensadas para antes do treino, em um momento separado fa\u00e7a at\u00e9 mais se tiver tempo! #mobilidade #mobilidadedequadril #mobilidadeinferiores #iniciante #agachamento #quadril #flexibilidade #treino #mobilidadequadril#dicasdagrazy!\ud83d\ude0d\" src=\"https:\/\/assets.pinterest.com\/ext\/embed.html?id=914862418608108&#038;src=oembed\" height=\"899\" width=\"450\" frameborder=\"0\" scrolling=\"no\" ><\/iframe>\n<\/div><\/figure>\n\n\n\n<p>Leia tamb\u00e9m:&nbsp;<a href=\"https:\/\/www.em.com.br\/emfoco\/2026\/03\/07\/uma-rotina-de-baixo-impacto-que-substitui-exercicios-pesados-para-quem-tem-a-vida-corrida\/\" target=\"_blank\" rel=\"noopener\">Uma rotina de baixo impacto que substitui exerc\u00edcios pesados para quem tem a vida corrida<\/a><\/p>\n\n\n\n<h2 class=\"wp-block-heading\">Como escolher os melhores exerc\u00edcios para manter disposi\u00e7\u00e3o<\/h2>\n\n\n\n<p>Os melhores exerc\u00edcios ap\u00f3s os <strong>45 anos<\/strong> s\u00e3o aqueles que combinam trabalho do cora\u00e7\u00e3o, dos m\u00fasculos e da <strong>flexibilidade<\/strong>. Essa mistura protege o cora\u00e7\u00e3o, preserva as articula\u00e7\u00f5es e ajuda a manter uma postura mais firme e est\u00e1vel durante o dia inteiro.<\/p>\n\n\n\n<p>Tamb\u00e9m \u00e9 importante considerar hist\u00f3rico de <strong>les\u00f5es antigas<\/strong>, press\u00e3o alta, diabetes ou outros problemas de sa\u00fade, ajustando intensidade e frequ\u00eancia. Sempre que poss\u00edvel, vale fazer uma avalia\u00e7\u00e3o m\u00e9dica e contar com a ajuda de um <strong>educador f\u00edsico<\/strong> ou fisioterapeuta para evitar exageros e desconfortos.<\/p>\n\n\n\n<figure class=\"wp-block-embed is-type-rich is-provider-pinterest wp-block-embed-pinterest\"><div class=\"wp-block-embed__wrapper\">\n<iframe loading=\"lazy\" title=\"ALONGAMENTO MATINAL\" src=\"https:\/\/assets.pinterest.com\/ext\/embed.html?id=9781324186666103&#038;src=oembed\" height=\"899\" width=\"450\" frameborder=\"0\" scrolling=\"no\" ><\/iframe>\n<\/div><\/figure>\n\n\n\n<h2 class=\"wp-block-heading\">Quais exerc\u00edcios aer\u00f3bicos aumentam a disposi\u00e7\u00e3o no dia a dia<\/h2>\n\n\n\n<p>Os exerc\u00edcios aer\u00f3bicos s\u00e3o grandes aliados para manter o <strong>\u00e2nimo elevado<\/strong>, porque melhoram a circula\u00e7\u00e3o, o f\u00f4lego e a oxigena\u00e7\u00e3o do <strong>c\u00e9rebro<\/strong>. Caminhada, bicicleta, nata\u00e7\u00e3o e dan\u00e7a costumam ser bem tolerados, inclusive por quem est\u00e1 recome\u00e7ando depois de um per\u00edodo parado.<\/p>\n\n\n\n<p>Para facilitar, veja algumas op\u00e7\u00f5es simples que podem ser adaptadas ao seu ritmo e ao seu n\u00edvel de <strong>condicionamento atual<\/strong>:<\/p>\n\n\n\n<ul class=\"wp-block-list\">\n<li><strong>Caminhada r\u00e1pida:<\/strong> feita na rua, parque ou esteira, ajuda a controlar o peso e reduz o cansa\u00e7o ao longo do dia.<\/li>\n\n\n\n<li><strong>Bicicleta ou ciclismo indoor:<\/strong> trabalha pernas com pouco impacto, sendo \u00f3tima para quem sente dor nos joelhos.<\/li>\n\n\n\n<li><strong>Nata\u00e7\u00e3o e hidrogin\u00e1stica:<\/strong> a \u00e1gua diminui a carga nas articula\u00e7\u00f5es e permite movimentos mais amplos.<\/li>\n\n\n\n<li><strong>Dan\u00e7a:<\/strong> al\u00e9m do gasto cal\u00f3rico, melhora o humor, a coordena\u00e7\u00e3o e a <strong>socializa\u00e7\u00e3o<\/strong>.<\/li>\n<\/ul>\n\n\n\n<p>Para voc\u00ea que gosta de se cuidar, separamos um v\u00eddeo do canal <a href=\"https:\/\/www.youtube.com\/@DrAlexandreCarvalho\" target=\"_blank\" rel=\"noreferrer noopener\">Dr. Alexandre Carvalho<\/a> com dicas para sair do sedentarismo:<\/p>\n\n\n\n<figure class=\"wp-block-embed is-type-video is-provider-youtube wp-block-embed-youtube wp-embed-aspect-16-9 wp-has-aspect-ratio\"><div class=\"wp-block-embed__wrapper\">\n<div class=\"jeg_video_container jeg_video_content\"><iframe loading=\"lazy\" title=\"7 DICAS PARA SAIR DO SEDENTARISMO\" width=\"500\" height=\"281\" src=\"https:\/\/www.youtube.com\/embed\/pgd_87cd9iY?start=24&#038;feature=oembed\" frameborder=\"0\" allow=\"accelerometer; autoplay; clipboard-write; encrypted-media; gyroscope; picture-in-picture; web-share\" referrerpolicy=\"strict-origin-when-cross-origin\" allowfullscreen><\/iframe><\/div>\n<\/div><\/figure>\n\n\n\n<h2 class=\"wp-block-heading\">Por que o fortalecimento muscular \u00e9 t\u00e3o importante depois dos 45 anos<\/h2>\n\n\n\n<p>Com o passar dos anos, a massa muscular tende a diminuir, e sem est\u00edmulos de <strong>for\u00e7a regular<\/strong>, tarefas simples come\u00e7am a parecer mais pesadas. Atividades como subir escadas, carregar sacolas ou levantar da cadeira ficam mais f\u00e1ceis quando o corpo est\u00e1 mais forte e bem treinado.<\/p>\n\n\n\n<p>A muscula\u00e7\u00e3o orientada, os exerc\u00edcios com el\u00e1sticos ou mesmo o peso do pr\u00f3prio <strong>corpo<\/strong> podem ser grandes aliados nessa fase. O essencial \u00e9 progredir devagar, respeitar limites e dar aten\u00e7\u00e3o especial \u00e0 postura, principalmente em movimentos para costas, pernas e regi\u00e3o <strong>lombar<\/strong>.<\/p>\n\n\n\n<figure class=\"wp-block-embed is-type-rich is-provider-pinterest wp-block-embed-pinterest\"><div class=\"wp-block-embed__wrapper\">\n<iframe loading=\"lazy\" title=\"Exerci\u0301cios de mobilidade sa\u0303o fundamentais para manter a amplitude de movimento das articulac\u0327o\u0303es e melhorar a flexibilidade muscular. Eles na\u0303o apenas ajudam a prevenir leso\u0303es, mas tambe\u0301m sa\u0303o essenciais para otimizar a performance em atividades fi\u0301sicas, promovendo movimentos mais eficientes e com menor risco de sobrecarga.  Esses exerci\u0301cios sa\u0303o especialmente importantes para quem pratica esportes, treinos intensos ou atividades que exigem movimentos repetitivos, como corrida ou levan...\" src=\"https:\/\/assets.pinterest.com\/ext\/embed.html?id=10977592837050991&#038;src=oembed\" height=\"898\" width=\"450\" frameborder=\"0\" scrolling=\"no\" ><\/iframe>\n<\/div><\/figure>\n\n\n\n<h2 class=\"wp-block-heading\">Como o alongamento, equil\u00edbrio e sa\u00fade mental completam a rotina<\/h2>\n\n\n\n<p>Pr\u00e1ticas como <strong>yoga<\/strong>, pilates, tai chi chuan e alongamentos guiados ajudam a manter o corpo mais solto e a mente mais tranquila. Ao melhorar mobilidade e consci\u00eancia corporal, essas atividades tamb\u00e9m favorecem um <strong>sono reparador<\/strong>, que tem impacto direto na disposi\u00e7\u00e3o ao acordar.<\/p>\n\n\n\n<p>Exerc\u00edcios de equil\u00edbrio, como ficar em um p\u00e9 s\u00f3 ou caminhar em linha reta, aumentam a seguran\u00e7a nos movimentos e reduzem o medo de <strong>quedas<\/strong>. Quando a pessoa se sente mais confiante para se mexer, cresce tamb\u00e9m a vontade de permanecer ativa, o que reduz tens\u00f5es e economiza energia f\u00edsica e <strong>mental<\/strong>.<\/p>\n","protected":false},"excerpt":{"rendered":"<p>Voc\u00ea j\u00e1 sentiu que o cansa\u00e7o chega mais r\u00e1pido depois dos 45 anos, mesmo fazendo quase tudo igual? Essa fase costuma trazer mudan\u00e7as naturais no corpo, mas manter a energia di\u00e1ria \u00e9 totalmente poss\u00edvel com uma rotina simples de movimento, sono de qualidade e alimenta\u00e7\u00e3o que fa\u00e7a sentido para a sua vida. Quais exerc\u00edcios realmente [&hellip;]<\/p>\n","protected":false},"author":9,"featured_media":179595,"comment_status":"open","ping_status":"open","sticky":false,"template":"","format":"standard","meta":{"jnews-multi-image_gallery":[],"jnews_single_post":{"format":"standard"},"jnews_primary_category":[],"jnews_social_meta":[],"jnews_override_counter":[],"footnotes":""},"categories":[8819,1],"tags":[22847,6376,23040,4131],"class_list":["post-179580","post","type-post","status-publish","format-standard","has-post-thumbnail","hentry","category-curiosidades","category-noticias","tag-45-anos","tag-alongamentos","tag-auto-cuidao","tag-exercicios"],"yoast_head":"<!-- This site is optimized with the Yoast SEO plugin v23.8 - https:\/\/yoast.com\/wordpress\/plugins\/seo\/ -->\n<title>As 4 atividades f\u00edsicas mais indicadas para proteger o cora\u00e7\u00e3o e as articula\u00e7\u00f5es depois dos 45 - Estado de Minas - Em foco<\/title>\n<meta name=\"description\" content=\"Recupere sua vitalidade ap\u00f3s os 45 anos com exerc\u00edcios simples que combatem o cansa\u00e7o e a perda muscular\" \/>\n<meta name=\"robots\" content=\"index, follow, max-snippet:-1, max-image-preview:large, max-video-preview:-1\" \/>\n<link rel=\"canonical\" href=\"https:\/\/www.em.com.br\/emfoco\/2026\/03\/10\/as-4-atividades-fisicas-mais-indicadas-para-proteger-o-coracao-e-as-articulacoes-depois-dos-45\/\" \/>\n<meta property=\"og:locale\" content=\"pt_BR\" \/>\n<meta property=\"og:type\" content=\"article\" \/>\n<meta property=\"og:title\" content=\"As 4 atividades f\u00edsicas mais indicadas para proteger o cora\u00e7\u00e3o e as articula\u00e7\u00f5es depois dos 45 - Estado de Minas - Em foco\" \/>\n<meta property=\"og:description\" content=\"Recupere sua vitalidade ap\u00f3s os 45 anos com exerc\u00edcios simples que combatem o cansa\u00e7o e a perda muscular\" \/>\n<meta property=\"og:url\" content=\"https:\/\/www.em.com.br\/emfoco\/2026\/03\/10\/as-4-atividades-fisicas-mais-indicadas-para-proteger-o-coracao-e-as-articulacoes-depois-dos-45\/\" \/>\n<meta property=\"og:site_name\" content=\"Estado de Minas - Em foco\" \/>\n<meta property=\"article:published_time\" content=\"2026-03-11T00:05:04+00:00\" \/>\n<meta property=\"article:modified_time\" content=\"2026-03-09T22:02:55+00:00\" \/>\n<meta property=\"og:image\" content=\"https:\/\/www.em.com.br\/emfoco\/wp-content\/uploads\/2026\/03\/Gemini_Generated_Image_w8jlow8jlow8jlow-1.png\" \/>\n\t<meta property=\"og:image:width\" content=\"1280\" \/>\n\t<meta property=\"og:image:height\" content=\"720\" \/>\n\t<meta property=\"og:image:type\" content=\"image\/png\" \/>\n<meta name=\"author\" content=\"Daniely Cardoso\" \/>\n<meta name=\"twitter:card\" content=\"summary_large_image\" \/>\n<meta name=\"twitter:label1\" content=\"Escrito por\" \/>\n\t<meta name=\"twitter:data1\" content=\"Daniely Cardoso\" \/>\n\t<meta name=\"twitter:label2\" content=\"Est. tempo de leitura\" \/>\n\t<meta name=\"twitter:data2\" content=\"4 minutos\" \/>\n<!-- \/ Yoast SEO plugin. -->","yoast_head_json":{"title":"As 4 atividades f\u00edsicas mais indicadas para proteger o cora\u00e7\u00e3o e as articula\u00e7\u00f5es depois dos 45 - Estado de Minas - Em foco","description":"Recupere sua vitalidade ap\u00f3s os 45 anos com exerc\u00edcios simples que combatem o cansa\u00e7o e a perda muscular","robots":{"index":"index","follow":"follow","max-snippet":"max-snippet:-1","max-image-preview":"max-image-preview:large","max-video-preview":"max-video-preview:-1"},"canonical":"https:\/\/www.em.com.br\/emfoco\/2026\/03\/10\/as-4-atividades-fisicas-mais-indicadas-para-proteger-o-coracao-e-as-articulacoes-depois-dos-45\/","og_locale":"pt_BR","og_type":"article","og_title":"As 4 atividades f\u00edsicas mais indicadas para proteger o cora\u00e7\u00e3o e as articula\u00e7\u00f5es depois dos 45 - Estado de Minas - Em foco","og_description":"Recupere sua vitalidade ap\u00f3s os 45 anos com exerc\u00edcios simples que combatem o cansa\u00e7o e a perda muscular","og_url":"https:\/\/www.em.com.br\/emfoco\/2026\/03\/10\/as-4-atividades-fisicas-mais-indicadas-para-proteger-o-coracao-e-as-articulacoes-depois-dos-45\/","og_site_name":"Estado de Minas - Em foco","article_published_time":"2026-03-11T00:05:04+00:00","article_modified_time":"2026-03-09T22:02:55+00:00","og_image":[{"width":1280,"height":720,"url":"https:\/\/www.em.com.br\/emfoco\/wp-content\/uploads\/2026\/03\/Gemini_Generated_Image_w8jlow8jlow8jlow-1.png","type":"image\/png"}],"author":"Daniely Cardoso","twitter_card":"summary_large_image","twitter_misc":{"Escrito por":"Daniely Cardoso","Est. tempo de leitura":"4 minutos"},"schema":{"@context":"https:\/\/schema.org","@graph":[{"@type":"WebPage","@id":"https:\/\/www.em.com.br\/emfoco\/2026\/03\/10\/as-4-atividades-fisicas-mais-indicadas-para-proteger-o-coracao-e-as-articulacoes-depois-dos-45\/","url":"https:\/\/www.em.com.br\/emfoco\/2026\/03\/10\/as-4-atividades-fisicas-mais-indicadas-para-proteger-o-coracao-e-as-articulacoes-depois-dos-45\/","name":"As 4 atividades f\u00edsicas mais indicadas para proteger o cora\u00e7\u00e3o e as articula\u00e7\u00f5es depois dos 45 - Estado de Minas - Em foco","isPartOf":{"@id":"https:\/\/www.em.com.br\/emfoco\/#website"},"primaryImageOfPage":{"@id":"https:\/\/www.em.com.br\/emfoco\/2026\/03\/10\/as-4-atividades-fisicas-mais-indicadas-para-proteger-o-coracao-e-as-articulacoes-depois-dos-45\/#primaryimage"},"image":{"@id":"https:\/\/www.em.com.br\/emfoco\/2026\/03\/10\/as-4-atividades-fisicas-mais-indicadas-para-proteger-o-coracao-e-as-articulacoes-depois-dos-45\/#primaryimage"},"thumbnailUrl":"https:\/\/www.em.com.br\/emfoco\/wp-content\/uploads\/2026\/03\/Gemini_Generated_Image_w8jlow8jlow8jlow-1.png","datePublished":"2026-03-11T00:05:04+00:00","dateModified":"2026-03-09T22:02:55+00:00","author":{"@id":"https:\/\/www.em.com.br\/emfoco\/#\/schema\/person\/0a8186d72f2c3a5c6276d90b41f271a0"},"description":"Recupere sua vitalidade ap\u00f3s os 45 anos com exerc\u00edcios simples que combatem o cansa\u00e7o e a perda muscular","breadcrumb":{"@id":"https:\/\/www.em.com.br\/emfoco\/2026\/03\/10\/as-4-atividades-fisicas-mais-indicadas-para-proteger-o-coracao-e-as-articulacoes-depois-dos-45\/#breadcrumb"},"inLanguage":"pt-BR","potentialAction":[{"@type":"ReadAction","target":["https:\/\/www.em.com.br\/emfoco\/2026\/03\/10\/as-4-atividades-fisicas-mais-indicadas-para-proteger-o-coracao-e-as-articulacoes-depois-dos-45\/"]}]},{"@type":"ImageObject","inLanguage":"pt-BR","@id":"https:\/\/www.em.com.br\/emfoco\/2026\/03\/10\/as-4-atividades-fisicas-mais-indicadas-para-proteger-o-coracao-e-as-articulacoes-depois-dos-45\/#primaryimage","url":"https:\/\/www.em.com.br\/emfoco\/wp-content\/uploads\/2026\/03\/Gemini_Generated_Image_w8jlow8jlow8jlow-1.png","contentUrl":"https:\/\/www.em.com.br\/emfoco\/wp-content\/uploads\/2026\/03\/Gemini_Generated_Image_w8jlow8jlow8jlow-1.png","width":1280,"height":720,"caption":"Depois dos 45 anos, o corpo passa por altera\u00e7\u00f5es hormonais e perda gradual de for\u00e7a muscular"},{"@type":"BreadcrumbList","@id":"https:\/\/www.em.com.br\/emfoco\/2026\/03\/10\/as-4-atividades-fisicas-mais-indicadas-para-proteger-o-coracao-e-as-articulacoes-depois-dos-45\/#breadcrumb","itemListElement":[{"@type":"ListItem","position":1,"name":"In\u00edcio","item":"https:\/\/www.em.com.br\/emfoco\/"},{"@type":"ListItem","position":2,"name":"As 4 atividades f\u00edsicas mais indicadas para proteger o cora\u00e7\u00e3o e as articula\u00e7\u00f5es depois dos 45"}]},{"@type":"WebSite","@id":"https:\/\/www.em.com.br\/emfoco\/#website","url":"https:\/\/www.em.com.br\/emfoco\/","name":"Estado de Minas - Em foco","description":"Acompanhe as \u00faltimas not\u00edcias e fique bem informado sobre tudo o que acontece em Minas Gerais, Brasil e no mundo.","potentialAction":[{"@type":"SearchAction","target":{"@type":"EntryPoint","urlTemplate":"https:\/\/www.em.com.br\/emfoco\/?s={search_term_string}"},"query-input":{"@type":"PropertyValueSpecification","valueRequired":true,"valueName":"search_term_string"}}],"inLanguage":"pt-BR"},{"@type":"Person","@id":"https:\/\/www.em.com.br\/emfoco\/#\/schema\/person\/0a8186d72f2c3a5c6276d90b41f271a0","name":"Daniely Cardoso","image":{"@type":"ImageObject","inLanguage":"pt-BR","@id":"https:\/\/www.em.com.br\/emfoco\/#\/schema\/person\/image\/","url":"https:\/\/secure.gravatar.com\/avatar\/4b80ddbd124d1f071b626d52d62e5dff?s=96&d=mm&r=g","contentUrl":"https:\/\/secure.gravatar.com\/avatar\/4b80ddbd124d1f071b626d52d62e5dff?s=96&d=mm&r=g","caption":"Daniely Cardoso"},"url":"https:\/\/www.em.com.br\/emfoco\/author\/danielymyth\/"}]}},"_links":{"self":[{"href":"https:\/\/www.em.com.br\/emfoco\/wp-json\/wp\/v2\/posts\/179580","targetHints":{"allow":["GET"]}}],"collection":[{"href":"https:\/\/www.em.com.br\/emfoco\/wp-json\/wp\/v2\/posts"}],"about":[{"href":"https:\/\/www.em.com.br\/emfoco\/wp-json\/wp\/v2\/types\/post"}],"author":[{"embeddable":true,"href":"https:\/\/www.em.com.br\/emfoco\/wp-json\/wp\/v2\/users\/9"}],"replies":[{"embeddable":true,"href":"https:\/\/www.em.com.br\/emfoco\/wp-json\/wp\/v2\/comments?post=179580"}],"version-history":[{"count":2,"href":"https:\/\/www.em.com.br\/emfoco\/wp-json\/wp\/v2\/posts\/179580\/revisions"}],"predecessor-version":[{"id":179596,"href":"https:\/\/www.em.com.br\/emfoco\/wp-json\/wp\/v2\/posts\/179580\/revisions\/179596"}],"wp:featuredmedia":[{"embeddable":true,"href":"https:\/\/www.em.com.br\/emfoco\/wp-json\/wp\/v2\/media\/179595"}],"wp:attachment":[{"href":"https:\/\/www.em.com.br\/emfoco\/wp-json\/wp\/v2\/media?parent=179580"}],"wp:term":[{"taxonomy":"category","embeddable":true,"href":"https:\/\/www.em.com.br\/emfoco\/wp-json\/wp\/v2\/categories?post=179580"},{"taxonomy":"post_tag","embeddable":true,"href":"https:\/\/www.em.com.br\/emfoco\/wp-json\/wp\/v2\/tags?post=179580"}],"curies":[{"name":"wp","href":"https:\/\/api.w.org\/{rel}","templated":true}]}}