{"id":179574,"date":"2026-03-10T19:45:16","date_gmt":"2026-03-10T22:45:16","guid":{"rendered":"https:\/\/www.em.com.br\/emfoco\/?p=179574"},"modified":"2026-03-09T19:09:08","modified_gmt":"2026-03-09T22:09:08","slug":"o-imperador-que-quase-deu-cargo-politico-ao-proprio-cavalo-e-chocou-roma-inteira","status":"publish","type":"post","link":"https:\/\/www.em.com.br\/emfoco\/2026\/03\/10\/o-imperador-que-quase-deu-cargo-politico-ao-proprio-cavalo-e-chocou-roma-inteira\/","title":{"rendered":"O imperador que quase deu cargo pol\u00edtico ao pr\u00f3prio cavalo e chocou Roma inteira"},"content":{"rendered":"\n<p>Imagine a seguinte cena: um imperador poderoso, dono de um vasto imp\u00e9rio, decide tratar seu cavalo como se fosse uma autoridade pol\u00edtica, deixando a elite de Roma em choque e o povo dividido entre riso e medo. Essa \u00e9 a hist\u00f3ria de Cal\u00edgula e seu cavalo Incitatus, um caso que atravessou s\u00e9culos como s\u00edmbolo de exagero, provoca\u00e7\u00e3o e at\u00e9 loucura no poder. Ao longo do tempo, esse epis\u00f3dio foi repetido em <strong>livros<\/strong>, <b>aulas<\/b> e produ\u00e7\u00f5es culturais, ganhando vers\u00f5es diferentes e levantando d\u00favidas sobre o que \u00e9 verdade e o que \u00e9 exagero.<\/p>\n\n\n\n<h2 class=\"wp-block-heading\">Quem foi Cal\u00edgula e qual o contexto de seu governo<\/h2>\n\n\n\n<p>Cal\u00edgula, cujo nome completo era <strong>Gaio J\u00falio<\/strong> <b>C\u00e9sar Augusto<\/b> Germ\u00e2nico, governou o Imp\u00e9rio Romano entre 37 e 41 d.C., em meio a grandes expectativas. Ele assumiu o poder ap\u00f3s o imperador Tib\u00e9rio e fazia parte da dinastia j\u00falio-claudiana, a primeira fam\u00edlia imperial de Roma, marcado pela mem\u00f3ria positiva de seu pai, Germ\u00e2nico, muito querido entre soldados e cidad\u00e3os.<\/p>\n\n\n\n<p>Com o tempo, por\u00e9m, autores antigos passaram a descrever um governo de conflitos com o <strong>Senado<\/strong>, medidas vistas como abusivas e gestos simb\u00f3licos de desprezo \u00e0s institui\u00e7\u00f5es. Historiadores como Suet\u00f4nio e C\u00e1ssio Dio relatam comportamentos provocativos de Cal\u00edgula, em um clima de tens\u00e3o pol\u00edtica em que sua imagem foi sendo moldada como a de um governante imprevis\u00edvel.<\/p>\n\n\n\n<figure class=\"wp-block-embed is-type-rich is-provider-pinterest wp-block-embed-pinterest\"><div class=\"wp-block-embed__wrapper\">\n<iframe loading=\"lazy\" title=\" \" src=\"https:\/\/assets.pinterest.com\/ext\/embed.html?id=204421270582612620&#038;src=oembed\" height=\"739\" width=\"450\" frameborder=\"0\" scrolling=\"no\" ><\/iframe>\n<\/div><\/figure>\n\n\n\n<p>Leia tamb\u00e9m:&nbsp;<a href=\"https:\/\/www.em.com.br\/emfoco\/2026\/02\/23\/as-curiosidades-mais-impressionantes-sobre-a-visao-dos-gatos-e-o-que-elas-significam\/\" target=\"_blank\" rel=\"noopener\">As curiosidades mais impressionantes sobre a vis\u00e3o dos gatos e o que elas significam<\/a><\/p>\n\n\n\n<h2 class=\"wp-block-heading\">O cavalo Incitatus foi mesmo transformado em senador<\/h2>\n\n\n\n<p>A famosa hist\u00f3ria do <strong>cavalo senador<\/strong> gira em torno de Incitatus, o animal de estima\u00e7\u00e3o preferido de Cal\u00edgula, descrito como tratado com luxos dignos da alta nobreza. As fontes mencionam est\u00e1bulos de m\u00e1rmore, cocheiras luxuosas, alimenta\u00e7\u00e3o especial e at\u00e9 servi\u00e7ais dedicados exclusivamente ao cavalo.<\/p>\n\n\n\n<p>Alguns relatos dizem que Cal\u00edgula teria prometido tornar Incitatus um <strong>c\u00f4nsul<\/strong>, outros falam em \u201csenador\u201d, sempre em tom de afronta \u00e0 elite senatorial. A maioria dos estudiosos entende o epis\u00f3dio como s\u00e1tira pol\u00edtica ou gesto de provoca\u00e7\u00e3o, sugerindo que o objetivo era mostrar que at\u00e9 um animal poderia \u201cvaler mais\u201d do que certos membros do Senado.<\/p>\n\n\n\n<figure class=\"wp-block-embed is-type-rich is-provider-pinterest wp-block-embed-pinterest\"><div class=\"wp-block-embed__wrapper\">\n<iframe loading=\"lazy\" title=\"Malcolm McDowell (Caligula)\" src=\"https:\/\/assets.pinterest.com\/ext\/embed.html?id=587086501476103348&#038;src=oembed\" height=\"775\" width=\"450\" frameborder=\"0\" scrolling=\"no\" ><\/iframe>\n<\/div><\/figure>\n\n\n\n<h2 class=\"wp-block-heading\">Por que a hist\u00f3ria do cavalo de Cal\u00edgula ficou t\u00e3o famosa<\/h2>\n\n\n\n<p>A imagem de um imperador prestes a nomear seu <strong>cavalo<\/strong> para um cargo pol\u00edtico \u00e9 simples de visualizar e muito poderosa, por isso sobrevive h\u00e1 quase dois mil\u00eanios. Ela sintetiza, de forma quase caricata, a ideia de abuso de poder, arrog\u00e2ncia e desprezo pelas institui\u00e7\u00f5es, servindo como met\u00e1fora perfeita para criticar governos considerados desastrosos.<\/p>\n\n\n\n<p>Al\u00e9m disso, a combina\u00e7\u00e3o de um personagem dominante, um animal tratado como <strong>autoridade<\/strong> e um cen\u00e1rio de intrigas na capital do maior imp\u00e9rio antigo \u00e9 irresist\u00edvel para a imagina\u00e7\u00e3o. Assim, Incitatus aparece em obras de historiadores, livros did\u00e1ticos, filmes, s\u00e9ries e romances, muitas vezes em vers\u00f5es ainda mais dramatizadas.<\/p>\n\n\n\n<p>Para voc\u00ea que gosta de curiosidades, separamos um v\u00eddeo do canal <a href=\"https:\/\/www.youtube.com\/@nacoladaprova\" target=\"_blank\" rel=\"noreferrer noopener\">Na Cola da Prova <\/a>com a hist\u00f3ria do cavalo que virou senador:<\/p>\n\n\n\n<figure class=\"wp-block-embed is-type-video is-provider-youtube wp-block-embed-youtube wp-embed-aspect-16-9 wp-has-aspect-ratio\"><div class=\"wp-block-embed__wrapper\">\n<div class=\"jeg_video_container jeg_video_content\"><iframe loading=\"lazy\" title=\"O CAVALO QUE VIROU SENADOR | HIST\u00d3RIA CURIOSA\" width=\"500\" height=\"281\" src=\"https:\/\/www.youtube.com\/embed\/rXaMIC4oxlg?feature=oembed\" frameborder=\"0\" allow=\"accelerometer; autoplay; clipboard-write; encrypted-media; gyroscope; picture-in-picture; web-share\" referrerpolicy=\"strict-origin-when-cross-origin\" allowfullscreen><\/iframe><\/div>\n<\/div><\/figure>\n\n\n\n<h2 class=\"wp-block-heading\">O que as fontes hist\u00f3ricas contam sobre Cal\u00edgula e seu cavalo<\/h2>\n\n\n\n<p>Quase tudo o que sabemos sobre Cal\u00edgula e <strong>Incitatus<\/strong> vem de autores como Suet\u00f4nio, C\u00e1ssio Dio e, em menor grau, T\u00e1cito, que escreveram depois da morte do imperador. Eles misturam informa\u00e7\u00f5es hist\u00f3ricas com interpreta\u00e7\u00f5es pessoais e recursos liter\u00e1rios, muitas vezes influenciados por quem via Cal\u00edgula como tirano ou como amea\u00e7a \u00e0 elite tradicional.<\/p>\n\n\n\n<p>Suet\u00f4nio descreve o cavalo com uma \u201ccasa\u201d pr\u00f3pria, servos dedicados e cuidados que superavam at\u00e9 os privil\u00e9gios da <strong>aristocracia<\/strong> romana, enquanto C\u00e1ssio Dio fala da inten\u00e7\u00e3o de torn\u00e1-lo c\u00f4nsul. Pesquisadores atuais alertam que esses relatos podem exagerar para refor\u00e7ar uma imagem j\u00e1 constru\u00edda de loucura e excesso, em vez de relatar fielmente cada gesto do imperador.<\/p>\n\n\n\n<figure class=\"wp-block-embed is-type-rich is-provider-pinterest wp-block-embed-pinterest\"><div class=\"wp-block-embed__wrapper\">\n<iframe loading=\"lazy\" title=\"Nathan Sawaya - Sculptures en Lego - Statues Antiques - Empereur Caligula de Domitien\" src=\"https:\/\/assets.pinterest.com\/ext\/embed.html?id=66287425751048168&#038;src=oembed\" height=\"844\" width=\"450\" frameborder=\"0\" scrolling=\"no\" ><\/iframe>\n<\/div><\/figure>\n\n\n\n<h2 class=\"wp-block-heading\">Quais hip\u00f3teses os pesquisadores usam para explicar esse epis\u00f3dio<\/h2>\n\n\n\n<p>Para entender melhor esse caso curioso, estudiosos modernos re\u00fanem as principais interpreta\u00e7\u00f5es em algumas hip\u00f3teses. Elas ajudam a explicar se o epis\u00f3dio foi um fato real, uma provoca\u00e7\u00e3o pol\u00edtica ou apenas uma boa hist\u00f3ria repetida ao longo dos s\u00e9culos.<\/p>\n\n\n\n<ul class=\"wp-block-list\">\n<li><strong>Gestos simb\u00f3licos<\/strong> e exagerados: Cal\u00edgula teria cercado o cavalo de luxos e feito declara\u00e7\u00f5es p\u00fablicas para humilhar o Senado.<\/li>\n\n\n\n<li><b>Amplifica\u00e7\u00e3o liter\u00e1ria<\/b>: escritores posteriores podem ter aumentado a\u00e7\u00f5es pontuais para pintar um retrato mais escandaloso do imperador.<\/li>\n\n\n\n<li><strong>Uso metaf\u00f3rico<\/strong>: o \u201ccavalo senador\u201d pode ter sido criado como imagem ir\u00f4nica para criticar decis\u00f5es pol\u00edticas de Cal\u00edgula.<\/li>\n<\/ul>\n\n\n\n<p>Cal\u00edgula permanece como exemplo cl\u00e1ssico de supostos <strong>excessos<\/strong> imperiais, enquanto Incitatus virou personagem fixo desse retrato, seja como animal de luxo, seja como figura de uma narrativa sat\u00edrica. Assim, a hist\u00f3ria continua viva, servindo tanto para refletir sobre a pol\u00edtica romana quanto para criticar, at\u00e9 hoje, escolhas absurdas em cargos de poder.<\/p>\n","protected":false},"excerpt":{"rendered":"<p>Imagine a seguinte cena: um imperador poderoso, dono de um vasto imp\u00e9rio, decide tratar seu cavalo como se fosse uma autoridade pol\u00edtica, deixando a elite de Roma em choque e o povo dividido entre riso e medo. Essa \u00e9 a hist\u00f3ria de Cal\u00edgula e seu cavalo Incitatus, um caso que atravessou s\u00e9culos como s\u00edmbolo de [&hellip;]<\/p>\n","protected":false},"author":9,"featured_media":179589,"comment_status":"open","ping_status":"open","sticky":false,"template":"","format":"standard","meta":{"jnews-multi-image_gallery":[],"jnews_single_post":{"format":"standard"},"jnews_primary_category":[],"jnews_social_meta":[],"jnews_override_counter":[],"footnotes":""},"categories":[8819,1],"tags":[20837,237,25933],"class_list":["post-179574","post","type-post","status-publish","format-standard","has-post-thumbnail","hentry","category-curiosidades","category-noticias","tag-cavalo","tag-historia","tag-senador"],"yoast_head":"<!-- This site is optimized with the Yoast SEO plugin v23.8 - https:\/\/yoast.com\/wordpress\/plugins\/seo\/ -->\n<title>O imperador que quase deu cargo pol\u00edtico ao pr\u00f3prio cavalo e chocou Roma inteira - Estado de Minas - Em foco<\/title>\n<meta name=\"description\" content=\"Conhe\u00e7a a hist\u00f3ria de Incitatus e entenda se Cal\u00edgula realmente nomeou seu cavalo como senador de Roma\" \/>\n<meta name=\"robots\" content=\"index, follow, max-snippet:-1, max-image-preview:large, max-video-preview:-1\" \/>\n<link rel=\"canonical\" href=\"https:\/\/www.em.com.br\/emfoco\/2026\/03\/10\/o-imperador-que-quase-deu-cargo-politico-ao-proprio-cavalo-e-chocou-roma-inteira\/\" \/>\n<meta property=\"og:locale\" content=\"pt_BR\" \/>\n<meta property=\"og:type\" content=\"article\" \/>\n<meta property=\"og:title\" content=\"O imperador que quase deu cargo pol\u00edtico ao pr\u00f3prio cavalo e chocou Roma inteira - Estado de Minas - Em foco\" \/>\n<meta property=\"og:description\" content=\"Conhe\u00e7a a hist\u00f3ria de Incitatus e entenda se Cal\u00edgula realmente nomeou seu cavalo como senador de Roma\" \/>\n<meta property=\"og:url\" content=\"https:\/\/www.em.com.br\/emfoco\/2026\/03\/10\/o-imperador-que-quase-deu-cargo-politico-ao-proprio-cavalo-e-chocou-roma-inteira\/\" \/>\n<meta property=\"og:site_name\" content=\"Estado de Minas - Em foco\" \/>\n<meta property=\"article:published_time\" content=\"2026-03-10T22:45:16+00:00\" \/>\n<meta property=\"article:modified_time\" content=\"2026-03-09T22:09:08+00:00\" \/>\n<meta property=\"og:image\" content=\"https:\/\/www.em.com.br\/emfoco\/wp-content\/uploads\/2026\/03\/Gemini_Generated_Image_5aiy035aiy035aiy-1.png\" \/>\n\t<meta property=\"og:image:width\" content=\"1280\" \/>\n\t<meta property=\"og:image:height\" content=\"720\" \/>\n\t<meta property=\"og:image:type\" content=\"image\/png\" \/>\n<meta name=\"author\" content=\"Daniely Cardoso\" \/>\n<meta name=\"twitter:card\" content=\"summary_large_image\" \/>\n<meta name=\"twitter:label1\" content=\"Escrito por\" \/>\n\t<meta name=\"twitter:data1\" content=\"Daniely Cardoso\" \/>\n\t<meta name=\"twitter:label2\" content=\"Est. tempo de leitura\" \/>\n\t<meta name=\"twitter:data2\" content=\"5 minutos\" \/>\n<!-- \/ Yoast SEO plugin. -->","yoast_head_json":{"title":"O imperador que quase deu cargo pol\u00edtico ao pr\u00f3prio cavalo e chocou Roma inteira - Estado de Minas - Em foco","description":"Conhe\u00e7a a hist\u00f3ria de Incitatus e entenda se Cal\u00edgula realmente nomeou seu cavalo como senador de Roma","robots":{"index":"index","follow":"follow","max-snippet":"max-snippet:-1","max-image-preview":"max-image-preview:large","max-video-preview":"max-video-preview:-1"},"canonical":"https:\/\/www.em.com.br\/emfoco\/2026\/03\/10\/o-imperador-que-quase-deu-cargo-politico-ao-proprio-cavalo-e-chocou-roma-inteira\/","og_locale":"pt_BR","og_type":"article","og_title":"O imperador que quase deu cargo pol\u00edtico ao pr\u00f3prio cavalo e chocou Roma inteira - Estado de Minas - Em foco","og_description":"Conhe\u00e7a a hist\u00f3ria de Incitatus e entenda se Cal\u00edgula realmente nomeou seu cavalo como senador de Roma","og_url":"https:\/\/www.em.com.br\/emfoco\/2026\/03\/10\/o-imperador-que-quase-deu-cargo-politico-ao-proprio-cavalo-e-chocou-roma-inteira\/","og_site_name":"Estado de Minas - Em foco","article_published_time":"2026-03-10T22:45:16+00:00","article_modified_time":"2026-03-09T22:09:08+00:00","og_image":[{"width":1280,"height":720,"url":"https:\/\/www.em.com.br\/emfoco\/wp-content\/uploads\/2026\/03\/Gemini_Generated_Image_5aiy035aiy035aiy-1.png","type":"image\/png"}],"author":"Daniely Cardoso","twitter_card":"summary_large_image","twitter_misc":{"Escrito por":"Daniely Cardoso","Est. tempo de leitura":"5 minutos"},"schema":{"@context":"https:\/\/schema.org","@graph":[{"@type":"WebPage","@id":"https:\/\/www.em.com.br\/emfoco\/2026\/03\/10\/o-imperador-que-quase-deu-cargo-politico-ao-proprio-cavalo-e-chocou-roma-inteira\/","url":"https:\/\/www.em.com.br\/emfoco\/2026\/03\/10\/o-imperador-que-quase-deu-cargo-politico-ao-proprio-cavalo-e-chocou-roma-inteira\/","name":"O imperador que quase deu cargo pol\u00edtico ao pr\u00f3prio cavalo e chocou Roma inteira - Estado de Minas - Em foco","isPartOf":{"@id":"https:\/\/www.em.com.br\/emfoco\/#website"},"primaryImageOfPage":{"@id":"https:\/\/www.em.com.br\/emfoco\/2026\/03\/10\/o-imperador-que-quase-deu-cargo-politico-ao-proprio-cavalo-e-chocou-roma-inteira\/#primaryimage"},"image":{"@id":"https:\/\/www.em.com.br\/emfoco\/2026\/03\/10\/o-imperador-que-quase-deu-cargo-politico-ao-proprio-cavalo-e-chocou-roma-inteira\/#primaryimage"},"thumbnailUrl":"https:\/\/www.em.com.br\/emfoco\/wp-content\/uploads\/2026\/03\/Gemini_Generated_Image_5aiy035aiy035aiy-1.png","datePublished":"2026-03-10T22:45:16+00:00","dateModified":"2026-03-09T22:09:08+00:00","author":{"@id":"https:\/\/www.em.com.br\/emfoco\/#\/schema\/person\/0a8186d72f2c3a5c6276d90b41f271a0"},"description":"Conhe\u00e7a a hist\u00f3ria de Incitatus e entenda se Cal\u00edgula realmente nomeou seu cavalo como senador de Roma","breadcrumb":{"@id":"https:\/\/www.em.com.br\/emfoco\/2026\/03\/10\/o-imperador-que-quase-deu-cargo-politico-ao-proprio-cavalo-e-chocou-roma-inteira\/#breadcrumb"},"inLanguage":"pt-BR","potentialAction":[{"@type":"ReadAction","target":["https:\/\/www.em.com.br\/emfoco\/2026\/03\/10\/o-imperador-que-quase-deu-cargo-politico-ao-proprio-cavalo-e-chocou-roma-inteira\/"]}]},{"@type":"ImageObject","inLanguage":"pt-BR","@id":"https:\/\/www.em.com.br\/emfoco\/2026\/03\/10\/o-imperador-que-quase-deu-cargo-politico-ao-proprio-cavalo-e-chocou-roma-inteira\/#primaryimage","url":"https:\/\/www.em.com.br\/emfoco\/wp-content\/uploads\/2026\/03\/Gemini_Generated_Image_5aiy035aiy035aiy-1.png","contentUrl":"https:\/\/www.em.com.br\/emfoco\/wp-content\/uploads\/2026\/03\/Gemini_Generated_Image_5aiy035aiy035aiy-1.png","width":1280,"height":720,"caption":"Cal\u00edgula, cujo nome completo era Gaio J\u00falio C\u00e9sar Augusto Germ\u00e2nico, governou o Imp\u00e9rio Romano entre 37 e 41 d.C."},{"@type":"BreadcrumbList","@id":"https:\/\/www.em.com.br\/emfoco\/2026\/03\/10\/o-imperador-que-quase-deu-cargo-politico-ao-proprio-cavalo-e-chocou-roma-inteira\/#breadcrumb","itemListElement":[{"@type":"ListItem","position":1,"name":"In\u00edcio","item":"https:\/\/www.em.com.br\/emfoco\/"},{"@type":"ListItem","position":2,"name":"O imperador que quase deu cargo pol\u00edtico ao pr\u00f3prio cavalo e chocou Roma inteira"}]},{"@type":"WebSite","@id":"https:\/\/www.em.com.br\/emfoco\/#website","url":"https:\/\/www.em.com.br\/emfoco\/","name":"Estado de Minas - Em foco","description":"Acompanhe as \u00faltimas not\u00edcias e fique bem informado sobre tudo o que acontece em Minas Gerais, Brasil e no mundo.","potentialAction":[{"@type":"SearchAction","target":{"@type":"EntryPoint","urlTemplate":"https:\/\/www.em.com.br\/emfoco\/?s={search_term_string}"},"query-input":{"@type":"PropertyValueSpecification","valueRequired":true,"valueName":"search_term_string"}}],"inLanguage":"pt-BR"},{"@type":"Person","@id":"https:\/\/www.em.com.br\/emfoco\/#\/schema\/person\/0a8186d72f2c3a5c6276d90b41f271a0","name":"Daniely Cardoso","image":{"@type":"ImageObject","inLanguage":"pt-BR","@id":"https:\/\/www.em.com.br\/emfoco\/#\/schema\/person\/image\/","url":"https:\/\/secure.gravatar.com\/avatar\/4b80ddbd124d1f071b626d52d62e5dff?s=96&d=mm&r=g","contentUrl":"https:\/\/secure.gravatar.com\/avatar\/4b80ddbd124d1f071b626d52d62e5dff?s=96&d=mm&r=g","caption":"Daniely Cardoso"},"url":"https:\/\/www.em.com.br\/emfoco\/author\/danielymyth\/"}]}},"_links":{"self":[{"href":"https:\/\/www.em.com.br\/emfoco\/wp-json\/wp\/v2\/posts\/179574","targetHints":{"allow":["GET"]}}],"collection":[{"href":"https:\/\/www.em.com.br\/emfoco\/wp-json\/wp\/v2\/posts"}],"about":[{"href":"https:\/\/www.em.com.br\/emfoco\/wp-json\/wp\/v2\/types\/post"}],"author":[{"embeddable":true,"href":"https:\/\/www.em.com.br\/emfoco\/wp-json\/wp\/v2\/users\/9"}],"replies":[{"embeddable":true,"href":"https:\/\/www.em.com.br\/emfoco\/wp-json\/wp\/v2\/comments?post=179574"}],"version-history":[{"count":3,"href":"https:\/\/www.em.com.br\/emfoco\/wp-json\/wp\/v2\/posts\/179574\/revisions"}],"predecessor-version":[{"id":179604,"href":"https:\/\/www.em.com.br\/emfoco\/wp-json\/wp\/v2\/posts\/179574\/revisions\/179604"}],"wp:featuredmedia":[{"embeddable":true,"href":"https:\/\/www.em.com.br\/emfoco\/wp-json\/wp\/v2\/media\/179589"}],"wp:attachment":[{"href":"https:\/\/www.em.com.br\/emfoco\/wp-json\/wp\/v2\/media?parent=179574"}],"wp:term":[{"taxonomy":"category","embeddable":true,"href":"https:\/\/www.em.com.br\/emfoco\/wp-json\/wp\/v2\/categories?post=179574"},{"taxonomy":"post_tag","embeddable":true,"href":"https:\/\/www.em.com.br\/emfoco\/wp-json\/wp\/v2\/tags?post=179574"}],"curies":[{"name":"wp","href":"https:\/\/api.w.org\/{rel}","templated":true}]}}