{"id":179560,"date":"2026-03-10T18:15:58","date_gmt":"2026-03-10T21:15:58","guid":{"rendered":"https:\/\/www.em.com.br\/emfoco\/?p=179560"},"modified":"2026-03-09T19:08:17","modified_gmt":"2026-03-09T22:08:17","slug":"creme-noturno-ideal-para-pele-apos-os-50-que-suaviza-rugas-melhora-vico-e-protege-enquanto-voce-dorme","status":"publish","type":"post","link":"https:\/\/www.em.com.br\/emfoco\/2026\/03\/10\/creme-noturno-ideal-para-pele-apos-os-50-que-suaviza-rugas-melhora-vico-e-protege-enquanto-voce-dorme\/","title":{"rendered":"Creme noturno ideal para pele ap\u00f3s os 50 que suaviza rugas, melhora vi\u00e7o e protege enquanto voc\u00ea dorme"},"content":{"rendered":"\n<p>Voc\u00ea j\u00e1 acordou, se olhou no espelho e sentiu que sua pele j\u00e1 n\u00e3o responde aos cuidados como antes? Com o passar dos anos, especialmente depois dos 50, a pele muda o ritmo, fica mais sens\u00edvel, perde vi\u00e7o e precisa de um cuidado noturno mais carinhoso, com um <strong>creme adequado<\/strong> que ajude na <strong>regenera\u00e7\u00e3o<\/strong> enquanto voc\u00ea dorme.<\/p>\n\n\n\n<h2 class=\"wp-block-heading\">O que muda na pele ap\u00f3s os 50 anos<\/h2>\n\n\n\n<p>A partir da quinta d\u00e9cada, \u00e9 comum notar mais <strong>rugas aparentes<\/strong>, perda de firmeza e uma sensa\u00e7\u00e3o de pele mais fina e fr\u00e1gil. Isso acontece porque o corpo produz menos <strong>col\u00e1geno natural<\/strong>, elastina e \u00e1cido hialur\u00f4nico, o que afeta diretamente a elasticidade e o volume do rosto.<\/p>\n\n\n\n<p>Nessa fase, a menopausa e as altera\u00e7\u00f5es hormonais tamb\u00e9m influenciam bastante, deixando a pele mais <strong>opaca e ressecada<\/strong>. A superf\u00edcie tende a ficar com textura mais \u00e1spera, linhas marcadas e sensa\u00e7\u00e3o de desconforto, o que torna o cuidado di\u00e1rio, especialmente \u00e0 noite, ainda mais <strong>importante e estrat\u00e9gico<\/strong>.<\/p>\n\n\n\n<figure class=\"wp-block-embed is-type-rich is-provider-pinterest wp-block-embed-pinterest\"><div class=\"wp-block-embed__wrapper\">\n<iframe loading=\"lazy\" title=\"Rotina noturna para uma pele bem cuidada\" src=\"https:\/\/assets.pinterest.com\/ext\/embed.html?id=149111437656556762&#038;src=oembed\" height=\"899\" width=\"450\" frameborder=\"0\" scrolling=\"no\" ><\/iframe>\n<\/div><\/figure>\n\n\n\n<p>Leia tamb\u00e9m:&nbsp;<a href=\"https:\/\/www.em.com.br\/emfoco\/2026\/03\/09\/essa-mistura-facil-com-aveia-ajuda-a-acalmar-pele-sensivel-e-acabar-com-a-vermelhidao\/\" target=\"_blank\" rel=\"noopener\">Essa mistura f\u00e1cil com aveia ajuda a acalmar pele sens\u00edvel e acabar com a vermelhid\u00e3o<\/a><\/p>\n\n\n\n<h2 class=\"wp-block-heading\">Por que o creme noturno \u00e9 t\u00e3o importante ap\u00f3s os 50<\/h2>\n\n\n\n<p>Durante a noite, o corpo entra em um ritmo de descanso e reparo, e a pele aproveita esse momento para se <strong>recuperar melhor<\/strong>. Sem sol, suor ou maquiagem, os ativos do <strong>creme noturno<\/strong> permanecem mais tempo em contato com a pele, favorecendo hidrata\u00e7\u00e3o profunda e renova\u00e7\u00e3o suave.<\/p>\n\n\n\n<p>Os cremes noturnos para pele madura v\u00e3o al\u00e9m da simples hidrata\u00e7\u00e3o: ajudam a refor\u00e7ar a barreira de <strong>prote\u00e7\u00e3o cut\u00e2nea<\/strong>, suavizar rugas, melhorar o vi\u00e7o e trazer sensa\u00e7\u00e3o de conforto ao acordar. Muitos contam com textura mais encorpada, formando um \u201cmanto\u201d que evita a perda de \u00e1gua e deixa a pele mais <strong>macia e calmada<\/strong>.<\/p>\n\n\n\n<figure class=\"wp-block-embed is-type-rich is-provider-pinterest wp-block-embed-pinterest\"><div class=\"wp-block-embed__wrapper\">\n<iframe loading=\"lazy\" title=\" \" src=\"https:\/\/assets.pinterest.com\/ext\/embed.html?id=374432156540622379&#038;src=oembed\" height=\"899\" width=\"450\" frameborder=\"0\" scrolling=\"no\" ><\/iframe>\n<\/div><\/figure>\n\n\n\n<h2 class=\"wp-block-heading\">Quais ingredientes podem ajudar mais a pele madura \u00e0 noite<\/h2>\n\n\n\n<p>Ao escolher um produto, vale olhar com carinho para os ingredientes que podem nutrir, proteger e suavizar a pele de forma gradual. Alguns ativos costumam aparecer com frequ\u00eancia em f\u00f3rmulas pensadas para quem j\u00e1 passou dos <strong>50 anos<\/strong> e busca um cuidado noturno mais <strong>completo e delicado<\/strong>:<\/p>\n\n\n\n<ul class=\"wp-block-list\">\n<li><strong>\u00c1cido hialur\u00f4nico:<\/strong> ajuda a reter \u00e1gua e deixa a pele com aspecto mais preenchido e macio;<\/li>\n\n\n\n<li><strong>Retinoides suaves ou retinol encapsulado:<\/strong> estimulam a renova\u00e7\u00e3o celular de forma gradual, quando bem indicados;<\/li>\n\n\n\n<li><strong>Pept\u00eddeos:<\/strong> contribuem para o suporte da firmeza, ajudando na apar\u00eancia de flacidez;<\/li>\n\n\n\n<li><strong>Niacinamida:<\/strong> auxilia na uniformiza\u00e7\u00e3o do tom e no fortalecimento da barreira da pele;<\/li>\n\n\n\n<li><strong>Ceramidas, esqualano e \u00f3leos vegetais:<\/strong> rep\u00f5em lip\u00eddeos e reduzem o ressecamento intenso.<\/li>\n<\/ul>\n\n\n\n<p>Para voc\u00ea que gosta de se cudiar, separamos um v\u00eddeo do canal da <a href=\"https:\/\/www.youtube.com\/@DraMarinaHayashida\">Dra. Marina Hayashida<\/a> com dicas para fazer um skincare noturno:<\/p>\n\n\n\n<figure class=\"wp-block-embed is-type-video is-provider-youtube wp-block-embed-youtube wp-embed-aspect-16-9 wp-has-aspect-ratio\"><div class=\"wp-block-embed__wrapper\">\n<div class=\"jeg_video_container jeg_video_content\"><iframe loading=\"lazy\" title=\"SKINCARE para PELE MISTA I Dicas para uma pele mais bonita\" width=\"500\" height=\"281\" src=\"https:\/\/www.youtube.com\/embed\/OGDJ-2fyNcE?feature=oembed\" frameborder=\"0\" allow=\"accelerometer; autoplay; clipboard-write; encrypted-media; gyroscope; picture-in-picture; web-share\" referrerpolicy=\"strict-origin-when-cross-origin\" allowfullscreen><\/iframe><\/div>\n<\/div><\/figure>\n\n\n\n<h2 class=\"wp-block-heading\">Como escolher cremes noturnos ap\u00f3s os 50<\/h2>\n\n\n\n<p>A melhor escolha \u00e9 sempre aquela que faz sua pele se sentir mais <strong>confort\u00e1vel e protegida<\/strong>. Peles muito secas costumam se beneficiar de f\u00f3rmulas mais ricas, com manteigas vegetais, ceramidas e \u00f3leos nutritivos, enquanto peles mistas ou oleosas podem preferir um toque mais leve, como <strong>gel-creme hidratante<\/strong>.<\/p>\n\n\n\n<p>Tamb\u00e9m \u00e9 importante considerar se a pele \u00e9 mais sens\u00edvel, se j\u00e1 reagiu mal a \u00e1cidos ou fragr\u00e2ncias fortes e se h\u00e1 manchinhas ou flacidez que incomodam mais. Quando poss\u00edvel, o acompanhamento de um <strong>dermatologista de confian\u00e7a<\/strong> ajuda a ajustar a intensidade dos ativos e a montar uma rotina segura e <strong>personalizada<\/strong>.<\/p>\n\n\n\n<figure class=\"wp-block-embed is-type-rich is-provider-pinterest wp-block-embed-pinterest\"><div class=\"wp-block-embed__wrapper\">\n<iframe loading=\"lazy\" title=\"Olha essa rotina de skincare noturna para voc\u00ea ter aquela pele perfeita\" src=\"https:\/\/assets.pinterest.com\/ext\/embed.html?id=611856299413615329&#038;src=oembed\" height=\"899\" width=\"450\" frameborder=\"0\" scrolling=\"no\" ><\/iframe>\n<\/div><\/figure>\n\n\n\n<h2 class=\"wp-block-heading\">Como usar o creme noturno da forma mais eficaz<\/h2>\n\n\n\n<p>Uma rotina simples, feita todos os dias, costuma trazer mais resultado do que muitos produtos usados de forma irregular. \u00c0 noite, pense em tr\u00eas passos b\u00e1sicos: limpar, tratar e hidratar, sempre com movimentos suaves, para n\u00e3o agredir ainda mais a pele j\u00e1 <strong>delicada e madura<\/strong>.<\/p>\n\n\n\n<p>Voc\u00ea pode come\u00e7ar com uma limpeza gentil, aplicar um t\u00f4nico ou lo\u00e7\u00e3o hidratante, usar um s\u00e9rum de tratamento (se fizer parte da rotina) e finalizar com o <strong>creme noturno escolhido<\/strong>. Espalhe do centro do rosto para as laterais, incluindo pesco\u00e7o e colo, respeitando o tempo da pele e criando um momento de <strong>autocuidado di\u00e1rio<\/strong>.<\/p>\n","protected":false},"excerpt":{"rendered":"<p>Voc\u00ea j\u00e1 acordou, se olhou no espelho e sentiu que sua pele j\u00e1 n\u00e3o responde aos cuidados como antes? Com o passar dos anos, especialmente depois dos 50, a pele muda o ritmo, fica mais sens\u00edvel, perde vi\u00e7o e precisa de um cuidado noturno mais carinhoso, com um creme adequado que ajude na regenera\u00e7\u00e3o enquanto [&hellip;]<\/p>\n","protected":false},"author":9,"featured_media":179571,"comment_status":"open","ping_status":"open","sticky":false,"template":"","format":"standard","meta":{"jnews-multi-image_gallery":[],"jnews_single_post":{"format":"standard"},"jnews_primary_category":[],"jnews_social_meta":[],"jnews_override_counter":[],"footnotes":""},"categories":[8819,1],"tags":[7618,6394,4941],"class_list":["post-179560","post","type-post","status-publish","format-standard","has-post-thumbnail","hentry","category-curiosidades","category-noticias","tag-creme","tag-cuidado-com-a-pele","tag-hidratacao"],"yoast_head":"<!-- This site is optimized with the Yoast SEO plugin v23.8 - https:\/\/yoast.com\/wordpress\/plugins\/seo\/ -->\n<title>Creme noturno ideal para pele ap\u00f3s os 50 que suaviza rugas, melhora vi\u00e7o e protege enquanto voc\u00ea dorme - Estado de Minas - Em foco<\/title>\n<meta name=\"description\" content=\"Descubra como escolher o creme noturno ideal para regenerar a pele madura e suavizar rugas ap\u00f3s os 50 anos\" \/>\n<meta name=\"robots\" content=\"index, follow, max-snippet:-1, max-image-preview:large, max-video-preview:-1\" \/>\n<link rel=\"canonical\" href=\"https:\/\/www.em.com.br\/emfoco\/2026\/03\/10\/creme-noturno-ideal-para-pele-apos-os-50-que-suaviza-rugas-melhora-vico-e-protege-enquanto-voce-dorme\/\" \/>\n<meta property=\"og:locale\" content=\"pt_BR\" \/>\n<meta property=\"og:type\" content=\"article\" \/>\n<meta property=\"og:title\" content=\"Creme noturno ideal para pele ap\u00f3s os 50 que suaviza rugas, melhora vi\u00e7o e protege enquanto voc\u00ea dorme - Estado de Minas - Em foco\" \/>\n<meta property=\"og:description\" content=\"Descubra como escolher o creme noturno ideal para regenerar a pele madura e suavizar rugas ap\u00f3s os 50 anos\" \/>\n<meta property=\"og:url\" content=\"https:\/\/www.em.com.br\/emfoco\/2026\/03\/10\/creme-noturno-ideal-para-pele-apos-os-50-que-suaviza-rugas-melhora-vico-e-protege-enquanto-voce-dorme\/\" \/>\n<meta property=\"og:site_name\" content=\"Estado de Minas - Em foco\" \/>\n<meta property=\"article:published_time\" content=\"2026-03-10T21:15:58+00:00\" \/>\n<meta property=\"article:modified_time\" content=\"2026-03-09T22:08:17+00:00\" \/>\n<meta property=\"og:image\" content=\"https:\/\/www.em.com.br\/emfoco\/wp-content\/uploads\/2026\/03\/Gemini_Generated_Image_ya2840ya2840ya28-1.png\" \/>\n\t<meta property=\"og:image:width\" content=\"1280\" \/>\n\t<meta property=\"og:image:height\" content=\"720\" \/>\n\t<meta property=\"og:image:type\" content=\"image\/png\" \/>\n<meta name=\"author\" content=\"Daniely Cardoso\" \/>\n<meta name=\"twitter:card\" content=\"summary_large_image\" \/>\n<meta name=\"twitter:label1\" content=\"Escrito por\" \/>\n\t<meta name=\"twitter:data1\" content=\"Daniely Cardoso\" \/>\n\t<meta name=\"twitter:label2\" content=\"Est. tempo de leitura\" \/>\n\t<meta name=\"twitter:data2\" content=\"4 minutos\" \/>\n<!-- \/ Yoast SEO plugin. -->","yoast_head_json":{"title":"Creme noturno ideal para pele ap\u00f3s os 50 que suaviza rugas, melhora vi\u00e7o e protege enquanto voc\u00ea dorme - Estado de Minas - Em foco","description":"Descubra como escolher o creme noturno ideal para regenerar a pele madura e suavizar rugas ap\u00f3s os 50 anos","robots":{"index":"index","follow":"follow","max-snippet":"max-snippet:-1","max-image-preview":"max-image-preview:large","max-video-preview":"max-video-preview:-1"},"canonical":"https:\/\/www.em.com.br\/emfoco\/2026\/03\/10\/creme-noturno-ideal-para-pele-apos-os-50-que-suaviza-rugas-melhora-vico-e-protege-enquanto-voce-dorme\/","og_locale":"pt_BR","og_type":"article","og_title":"Creme noturno ideal para pele ap\u00f3s os 50 que suaviza rugas, melhora vi\u00e7o e protege enquanto voc\u00ea dorme - Estado de Minas - Em foco","og_description":"Descubra como escolher o creme noturno ideal para regenerar a pele madura e suavizar rugas ap\u00f3s os 50 anos","og_url":"https:\/\/www.em.com.br\/emfoco\/2026\/03\/10\/creme-noturno-ideal-para-pele-apos-os-50-que-suaviza-rugas-melhora-vico-e-protege-enquanto-voce-dorme\/","og_site_name":"Estado de Minas - Em foco","article_published_time":"2026-03-10T21:15:58+00:00","article_modified_time":"2026-03-09T22:08:17+00:00","og_image":[{"width":1280,"height":720,"url":"https:\/\/www.em.com.br\/emfoco\/wp-content\/uploads\/2026\/03\/Gemini_Generated_Image_ya2840ya2840ya28-1.png","type":"image\/png"}],"author":"Daniely Cardoso","twitter_card":"summary_large_image","twitter_misc":{"Escrito por":"Daniely Cardoso","Est. tempo de leitura":"4 minutos"},"schema":{"@context":"https:\/\/schema.org","@graph":[{"@type":"WebPage","@id":"https:\/\/www.em.com.br\/emfoco\/2026\/03\/10\/creme-noturno-ideal-para-pele-apos-os-50-que-suaviza-rugas-melhora-vico-e-protege-enquanto-voce-dorme\/","url":"https:\/\/www.em.com.br\/emfoco\/2026\/03\/10\/creme-noturno-ideal-para-pele-apos-os-50-que-suaviza-rugas-melhora-vico-e-protege-enquanto-voce-dorme\/","name":"Creme noturno ideal para pele ap\u00f3s os 50 que suaviza rugas, melhora vi\u00e7o e protege enquanto voc\u00ea dorme - Estado de Minas - Em foco","isPartOf":{"@id":"https:\/\/www.em.com.br\/emfoco\/#website"},"primaryImageOfPage":{"@id":"https:\/\/www.em.com.br\/emfoco\/2026\/03\/10\/creme-noturno-ideal-para-pele-apos-os-50-que-suaviza-rugas-melhora-vico-e-protege-enquanto-voce-dorme\/#primaryimage"},"image":{"@id":"https:\/\/www.em.com.br\/emfoco\/2026\/03\/10\/creme-noturno-ideal-para-pele-apos-os-50-que-suaviza-rugas-melhora-vico-e-protege-enquanto-voce-dorme\/#primaryimage"},"thumbnailUrl":"https:\/\/www.em.com.br\/emfoco\/wp-content\/uploads\/2026\/03\/Gemini_Generated_Image_ya2840ya2840ya28-1.png","datePublished":"2026-03-10T21:15:58+00:00","dateModified":"2026-03-09T22:08:17+00:00","author":{"@id":"https:\/\/www.em.com.br\/emfoco\/#\/schema\/person\/0a8186d72f2c3a5c6276d90b41f271a0"},"description":"Descubra como escolher o creme noturno ideal para regenerar a pele madura e suavizar rugas ap\u00f3s os 50 anos","breadcrumb":{"@id":"https:\/\/www.em.com.br\/emfoco\/2026\/03\/10\/creme-noturno-ideal-para-pele-apos-os-50-que-suaviza-rugas-melhora-vico-e-protege-enquanto-voce-dorme\/#breadcrumb"},"inLanguage":"pt-BR","potentialAction":[{"@type":"ReadAction","target":["https:\/\/www.em.com.br\/emfoco\/2026\/03\/10\/creme-noturno-ideal-para-pele-apos-os-50-que-suaviza-rugas-melhora-vico-e-protege-enquanto-voce-dorme\/"]}]},{"@type":"ImageObject","inLanguage":"pt-BR","@id":"https:\/\/www.em.com.br\/emfoco\/2026\/03\/10\/creme-noturno-ideal-para-pele-apos-os-50-que-suaviza-rugas-melhora-vico-e-protege-enquanto-voce-dorme\/#primaryimage","url":"https:\/\/www.em.com.br\/emfoco\/wp-content\/uploads\/2026\/03\/Gemini_Generated_Image_ya2840ya2840ya28-1.png","contentUrl":"https:\/\/www.em.com.br\/emfoco\/wp-content\/uploads\/2026\/03\/Gemini_Generated_Image_ya2840ya2840ya28-1.png","width":1280,"height":720,"caption":"Nessa fase, a menopausa e as altera\u00e7\u00f5es hormonais tamb\u00e9m influenciam bastante, deixando a pele mais opaca e ressecada."},{"@type":"BreadcrumbList","@id":"https:\/\/www.em.com.br\/emfoco\/2026\/03\/10\/creme-noturno-ideal-para-pele-apos-os-50-que-suaviza-rugas-melhora-vico-e-protege-enquanto-voce-dorme\/#breadcrumb","itemListElement":[{"@type":"ListItem","position":1,"name":"In\u00edcio","item":"https:\/\/www.em.com.br\/emfoco\/"},{"@type":"ListItem","position":2,"name":"Creme noturno ideal para pele ap\u00f3s os 50 que suaviza rugas, melhora vi\u00e7o e protege enquanto voc\u00ea dorme"}]},{"@type":"WebSite","@id":"https:\/\/www.em.com.br\/emfoco\/#website","url":"https:\/\/www.em.com.br\/emfoco\/","name":"Estado de Minas - Em foco","description":"Acompanhe as \u00faltimas not\u00edcias e fique bem informado sobre tudo o que acontece em Minas Gerais, Brasil e no mundo.","potentialAction":[{"@type":"SearchAction","target":{"@type":"EntryPoint","urlTemplate":"https:\/\/www.em.com.br\/emfoco\/?s={search_term_string}"},"query-input":{"@type":"PropertyValueSpecification","valueRequired":true,"valueName":"search_term_string"}}],"inLanguage":"pt-BR"},{"@type":"Person","@id":"https:\/\/www.em.com.br\/emfoco\/#\/schema\/person\/0a8186d72f2c3a5c6276d90b41f271a0","name":"Daniely Cardoso","image":{"@type":"ImageObject","inLanguage":"pt-BR","@id":"https:\/\/www.em.com.br\/emfoco\/#\/schema\/person\/image\/","url":"https:\/\/secure.gravatar.com\/avatar\/4b80ddbd124d1f071b626d52d62e5dff?s=96&d=mm&r=g","contentUrl":"https:\/\/secure.gravatar.com\/avatar\/4b80ddbd124d1f071b626d52d62e5dff?s=96&d=mm&r=g","caption":"Daniely Cardoso"},"url":"https:\/\/www.em.com.br\/emfoco\/author\/danielymyth\/"}]}},"_links":{"self":[{"href":"https:\/\/www.em.com.br\/emfoco\/wp-json\/wp\/v2\/posts\/179560","targetHints":{"allow":["GET"]}}],"collection":[{"href":"https:\/\/www.em.com.br\/emfoco\/wp-json\/wp\/v2\/posts"}],"about":[{"href":"https:\/\/www.em.com.br\/emfoco\/wp-json\/wp\/v2\/types\/post"}],"author":[{"embeddable":true,"href":"https:\/\/www.em.com.br\/emfoco\/wp-json\/wp\/v2\/users\/9"}],"replies":[{"embeddable":true,"href":"https:\/\/www.em.com.br\/emfoco\/wp-json\/wp\/v2\/comments?post=179560"}],"version-history":[{"count":3,"href":"https:\/\/www.em.com.br\/emfoco\/wp-json\/wp\/v2\/posts\/179560\/revisions"}],"predecessor-version":[{"id":179603,"href":"https:\/\/www.em.com.br\/emfoco\/wp-json\/wp\/v2\/posts\/179560\/revisions\/179603"}],"wp:featuredmedia":[{"embeddable":true,"href":"https:\/\/www.em.com.br\/emfoco\/wp-json\/wp\/v2\/media\/179571"}],"wp:attachment":[{"href":"https:\/\/www.em.com.br\/emfoco\/wp-json\/wp\/v2\/media?parent=179560"}],"wp:term":[{"taxonomy":"category","embeddable":true,"href":"https:\/\/www.em.com.br\/emfoco\/wp-json\/wp\/v2\/categories?post=179560"},{"taxonomy":"post_tag","embeddable":true,"href":"https:\/\/www.em.com.br\/emfoco\/wp-json\/wp\/v2\/tags?post=179560"}],"curies":[{"name":"wp","href":"https:\/\/api.w.org\/{rel}","templated":true}]}}