{"id":179559,"date":"2026-03-10T17:55:53","date_gmt":"2026-03-10T20:55:53","guid":{"rendered":"https:\/\/www.em.com.br\/emfoco\/?p=179559"},"modified":"2026-03-09T19:04:49","modified_gmt":"2026-03-09T22:04:49","slug":"nem-vinagre-nem-produtos-caros-o-metodo-japones-para-eliminar-odores-de-mofo-do-armario","status":"publish","type":"post","link":"https:\/\/www.em.com.br\/emfoco\/2026\/03\/10\/nem-vinagre-nem-produtos-caros-o-metodo-japones-para-eliminar-odores-de-mofo-do-armario\/","title":{"rendered":"Nem vinagre, nem produtos caros, o m\u00e9todo japon\u00eas para eliminar odores de mofo do arm\u00e1rio"},"content":{"rendered":"\n<p>Voc\u00ea j\u00e1 abriu o guarda-roupa, sentiu aquele <strong>cheiro de mofo<\/strong> e pensou que suas <strong>roupas limpas<\/strong> estavam estragadas? Esse inc\u00f4modo \u00e9 muito comum em casas com pouca circula\u00e7\u00e3o de ar, principalmente em regi\u00f5es \u00famidas ou em im\u00f3veis mais antigos. Mesmo depois da lavagem, pe\u00e7as, sapatos e roupas de cama podem ficar com odor desagrad\u00e1vel, gerando preocupa\u00e7\u00e3o com a <strong>higiene do ambiente<\/strong> e a conserva\u00e7\u00e3o dos tecidos<\/p>\n\n\n\n<h2 class=\"wp-block-heading\">Como usar o carv\u00e3o de bambu no arm\u00e1rio para tirar mau cheiro<\/h2>\n\n\n\n<p>Na pr\u00e1tica, aplicar o <strong>carv\u00e3o de bambu no arm\u00e1rio<\/strong> \u00e9 bem simples e n\u00e3o exige nenhum tipo de instala\u00e7\u00e3o complicada, podendo ser feito por qualquer pessoa. Em geral, s\u00e3o utilizados peda\u00e7os de carv\u00e3o j\u00e1 preparados para uso dom\u00e9stico, vendidos em saquinhos de tecido respir\u00e1vel, que permitem o contato direto com o <strong>ar interno<\/strong> do m\u00f3vel.<\/p>\n\n\n<div class=\"wp-block-image\">\n<figure class=\"aligncenter size-large\"><img loading=\"lazy\" decoding=\"async\" width=\"1024\" height=\"576\" src=\"https:\/\/www.em.com.br\/emfoco\/wp-content\/uploads\/2026\/03\/carvao-bambu_1773091830690-1024x576.jpg\" alt=\"\" class=\"wp-image-179568\" srcset=\"https:\/\/www.em.com.br\/emfoco\/wp-content\/uploads\/2026\/03\/carvao-bambu_1773091830690-1024x576.jpg 1024w, https:\/\/www.em.com.br\/emfoco\/wp-content\/uploads\/2026\/03\/carvao-bambu_1773091830690-300x169.jpg 300w, https:\/\/www.em.com.br\/emfoco\/wp-content\/uploads\/2026\/03\/carvao-bambu_1773091830690-768x432.jpg 768w, https:\/\/www.em.com.br\/emfoco\/wp-content\/uploads\/2026\/03\/carvao-bambu_1773091830690-750x422.jpg 750w, https:\/\/www.em.com.br\/emfoco\/wp-content\/uploads\/2026\/03\/carvao-bambu_1773091830690-1140x641.jpg 1140w, https:\/\/www.em.com.br\/emfoco\/wp-content\/uploads\/2026\/03\/carvao-bambu_1773091830690.jpg 1280w\" sizes=\"auto, (max-width: 1024px) 100vw, 1024px\" \/><figcaption class=\"wp-element-caption\">Um modo comum de uso \u00e9 distribuir pequenos recipientes ou bolsas em pontos estrat\u00e9gicos do arm\u00e1rio &#8211; Cr\u00e9ditos: depositphotos.com \/ sportoakimirka<\/figcaption><\/figure><\/div>\n\n\n<p>Um modo comum de uso \u00e9 distribuir pequenos recipientes ou bolsas em pontos estrat\u00e9gicos do arm\u00e1rio, como prateleiras, cabideiros e nichos de sapatos. Com o tempo, o carv\u00e3o absorve parte da <strong>umidade do ar<\/strong> interno e ajuda a neutralizar odores de mofo e abafamento. Para manter a efici\u00eancia, recomenda-se \u201crenovar\u201d o material periodicamente, deixando-o algumas horas ao sol ou seguindo a orienta\u00e7\u00e3o do <strong>fabricante escolhido<\/strong>.<\/p>\n\n\n\n<ul class=\"wp-block-list\">\n<li>Escolher carv\u00e3o de bambu espec\u00edfico para uso dom\u00e9stico.<\/li>\n\n\n\n<li>Colocar o carv\u00e3o em saquinhos de algod\u00e3o ou em potes vazados.<\/li>\n\n\n\n<li>Distribuir pelos cantos do arm\u00e1rio, gavetas e sapateiras.<\/li>\n\n\n\n<li>Evitar o contato direto com roupas claras para n\u00e3o manchar.<\/li>\n\n\n\n<li>Reativar ao sol ou substituir a cada algumas semanas ou meses.<\/li>\n<\/ul>\n\n\n\n<figure class=\"wp-block-embed is-type-rich is-provider-pinterest wp-block-embed-pinterest\"><div class=\"wp-block-embed__wrapper\">\n<iframe loading=\"lazy\" title=\"Market Demand Analysis Of Bamboo Charcoal\" src=\"https:\/\/assets.pinterest.com\/ext\/embed.html?id=804948133441769396&#038;src=oembed\" height=\"775\" width=\"450\" frameborder=\"0\" scrolling=\"no\" ><\/iframe>\n<\/div><\/figure>\n\n\n\n<p>Leia tamb\u00e9m:&nbsp;<a href=\"https:\/\/www.em.com.br\/emfoco\/2026\/01\/29\/a-tendencia-de-decoracao-que-vai-transformar-a-entrada-da-sua-casa-dicas-de-estilo-para-um-mudroom-encantador\/\" target=\"_blank\" rel=\"noopener\">A tend\u00eancia de decora\u00e7\u00e3o que vai transformar a entrada da sua casa: Dicas de estilo para um &amp;#8220;Mudroom&amp;#8221; encantador<\/a><\/p>\n\n\n\n<h2 class=\"wp-block-heading\">Quais outras formas ajudam a combater o cheiro de mofo em arm\u00e1rios<\/h2>\n\n\n\n<p>Embora o <strong>carv\u00e3o de bambu para arm\u00e1rio<\/strong> seja um \u00f3timo aliado contra a umidade, o resultado \u00e9 melhor quando ele faz parte de um conjunto de cuidados simples do dia a dia. A ventila\u00e7\u00e3o continua sendo essencial: sempre que poss\u00edvel, vale deixar portas de arm\u00e1rios abertas por alguns minutos, principalmente ap\u00f3s dias muito chuvosos ou com forte varia\u00e7\u00e3o de <strong>temperatura interna<\/strong>.<\/p>\n\n\n\n<figure class=\"wp-block-embed is-type-rich is-provider-pinterest wp-block-embed-pinterest\"><div class=\"wp-block-embed__wrapper\">\n<iframe loading=\"lazy\" title=\"Aprenda a fazer adubo caseiro feito de carv\u00e3o\" src=\"https:\/\/assets.pinterest.com\/ext\/embed.html?id=173388654394494496&#038;src=oembed\" height=\"438\" width=\"450\" frameborder=\"0\" scrolling=\"no\" ><\/iframe>\n<\/div><\/figure>\n\n\n\n<p>Al\u00e9m disso, algumas pr\u00e1ticas b\u00e1sicas ajudam a evitar que o mau cheiro volte com frequ\u00eancia. Esses h\u00e1bitos s\u00e3o f\u00e1ceis de incluir na rotina e fazem diferen\u00e7a na conserva\u00e7\u00e3o das roupas e na <strong>sa\u00fade do ambiente<\/strong>, reduzindo a prolifera\u00e7\u00e3o de fungos que adoram lugares escuros e \u00famidos.<\/p>\n\n\n\n<ol class=\"wp-block-list\">\n<li><strong>N\u00e3o guardar pe\u00e7as \u00famidas:<\/strong> roupas, toalhas e cal\u00e7ados devem estar totalmente secos antes de serem guardados.<\/li>\n\n\n\n<li><strong>Evitar excesso de itens:<\/strong> prateleiras muito cheias reduzem a circula\u00e7\u00e3o de ar e favorecem a umidade.<\/li>\n\n\n\n<li><strong>Limpar periodicamente o interior:<\/strong> passar um pano levemente umedecido e bem torcido, e depois secar, reduz poeira e fungos.<\/li>\n\n\n\n<li><strong>Usar outros absorventes de umidade quando necess\u00e1rio:<\/strong> produtos espec\u00edficos, s\u00edlica em sach\u00eas ou potes desumidificadores podem complementar o carv\u00e3o de bambu em locais muito \u00famidos.<\/li>\n\n\n\n<li><strong>Monitorar sinais de mofo:<\/strong> pequenos pontos escuros em paredes do arm\u00e1rio ou nas roupas indicam que a umidade est\u00e1 alta e que a ventila\u00e7\u00e3o precisa ser refor\u00e7ada.<\/li>\n<\/ol>\n\n\n\n<p>Para voc\u00ea que gosta de cudiar da casa, separamos um v\u00eddeo do canal <a href=\"https:\/\/www.youtube.com\/@CasadeVerdade\" target=\"_blank\" rel=\"noreferrer noopener\">Casa de Verdade<\/a> com dicas para acabar com o mofo nos arm\u00e1rios e guarda-roupas:<\/p>\n\n\n\n<figure class=\"wp-block-embed is-type-video is-provider-youtube wp-block-embed-youtube wp-embed-aspect-16-9 wp-has-aspect-ratio\"><div class=\"wp-block-embed__wrapper\">\n<div class=\"jeg_video_container jeg_video_content\"><iframe loading=\"lazy\" title=\"Como remover mofo do seu arm\u00e1rio com Cris Ribeiro\" width=\"500\" height=\"281\" src=\"https:\/\/www.youtube.com\/embed\/0LB90yDOSGA?start=18&#038;feature=oembed\" frameborder=\"0\" allow=\"accelerometer; autoplay; clipboard-write; encrypted-media; gyroscope; picture-in-picture; web-share\" referrerpolicy=\"strict-origin-when-cross-origin\" allowfullscreen><\/iframe><\/div>\n<\/div><\/figure>\n\n\n\n<h2 class=\"wp-block-heading\">O m\u00e9todo japon\u00eas com carv\u00e3o de bambu \u00e9 suficiente para eliminar o cheiro<\/h2>\n\n\n\n<p>O uso do <strong>carv\u00e3o de bambu no arm\u00e1rio<\/strong> costuma ser mais eficiente quando o problema \u00e9 leve ou moderado, ligado ao simples abafamento do espa\u00e7o e ao clima \u00famido. Em ambientes onde j\u00e1 existe mofo vis\u00edvel nas paredes, madeiras ou no pr\u00f3prio c\u00f4modo, o carv\u00e3o atua como apoio, mas n\u00e3o substitui reparos mais profundos, como tratar infiltra\u00e7\u00f5es, melhorar a <strong>ventila\u00e7\u00e3o do quarto<\/strong> ou investir em desumidificadores el\u00e9tricos.<\/p>\n\n\n\n<p>Em casas onde a umidade \u00e9 sazonal, muitos moradores relatam que a combina\u00e7\u00e3o de ventila\u00e7\u00e3o regular, organiza\u00e7\u00e3o do guarda-roupa e uso cont\u00ednuo de absorventes naturais, como o carv\u00e3o de bambu, ajuda a manter as roupas com cheiro mais neutro ao longo do ano. Assim, o m\u00e9todo japon\u00eas passa a ser parte de um conjunto de cuidados com o <strong>ambiente interno<\/strong>, focado em reduzir o excesso de umidade e prolongar a sensa\u00e7\u00e3o de arm\u00e1rio limpo por mais tempo.<\/p>\n","protected":false},"excerpt":{"rendered":"<p>Voc\u00ea j\u00e1 abriu o guarda-roupa, sentiu aquele cheiro de mofo e pensou que suas roupas limpas estavam estragadas? Esse inc\u00f4modo \u00e9 muito comum em casas com pouca circula\u00e7\u00e3o de ar, principalmente em regi\u00f5es \u00famidas ou em im\u00f3veis mais antigos. Mesmo depois da lavagem, pe\u00e7as, sapatos e roupas de cama podem ficar com odor desagrad\u00e1vel, gerando [&hellip;]<\/p>\n","protected":false},"author":9,"featured_media":179566,"comment_status":"open","ping_status":"open","sticky":false,"template":"","format":"standard","meta":{"jnews-multi-image_gallery":[],"jnews_single_post":{"format":"standard"},"jnews_primary_category":[],"jnews_social_meta":[],"jnews_override_counter":[],"footnotes":""},"categories":[8819,1],"tags":[6057,17132,12947],"class_list":["post-179559","post","type-post","status-publish","format-standard","has-post-thumbnail","hentry","category-curiosidades","category-noticias","tag-bambu","tag-carvao","tag-japones"],"yoast_head":"<!-- This site is optimized with the Yoast SEO plugin v23.8 - https:\/\/yoast.com\/wordpress\/plugins\/seo\/ -->\n<title>Nem vinagre, nem produtos caros, o m\u00e9todo japon\u00eas para eliminar odores de mofo do arm\u00e1rio - Estado de Minas - Em foco<\/title>\n<meta name=\"description\" content=\"Aprenda como usar o carv\u00e3o de bambu para eliminar o mofo e neutralizar odores no seu guarda-roupa de forma natural\" \/>\n<meta name=\"robots\" content=\"index, follow, max-snippet:-1, max-image-preview:large, max-video-preview:-1\" \/>\n<link rel=\"canonical\" href=\"https:\/\/www.em.com.br\/emfoco\/2026\/03\/10\/nem-vinagre-nem-produtos-caros-o-metodo-japones-para-eliminar-odores-de-mofo-do-armario\/\" \/>\n<meta property=\"og:locale\" content=\"pt_BR\" \/>\n<meta property=\"og:type\" content=\"article\" \/>\n<meta property=\"og:title\" content=\"Nem vinagre, nem produtos caros, o m\u00e9todo japon\u00eas para eliminar odores de mofo do arm\u00e1rio - Estado de Minas - Em foco\" \/>\n<meta property=\"og:description\" content=\"Aprenda como usar o carv\u00e3o de bambu para eliminar o mofo e neutralizar odores no seu guarda-roupa de forma natural\" \/>\n<meta property=\"og:url\" content=\"https:\/\/www.em.com.br\/emfoco\/2026\/03\/10\/nem-vinagre-nem-produtos-caros-o-metodo-japones-para-eliminar-odores-de-mofo-do-armario\/\" \/>\n<meta property=\"og:site_name\" content=\"Estado de Minas - Em foco\" \/>\n<meta property=\"article:published_time\" content=\"2026-03-10T20:55:53+00:00\" \/>\n<meta property=\"article:modified_time\" content=\"2026-03-09T22:04:49+00:00\" \/>\n<meta property=\"og:image\" content=\"https:\/\/www.em.com.br\/emfoco\/wp-content\/uploads\/2026\/03\/Gemini_Generated_Image_l2w7iul2w7iul2w7-1.png\" \/>\n\t<meta property=\"og:image:width\" content=\"1280\" \/>\n\t<meta property=\"og:image:height\" content=\"720\" \/>\n\t<meta property=\"og:image:type\" content=\"image\/png\" \/>\n<meta name=\"author\" content=\"Daniely Cardoso\" \/>\n<meta name=\"twitter:card\" content=\"summary_large_image\" \/>\n<meta name=\"twitter:label1\" content=\"Escrito por\" \/>\n\t<meta name=\"twitter:data1\" content=\"Daniely Cardoso\" \/>\n\t<meta name=\"twitter:label2\" content=\"Est. tempo de leitura\" \/>\n\t<meta name=\"twitter:data2\" content=\"5 minutos\" \/>\n<!-- \/ Yoast SEO plugin. -->","yoast_head_json":{"title":"Nem vinagre, nem produtos caros, o m\u00e9todo japon\u00eas para eliminar odores de mofo do arm\u00e1rio - Estado de Minas - Em foco","description":"Aprenda como usar o carv\u00e3o de bambu para eliminar o mofo e neutralizar odores no seu guarda-roupa de forma natural","robots":{"index":"index","follow":"follow","max-snippet":"max-snippet:-1","max-image-preview":"max-image-preview:large","max-video-preview":"max-video-preview:-1"},"canonical":"https:\/\/www.em.com.br\/emfoco\/2026\/03\/10\/nem-vinagre-nem-produtos-caros-o-metodo-japones-para-eliminar-odores-de-mofo-do-armario\/","og_locale":"pt_BR","og_type":"article","og_title":"Nem vinagre, nem produtos caros, o m\u00e9todo japon\u00eas para eliminar odores de mofo do arm\u00e1rio - Estado de Minas - Em foco","og_description":"Aprenda como usar o carv\u00e3o de bambu para eliminar o mofo e neutralizar odores no seu guarda-roupa de forma natural","og_url":"https:\/\/www.em.com.br\/emfoco\/2026\/03\/10\/nem-vinagre-nem-produtos-caros-o-metodo-japones-para-eliminar-odores-de-mofo-do-armario\/","og_site_name":"Estado de Minas - Em foco","article_published_time":"2026-03-10T20:55:53+00:00","article_modified_time":"2026-03-09T22:04:49+00:00","og_image":[{"width":1280,"height":720,"url":"https:\/\/www.em.com.br\/emfoco\/wp-content\/uploads\/2026\/03\/Gemini_Generated_Image_l2w7iul2w7iul2w7-1.png","type":"image\/png"}],"author":"Daniely Cardoso","twitter_card":"summary_large_image","twitter_misc":{"Escrito por":"Daniely Cardoso","Est. tempo de leitura":"5 minutos"},"schema":{"@context":"https:\/\/schema.org","@graph":[{"@type":"WebPage","@id":"https:\/\/www.em.com.br\/emfoco\/2026\/03\/10\/nem-vinagre-nem-produtos-caros-o-metodo-japones-para-eliminar-odores-de-mofo-do-armario\/","url":"https:\/\/www.em.com.br\/emfoco\/2026\/03\/10\/nem-vinagre-nem-produtos-caros-o-metodo-japones-para-eliminar-odores-de-mofo-do-armario\/","name":"Nem vinagre, nem produtos caros, o m\u00e9todo japon\u00eas para eliminar odores de mofo do arm\u00e1rio - Estado de Minas - Em foco","isPartOf":{"@id":"https:\/\/www.em.com.br\/emfoco\/#website"},"primaryImageOfPage":{"@id":"https:\/\/www.em.com.br\/emfoco\/2026\/03\/10\/nem-vinagre-nem-produtos-caros-o-metodo-japones-para-eliminar-odores-de-mofo-do-armario\/#primaryimage"},"image":{"@id":"https:\/\/www.em.com.br\/emfoco\/2026\/03\/10\/nem-vinagre-nem-produtos-caros-o-metodo-japones-para-eliminar-odores-de-mofo-do-armario\/#primaryimage"},"thumbnailUrl":"https:\/\/www.em.com.br\/emfoco\/wp-content\/uploads\/2026\/03\/Gemini_Generated_Image_l2w7iul2w7iul2w7-1.png","datePublished":"2026-03-10T20:55:53+00:00","dateModified":"2026-03-09T22:04:49+00:00","author":{"@id":"https:\/\/www.em.com.br\/emfoco\/#\/schema\/person\/0a8186d72f2c3a5c6276d90b41f271a0"},"description":"Aprenda como usar o carv\u00e3o de bambu para eliminar o mofo e neutralizar odores no seu guarda-roupa de forma natural","breadcrumb":{"@id":"https:\/\/www.em.com.br\/emfoco\/2026\/03\/10\/nem-vinagre-nem-produtos-caros-o-metodo-japones-para-eliminar-odores-de-mofo-do-armario\/#breadcrumb"},"inLanguage":"pt-BR","potentialAction":[{"@type":"ReadAction","target":["https:\/\/www.em.com.br\/emfoco\/2026\/03\/10\/nem-vinagre-nem-produtos-caros-o-metodo-japones-para-eliminar-odores-de-mofo-do-armario\/"]}]},{"@type":"ImageObject","inLanguage":"pt-BR","@id":"https:\/\/www.em.com.br\/emfoco\/2026\/03\/10\/nem-vinagre-nem-produtos-caros-o-metodo-japones-para-eliminar-odores-de-mofo-do-armario\/#primaryimage","url":"https:\/\/www.em.com.br\/emfoco\/wp-content\/uploads\/2026\/03\/Gemini_Generated_Image_l2w7iul2w7iul2w7-1.png","contentUrl":"https:\/\/www.em.com.br\/emfoco\/wp-content\/uploads\/2026\/03\/Gemini_Generated_Image_l2w7iul2w7iul2w7-1.png","width":1280,"height":720,"caption":"Na pr\u00e1tica, aplicar o carv\u00e3o de bambu no arm\u00e1rio \u00e9 bem simples e n\u00e3o exige nenhum tipo de instala\u00e7\u00e3o complicada,"},{"@type":"BreadcrumbList","@id":"https:\/\/www.em.com.br\/emfoco\/2026\/03\/10\/nem-vinagre-nem-produtos-caros-o-metodo-japones-para-eliminar-odores-de-mofo-do-armario\/#breadcrumb","itemListElement":[{"@type":"ListItem","position":1,"name":"In\u00edcio","item":"https:\/\/www.em.com.br\/emfoco\/"},{"@type":"ListItem","position":2,"name":"Nem vinagre, nem produtos caros, o m\u00e9todo japon\u00eas para eliminar odores de mofo do arm\u00e1rio"}]},{"@type":"WebSite","@id":"https:\/\/www.em.com.br\/emfoco\/#website","url":"https:\/\/www.em.com.br\/emfoco\/","name":"Estado de Minas - Em foco","description":"Acompanhe as \u00faltimas not\u00edcias e fique bem informado sobre tudo o que acontece em Minas Gerais, Brasil e no mundo.","potentialAction":[{"@type":"SearchAction","target":{"@type":"EntryPoint","urlTemplate":"https:\/\/www.em.com.br\/emfoco\/?s={search_term_string}"},"query-input":{"@type":"PropertyValueSpecification","valueRequired":true,"valueName":"search_term_string"}}],"inLanguage":"pt-BR"},{"@type":"Person","@id":"https:\/\/www.em.com.br\/emfoco\/#\/schema\/person\/0a8186d72f2c3a5c6276d90b41f271a0","name":"Daniely Cardoso","image":{"@type":"ImageObject","inLanguage":"pt-BR","@id":"https:\/\/www.em.com.br\/emfoco\/#\/schema\/person\/image\/","url":"https:\/\/secure.gravatar.com\/avatar\/4b80ddbd124d1f071b626d52d62e5dff?s=96&d=mm&r=g","contentUrl":"https:\/\/secure.gravatar.com\/avatar\/4b80ddbd124d1f071b626d52d62e5dff?s=96&d=mm&r=g","caption":"Daniely Cardoso"},"url":"https:\/\/www.em.com.br\/emfoco\/author\/danielymyth\/"}]}},"_links":{"self":[{"href":"https:\/\/www.em.com.br\/emfoco\/wp-json\/wp\/v2\/posts\/179559","targetHints":{"allow":["GET"]}}],"collection":[{"href":"https:\/\/www.em.com.br\/emfoco\/wp-json\/wp\/v2\/posts"}],"about":[{"href":"https:\/\/www.em.com.br\/emfoco\/wp-json\/wp\/v2\/types\/post"}],"author":[{"embeddable":true,"href":"https:\/\/www.em.com.br\/emfoco\/wp-json\/wp\/v2\/users\/9"}],"replies":[{"embeddable":true,"href":"https:\/\/www.em.com.br\/emfoco\/wp-json\/wp\/v2\/comments?post=179559"}],"version-history":[{"count":3,"href":"https:\/\/www.em.com.br\/emfoco\/wp-json\/wp\/v2\/posts\/179559\/revisions"}],"predecessor-version":[{"id":179597,"href":"https:\/\/www.em.com.br\/emfoco\/wp-json\/wp\/v2\/posts\/179559\/revisions\/179597"}],"wp:featuredmedia":[{"embeddable":true,"href":"https:\/\/www.em.com.br\/emfoco\/wp-json\/wp\/v2\/media\/179566"}],"wp:attachment":[{"href":"https:\/\/www.em.com.br\/emfoco\/wp-json\/wp\/v2\/media?parent=179559"}],"wp:term":[{"taxonomy":"category","embeddable":true,"href":"https:\/\/www.em.com.br\/emfoco\/wp-json\/wp\/v2\/categories?post=179559"},{"taxonomy":"post_tag","embeddable":true,"href":"https:\/\/www.em.com.br\/emfoco\/wp-json\/wp\/v2\/tags?post=179559"}],"curies":[{"name":"wp","href":"https:\/\/api.w.org\/{rel}","templated":true}]}}