{"id":179547,"date":"2026-03-10T16:35:18","date_gmt":"2026-03-10T19:35:18","guid":{"rendered":"https:\/\/www.em.com.br\/emfoco\/?p=179547"},"modified":"2026-03-09T18:14:42","modified_gmt":"2026-03-09T21:14:42","slug":"as-melhores-formas-de-integrar-o-cabelo-branco-ao-visual-sem-ficar-escrava-do-salao","status":"publish","type":"post","link":"https:\/\/www.em.com.br\/emfoco\/2026\/03\/10\/as-melhores-formas-de-integrar-o-cabelo-branco-ao-visual-sem-ficar-escrava-do-salao\/","title":{"rendered":"As melhores formas de integrar o cabelo branco ao visual sem ficar escrava do sal\u00e3o"},"content":{"rendered":"\n<p>Voc\u00ea j\u00e1 se olhou no espelho, viu os primeiros fios brancos e ficou em d\u00favida entre assumir ou cobrir tudo? Hoje, mais do que esconder sinais do tempo, muitas pessoas buscam uma forma de deixar o cabelo mais <strong>natural<\/strong> e ao mesmo tempo <strong>rejuvenescido<\/strong>. A colora\u00e7\u00e3o que mistura os brancos vem justamente para equilibrar identidade, autoestima e praticidade no dia a dia.<\/p>\n\n\n\n<h2 class=\"wp-block-heading\">O que \u00e9 a t\u00e9cnica de colora\u00e7\u00e3o que mistura os fios brancos<\/h2>\n\n\n\n<p>A t\u00e9cnica de colora\u00e7\u00e3o que mistura os brancos integra os fios grisalhos ao restante do cabelo, em vez de <strong>camuflar<\/strong> tudo com um \u00fanico tom. O objetivo \u00e9 criar reflexos suaves, mechas discretas e pontos de luz que deixam o visual mais <strong>leve<\/strong> e harmonioso.<\/p>\n\n\n\n<p>Geralmente o profissional combina colora\u00e7\u00e3o permanente, tonalizante e, \u00e0s vezes, luzes bem finas para evitar blocos de cor muito marcados. Assim, a raiz cresce de forma mais <strong>discreta<\/strong> e a transi\u00e7\u00e3o entre cabelo natural e colorido fica mais <strong>suave<\/strong>, funcionando tanto para poucos quanto para muitos fios brancos.<\/p>\n\n\n\n<figure class=\"wp-block-embed is-type-rich is-provider-pinterest wp-block-embed-pinterest\"><div class=\"wp-block-embed__wrapper\">\n<iframe loading=\"lazy\" title=\"Com3ntaaa &quot;QUERO&quot; que te mando o l!nk direto \ud83d\udd8a\ufe0f  Amiga, esse l\u00e1pis salvou meu rol\u00ea! \ud83d\udda4 Pinta os fios brancos na hora, sem qu\u00edmica, sem sujeira e fica super natural! Salva esse v\u00eddeo pra ter na manga quando o fio branco resolver aparecer do nada \ud83d\ude05 E marca aquela amiga que vive reclamando dos cabelinhos brancos!  Outras formas de obter os l!nks:\ud83d\udc47\ud83c\udffd \ud83d\udc31 \ud83d\udc9f Id do produto nos coment\u00e1ri0s; \ud83e\ude76 No l!nk que est\u00e1 na Bio.  como cobrir fios brancos sem qu\u00edmica, como disfar\u00e7ar fios brancos em casa, caneta para ...\" src=\"https:\/\/assets.pinterest.com\/ext\/embed.html?id=153966881011187344&#038;src=oembed\" height=\"899\" width=\"450\" frameborder=\"0\" scrolling=\"no\" ><\/iframe>\n<\/div><\/figure>\n\n\n\n<p>Leia tamb\u00e9m:&nbsp;<a href=\"https:\/\/www.em.com.br\/emfoco\/2026\/03\/08\/o-truque-de-maquiagem-que-levanta-o-olhar-cansado-e-valoriza-as-palpebras-apos-os-55-anos\/\" target=\"_blank\" rel=\"noopener\">O truque de maquiagem que levanta o olhar cansado e valoriza as p\u00e1lpebras ap\u00f3s os 55 anos<\/a><\/p>\n\n\n\n<h2 class=\"wp-block-heading\">Como essa t\u00e9cnica pode rejuvenescer o visual<\/h2>\n\n\n\n<p>O efeito de rejuvenescimento vem, principalmente, da redu\u00e7\u00e3o de contrastes muito duros entre raiz, comprimento e tom de pele. Quando o cabelo \u00e9 tingido em um tom muito <strong>escuro<\/strong>, qualquer sinal de crescimento aparece r\u00e1pido e pode real\u00e7ar a ideia de <strong>envelhecimento<\/strong>.<\/p>\n\n\n\n<p>Ao trabalhar nuances pr\u00f3ximas entre si, cria-se um degrad\u00ea discreto que ilumina o rosto e traz mais equil\u00edbrio. Mechas claras bem distribu\u00eddas geram sensa\u00e7\u00e3o de <strong>movimento<\/strong> e volume, enquanto a combina\u00e7\u00e3o de luz e sombra suaviza linhas de express\u00e3o e real\u00e7a o contorno do <strong>rosto<\/strong>.<\/p>\n\n\n\n<figure class=\"wp-block-embed is-type-rich is-provider-pinterest wp-block-embed-pinterest\"><div class=\"wp-block-embed__wrapper\">\n<iframe loading=\"lazy\" title=\"Mechas N\u00c3O disfar\u00e7am cabelos brancos ! Voc\u00ea concorda ? \ud83e\udd14 . Ouvir essa frase d\u00f3i para mulheres que come\u00e7aram a fazer mechas para disfar\u00e7ar\u2026 | Instagram\" src=\"https:\/\/assets.pinterest.com\/ext\/embed.html?id=7107311906227400&#038;src=oembed\" height=\"899\" width=\"450\" frameborder=\"0\" scrolling=\"no\" ><\/iframe>\n<\/div><\/figure>\n\n\n\n<h2 class=\"wp-block-heading\">Quais s\u00e3o as principais formas de misturar os cabelos brancos<\/h2>\n\n\n\n<p>Existem diferentes caminhos para misturar os fios brancos e o ideal \u00e9 que o profissional analise cor de base, quantidade de grisalhos e estilo pessoal. Assim, a t\u00e9cnica fica mais <strong>personalizada<\/strong> e combina melhor com a rotina de <strong>cuidados<\/strong> de cada pessoa.<\/p>\n\n\n\n<p>Entre as op\u00e7\u00f5es mais usadas em sal\u00f5es, algumas se destacam pela versatilidade e pelo resultado natural:<\/p>\n\n\n\n<ul class=\"wp-block-list\">\n<li><strong>Mechas finas (babylights)<\/strong>: \u00f3timas para poucos brancos, quebram o contraste e imitam luz natural do sol.<\/li>\n\n\n\n<li><strong>Reflexos localizados<\/strong>: focados em \u00e1reas com mais brancos, como t\u00eamporas ou topo da cabe\u00e7a.<\/li>\n\n\n\n<li><strong>Sombras de raiz<\/strong> (root shadow): raiz um pouco mais escura e comprimento com nuances intermedi\u00e1rias.<\/li>\n\n\n\n<li><strong>Tonalizantes<\/strong>: sem am\u00f4nia, suavizam o branco e podem deix\u00e1-lo prata elegante ou bege delicado.<\/li>\n<\/ul>\n\n\n\n<p>Para voc\u00ea que gosta de se cuidar, separamos um v\u00eddeo do canal da <a href=\"https:\/\/www.youtube.com\/@LuanaSantosBeauty\" target=\"_blank\" rel=\"noreferrer noopener\">Luana Santos<\/a> com dicas para acabar com os cabelos brancos: <\/p>\n\n\n\n<figure class=\"wp-block-embed is-type-video is-provider-youtube wp-block-embed-youtube wp-embed-aspect-16-9 wp-has-aspect-ratio\"><div class=\"wp-block-embed__wrapper\">\n<div class=\"jeg_video_container jeg_video_content\"><iframe loading=\"lazy\" title=\"Cobrir cabelos brancos com a m\u00e1scara hidratante colorante Bio Extratus | Tutorial Completo Parte 1\" width=\"500\" height=\"281\" src=\"https:\/\/www.youtube.com\/embed\/PMjTD5Pqpyk?feature=oembed\" frameborder=\"0\" allow=\"accelerometer; autoplay; clipboard-write; encrypted-media; gyroscope; picture-in-picture; web-share\" referrerpolicy=\"strict-origin-when-cross-origin\" allowfullscreen><\/iframe><\/div>\n<\/div><\/figure>\n\n\n\n<h2 class=\"wp-block-heading\">Como escolher a melhor t\u00e9cnica para o seu cabelo grisalho<\/h2>\n\n\n\n<p>Para escolher bem, \u00e9 importante considerar tom de pele, cor natural dos fios, estilo de vida e disposi\u00e7\u00e3o para ir ao sal\u00e3o. Uma avalia\u00e7\u00e3o do hist\u00f3rico qu\u00edmico ajuda a evitar danos por <strong>descolora\u00e7\u00f5es<\/strong> excessivas e a preservar a sa\u00fade do <strong>cabelo<\/strong>.<\/p>\n\n\n\n<p>Quem tem muitos brancos costuma se beneficiar da combina\u00e7\u00e3o de tons claros e escuros, criando um efeito mesclado que facilita a manuten\u00e7\u00e3o. J\u00e1 quem tem poucos fios grisalhos pode investir em interven\u00e7\u00f5es mais <strong>sutis<\/strong>, focando apenas em mechas finas ou tonaliza\u00e7\u00f5es <strong>leves<\/strong>.<\/p>\n\n\n\n<h2 class=\"wp-block-heading\">Quais cuidados di\u00e1rios ajudam a manter o efeito de rejuvenescimento<\/h2>\n\n\n\n<p>Depois de conquistar o tom desejado, a forma como voc\u00ea cuida do cabelo no dia a dia faz toda a diferen\u00e7a no brilho e na durabilidade da cor. Exposi\u00e7\u00e3o intensa ao sol, calor sem prote\u00e7\u00e3o e lavagens muito <strong>frequentes<\/strong> podem desbotar os reflexos e deixar o visual mais <strong>opaco<\/strong>.<\/p>\n\n\n\n<p>Para prolongar o efeito, vale apostar em intervalos maiores entre lavagens, produtos espec\u00edficos para fios coloridos ou grisalhos, hidrata\u00e7\u00f5es regulares e protetor t\u00e9rmico antes de secador ou chapinha. Com esses h\u00e1bitos, o cabelo fica mais <strong>macio<\/strong>, a cor permanece equilibrada e a transi\u00e7\u00e3o dos brancos segue de forma mais <strong>natural<\/strong>.<\/p>\n","protected":false},"excerpt":{"rendered":"<p>Voc\u00ea j\u00e1 se olhou no espelho, viu os primeiros fios brancos e ficou em d\u00favida entre assumir ou cobrir tudo? Hoje, mais do que esconder sinais do tempo, muitas pessoas buscam uma forma de deixar o cabelo mais natural e ao mesmo tempo rejuvenescido. A colora\u00e7\u00e3o que mistura os brancos vem justamente para equilibrar identidade, [&hellip;]<\/p>\n","protected":false},"author":9,"featured_media":179556,"comment_status":"open","ping_status":"open","sticky":false,"template":"","format":"standard","meta":{"jnews-multi-image_gallery":[],"jnews_single_post":{"format":"standard"},"jnews_primary_category":[],"jnews_social_meta":[],"jnews_override_counter":[],"footnotes":""},"categories":[8819,1],"tags":[8898,4905,6768],"class_list":["post-179547","post","type-post","status-publish","format-standard","has-post-thumbnail","hentry","category-curiosidades","category-noticias","tag-branco","tag-cabelo","tag-coloracao-capilar"],"yoast_head":"<!-- This site is optimized with the Yoast SEO plugin v23.8 - https:\/\/yoast.com\/wordpress\/plugins\/seo\/ -->\n<title>As melhores formas de integrar o cabelo branco ao visual sem ficar escrava do sal\u00e3o - Estado de Minas - Em foco<\/title>\n<meta name=\"description\" content=\"Aprenda como misturar os fios brancos ao seu tom natural para um visual rejuvenescido e de baixa manuten\u00e7\u00e3o\" \/>\n<meta name=\"robots\" content=\"index, follow, max-snippet:-1, max-image-preview:large, max-video-preview:-1\" \/>\n<link rel=\"canonical\" href=\"https:\/\/www.em.com.br\/emfoco\/2026\/03\/10\/as-melhores-formas-de-integrar-o-cabelo-branco-ao-visual-sem-ficar-escrava-do-salao\/\" \/>\n<meta property=\"og:locale\" content=\"pt_BR\" \/>\n<meta property=\"og:type\" content=\"article\" \/>\n<meta property=\"og:title\" content=\"As melhores formas de integrar o cabelo branco ao visual sem ficar escrava do sal\u00e3o - Estado de Minas - Em foco\" \/>\n<meta property=\"og:description\" content=\"Aprenda como misturar os fios brancos ao seu tom natural para um visual rejuvenescido e de baixa manuten\u00e7\u00e3o\" \/>\n<meta property=\"og:url\" content=\"https:\/\/www.em.com.br\/emfoco\/2026\/03\/10\/as-melhores-formas-de-integrar-o-cabelo-branco-ao-visual-sem-ficar-escrava-do-salao\/\" \/>\n<meta property=\"og:site_name\" content=\"Estado de Minas - Em foco\" \/>\n<meta property=\"article:published_time\" content=\"2026-03-10T19:35:18+00:00\" \/>\n<meta property=\"article:modified_time\" content=\"2026-03-09T21:14:42+00:00\" \/>\n<meta property=\"og:image\" content=\"https:\/\/www.em.com.br\/emfoco\/wp-content\/uploads\/2026\/03\/Gemini_Generated_Image_1hn99j1hn99j1hn9-1.png\" \/>\n\t<meta property=\"og:image:width\" content=\"1280\" \/>\n\t<meta property=\"og:image:height\" content=\"720\" \/>\n\t<meta property=\"og:image:type\" content=\"image\/png\" \/>\n<meta name=\"author\" content=\"Daniely Cardoso\" \/>\n<meta name=\"twitter:card\" content=\"summary_large_image\" \/>\n<meta name=\"twitter:label1\" content=\"Escrito por\" \/>\n\t<meta name=\"twitter:data1\" content=\"Daniely Cardoso\" \/>\n\t<meta name=\"twitter:label2\" content=\"Est. tempo de leitura\" \/>\n\t<meta name=\"twitter:data2\" content=\"4 minutos\" \/>\n<!-- \/ Yoast SEO plugin. -->","yoast_head_json":{"title":"As melhores formas de integrar o cabelo branco ao visual sem ficar escrava do sal\u00e3o - Estado de Minas - Em foco","description":"Aprenda como misturar os fios brancos ao seu tom natural para um visual rejuvenescido e de baixa manuten\u00e7\u00e3o","robots":{"index":"index","follow":"follow","max-snippet":"max-snippet:-1","max-image-preview":"max-image-preview:large","max-video-preview":"max-video-preview:-1"},"canonical":"https:\/\/www.em.com.br\/emfoco\/2026\/03\/10\/as-melhores-formas-de-integrar-o-cabelo-branco-ao-visual-sem-ficar-escrava-do-salao\/","og_locale":"pt_BR","og_type":"article","og_title":"As melhores formas de integrar o cabelo branco ao visual sem ficar escrava do sal\u00e3o - Estado de Minas - Em foco","og_description":"Aprenda como misturar os fios brancos ao seu tom natural para um visual rejuvenescido e de baixa manuten\u00e7\u00e3o","og_url":"https:\/\/www.em.com.br\/emfoco\/2026\/03\/10\/as-melhores-formas-de-integrar-o-cabelo-branco-ao-visual-sem-ficar-escrava-do-salao\/","og_site_name":"Estado de Minas - Em foco","article_published_time":"2026-03-10T19:35:18+00:00","article_modified_time":"2026-03-09T21:14:42+00:00","og_image":[{"width":1280,"height":720,"url":"https:\/\/www.em.com.br\/emfoco\/wp-content\/uploads\/2026\/03\/Gemini_Generated_Image_1hn99j1hn99j1hn9-1.png","type":"image\/png"}],"author":"Daniely Cardoso","twitter_card":"summary_large_image","twitter_misc":{"Escrito por":"Daniely Cardoso","Est. tempo de leitura":"4 minutos"},"schema":{"@context":"https:\/\/schema.org","@graph":[{"@type":"WebPage","@id":"https:\/\/www.em.com.br\/emfoco\/2026\/03\/10\/as-melhores-formas-de-integrar-o-cabelo-branco-ao-visual-sem-ficar-escrava-do-salao\/","url":"https:\/\/www.em.com.br\/emfoco\/2026\/03\/10\/as-melhores-formas-de-integrar-o-cabelo-branco-ao-visual-sem-ficar-escrava-do-salao\/","name":"As melhores formas de integrar o cabelo branco ao visual sem ficar escrava do sal\u00e3o - Estado de Minas - Em foco","isPartOf":{"@id":"https:\/\/www.em.com.br\/emfoco\/#website"},"primaryImageOfPage":{"@id":"https:\/\/www.em.com.br\/emfoco\/2026\/03\/10\/as-melhores-formas-de-integrar-o-cabelo-branco-ao-visual-sem-ficar-escrava-do-salao\/#primaryimage"},"image":{"@id":"https:\/\/www.em.com.br\/emfoco\/2026\/03\/10\/as-melhores-formas-de-integrar-o-cabelo-branco-ao-visual-sem-ficar-escrava-do-salao\/#primaryimage"},"thumbnailUrl":"https:\/\/www.em.com.br\/emfoco\/wp-content\/uploads\/2026\/03\/Gemini_Generated_Image_1hn99j1hn99j1hn9-1.png","datePublished":"2026-03-10T19:35:18+00:00","dateModified":"2026-03-09T21:14:42+00:00","author":{"@id":"https:\/\/www.em.com.br\/emfoco\/#\/schema\/person\/0a8186d72f2c3a5c6276d90b41f271a0"},"description":"Aprenda como misturar os fios brancos ao seu tom natural para um visual rejuvenescido e de baixa manuten\u00e7\u00e3o","breadcrumb":{"@id":"https:\/\/www.em.com.br\/emfoco\/2026\/03\/10\/as-melhores-formas-de-integrar-o-cabelo-branco-ao-visual-sem-ficar-escrava-do-salao\/#breadcrumb"},"inLanguage":"pt-BR","potentialAction":[{"@type":"ReadAction","target":["https:\/\/www.em.com.br\/emfoco\/2026\/03\/10\/as-melhores-formas-de-integrar-o-cabelo-branco-ao-visual-sem-ficar-escrava-do-salao\/"]}]},{"@type":"ImageObject","inLanguage":"pt-BR","@id":"https:\/\/www.em.com.br\/emfoco\/2026\/03\/10\/as-melhores-formas-de-integrar-o-cabelo-branco-ao-visual-sem-ficar-escrava-do-salao\/#primaryimage","url":"https:\/\/www.em.com.br\/emfoco\/wp-content\/uploads\/2026\/03\/Gemini_Generated_Image_1hn99j1hn99j1hn9-1.png","contentUrl":"https:\/\/www.em.com.br\/emfoco\/wp-content\/uploads\/2026\/03\/Gemini_Generated_Image_1hn99j1hn99j1hn9-1.png","width":1280,"height":720,"caption":"Geralmente o profissional combina colora\u00e7\u00e3o permanente, tonalizante e, \u00e0s vezes, luzes bem finas para evitar blocos"},{"@type":"BreadcrumbList","@id":"https:\/\/www.em.com.br\/emfoco\/2026\/03\/10\/as-melhores-formas-de-integrar-o-cabelo-branco-ao-visual-sem-ficar-escrava-do-salao\/#breadcrumb","itemListElement":[{"@type":"ListItem","position":1,"name":"In\u00edcio","item":"https:\/\/www.em.com.br\/emfoco\/"},{"@type":"ListItem","position":2,"name":"As melhores formas de integrar o cabelo branco ao visual sem ficar escrava do sal\u00e3o"}]},{"@type":"WebSite","@id":"https:\/\/www.em.com.br\/emfoco\/#website","url":"https:\/\/www.em.com.br\/emfoco\/","name":"Estado de Minas - Em foco","description":"Acompanhe as \u00faltimas not\u00edcias e fique bem informado sobre tudo o que acontece em Minas Gerais, Brasil e no mundo.","potentialAction":[{"@type":"SearchAction","target":{"@type":"EntryPoint","urlTemplate":"https:\/\/www.em.com.br\/emfoco\/?s={search_term_string}"},"query-input":{"@type":"PropertyValueSpecification","valueRequired":true,"valueName":"search_term_string"}}],"inLanguage":"pt-BR"},{"@type":"Person","@id":"https:\/\/www.em.com.br\/emfoco\/#\/schema\/person\/0a8186d72f2c3a5c6276d90b41f271a0","name":"Daniely Cardoso","image":{"@type":"ImageObject","inLanguage":"pt-BR","@id":"https:\/\/www.em.com.br\/emfoco\/#\/schema\/person\/image\/","url":"https:\/\/secure.gravatar.com\/avatar\/4b80ddbd124d1f071b626d52d62e5dff?s=96&d=mm&r=g","contentUrl":"https:\/\/secure.gravatar.com\/avatar\/4b80ddbd124d1f071b626d52d62e5dff?s=96&d=mm&r=g","caption":"Daniely Cardoso"},"url":"https:\/\/www.em.com.br\/emfoco\/author\/danielymyth\/"}]}},"_links":{"self":[{"href":"https:\/\/www.em.com.br\/emfoco\/wp-json\/wp\/v2\/posts\/179547","targetHints":{"allow":["GET"]}}],"collection":[{"href":"https:\/\/www.em.com.br\/emfoco\/wp-json\/wp\/v2\/posts"}],"about":[{"href":"https:\/\/www.em.com.br\/emfoco\/wp-json\/wp\/v2\/types\/post"}],"author":[{"embeddable":true,"href":"https:\/\/www.em.com.br\/emfoco\/wp-json\/wp\/v2\/users\/9"}],"replies":[{"embeddable":true,"href":"https:\/\/www.em.com.br\/emfoco\/wp-json\/wp\/v2\/comments?post=179547"}],"version-history":[{"count":2,"href":"https:\/\/www.em.com.br\/emfoco\/wp-json\/wp\/v2\/posts\/179547\/revisions"}],"predecessor-version":[{"id":179557,"href":"https:\/\/www.em.com.br\/emfoco\/wp-json\/wp\/v2\/posts\/179547\/revisions\/179557"}],"wp:featuredmedia":[{"embeddable":true,"href":"https:\/\/www.em.com.br\/emfoco\/wp-json\/wp\/v2\/media\/179556"}],"wp:attachment":[{"href":"https:\/\/www.em.com.br\/emfoco\/wp-json\/wp\/v2\/media?parent=179547"}],"wp:term":[{"taxonomy":"category","embeddable":true,"href":"https:\/\/www.em.com.br\/emfoco\/wp-json\/wp\/v2\/categories?post=179547"},{"taxonomy":"post_tag","embeddable":true,"href":"https:\/\/www.em.com.br\/emfoco\/wp-json\/wp\/v2\/tags?post=179547"}],"curies":[{"name":"wp","href":"https:\/\/api.w.org\/{rel}","templated":true}]}}