{"id":179545,"date":"2026-03-10T15:25:02","date_gmt":"2026-03-10T18:25:02","guid":{"rendered":"https:\/\/www.em.com.br\/emfoco\/?p=179545"},"modified":"2026-03-09T18:02:34","modified_gmt":"2026-03-09T21:02:34","slug":"a-tecnica-da-esfoliacao-suave-que-devolve-o-vico-de-porcelana-para-peles-com-mais-de-50-anos","status":"publish","type":"post","link":"https:\/\/www.em.com.br\/emfoco\/2026\/03\/10\/a-tecnica-da-esfoliacao-suave-que-devolve-o-vico-de-porcelana-para-peles-com-mais-de-50-anos\/","title":{"rendered":"A t\u00e9cnica da esfolia\u00e7\u00e3o suave que devolve o vi\u00e7o de porcelana para peles com mais de 50 anos"},"content":{"rendered":"\n<p>Voc\u00ea j\u00e1 se olhou no espelho, sentiu a pele mais opaca e pensou que \u201cnada faz mais efeito\u201d? Com o passar do tempo, \u00e9 normal a pele ficar mais seca, com textura irregular e perder um pouco do vi\u00e7o. A esfolia\u00e7\u00e3o, quando bem feita, pode ser uma aliada delicada para devolver suavidade, conforto e brilho natural \u00e0 <strong>pele madura<\/strong>, sem agredir nem ressecar em excesso.<\/p>\n\n\n\n<h2 class=\"wp-block-heading\">O que \u00e9 esfolia\u00e7\u00e3o na pele madura e por que ela merece cuidado especial<\/h2>\n\n\n\n<p>A esfolia\u00e7\u00e3o na <strong>pele madura<\/strong> \u00e9 a remo\u00e7\u00e3o suave das c\u00e9lulas mortas que ficam acumuladas na superf\u00edcie, ajudando a deixar a pele mais lisa e luminosa. Isso pode ser feito de forma <strong>mec\u00e2nica<\/strong>, com gr\u00e2nulos delicados, ou de forma <strong>qu\u00edmica<\/strong>, com \u00e1cidos leves que \u201cdissolvem\u201d essas c\u00e9lulas sem precisar de muito atrito.<\/p>\n\n\n\n<p>Com a idade, a pele fica mais fina, sens\u00edvel e perde parte de sua prote\u00e7\u00e3o natural, o que a torna menos resistente a est\u00edmulos intensos. Por isso, o que funciona para uma pele jovem pode ser agressivo para uma pele j\u00e1 marcada por linhas finas, <strong>manchas sutis<\/strong> e ressecamento, exigindo uma abordagem mais gentil e observadora.<\/p>\n\n\n\n<figure class=\"wp-block-embed is-type-rich is-provider-pinterest wp-block-embed-pinterest\"><div class=\"wp-block-embed__wrapper\">\n<iframe loading=\"lazy\" title=\"esfolia\u00e7\u00e3o da pele \u00e9 uma pr\u00e1tica importante para remover as c\u00e9lulas mortas da superf\u00edcie da pele e melhorar a sa\u00fade, a textura e a apar\u00eancia da pele. Mas com tantos tipos de esfoliantes dispon\u00edveis, como escolher o certo para o seu tipo de pele? Neste artigo, vamos examinar as principais indica\u00e7\u00f5es de esfoliantes, incluindo esfoliantes para pele seca, oleosa, sens\u00edvel e madura, para ajud\u00e1-lo a escolher o melhor produto para a sua pele. Descubra como uma rotina de esfolia\u00e7\u00e3o pode ajudar a deixar\" src=\"https:\/\/assets.pinterest.com\/ext\/embed.html?id=1080230660599928828&#038;src=oembed\" height=\"899\" width=\"450\" frameborder=\"0\" scrolling=\"no\" ><\/iframe>\n<\/div><\/figure>\n\n\n\n<p>Leia tamb\u00e9m:&nbsp;<a href=\"https:\/\/www.em.com.br\/emfoco\/2026\/03\/09\/unhas-descamando-e-quebrando-conheca-a-receita-natural-que-ganhou-espaco-no-autocuidado-e-esta-salvando-unhas-fracas\/\" target=\"_blank\" rel=\"noopener\">Unhas descamando e quebrando? Conhe\u00e7a a receita natural que ganhou espa\u00e7o no autocuidado e est\u00e1 salvando unhas fracas<\/a><\/p>\n\n\n\n<h2 class=\"wp-block-heading\">Qual \u00e9 a frequ\u00eancia ideal de esfolia\u00e7\u00e3o na pele madura<\/h2>\n\n\n\n<p>N\u00e3o existe uma \u00fanica regra que sirva para todas, mas em geral a esfolia\u00e7\u00e3o em <strong>peles maduras<\/strong> funciona bem quando feita entre uma e duas vezes por semana. Em peles muito sens\u00edveis, ressecadas ou com hist\u00f3rico de irrita\u00e7\u00e3o, um intervalo maior, como a cada 10 ou 15 dias, costuma ser mais confort\u00e1vel e seguro.<\/p>\n\n\n\n<p>Para definir a frequ\u00eancia, vale observar o tipo de pele, o clima em que voc\u00ea vive e outros produtos que j\u00e1 usa, como \u00e1cidos ou retin\u00f3ides. Sinais como ard\u00eancia forte, vermelhid\u00e3o intensa ou sensa\u00e7\u00e3o de <strong>repuxamento constante<\/strong> indicam que \u00e9 hora de espa\u00e7ar mais as esfolia\u00e7\u00f5es, trocar o produto ou buscar orienta\u00e7\u00e3o profissional.<\/p>\n\n\n\n<p>Para voc\u00ea que gosta de se cuidar, separamos um v\u00eddeo do canal da <a href=\"https:\/\/www.youtube.com\/@DraMarinaHayashida\" target=\"_blank\" rel=\"noreferrer noopener\">Dra. Marina Hayashida<\/a> com dicas para esfoliar sua pele de forma correta:<\/p>\n\n\n\n<figure class=\"wp-block-embed is-type-video is-provider-youtube wp-block-embed-youtube wp-embed-aspect-16-9 wp-has-aspect-ratio\"><div class=\"wp-block-embed__wrapper\">\n<div class=\"jeg_video_container jeg_video_content\"><iframe loading=\"lazy\" title=\"ESFOLIANTE FACIAL | Como e quando utilizar no SKIN CARE\" width=\"500\" height=\"281\" src=\"https:\/\/www.youtube.com\/embed\/BrSOIjRpzak?start=1&#038;feature=oembed\" frameborder=\"0\" allow=\"accelerometer; autoplay; clipboard-write; encrypted-media; gyroscope; picture-in-picture; web-share\" referrerpolicy=\"strict-origin-when-cross-origin\" allowfullscreen><\/iframe><\/div>\n<\/div><\/figure>\n\n\n\n<h2 class=\"wp-block-heading\">Quais s\u00e3o os principais benef\u00edcios da esfolia\u00e7\u00e3o na pele madura<\/h2>\n\n\n\n<p>Quando feita na medida certa, a esfolia\u00e7\u00e3o ajuda a deixar a <strong>superf\u00edcie da pele<\/strong> mais macia, com menos aspereza e um brilho mais natural. Ao remover o excesso de c\u00e9lulas mortas, ela tamb\u00e9m contribui para desobstruir poros, evitando o ac\u00famulo de oleosidade e cravinhos em \u00e1reas como nariz, queixo e testa.<\/p>\n\n\n\n<p>Outro ponto muito positivo \u00e9 que, com a pele mais \u201cdestravada\u201d, os cremes e s\u00e9runs penetram melhor e agem de forma mais eficiente. Assim, ativos hidratantes, antioxidantes e de clareamento conseguem trabalhar com mais for\u00e7a, ajudando na <strong>uniformiza\u00e7\u00e3o do tom<\/strong>, na melhora da textura e na sensa\u00e7\u00e3o de pele bem cuidada ao longo do tempo.<\/p>\n\n\n\n<figure class=\"wp-block-embed is-type-rich is-provider-pinterest wp-block-embed-pinterest\"><div class=\"wp-block-embed__wrapper\">\n<iframe loading=\"lazy\" title=\"Skincare Aos 40+: Dicas Essenciais para uma Pele Jovem e Saud\u00e1vel\" src=\"https:\/\/assets.pinterest.com\/ext\/embed.html?id=55450639162543734&#038;src=oembed\" height=\"899\" width=\"450\" frameborder=\"0\" scrolling=\"no\" ><\/iframe>\n<\/div><\/figure>\n\n\n\n<h2 class=\"wp-block-heading\">Como esfoliar a pele madura de forma segura no dia a dia<\/h2>\n\n\n\n<p>Para que a esfolia\u00e7\u00e3o seja uma amiga da sua rotina, \u00e9 importante escolher produtos suaves, espec\u00edficos para <strong>peles sens\u00edveis<\/strong> ou maduras, com gr\u00e2nulos pequenos e textura mais cremosa. Na aplica\u00e7\u00e3o, use movimentos leves, sem apertar demais os dedos no rosto, evitando sempre a \u00e1rea dos olhos, que \u00e9 ainda mais fina e delicada.<\/p>\n\n\n\n<p>Depois de enxaguar com \u00e1gua em temperatura agrad\u00e1vel, aplique um bom hidratante ou s\u00e9rum reparador para refor\u00e7ar a barreira de prote\u00e7\u00e3o. Para facilitar seu dia a dia, veja alguns cuidados pr\u00e1ticos que ajudam a manter a <strong>pele confort\u00e1vel<\/strong> e protegida ap\u00f3s a esfolia\u00e7\u00e3o:<\/p>\n\n\n\n<ul class=\"wp-block-list\">\n<li><strong>Esfolie \u00e0 noite<\/strong> sempre que poss\u00edvel, reduzindo a exposi\u00e7\u00e3o imediata ao sol.<\/li>\n\n\n\n<li><strong>Use protetor solar<\/strong> todos os dias, pois a pele pode ficar mais sens\u00edvel \u00e0 radia\u00e7\u00e3o.<\/li>\n\n\n\n<li><strong>Evite combinar<\/strong> no mesmo dia esfolia\u00e7\u00e3o e \u00e1cidos muito fortes, sem orienta\u00e7\u00e3o profissional.<\/li>\n\n\n\n<li><strong>Respeite os sinais<\/strong> da pele: se arder demais ou descamar, aumente o intervalo entre as esfolia\u00e7\u00f5es.<\/li>\n<\/ul>\n\n\n\n<p>Com esses cuidados, a esfolia\u00e7\u00e3o se torna um passo estrat\u00e9gico para manter a pele mais lisa, o tom mais homog\u00eaneo e os tratamentos di\u00e1rios mais eficazes, garantindo conforto e respeito ao ritmo natural da <strong>pele madura<\/strong> ao longo dos anos.<\/p>\n","protected":false},"excerpt":{"rendered":"<p>Voc\u00ea j\u00e1 se olhou no espelho, sentiu a pele mais opaca e pensou que \u201cnada faz mais efeito\u201d? Com o passar do tempo, \u00e9 normal a pele ficar mais seca, com textura irregular e perder um pouco do vi\u00e7o. A esfolia\u00e7\u00e3o, quando bem feita, pode ser uma aliada delicada para devolver suavidade, conforto e brilho [&hellip;]<\/p>\n","protected":false},"author":9,"featured_media":179551,"comment_status":"open","ping_status":"open","sticky":false,"template":"","format":"standard","meta":{"jnews-multi-image_gallery":[],"jnews_single_post":{"format":"standard"},"jnews_primary_category":[],"jnews_social_meta":[],"jnews_override_counter":[],"footnotes":""},"categories":[8819,1],"tags":[22121,5048,7073],"class_list":["post-179545","post","type-post","status-publish","format-standard","has-post-thumbnail","hentry","category-curiosidades","category-noticias","tag-auto-cuidado","tag-esfoliacao","tag-pele-madura"],"yoast_head":"<!-- This site is optimized with the Yoast SEO plugin v23.8 - https:\/\/yoast.com\/wordpress\/plugins\/seo\/ -->\n<title>A t\u00e9cnica da esfolia\u00e7\u00e3o suave que devolve o vi\u00e7o de porcelana para peles com mais de 50 anos - Estado de Minas - Em foco<\/title>\n<meta name=\"description\" content=\"Descubra como esfoliar a pele madura com seguran\u00e7a para recuperar o brilho natural e suavizar a textura\" \/>\n<meta name=\"robots\" content=\"index, follow, max-snippet:-1, max-image-preview:large, max-video-preview:-1\" \/>\n<link rel=\"canonical\" href=\"https:\/\/www.em.com.br\/emfoco\/2026\/03\/10\/a-tecnica-da-esfoliacao-suave-que-devolve-o-vico-de-porcelana-para-peles-com-mais-de-50-anos\/\" \/>\n<meta property=\"og:locale\" content=\"pt_BR\" \/>\n<meta property=\"og:type\" content=\"article\" \/>\n<meta property=\"og:title\" content=\"A t\u00e9cnica da esfolia\u00e7\u00e3o suave que devolve o vi\u00e7o de porcelana para peles com mais de 50 anos - Estado de Minas - Em foco\" \/>\n<meta property=\"og:description\" content=\"Descubra como esfoliar a pele madura com seguran\u00e7a para recuperar o brilho natural e suavizar a textura\" \/>\n<meta property=\"og:url\" content=\"https:\/\/www.em.com.br\/emfoco\/2026\/03\/10\/a-tecnica-da-esfoliacao-suave-que-devolve-o-vico-de-porcelana-para-peles-com-mais-de-50-anos\/\" \/>\n<meta property=\"og:site_name\" content=\"Estado de Minas - Em foco\" \/>\n<meta property=\"article:published_time\" content=\"2026-03-10T18:25:02+00:00\" \/>\n<meta property=\"article:modified_time\" content=\"2026-03-09T21:02:34+00:00\" \/>\n<meta property=\"og:image\" content=\"https:\/\/www.em.com.br\/emfoco\/wp-content\/uploads\/2026\/03\/Gemini_Generated_Image_mros05mros05mros-1.png\" \/>\n\t<meta property=\"og:image:width\" content=\"1280\" \/>\n\t<meta property=\"og:image:height\" content=\"720\" \/>\n\t<meta property=\"og:image:type\" content=\"image\/png\" \/>\n<meta name=\"author\" content=\"Daniely Cardoso\" \/>\n<meta name=\"twitter:card\" content=\"summary_large_image\" \/>\n<meta name=\"twitter:label1\" content=\"Escrito por\" \/>\n\t<meta name=\"twitter:data1\" content=\"Daniely Cardoso\" \/>\n\t<meta name=\"twitter:label2\" content=\"Est. tempo de leitura\" \/>\n\t<meta name=\"twitter:data2\" content=\"4 minutos\" \/>\n<!-- \/ Yoast SEO plugin. -->","yoast_head_json":{"title":"A t\u00e9cnica da esfolia\u00e7\u00e3o suave que devolve o vi\u00e7o de porcelana para peles com mais de 50 anos - Estado de Minas - Em foco","description":"Descubra como esfoliar a pele madura com seguran\u00e7a para recuperar o brilho natural e suavizar a textura","robots":{"index":"index","follow":"follow","max-snippet":"max-snippet:-1","max-image-preview":"max-image-preview:large","max-video-preview":"max-video-preview:-1"},"canonical":"https:\/\/www.em.com.br\/emfoco\/2026\/03\/10\/a-tecnica-da-esfoliacao-suave-que-devolve-o-vico-de-porcelana-para-peles-com-mais-de-50-anos\/","og_locale":"pt_BR","og_type":"article","og_title":"A t\u00e9cnica da esfolia\u00e7\u00e3o suave que devolve o vi\u00e7o de porcelana para peles com mais de 50 anos - Estado de Minas - Em foco","og_description":"Descubra como esfoliar a pele madura com seguran\u00e7a para recuperar o brilho natural e suavizar a textura","og_url":"https:\/\/www.em.com.br\/emfoco\/2026\/03\/10\/a-tecnica-da-esfoliacao-suave-que-devolve-o-vico-de-porcelana-para-peles-com-mais-de-50-anos\/","og_site_name":"Estado de Minas - Em foco","article_published_time":"2026-03-10T18:25:02+00:00","article_modified_time":"2026-03-09T21:02:34+00:00","og_image":[{"width":1280,"height":720,"url":"https:\/\/www.em.com.br\/emfoco\/wp-content\/uploads\/2026\/03\/Gemini_Generated_Image_mros05mros05mros-1.png","type":"image\/png"}],"author":"Daniely Cardoso","twitter_card":"summary_large_image","twitter_misc":{"Escrito por":"Daniely Cardoso","Est. tempo de leitura":"4 minutos"},"schema":{"@context":"https:\/\/schema.org","@graph":[{"@type":"WebPage","@id":"https:\/\/www.em.com.br\/emfoco\/2026\/03\/10\/a-tecnica-da-esfoliacao-suave-que-devolve-o-vico-de-porcelana-para-peles-com-mais-de-50-anos\/","url":"https:\/\/www.em.com.br\/emfoco\/2026\/03\/10\/a-tecnica-da-esfoliacao-suave-que-devolve-o-vico-de-porcelana-para-peles-com-mais-de-50-anos\/","name":"A t\u00e9cnica da esfolia\u00e7\u00e3o suave que devolve o vi\u00e7o de porcelana para peles com mais de 50 anos - Estado de Minas - Em foco","isPartOf":{"@id":"https:\/\/www.em.com.br\/emfoco\/#website"},"primaryImageOfPage":{"@id":"https:\/\/www.em.com.br\/emfoco\/2026\/03\/10\/a-tecnica-da-esfoliacao-suave-que-devolve-o-vico-de-porcelana-para-peles-com-mais-de-50-anos\/#primaryimage"},"image":{"@id":"https:\/\/www.em.com.br\/emfoco\/2026\/03\/10\/a-tecnica-da-esfoliacao-suave-que-devolve-o-vico-de-porcelana-para-peles-com-mais-de-50-anos\/#primaryimage"},"thumbnailUrl":"https:\/\/www.em.com.br\/emfoco\/wp-content\/uploads\/2026\/03\/Gemini_Generated_Image_mros05mros05mros-1.png","datePublished":"2026-03-10T18:25:02+00:00","dateModified":"2026-03-09T21:02:34+00:00","author":{"@id":"https:\/\/www.em.com.br\/emfoco\/#\/schema\/person\/0a8186d72f2c3a5c6276d90b41f271a0"},"description":"Descubra como esfoliar a pele madura com seguran\u00e7a para recuperar o brilho natural e suavizar a textura","breadcrumb":{"@id":"https:\/\/www.em.com.br\/emfoco\/2026\/03\/10\/a-tecnica-da-esfoliacao-suave-que-devolve-o-vico-de-porcelana-para-peles-com-mais-de-50-anos\/#breadcrumb"},"inLanguage":"pt-BR","potentialAction":[{"@type":"ReadAction","target":["https:\/\/www.em.com.br\/emfoco\/2026\/03\/10\/a-tecnica-da-esfoliacao-suave-que-devolve-o-vico-de-porcelana-para-peles-com-mais-de-50-anos\/"]}]},{"@type":"ImageObject","inLanguage":"pt-BR","@id":"https:\/\/www.em.com.br\/emfoco\/2026\/03\/10\/a-tecnica-da-esfoliacao-suave-que-devolve-o-vico-de-porcelana-para-peles-com-mais-de-50-anos\/#primaryimage","url":"https:\/\/www.em.com.br\/emfoco\/wp-content\/uploads\/2026\/03\/Gemini_Generated_Image_mros05mros05mros-1.png","contentUrl":"https:\/\/www.em.com.br\/emfoco\/wp-content\/uploads\/2026\/03\/Gemini_Generated_Image_mros05mros05mros-1.png","width":1280,"height":720,"caption":"Outro ponto importante \u00e9 que a esfolia\u00e7\u00e3o facilita a entrada de hidratantes e s\u00e9runs"},{"@type":"BreadcrumbList","@id":"https:\/\/www.em.com.br\/emfoco\/2026\/03\/10\/a-tecnica-da-esfoliacao-suave-que-devolve-o-vico-de-porcelana-para-peles-com-mais-de-50-anos\/#breadcrumb","itemListElement":[{"@type":"ListItem","position":1,"name":"In\u00edcio","item":"https:\/\/www.em.com.br\/emfoco\/"},{"@type":"ListItem","position":2,"name":"A t\u00e9cnica da esfolia\u00e7\u00e3o suave que devolve o vi\u00e7o de porcelana para peles com mais de 50 anos"}]},{"@type":"WebSite","@id":"https:\/\/www.em.com.br\/emfoco\/#website","url":"https:\/\/www.em.com.br\/emfoco\/","name":"Estado de Minas - Em foco","description":"Acompanhe as \u00faltimas not\u00edcias e fique bem informado sobre tudo o que acontece em Minas Gerais, Brasil e no mundo.","potentialAction":[{"@type":"SearchAction","target":{"@type":"EntryPoint","urlTemplate":"https:\/\/www.em.com.br\/emfoco\/?s={search_term_string}"},"query-input":{"@type":"PropertyValueSpecification","valueRequired":true,"valueName":"search_term_string"}}],"inLanguage":"pt-BR"},{"@type":"Person","@id":"https:\/\/www.em.com.br\/emfoco\/#\/schema\/person\/0a8186d72f2c3a5c6276d90b41f271a0","name":"Daniely Cardoso","image":{"@type":"ImageObject","inLanguage":"pt-BR","@id":"https:\/\/www.em.com.br\/emfoco\/#\/schema\/person\/image\/","url":"https:\/\/secure.gravatar.com\/avatar\/4b80ddbd124d1f071b626d52d62e5dff?s=96&d=mm&r=g","contentUrl":"https:\/\/secure.gravatar.com\/avatar\/4b80ddbd124d1f071b626d52d62e5dff?s=96&d=mm&r=g","caption":"Daniely Cardoso"},"url":"https:\/\/www.em.com.br\/emfoco\/author\/danielymyth\/"}]}},"_links":{"self":[{"href":"https:\/\/www.em.com.br\/emfoco\/wp-json\/wp\/v2\/posts\/179545","targetHints":{"allow":["GET"]}}],"collection":[{"href":"https:\/\/www.em.com.br\/emfoco\/wp-json\/wp\/v2\/posts"}],"about":[{"href":"https:\/\/www.em.com.br\/emfoco\/wp-json\/wp\/v2\/types\/post"}],"author":[{"embeddable":true,"href":"https:\/\/www.em.com.br\/emfoco\/wp-json\/wp\/v2\/users\/9"}],"replies":[{"embeddable":true,"href":"https:\/\/www.em.com.br\/emfoco\/wp-json\/wp\/v2\/comments?post=179545"}],"version-history":[{"count":2,"href":"https:\/\/www.em.com.br\/emfoco\/wp-json\/wp\/v2\/posts\/179545\/revisions"}],"predecessor-version":[{"id":179552,"href":"https:\/\/www.em.com.br\/emfoco\/wp-json\/wp\/v2\/posts\/179545\/revisions\/179552"}],"wp:featuredmedia":[{"embeddable":true,"href":"https:\/\/www.em.com.br\/emfoco\/wp-json\/wp\/v2\/media\/179551"}],"wp:attachment":[{"href":"https:\/\/www.em.com.br\/emfoco\/wp-json\/wp\/v2\/media?parent=179545"}],"wp:term":[{"taxonomy":"category","embeddable":true,"href":"https:\/\/www.em.com.br\/emfoco\/wp-json\/wp\/v2\/categories?post=179545"},{"taxonomy":"post_tag","embeddable":true,"href":"https:\/\/www.em.com.br\/emfoco\/wp-json\/wp\/v2\/tags?post=179545"}],"curies":[{"name":"wp","href":"https:\/\/api.w.org\/{rel}","templated":true}]}}