{"id":179490,"date":"2026-03-10T13:25:14","date_gmt":"2026-03-10T16:25:14","guid":{"rendered":"https:\/\/www.em.com.br\/emfoco\/?p=179490"},"modified":"2026-03-09T17:32:05","modified_gmt":"2026-03-09T20:32:05","slug":"a-trepadeira-de-crescimento-rapido-que-transforma-muros-sem-graca-em-uma-cortina-de-flores-e-frutos","status":"publish","type":"post","link":"https:\/\/www.em.com.br\/emfoco\/2026\/03\/10\/a-trepadeira-de-crescimento-rapido-que-transforma-muros-sem-graca-em-uma-cortina-de-flores-e-frutos\/","title":{"rendered":"A trepadeira de crescimento r\u00e1pido que transforma muros sem gra\u00e7a em uma cortina de flores e frutos"},"content":{"rendered":"\n<p>Imagine transformar um muro sem gra\u00e7a em um t\u00fanel cheio de flores perfumadas e frutos suculentos. \u00c9 exatamente isso que o <strong>maracuj\u00e1<\/strong> oferece: uma trepadeira que une beleza e colheita no mesmo espa\u00e7o, perfeita para jardins, varandas e pequenos quintais. Origin\u00e1ria das regi\u00f5es tropicais das Am\u00e9ricas, a esp\u00e9cie <strong>Passiflora edulis<\/strong> ganhou popularidade por cobrir estruturas rapidamente.<\/p>\n\n\n\n<h2 class=\"wp-block-heading\">Maracuj\u00e1 \u00e9 uma trepadeira especial para jardim e horta<\/h2>\n\n\n\n<p>O <strong>maracuj\u00e1<\/strong> \u00e9 uma <strong>trepadeira n\u00e3o parasita<\/strong>, ou seja, se apoia em estruturas com suas gavinhas sem roubar nutrientes de outras plantas. Em pouco tempo, forma uma cortina verde densa, criando um visual aconchegante e um clima de quintal tropical at\u00e9 em espa\u00e7os menores.<\/p>\n\n\n\n<p>As flores do <strong>maracuj\u00e1<\/strong> s\u00e3o um espet\u00e1culo \u00e0 parte, com formas delicadas e filamentos coloridos que chamam abelhas e outros polinizadores. Depois delas, surgem os frutos arredondados, com casca firme e polpa bem arom\u00e1tica, de sabor <strong>agridoce marcante<\/strong>, perfeita para receitas simples do dia a dia.<\/p>\n\n\n\n<figure class=\"wp-block-embed is-type-rich is-provider-pinterest wp-block-embed-pinterest\"><div class=\"wp-block-embed__wrapper\">\n<iframe loading=\"lazy\" title=\"Como plantar o maracuj\u00e1\" src=\"https:\/\/assets.pinterest.com\/ext\/embed.html?id=665125438735997702&#038;src=oembed\" height=\"899\" width=\"450\" frameborder=\"0\" scrolling=\"no\" ><\/iframe>\n<\/div><\/figure>\n\n\n\n<p>Leia tamb\u00e9m:&nbsp;<a href=\"https:\/\/www.em.com.br\/emfoco\/2026\/03\/09\/como-plantar-alface-e-temperos-em-casa-utilizando-apenas-agua-sem-necessidade-de-terra\/\" target=\"_blank\" rel=\"noopener\">Como plantar alface e temperos em casa utilizando apenas \u00e1gua, sem necessidade de terra<\/a><\/p>\n\n\n\n<h2 class=\"wp-block-heading\">O que o maracuj\u00e1 precisa para crescer bonito e produzir bem<\/h2>\n\n\n\n<p>Para ter uma planta saud\u00e1vel, o <strong>maracuj\u00e1<\/strong> precisa basicamente de sol, solo bem cuidado e um bom lugar para se apoiar. Ele se adapta a v\u00e1rias regi\u00f5es do Brasil, mas responde melhor quando encontra um ambiente equilibrado, com \u00e1gua na medida certa e prote\u00e7\u00e3o contra ventos muito fortes.<\/p>\n\n\n\n<p>De forma geral, o cultivo dom\u00e9stico da <strong>Passiflora edulis<\/strong> envolve alguns cuidados simples que fazem muita diferen\u00e7a na produ\u00e7\u00e3o e na longevidade da planta. A seguir, veja os principais pontos para garantir um desenvolvimento firme e uma boa colheita ao longo das esta\u00e7\u00f5es.<\/p>\n\n\n\n<ol class=\"wp-block-list\">\n<li><strong>Preparar o solo<\/strong>: incorporar mat\u00e9ria org\u00e2nica bem curtida, como composto ou esterco, melhorando a fertilidade e a estrutura do terreno.<\/li>\n\n\n\n<li><strong>Garantir boa drenagem<\/strong>: evitar \u00e1reas onde a \u00e1gua se acumule ap\u00f3s chuvas, pois o encharcamento favorece doen\u00e7as de raiz.<\/li>\n\n\n\n<li><strong>Oferecer suporte<\/strong>: instalar cercas, fios, p\u00e9rgolas ou treli\u00e7as resistentes, j\u00e1 que a planta tende a crescer rapidamente.<\/li>\n\n\n\n<li><strong>Manter regas regulares<\/strong>: conservar o solo levemente \u00famido, sem exageros, ajustando a frequ\u00eancia conforme o clima.<\/li>\n\n\n\n<li><strong>Realizar podas peri\u00f3dicas<\/strong>: cortar ramos secos, doentes ou muito enovelados, favorecendo a entrada de luz e a forma\u00e7\u00e3o de novos brotos.<\/li>\n<\/ol>\n\n\n<div class=\"wp-block-image\">\n<figure class=\"aligncenter size-large\"><img loading=\"lazy\" decoding=\"async\" width=\"1024\" height=\"576\" src=\"https:\/\/www.em.com.br\/emfoco\/wp-content\/uploads\/2025\/10\/maracuja-plantacao-_1761757779133-1024x576.jpg\" alt=\"\" class=\"wp-image-120875\" srcset=\"https:\/\/www.em.com.br\/emfoco\/wp-content\/uploads\/2025\/10\/maracuja-plantacao-_1761757779133-1024x576.jpg 1024w, https:\/\/www.em.com.br\/emfoco\/wp-content\/uploads\/2025\/10\/maracuja-plantacao-_1761757779133-300x169.jpg 300w, https:\/\/www.em.com.br\/emfoco\/wp-content\/uploads\/2025\/10\/maracuja-plantacao-_1761757779133-768x432.jpg 768w, https:\/\/www.em.com.br\/emfoco\/wp-content\/uploads\/2025\/10\/maracuja-plantacao-_1761757779133-750x422.jpg 750w, https:\/\/www.em.com.br\/emfoco\/wp-content\/uploads\/2025\/10\/maracuja-plantacao-_1761757779133-1140x641.jpg 1140w, https:\/\/www.em.com.br\/emfoco\/wp-content\/uploads\/2025\/10\/maracuja-plantacao-_1761757779133.jpg 1280w\" sizes=\"auto, (max-width: 1024px) 100vw, 1024px\" \/><figcaption class=\"wp-element-caption\">A prepara\u00e7\u00e3o do solo deve ocorrer em \u00e1rea f\u00e9rtil e bem drenada &#8211; Cr\u00e9ditos: depositphotos.com \/ jpkirakun<\/figcaption><\/figure><\/div>\n\n\n<h2 class=\"wp-block-heading\">Como cultivar maracuj\u00e1 em casa com praticidade<\/h2>\n\n\n\n<p>Plantar <strong>maracuj\u00e1 em casa<\/strong> \u00e9 mais simples do que parece e pode ser feito a partir de sementes ou mudas j\u00e1 formadas. Em climas mais quentes, o crescimento costuma ser r\u00e1pido, mas em regi\u00f5es frias vale escolher locais protegidos e observar bem a \u00e9poca de plantio para evitar geadas e ventos gelados.<\/p>\n\n\n\n<p>Com os cuidados b\u00e1sicos em dia, a flora\u00e7\u00e3o e a frutifica\u00e7\u00e3o podem come\u00e7ar poucos meses ap\u00f3s o plantio, especialmente em \u00e1reas bem ensolaradas. A fase mais produtiva geralmente acontece nos primeiros anos, e com podas e aduba\u00e7\u00f5es regulares \u00e9 poss\u00edvel prolongar a <strong>colheita caseira<\/strong> por mais tempo.<\/p>\n\n\n\n<p>Para voc\u00ea que gosta de plantar, separamos um v\u00eddeo do canal <a href=\"https:\/\/www.youtube.com\/@off-grid-Plinio\">Planta\u00e7\u00e3o e Sobreviv\u00eancia<\/a> com dicas para planta e cuidar do maracuj\u00e1:<\/p>\n\n\n\n<figure class=\"wp-block-embed is-type-video is-provider-youtube wp-block-embed-youtube wp-embed-aspect-16-9 wp-has-aspect-ratio\"><div class=\"wp-block-embed__wrapper\">\n<div class=\"jeg_video_container jeg_video_content\"><iframe loading=\"lazy\" title=\"Como plantar maracuj\u00e1 - come\u00e7o, meio e fim\" width=\"500\" height=\"281\" src=\"https:\/\/www.youtube.com\/embed\/LT9eIRuv-RU?start=1&#038;feature=oembed\" frameborder=\"0\" allow=\"accelerometer; autoplay; clipboard-write; encrypted-media; gyroscope; picture-in-picture; web-share\" referrerpolicy=\"strict-origin-when-cross-origin\" allowfullscreen><\/iframe><\/div>\n<\/div><\/figure>\n\n\n\n<h2 class=\"wp-block-heading\">Qual \u00e9 o melhor lugar para plantar maracuj\u00e1 no quintal<\/h2>\n\n\n\n<p>A escolha do local interfere diretamente na sa\u00fade da planta e no conforto que ela vai proporcionar no seu dia a dia. Em jardins residenciais, o <strong>maracuj\u00e1<\/strong> costuma ser guiado sobre p\u00e9rgolas, caramanch\u00f5es e varandas, criando sombra fresca para \u00e1reas de descanso ou mesa de refei\u00e7\u00e3o ao ar livre.<\/p>\n\n\n\n<ul class=\"wp-block-list\">\n<li><strong>Paredes voltadas para o norte ou oeste<\/strong>, onde o sol \u00e9 mais intenso e a planta aproveita melhor a luminosidade.<\/li>\n\n\n\n<li><strong>Estruturas de passagem<\/strong>, como corredores externos, formando t\u00faneis sombreados e acolhedores.<\/li>\n\n\n\n<li><strong>Divis\u00f3rias entre terrenos<\/strong>, funcionando como cerca viva produtiva e mais charmosa que um muro comum.<\/li>\n\n\n\n<li><strong>\u00c1reas pr\u00f3ximas \u00e0 cozinha<\/strong>, facilitando o uso dos frutos frescos em receitas do cotidiano.<\/li>\n<\/ul>\n\n\n\n<figure class=\"wp-block-embed is-type-rich is-provider-pinterest wp-block-embed-pinterest\"><div class=\"wp-block-embed__wrapper\">\n<iframe loading=\"lazy\" title=\"CURSO DE HORTA ORG\u00c2NICA | Linktree\" src=\"https:\/\/assets.pinterest.com\/ext\/embed.html?id=84935142969145640&#038;src=oembed\" height=\"894\" width=\"450\" frameborder=\"0\" scrolling=\"no\" ><\/iframe>\n<\/div><\/figure>\n\n\n\n<h2 class=\"wp-block-heading\">Por que o maracuj\u00e1 \u00e9 t\u00e3o vers\u00e1til na cozinha e na sa\u00fade<\/h2>\n\n\n\n<p>Al\u00e9m de embelezar o quintal, o <strong>maracuj\u00e1<\/strong> \u00e9 muito querido na alimenta\u00e7\u00e3o di\u00e1ria pela polpa cheia de sabor e aroma. Em 100 gramas de polpa, h\u00e1 boas quantidades de fibras, vitamina C e minerais como pot\u00e1ssio e magn\u00e9sio, que ajudam a compor uma dieta mais variada e equilibrada.<\/p>\n\n\n\n<p>No dia a dia, o fruto pode virar suco natural, caldas para sobremesas, molhos para pratos salgados e at\u00e9 geleias para acompanhar p\u00e3es e bolos. Muita gente tamb\u00e9m aproveita a casca em receitas funcionais e a polpa para <strong>sobremesas leves<\/strong>, como mousses, tortas geladas e pav\u00eas.<\/p>\n","protected":false},"excerpt":{"rendered":"<p>Imagine transformar um muro sem gra\u00e7a em um t\u00fanel cheio de flores perfumadas e frutos suculentos. \u00c9 exatamente isso que o maracuj\u00e1 oferece: uma trepadeira que une beleza e colheita no mesmo espa\u00e7o, perfeita para jardins, varandas e pequenos quintais. Origin\u00e1ria das regi\u00f5es tropicais das Am\u00e9ricas, a esp\u00e9cie Passiflora edulis ganhou popularidade por cobrir estruturas [&hellip;]<\/p>\n","protected":false},"author":9,"featured_media":179517,"comment_status":"open","ping_status":"open","sticky":false,"template":"","format":"standard","meta":{"jnews-multi-image_gallery":[],"jnews_single_post":{"format":"standard"},"jnews_primary_category":[],"jnews_social_meta":[],"jnews_override_counter":[],"footnotes":""},"categories":[8819,1],"tags":[7701,4783,11239],"class_list":["post-179490","post","type-post","status-publish","format-standard","has-post-thumbnail","hentry","category-curiosidades","category-noticias","tag-como-plantar","tag-maracuja","tag-trepadeira"],"yoast_head":"<!-- This site is optimized with the Yoast SEO plugin v23.8 - https:\/\/yoast.com\/wordpress\/plugins\/seo\/ -->\n<title>A trepadeira de crescimento r\u00e1pido que transforma muros sem gra\u00e7a em uma cortina de flores e frutos - Estado de Minas - Em foco<\/title>\n<meta name=\"description\" content=\"Aprenda como cultivar maracuj\u00e1 em casa para criar sombras naturais e colher frutos frescos no seu quintal\" \/>\n<meta name=\"robots\" content=\"index, follow, max-snippet:-1, max-image-preview:large, max-video-preview:-1\" \/>\n<link rel=\"canonical\" href=\"https:\/\/www.em.com.br\/emfoco\/2026\/03\/10\/a-trepadeira-de-crescimento-rapido-que-transforma-muros-sem-graca-em-uma-cortina-de-flores-e-frutos\/\" \/>\n<meta property=\"og:locale\" content=\"pt_BR\" \/>\n<meta property=\"og:type\" content=\"article\" \/>\n<meta property=\"og:title\" content=\"A trepadeira de crescimento r\u00e1pido que transforma muros sem gra\u00e7a em uma cortina de flores e frutos - Estado de Minas - Em foco\" \/>\n<meta property=\"og:description\" content=\"Aprenda como cultivar maracuj\u00e1 em casa para criar sombras naturais e colher frutos frescos no seu quintal\" \/>\n<meta property=\"og:url\" content=\"https:\/\/www.em.com.br\/emfoco\/2026\/03\/10\/a-trepadeira-de-crescimento-rapido-que-transforma-muros-sem-graca-em-uma-cortina-de-flores-e-frutos\/\" \/>\n<meta property=\"og:site_name\" content=\"Estado de Minas - Em foco\" \/>\n<meta property=\"article:published_time\" content=\"2026-03-10T16:25:14+00:00\" \/>\n<meta property=\"article:modified_time\" content=\"2026-03-09T20:32:05+00:00\" \/>\n<meta property=\"og:image\" content=\"https:\/\/www.em.com.br\/emfoco\/wp-content\/uploads\/2026\/03\/Gemini_Generated_Image_wjcunzwjcunzwjcu-1.png\" \/>\n\t<meta property=\"og:image:width\" content=\"1280\" \/>\n\t<meta property=\"og:image:height\" content=\"720\" \/>\n\t<meta property=\"og:image:type\" content=\"image\/png\" \/>\n<meta name=\"author\" content=\"Daniely Cardoso\" \/>\n<meta name=\"twitter:card\" content=\"summary_large_image\" \/>\n<meta name=\"twitter:label1\" content=\"Escrito por\" \/>\n\t<meta name=\"twitter:data1\" content=\"Daniely Cardoso\" \/>\n\t<meta name=\"twitter:label2\" content=\"Est. tempo de leitura\" \/>\n\t<meta name=\"twitter:data2\" content=\"5 minutos\" \/>\n<!-- \/ Yoast SEO plugin. -->","yoast_head_json":{"title":"A trepadeira de crescimento r\u00e1pido que transforma muros sem gra\u00e7a em uma cortina de flores e frutos - Estado de Minas - Em foco","description":"Aprenda como cultivar maracuj\u00e1 em casa para criar sombras naturais e colher frutos frescos no seu quintal","robots":{"index":"index","follow":"follow","max-snippet":"max-snippet:-1","max-image-preview":"max-image-preview:large","max-video-preview":"max-video-preview:-1"},"canonical":"https:\/\/www.em.com.br\/emfoco\/2026\/03\/10\/a-trepadeira-de-crescimento-rapido-que-transforma-muros-sem-graca-em-uma-cortina-de-flores-e-frutos\/","og_locale":"pt_BR","og_type":"article","og_title":"A trepadeira de crescimento r\u00e1pido que transforma muros sem gra\u00e7a em uma cortina de flores e frutos - Estado de Minas - Em foco","og_description":"Aprenda como cultivar maracuj\u00e1 em casa para criar sombras naturais e colher frutos frescos no seu quintal","og_url":"https:\/\/www.em.com.br\/emfoco\/2026\/03\/10\/a-trepadeira-de-crescimento-rapido-que-transforma-muros-sem-graca-em-uma-cortina-de-flores-e-frutos\/","og_site_name":"Estado de Minas - Em foco","article_published_time":"2026-03-10T16:25:14+00:00","article_modified_time":"2026-03-09T20:32:05+00:00","og_image":[{"width":1280,"height":720,"url":"https:\/\/www.em.com.br\/emfoco\/wp-content\/uploads\/2026\/03\/Gemini_Generated_Image_wjcunzwjcunzwjcu-1.png","type":"image\/png"}],"author":"Daniely Cardoso","twitter_card":"summary_large_image","twitter_misc":{"Escrito por":"Daniely Cardoso","Est. tempo de leitura":"5 minutos"},"schema":{"@context":"https:\/\/schema.org","@graph":[{"@type":"WebPage","@id":"https:\/\/www.em.com.br\/emfoco\/2026\/03\/10\/a-trepadeira-de-crescimento-rapido-que-transforma-muros-sem-graca-em-uma-cortina-de-flores-e-frutos\/","url":"https:\/\/www.em.com.br\/emfoco\/2026\/03\/10\/a-trepadeira-de-crescimento-rapido-que-transforma-muros-sem-graca-em-uma-cortina-de-flores-e-frutos\/","name":"A trepadeira de crescimento r\u00e1pido que transforma muros sem gra\u00e7a em uma cortina de flores e frutos - Estado de Minas - Em foco","isPartOf":{"@id":"https:\/\/www.em.com.br\/emfoco\/#website"},"primaryImageOfPage":{"@id":"https:\/\/www.em.com.br\/emfoco\/2026\/03\/10\/a-trepadeira-de-crescimento-rapido-que-transforma-muros-sem-graca-em-uma-cortina-de-flores-e-frutos\/#primaryimage"},"image":{"@id":"https:\/\/www.em.com.br\/emfoco\/2026\/03\/10\/a-trepadeira-de-crescimento-rapido-que-transforma-muros-sem-graca-em-uma-cortina-de-flores-e-frutos\/#primaryimage"},"thumbnailUrl":"https:\/\/www.em.com.br\/emfoco\/wp-content\/uploads\/2026\/03\/Gemini_Generated_Image_wjcunzwjcunzwjcu-1.png","datePublished":"2026-03-10T16:25:14+00:00","dateModified":"2026-03-09T20:32:05+00:00","author":{"@id":"https:\/\/www.em.com.br\/emfoco\/#\/schema\/person\/0a8186d72f2c3a5c6276d90b41f271a0"},"description":"Aprenda como cultivar maracuj\u00e1 em casa para criar sombras naturais e colher frutos frescos no seu quintal","breadcrumb":{"@id":"https:\/\/www.em.com.br\/emfoco\/2026\/03\/10\/a-trepadeira-de-crescimento-rapido-que-transforma-muros-sem-graca-em-uma-cortina-de-flores-e-frutos\/#breadcrumb"},"inLanguage":"pt-BR","potentialAction":[{"@type":"ReadAction","target":["https:\/\/www.em.com.br\/emfoco\/2026\/03\/10\/a-trepadeira-de-crescimento-rapido-que-transforma-muros-sem-graca-em-uma-cortina-de-flores-e-frutos\/"]}]},{"@type":"ImageObject","inLanguage":"pt-BR","@id":"https:\/\/www.em.com.br\/emfoco\/2026\/03\/10\/a-trepadeira-de-crescimento-rapido-que-transforma-muros-sem-graca-em-uma-cortina-de-flores-e-frutos\/#primaryimage","url":"https:\/\/www.em.com.br\/emfoco\/wp-content\/uploads\/2026\/03\/Gemini_Generated_Image_wjcunzwjcunzwjcu-1.png","contentUrl":"https:\/\/www.em.com.br\/emfoco\/wp-content\/uploads\/2026\/03\/Gemini_Generated_Image_wjcunzwjcunzwjcu-1.png","width":1280,"height":720,"caption":"O maracuj\u00e1 \u00e9 visto como um aliado do relaxamento porque carrega subst\u00e2ncias presentes principalmente nas folhas e na casca"},{"@type":"BreadcrumbList","@id":"https:\/\/www.em.com.br\/emfoco\/2026\/03\/10\/a-trepadeira-de-crescimento-rapido-que-transforma-muros-sem-graca-em-uma-cortina-de-flores-e-frutos\/#breadcrumb","itemListElement":[{"@type":"ListItem","position":1,"name":"In\u00edcio","item":"https:\/\/www.em.com.br\/emfoco\/"},{"@type":"ListItem","position":2,"name":"A trepadeira de crescimento r\u00e1pido que transforma muros sem gra\u00e7a em uma cortina de flores e frutos"}]},{"@type":"WebSite","@id":"https:\/\/www.em.com.br\/emfoco\/#website","url":"https:\/\/www.em.com.br\/emfoco\/","name":"Estado de Minas - Em foco","description":"Acompanhe as \u00faltimas not\u00edcias e fique bem informado sobre tudo o que acontece em Minas Gerais, Brasil e no mundo.","potentialAction":[{"@type":"SearchAction","target":{"@type":"EntryPoint","urlTemplate":"https:\/\/www.em.com.br\/emfoco\/?s={search_term_string}"},"query-input":{"@type":"PropertyValueSpecification","valueRequired":true,"valueName":"search_term_string"}}],"inLanguage":"pt-BR"},{"@type":"Person","@id":"https:\/\/www.em.com.br\/emfoco\/#\/schema\/person\/0a8186d72f2c3a5c6276d90b41f271a0","name":"Daniely Cardoso","image":{"@type":"ImageObject","inLanguage":"pt-BR","@id":"https:\/\/www.em.com.br\/emfoco\/#\/schema\/person\/image\/","url":"https:\/\/secure.gravatar.com\/avatar\/4b80ddbd124d1f071b626d52d62e5dff?s=96&d=mm&r=g","contentUrl":"https:\/\/secure.gravatar.com\/avatar\/4b80ddbd124d1f071b626d52d62e5dff?s=96&d=mm&r=g","caption":"Daniely Cardoso"},"url":"https:\/\/www.em.com.br\/emfoco\/author\/danielymyth\/"}]}},"_links":{"self":[{"href":"https:\/\/www.em.com.br\/emfoco\/wp-json\/wp\/v2\/posts\/179490","targetHints":{"allow":["GET"]}}],"collection":[{"href":"https:\/\/www.em.com.br\/emfoco\/wp-json\/wp\/v2\/posts"}],"about":[{"href":"https:\/\/www.em.com.br\/emfoco\/wp-json\/wp\/v2\/types\/post"}],"author":[{"embeddable":true,"href":"https:\/\/www.em.com.br\/emfoco\/wp-json\/wp\/v2\/users\/9"}],"replies":[{"embeddable":true,"href":"https:\/\/www.em.com.br\/emfoco\/wp-json\/wp\/v2\/comments?post=179490"}],"version-history":[{"count":2,"href":"https:\/\/www.em.com.br\/emfoco\/wp-json\/wp\/v2\/posts\/179490\/revisions"}],"predecessor-version":[{"id":179518,"href":"https:\/\/www.em.com.br\/emfoco\/wp-json\/wp\/v2\/posts\/179490\/revisions\/179518"}],"wp:featuredmedia":[{"embeddable":true,"href":"https:\/\/www.em.com.br\/emfoco\/wp-json\/wp\/v2\/media\/179517"}],"wp:attachment":[{"href":"https:\/\/www.em.com.br\/emfoco\/wp-json\/wp\/v2\/media?parent=179490"}],"wp:term":[{"taxonomy":"category","embeddable":true,"href":"https:\/\/www.em.com.br\/emfoco\/wp-json\/wp\/v2\/categories?post=179490"},{"taxonomy":"post_tag","embeddable":true,"href":"https:\/\/www.em.com.br\/emfoco\/wp-json\/wp\/v2\/tags?post=179490"}],"curies":[{"name":"wp","href":"https:\/\/api.w.org\/{rel}","templated":true}]}}