{"id":179474,"date":"2026-03-10T13:15:32","date_gmt":"2026-03-10T16:15:32","guid":{"rendered":"https:\/\/www.em.com.br\/emfoco\/?p=179474"},"modified":"2026-03-09T17:38:42","modified_gmt":"2026-03-09T20:38:42","slug":"as-cores-de-esmalte-que-valorizam-as-maos-das-mulheres-de-55-anos-e-deixam-o-visual-elegante","status":"publish","type":"post","link":"https:\/\/www.em.com.br\/emfoco\/2026\/03\/10\/as-cores-de-esmalte-que-valorizam-as-maos-das-mulheres-de-55-anos-e-deixam-o-visual-elegante\/","title":{"rendered":"As cores de esmalte que valorizam as m\u00e3os das mulheres de 55 anos e deixam o visual elegante"},"content":{"rendered":"\n<p>Aos 55, 60 anos ou mais, muita gente olha para as m\u00e3os e pensa: \u201cElas j\u00e1 n\u00e3o parecem as mesmas de antes\u201d. A pele fica mais fina, as <strong>manchas aparecem<\/strong>, as linhas se tornam mais vis\u00edveis, e \u00e9 a\u00ed que o esmalte deixa de ser s\u00f3 detalhe e passa a ser um aliado. A cor certa pode deixar as m\u00e3os visivelmente mais suaves, com um ar mais <strong>elegante e cuidado<\/strong>, sem precisar de grandes mudan\u00e7as.<\/p>\n\n\n\n<h2 class=\"wp-block-heading\">Quais s\u00e3o as melhores cores de esmalte para m\u00e3os maduras<\/h2>\n\n\n\n<p>A escolha da <strong>cor de esmalte<\/strong> para m\u00e3os maduras costuma girar em torno de tons que tragam suavidade e uma sensa\u00e7\u00e3o de pele mais uniforme. Nudes rosados s\u00e3o grandes aliados: criam um leve \u201cfiltro\u201d sobre a pele, ajudam a disfar\u00e7ar <strong>manchas suaves<\/strong> e combinam com quase qualquer estilo.<\/p>\n\n\n\n<p>Em peles m\u00e9dias e morenas, tons de <strong>bege quente<\/strong> e caramelo harmonizam muito bem, evitando aquele contraste exagerado. J\u00e1 os vermelhos cl\u00e1ssicos mais fechados, como vinho, bord\u00f4 e vermelho queimado, trazem um ar <strong>sofisticado e discreto<\/strong>, sem chamar tanta aten\u00e7\u00e3o para rugas ou veias aparentes.<\/p>\n\n\n\n<figure class=\"wp-block-embed is-type-rich is-provider-pinterest wp-block-embed-pinterest\"><div class=\"wp-block-embed__wrapper\">\n<iframe loading=\"lazy\" title=\"Em 2026 mude, nem que seja o tom do seu esmalte! Voc\u00ea sabia que atrav\u00e9s da colora\u00e7\u00e3o pessoal \u00e9 poss\u00edvel indicar os melhores tons para cada tipo de pele? \ud83d\udc85Caso voc\u00ea ainda n\u00e3o saiba, esse \u00e9 o momento!Agende o seu teste de colora\u00e7\u00e3o pessoal at\u00e9 o carnaval para garantir os valores de 2025! Depois a tabela ser\u00e1 reajustada! \ud83d\ude4b\ud83c\udffb\u200d\u2640\ufe0fLink do WhatsApp na bio!#coloracaopessoal #colora\u00e7\u00e3opessoal #guardaroupainteligente #consultoriadeimagem #colorimetria\" src=\"https:\/\/assets.pinterest.com\/ext\/embed.html?id=1070871617667790206&#038;src=oembed\" height=\"663\" width=\"450\" frameborder=\"0\" scrolling=\"no\" ><\/iframe>\n<\/div><\/figure>\n\n\n\n<p>Leia tamb\u00e9m:&nbsp;<a href=\"https:\/\/www.em.com.br\/emfoco\/2026\/03\/09\/unhas-descamando-e-quebrando-conheca-a-receita-natural-que-ganhou-espaco-no-autocuidado-e-esta-salvando-unhas-fracas\/\" target=\"_blank\" rel=\"noopener\">Unhas descamando e quebrando? Conhe\u00e7a a receita natural que ganhou espa\u00e7o no autocuidado e est\u00e1 salvando unhas fracas<\/a><\/p>\n\n\n\n<h2 class=\"wp-block-heading\">Quais cores de esmalte valorizam m\u00e3os maduras depois dos 55<\/h2>\n\n\n\n<p>Entre as cores que mais valorizam m\u00e3os maduras, os tons claros aparecem com destaque, porque passam uma sensa\u00e7\u00e3o de m\u00e3o mais leve e descansada. Rosa antigo, ros\u00e9, p\u00eassego suave e nude acinzentado criam um fundo neutro, que n\u00e3o briga com o tom de pele e deixa tudo com ar <strong>delicado e natural<\/strong>.<\/p>\n\n\n\n<p>Os tons m\u00e9dios tamb\u00e9m funcionam muito bem para quem busca equil\u00edbrio: marrom chocolate suave, terracota discreto e malva combinam tanto com peles claras quanto escuras. Para momentos em que se quer um pouco mais de presen\u00e7a, azuis marinho, verdes petr\u00f3leo e cinzas grafite modernizam o visual sem deixar as m\u00e3os com aspecto <strong>pesado ou r\u00edgido<\/strong>.<\/p>\n\n\n\n<figure class=\"wp-block-embed is-type-rich is-provider-pinterest wp-block-embed-pinterest\"><div class=\"wp-block-embed__wrapper\">\n<iframe loading=\"lazy\" title=\"Esmaltes Ver\u00e3o  2026\" src=\"https:\/\/assets.pinterest.com\/ext\/embed.html?id=405183297747247853&#038;src=oembed\" height=\"899\" width=\"450\" frameborder=\"0\" scrolling=\"no\" ><\/iframe>\n<\/div><\/figure>\n\n\n\n<h2 class=\"wp-block-heading\">Quais s\u00e3o as cores de esmalte que mais favorecem o dia a dia<\/h2>\n\n\n\n<p>No dia a dia, cores vers\u00e1teis facilitam a rotina e combinam com trabalho, lazer e eventos simples. Alguns tons acabam se tornando \u201ccoringas\u201d porque sempre deixam as m\u00e3os arrumadas, sem exagero e sem roubar toda a cena do restante do visual, criando um <strong>equil\u00edbrio suave<\/strong> no conjunto.<\/p>\n\n\n\n<p>Para ajudar na escolha, vale ter em mente alguns grupos de cores que costumam funcionar muito bem em m\u00e3os maduras em diferentes contextos, seja para uma reuni\u00e3o, um almo\u00e7o em fam\u00edlia ou um passeio mais <strong>descontra\u00eddo e leve<\/strong>:<\/p>\n\n\n\n<ul class=\"wp-block-list\">\n<li><strong>Nudes rosados<\/strong>: ajudam a uniformizar a apar\u00eancia da pele.<\/li>\n\n\n\n<li><strong>Vermelhos fechados<\/strong>: trazem eleg\u00e2ncia sem excesso de contraste.<\/li>\n\n\n\n<li><strong>Tons malva e rosa antigo<\/strong>: delicados e vers\u00e1teis.<\/li>\n\n\n\n<li><strong>Marrom suave e caramelo<\/strong>: valorizam peles m\u00e9dias e morenas.<\/li>\n\n\n\n<li><strong>Azul marinho e verde petr\u00f3leo<\/strong>: op\u00e7\u00f5es escuras mais suaves que o preto.<\/li>\n<\/ul>\n\n\n\n<p>Para voc\u00ea que gosta de se cuidar, separamos um v\u00eddeo do canal da <a href=\"https:\/\/www.youtube.com\/@SilvaniaAnsanelo\" target=\"_blank\" rel=\"noreferrer noopener\">Silvania Ansanelo <\/a>com dicas para escolher a cor de esmalte para o ver\u00e3o:<\/p>\n\n\n\n<figure class=\"wp-block-embed is-type-video is-provider-youtube wp-block-embed-youtube wp-embed-aspect-16-9 wp-has-aspect-ratio\"><div class=\"wp-block-embed__wrapper\">\n<div class=\"jeg_video_container jeg_video_content\"><iframe loading=\"lazy\" title=\"As cores de esmaltes para o ver\u00e3o 2026\" width=\"500\" height=\"281\" src=\"https:\/\/www.youtube.com\/embed\/mXulSxtkK5U?start=7&#038;feature=oembed\" frameborder=\"0\" allow=\"accelerometer; autoplay; clipboard-write; encrypted-media; gyroscope; picture-in-picture; web-share\" referrerpolicy=\"strict-origin-when-cross-origin\" allowfullscreen><\/iframe><\/div>\n<\/div><\/figure>\n\n\n\n<h2 class=\"wp-block-heading\">Quais cores de esmalte podem envelhecer visualmente as m\u00e3os<\/h2>\n\n\n\n<p>Algumas cores chamam aten\u00e7\u00e3o justamente para o que muita gente quer disfar\u00e7ar. Esmaltes muito escuros e opacos, como preto absoluto ou roxo quase preto, criam um contraste forte com a pele e podem deixar veias e linhas mais evidentes, dando a impress\u00e3o de m\u00e3os mais <strong>endurecidas e marcadas<\/strong>.<\/p>\n\n\n\n<p>Por outro lado, tons muito claros, como branco corretivo e leitosos muito marcados, tamb\u00e9m podem evidenciar manchas. Met\u00e1licos e cintilantes intensos, principalmente prateados fortes e dourados muito amarelados, destacam rugas finas, e cores neon atraem toda a aten\u00e7\u00e3o para as unhas, o que nem sempre favorece m\u00e3os mais <strong>maduras e delicadas<\/strong>.<\/p>\n\n\n\n<figure class=\"wp-block-embed is-type-rich is-provider-pinterest wp-block-embed-pinterest\"><div class=\"wp-block-embed__wrapper\">\n<iframe loading=\"lazy\" title=\"Qual cor tend\u00eancia voc\u00ea vai apostar em 2026?Aqui no Arden, j\u00e1 separamos as queridinhas de 2026 para voc\u00eas! Agende seu hor\u00e1rio pelo link da bio \ud83d\udc85\ud83c\udffb\u2728\ud83e\udd0d#unhas #naildesign #esmalte #unhasinspiracao\" src=\"https:\/\/assets.pinterest.com\/ext\/embed.html?id=1112670651709507814&#038;src=oembed\" height=\"898\" width=\"450\" frameborder=\"0\" scrolling=\"no\" ><\/iframe>\n<\/div><\/figure>\n\n\n\n<h2 class=\"wp-block-heading\">Como escolher a cor de esmalte ideal para cada tom de pele<\/h2>\n\n\n\n<p>Observar o pr\u00f3prio tom de pele \u00e9 um \u00f3timo ponto de partida na hora de escolher o esmalte. Em peles claras, nudes com fundo rosado, p\u00eassego e rosa antigo evitam aquele aspecto esbranqui\u00e7ado e deixam as m\u00e3os com um ar mais <strong>juvenil e suave<\/strong>. J\u00e1 as peles m\u00e9dias se d\u00e3o muito bem com caramelos, marrons suaves, terracota e vermelhos quentes.<\/p>\n\n\n\n<p>Nas peles morenas e negras, tons de caf\u00e9, chocolate, vinho, ameixa e dourado suave real\u00e7am a profundidade da pele, sem criar contraste agressivo. Nudes com fundo quente, como caramelo ou telha, costumam ser \u00f3timas escolhas. Testar varia\u00e7\u00f5es dentro da mesma fam\u00edlia de cor ajuda a encontrar aquele tom em que as m\u00e3os parecem mais <strong>uniformes e bem-cuidadas<\/strong>.<\/p>\n","protected":false},"excerpt":{"rendered":"<p>Aos 55, 60 anos ou mais, muita gente olha para as m\u00e3os e pensa: \u201cElas j\u00e1 n\u00e3o parecem as mesmas de antes\u201d. A pele fica mais fina, as manchas aparecem, as linhas se tornam mais vis\u00edveis, e \u00e9 a\u00ed que o esmalte deixa de ser s\u00f3 detalhe e passa a ser um aliado. A cor [&hellip;]<\/p>\n","protected":false},"author":9,"featured_media":179487,"comment_status":"open","ping_status":"open","sticky":false,"template":"","format":"standard","meta":{"jnews-multi-image_gallery":[],"jnews_single_post":{"format":"standard"},"jnews_primary_category":[],"jnews_social_meta":[],"jnews_override_counter":[],"footnotes":""},"categories":[8819,1],"tags":[718,2616,8887,5354],"class_list":["post-179474","post","type-post","status-publish","format-standard","has-post-thumbnail","hentry","category-curiosidades","category-noticias","tag-55-anos","tag-beleza","tag-esmalte","tag-unhas"],"yoast_head":"<!-- This site is optimized with the Yoast SEO plugin v23.8 - https:\/\/yoast.com\/wordpress\/plugins\/seo\/ -->\n<title>As cores de esmalte que valorizam as m\u00e3os das mulheres de 55 anos e deixam o visual elegante - Estado de Minas - Em foco<\/title>\n<meta name=\"description\" content=\"Descubra as melhores cores de esmalte para valorizar m\u00e3os maduras e disfar\u00e7ar sinais do tempo com eleg\u00e2ncia\" \/>\n<meta name=\"robots\" content=\"index, follow, max-snippet:-1, max-image-preview:large, max-video-preview:-1\" \/>\n<link rel=\"canonical\" href=\"https:\/\/www.em.com.br\/emfoco\/2026\/03\/10\/as-cores-de-esmalte-que-valorizam-as-maos-das-mulheres-de-55-anos-e-deixam-o-visual-elegante\/\" \/>\n<meta property=\"og:locale\" content=\"pt_BR\" \/>\n<meta property=\"og:type\" content=\"article\" \/>\n<meta property=\"og:title\" content=\"As cores de esmalte que valorizam as m\u00e3os das mulheres de 55 anos e deixam o visual elegante - Estado de Minas - Em foco\" \/>\n<meta property=\"og:description\" content=\"Descubra as melhores cores de esmalte para valorizar m\u00e3os maduras e disfar\u00e7ar sinais do tempo com eleg\u00e2ncia\" \/>\n<meta property=\"og:url\" content=\"https:\/\/www.em.com.br\/emfoco\/2026\/03\/10\/as-cores-de-esmalte-que-valorizam-as-maos-das-mulheres-de-55-anos-e-deixam-o-visual-elegante\/\" \/>\n<meta property=\"og:site_name\" content=\"Estado de Minas - Em foco\" \/>\n<meta property=\"article:published_time\" content=\"2026-03-10T16:15:32+00:00\" \/>\n<meta property=\"article:modified_time\" content=\"2026-03-09T20:38:42+00:00\" \/>\n<meta property=\"og:image\" content=\"https:\/\/www.em.com.br\/emfoco\/wp-content\/uploads\/2026\/03\/Gemini_Generated_Image_1k5qvj1k5qvj1k5q-1.png\" \/>\n\t<meta property=\"og:image:width\" content=\"1280\" \/>\n\t<meta property=\"og:image:height\" content=\"720\" \/>\n\t<meta property=\"og:image:type\" content=\"image\/png\" \/>\n<meta name=\"author\" content=\"Daniely Cardoso\" \/>\n<meta name=\"twitter:card\" content=\"summary_large_image\" \/>\n<meta name=\"twitter:label1\" content=\"Escrito por\" \/>\n\t<meta name=\"twitter:data1\" content=\"Daniely Cardoso\" \/>\n\t<meta name=\"twitter:label2\" content=\"Est. tempo de leitura\" \/>\n\t<meta name=\"twitter:data2\" content=\"5 minutos\" \/>\n<!-- \/ Yoast SEO plugin. -->","yoast_head_json":{"title":"As cores de esmalte que valorizam as m\u00e3os das mulheres de 55 anos e deixam o visual elegante - Estado de Minas - Em foco","description":"Descubra as melhores cores de esmalte para valorizar m\u00e3os maduras e disfar\u00e7ar sinais do tempo com eleg\u00e2ncia","robots":{"index":"index","follow":"follow","max-snippet":"max-snippet:-1","max-image-preview":"max-image-preview:large","max-video-preview":"max-video-preview:-1"},"canonical":"https:\/\/www.em.com.br\/emfoco\/2026\/03\/10\/as-cores-de-esmalte-que-valorizam-as-maos-das-mulheres-de-55-anos-e-deixam-o-visual-elegante\/","og_locale":"pt_BR","og_type":"article","og_title":"As cores de esmalte que valorizam as m\u00e3os das mulheres de 55 anos e deixam o visual elegante - Estado de Minas - Em foco","og_description":"Descubra as melhores cores de esmalte para valorizar m\u00e3os maduras e disfar\u00e7ar sinais do tempo com eleg\u00e2ncia","og_url":"https:\/\/www.em.com.br\/emfoco\/2026\/03\/10\/as-cores-de-esmalte-que-valorizam-as-maos-das-mulheres-de-55-anos-e-deixam-o-visual-elegante\/","og_site_name":"Estado de Minas - Em foco","article_published_time":"2026-03-10T16:15:32+00:00","article_modified_time":"2026-03-09T20:38:42+00:00","og_image":[{"width":1280,"height":720,"url":"https:\/\/www.em.com.br\/emfoco\/wp-content\/uploads\/2026\/03\/Gemini_Generated_Image_1k5qvj1k5qvj1k5q-1.png","type":"image\/png"}],"author":"Daniely Cardoso","twitter_card":"summary_large_image","twitter_misc":{"Escrito por":"Daniely Cardoso","Est. tempo de leitura":"5 minutos"},"schema":{"@context":"https:\/\/schema.org","@graph":[{"@type":"WebPage","@id":"https:\/\/www.em.com.br\/emfoco\/2026\/03\/10\/as-cores-de-esmalte-que-valorizam-as-maos-das-mulheres-de-55-anos-e-deixam-o-visual-elegante\/","url":"https:\/\/www.em.com.br\/emfoco\/2026\/03\/10\/as-cores-de-esmalte-que-valorizam-as-maos-das-mulheres-de-55-anos-e-deixam-o-visual-elegante\/","name":"As cores de esmalte que valorizam as m\u00e3os das mulheres de 55 anos e deixam o visual elegante - Estado de Minas - Em foco","isPartOf":{"@id":"https:\/\/www.em.com.br\/emfoco\/#website"},"primaryImageOfPage":{"@id":"https:\/\/www.em.com.br\/emfoco\/2026\/03\/10\/as-cores-de-esmalte-que-valorizam-as-maos-das-mulheres-de-55-anos-e-deixam-o-visual-elegante\/#primaryimage"},"image":{"@id":"https:\/\/www.em.com.br\/emfoco\/2026\/03\/10\/as-cores-de-esmalte-que-valorizam-as-maos-das-mulheres-de-55-anos-e-deixam-o-visual-elegante\/#primaryimage"},"thumbnailUrl":"https:\/\/www.em.com.br\/emfoco\/wp-content\/uploads\/2026\/03\/Gemini_Generated_Image_1k5qvj1k5qvj1k5q-1.png","datePublished":"2026-03-10T16:15:32+00:00","dateModified":"2026-03-09T20:38:42+00:00","author":{"@id":"https:\/\/www.em.com.br\/emfoco\/#\/schema\/person\/0a8186d72f2c3a5c6276d90b41f271a0"},"description":"Descubra as melhores cores de esmalte para valorizar m\u00e3os maduras e disfar\u00e7ar sinais do tempo com eleg\u00e2ncia","breadcrumb":{"@id":"https:\/\/www.em.com.br\/emfoco\/2026\/03\/10\/as-cores-de-esmalte-que-valorizam-as-maos-das-mulheres-de-55-anos-e-deixam-o-visual-elegante\/#breadcrumb"},"inLanguage":"pt-BR","potentialAction":[{"@type":"ReadAction","target":["https:\/\/www.em.com.br\/emfoco\/2026\/03\/10\/as-cores-de-esmalte-que-valorizam-as-maos-das-mulheres-de-55-anos-e-deixam-o-visual-elegante\/"]}]},{"@type":"ImageObject","inLanguage":"pt-BR","@id":"https:\/\/www.em.com.br\/emfoco\/2026\/03\/10\/as-cores-de-esmalte-que-valorizam-as-maos-das-mulheres-de-55-anos-e-deixam-o-visual-elegante\/#primaryimage","url":"https:\/\/www.em.com.br\/emfoco\/wp-content\/uploads\/2026\/03\/Gemini_Generated_Image_1k5qvj1k5qvj1k5q-1.png","contentUrl":"https:\/\/www.em.com.br\/emfoco\/wp-content\/uploads\/2026\/03\/Gemini_Generated_Image_1k5qvj1k5qvj1k5q-1.png","width":1280,"height":720,"caption":"Em peles m\u00e9dias e morenas, tons de bege quente e caramelo harmonizam muito bem, evitando aquele contraste exagerado"},{"@type":"BreadcrumbList","@id":"https:\/\/www.em.com.br\/emfoco\/2026\/03\/10\/as-cores-de-esmalte-que-valorizam-as-maos-das-mulheres-de-55-anos-e-deixam-o-visual-elegante\/#breadcrumb","itemListElement":[{"@type":"ListItem","position":1,"name":"In\u00edcio","item":"https:\/\/www.em.com.br\/emfoco\/"},{"@type":"ListItem","position":2,"name":"As cores de esmalte que valorizam as m\u00e3os das mulheres de 55 anos e deixam o visual elegante"}]},{"@type":"WebSite","@id":"https:\/\/www.em.com.br\/emfoco\/#website","url":"https:\/\/www.em.com.br\/emfoco\/","name":"Estado de Minas - Em foco","description":"Acompanhe as \u00faltimas not\u00edcias e fique bem informado sobre tudo o que acontece em Minas Gerais, Brasil e no mundo.","potentialAction":[{"@type":"SearchAction","target":{"@type":"EntryPoint","urlTemplate":"https:\/\/www.em.com.br\/emfoco\/?s={search_term_string}"},"query-input":{"@type":"PropertyValueSpecification","valueRequired":true,"valueName":"search_term_string"}}],"inLanguage":"pt-BR"},{"@type":"Person","@id":"https:\/\/www.em.com.br\/emfoco\/#\/schema\/person\/0a8186d72f2c3a5c6276d90b41f271a0","name":"Daniely Cardoso","image":{"@type":"ImageObject","inLanguage":"pt-BR","@id":"https:\/\/www.em.com.br\/emfoco\/#\/schema\/person\/image\/","url":"https:\/\/secure.gravatar.com\/avatar\/4b80ddbd124d1f071b626d52d62e5dff?s=96&d=mm&r=g","contentUrl":"https:\/\/secure.gravatar.com\/avatar\/4b80ddbd124d1f071b626d52d62e5dff?s=96&d=mm&r=g","caption":"Daniely Cardoso"},"url":"https:\/\/www.em.com.br\/emfoco\/author\/danielymyth\/"}]}},"_links":{"self":[{"href":"https:\/\/www.em.com.br\/emfoco\/wp-json\/wp\/v2\/posts\/179474","targetHints":{"allow":["GET"]}}],"collection":[{"href":"https:\/\/www.em.com.br\/emfoco\/wp-json\/wp\/v2\/posts"}],"about":[{"href":"https:\/\/www.em.com.br\/emfoco\/wp-json\/wp\/v2\/types\/post"}],"author":[{"embeddable":true,"href":"https:\/\/www.em.com.br\/emfoco\/wp-json\/wp\/v2\/users\/9"}],"replies":[{"embeddable":true,"href":"https:\/\/www.em.com.br\/emfoco\/wp-json\/wp\/v2\/comments?post=179474"}],"version-history":[{"count":3,"href":"https:\/\/www.em.com.br\/emfoco\/wp-json\/wp\/v2\/posts\/179474\/revisions"}],"predecessor-version":[{"id":179539,"href":"https:\/\/www.em.com.br\/emfoco\/wp-json\/wp\/v2\/posts\/179474\/revisions\/179539"}],"wp:featuredmedia":[{"embeddable":true,"href":"https:\/\/www.em.com.br\/emfoco\/wp-json\/wp\/v2\/media\/179487"}],"wp:attachment":[{"href":"https:\/\/www.em.com.br\/emfoco\/wp-json\/wp\/v2\/media?parent=179474"}],"wp:term":[{"taxonomy":"category","embeddable":true,"href":"https:\/\/www.em.com.br\/emfoco\/wp-json\/wp\/v2\/categories?post=179474"},{"taxonomy":"post_tag","embeddable":true,"href":"https:\/\/www.em.com.br\/emfoco\/wp-json\/wp\/v2\/tags?post=179474"}],"curies":[{"name":"wp","href":"https:\/\/api.w.org\/{rel}","templated":true}]}}