{"id":179472,"date":"2026-03-10T12:55:18","date_gmt":"2026-03-10T15:55:18","guid":{"rendered":"https:\/\/www.em.com.br\/emfoco\/?p=179472"},"modified":"2026-03-09T17:31:37","modified_gmt":"2026-03-09T20:31:37","slug":"nem-aplique-nem-extensoes-o-corte-certo-que-cria-um-efeito-de-fios-encorpados","status":"publish","type":"post","link":"https:\/\/www.em.com.br\/emfoco\/2026\/03\/10\/nem-aplique-nem-extensoes-o-corte-certo-que-cria-um-efeito-de-fios-encorpados\/","title":{"rendered":"Nem aplique, nem extens\u00f5es, o corte certo que cria um efeito de fios encorpados"},"content":{"rendered":"\n<p>Voc\u00ea j\u00e1 se olhou no espelho, viu o cabelo fino sem forma e pensou que nada funciona para dar volume? Muitas pessoas passam por isso, mas a boa not\u00edcia \u00e9 que o <b>corte m\u00e9dio<\/b> certo pode mudar totalmente essa sensa\u00e7\u00e3o, deixando os fios com mais <strong>corpo<\/strong>, movimento e apar\u00eancia de cabelo mais cheio no dia a dia.<\/p>\n\n\n\n<h2 class=\"wp-block-heading\">O que \u00e9 um corte m\u00e9dio ideal para cabelos finos<\/h2>\n\n\n\n<p>O corte m\u00e9dio \u00e9 aquele que vai dos ombros at\u00e9 um pouco abaixo da clav\u00edcula, um comprimento estrat\u00e9gico para que o cabelo ganhe mais <b>leveza<\/b> e, ao mesmo tempo, mantenha a <strong>versatilidade<\/strong> de prender, modelar e variar o visual com facilidade.<\/p>\n\n\n\n<p>Para quem tem fios finos, o segredo est\u00e1 em camadas suaves e bem pensadas, evitando pontas muito <b>ralas<\/b> ou cortes extremamente desfiados, que podem deixar o cabelo com apar\u00eancia de ainda menos <strong>volume<\/strong> e tirar a sensa\u00e7\u00e3o de base cheia.<\/p>\n\n\n\n<figure class=\"wp-block-embed is-type-rich is-provider-pinterest wp-block-embed-pinterest\"><div class=\"wp-block-embed__wrapper\">\n<iframe loading=\"lazy\" title=\" \" src=\"https:\/\/assets.pinterest.com\/ext\/embed.html?id=140806234433397&#038;src=oembed\" height=\"816\" width=\"450\" frameborder=\"0\" scrolling=\"no\" ><\/iframe>\n<\/div><\/figure>\n\n\n\n<p>Leia tamb\u00e9m:&nbsp;<a href=\"https:\/\/www.em.com.br\/emfoco\/2026\/03\/09\/adeus-as-tintas-nova-tendencia-para-cabelos-brancos-promete-visual-mais-natural-e-aparencia-mais-jovem\/\" target=\"_blank\" rel=\"noopener\">Adeus \u00e0s tintas: nova tend\u00eancia para cabelos brancos promete visual mais natural e apar\u00eancia mais jovem<\/a><\/p>\n\n\n\n<h2 class=\"wp-block-heading\">Como o corte m\u00e9dio pode aumentar o volume dos cabelos finos<\/h2>\n\n\n\n<p>O aumento de volume acontece porque, ao encurtar os fios, o cabelo perde peso e ganha mais <b>sustenta\u00e7\u00e3o<\/b> na raiz, fazendo com que o corte m\u00e9dio realmente transforme cabelos finos em fios mais <strong>encorpados<\/strong> e com movimento natural.<\/p>\n\n\n\n<p>Al\u00e9m do comprimento, o desenho do corte cria degraus internos que fazem as mechas se apoiarem umas nas outras, refor\u00e7ando o <b>contorno<\/b> e aproveitando qualquer ondula\u00e7\u00e3o ou leve <strong>ondinha<\/strong> natural para parecer que voc\u00ea tem muito mais cabelo.<\/p>\n\n\n\n<figure class=\"wp-block-embed is-type-rich is-provider-pinterest wp-block-embed-pinterest\"><div class=\"wp-block-embed__wrapper\">\n<iframe loading=\"lazy\" title=\"2024 haircut\" src=\"https:\/\/assets.pinterest.com\/ext\/embed.html?id=68748431930&#038;src=oembed\" height=\"663\" width=\"450\" frameborder=\"0\" scrolling=\"no\" ><\/iframe>\n<\/div><\/figure>\n\n\n\n<h2 class=\"wp-block-heading\">Quais tipos de corte m\u00e9dio favorecem o volume nos cabelos finos<\/h2>\n\n\n\n<p>Existem alguns modelos de corte m\u00e9dio que costumam funcionar muito bem para quem tem fios <b>finos<\/b> e busca mais volume, e cada um pode ser adaptado ao seu rosto, rotina e estilo de <strong>vida<\/strong>, sem exigir cuidados exageradamente complicados.<\/p>\n\n\n\n<figure class=\"wp-block-embed is-type-rich is-provider-pinterest wp-block-embed-pinterest\"><div class=\"wp-block-embed__wrapper\">\n<iframe loading=\"lazy\" title=\"BOB haircut  Hair style #hair #hairstyles #hairstyle #hair #haircut #hairtutorial #bobhaircut #bobhairstyles\" src=\"https:\/\/assets.pinterest.com\/ext\/embed.html?id=281543726296123&#038;src=oembed\" height=\"899\" width=\"450\" frameborder=\"0\" scrolling=\"no\" ><\/iframe>\n<\/div><\/figure>\n\n\n\n<p>Veja algumas op\u00e7\u00f5es de cortes que podem ajudar a deixar o cabelo visivelmente mais cheio e com um efeito de volume mais <b>duradouro<\/b> e simples de manter no dia a <strong>dia<\/strong>:<\/p>\n\n\n\n<ul class=\"wp-block-list\">\n<li><strong>Long bob m\u00e9dio<\/strong>: fica um pouco abaixo dos ombros, com base levemente reta e camadas internas discretas, ideal para visual cl\u00e1ssico com volume moderado.<\/li>\n\n\n\n<li><strong>Corte em camadas suaves<\/strong>: camadas distribu\u00eddas do meio do comprimento \u00e0s pontas afastam as mechas e criam sensa\u00e7\u00e3o de maior densidade.<\/li>\n\n\n\n<li><strong>Corte m\u00e9dio reto encorpado<\/strong>: a base reta, quando bem ajustada, gera um \u201cefeito bloco\u201d, deixando o contorno mais cheio e marcante.<\/li>\n\n\n\n<li><strong>Corte m\u00e9dio com franja longa<\/strong>: franja lateral ou cortininha d\u00e1 volume ao topo da cabe\u00e7a e cria um ponto de foco que refor\u00e7a a impress\u00e3o de mais cabelo.<\/li>\n<\/ul>\n\n\n\n<p>Para voc\u00ea que gosta de cudiar da apar\u00eancia, separamos um v\u00eddeo do canal do <a href=\"https:\/\/www.youtube.com\/@RodrigoCintraoficial\" target=\"_blank\" rel=\"noreferrer noopener\">RODRIGO CINTRA<\/a> com dicas para achar o corte ideal para o seu rosto:<\/p>\n\n\n\n<figure class=\"wp-block-embed is-type-video is-provider-youtube wp-block-embed-youtube wp-embed-aspect-16-9 wp-has-aspect-ratio\"><div class=\"wp-block-embed__wrapper\">\n<div class=\"jeg_video_container jeg_video_content\"><iframe loading=\"lazy\" title=\"VISAGISMO - Qual melhor corte de cabelo para seu formato de rosto.\" width=\"500\" height=\"281\" src=\"https:\/\/www.youtube.com\/embed\/-Fxtn3uEOtU?start=1&#038;feature=oembed\" frameborder=\"0\" allow=\"accelerometer; autoplay; clipboard-write; encrypted-media; gyroscope; picture-in-picture; web-share\" referrerpolicy=\"strict-origin-when-cross-origin\" allowfullscreen><\/iframe><\/div>\n<\/div><\/figure>\n\n\n\n<h2 class=\"wp-block-heading\">Como cuidar do corte m\u00e9dio em cabelos finos para manter o volume<\/h2>\n\n\n\n<p>Depois de conseguir um corte m\u00e9dio que deixa o cabelo mais <b>volumoso<\/b>, a rotina de cuidados ajuda a manter o efeito por mais tempo, come\u00e7ando por shampoos leves e condicionadores usados s\u00f3 no comprimento e nas <strong>pontas<\/strong> para n\u00e3o pesar a raiz.<\/p>\n\n\n\n<p>No dia a dia, pequenas atitudes fazem diferen\u00e7a, como secar a raiz levantando as mechas, usar finalizadores com <b>modera\u00e7\u00e3o<\/b>, apostar sempre em protetor t\u00e9rmico e revisar o corte a cada poucas semanas para que as pontas n\u00e3o fiquem pesadas e sem <strong>vida<\/strong>.<\/p>\n\n\n\n<h2 class=\"wp-block-heading\">O corte m\u00e9dio \u00e9 indicado para todos os tipos de cabelos finos<\/h2>\n\n\n\n<p>O corte m\u00e9dio que d\u00e1 volume aos fios finos \u00e9 muito vers\u00e1til, mas precisa ser adaptado ao seu <b>formato<\/b> de rosto, \u00e0 quantidade de cabelo, ao jeito que ele cresce e at\u00e9 aos seus h\u00e1bitos de <strong>rotina<\/strong> di\u00e1ria, como prender muito ou usar acess\u00f3rios.<\/p>\n\n\n\n<p>Com um bom planejamento com o profissional e uma manuten\u00e7\u00e3o simples, o corte m\u00e9dio se torna um grande aliado para transformar cabelos finos em fios com mais <b>presen\u00e7a<\/b>, movimento e aquela sensa\u00e7\u00e3o gostosa de cabelo mais <strong>cheio<\/strong> e f\u00e1cil de arrumar.<\/p>\n","protected":false},"excerpt":{"rendered":"<p>Voc\u00ea j\u00e1 se olhou no espelho, viu o cabelo fino sem forma e pensou que nada funciona para dar volume? Muitas pessoas passam por isso, mas a boa not\u00edcia \u00e9 que o corte m\u00e9dio certo pode mudar totalmente essa sensa\u00e7\u00e3o, deixando os fios com mais corpo, movimento e apar\u00eancia de cabelo mais cheio no dia [&hellip;]<\/p>\n","protected":false},"author":9,"featured_media":179480,"comment_status":"open","ping_status":"open","sticky":false,"template":"","format":"standard","meta":{"jnews-multi-image_gallery":[],"jnews_single_post":{"format":"standard"},"jnews_primary_category":[],"jnews_social_meta":[],"jnews_override_counter":[],"footnotes":""},"categories":[8819,1],"tags":[25930,12832,4906],"class_list":["post-179472","post","type-post","status-publish","format-standard","has-post-thumbnail","hentry","category-curiosidades","category-noticias","tag-beelza","tag-cabelos-finos","tag-corte-de-cabelo"],"yoast_head":"<!-- This site is optimized with the Yoast SEO plugin v23.8 - https:\/\/yoast.com\/wordpress\/plugins\/seo\/ -->\n<title>Nem aplique, nem extens\u00f5es, o corte certo que cria um efeito de fios encorpados - Estado de Minas - Em foco<\/title>\n<meta name=\"description\" content=\"Conhe\u00e7a os melhores cortes m\u00e9dios para dar volume aos cabelos finos e aprenda truques para encorpar os fios\" \/>\n<meta name=\"robots\" content=\"index, follow, max-snippet:-1, max-image-preview:large, max-video-preview:-1\" \/>\n<link rel=\"canonical\" href=\"https:\/\/www.em.com.br\/emfoco\/2026\/03\/10\/nem-aplique-nem-extensoes-o-corte-certo-que-cria-um-efeito-de-fios-encorpados\/\" \/>\n<meta property=\"og:locale\" content=\"pt_BR\" \/>\n<meta property=\"og:type\" content=\"article\" \/>\n<meta property=\"og:title\" content=\"Nem aplique, nem extens\u00f5es, o corte certo que cria um efeito de fios encorpados - Estado de Minas - Em foco\" \/>\n<meta property=\"og:description\" content=\"Conhe\u00e7a os melhores cortes m\u00e9dios para dar volume aos cabelos finos e aprenda truques para encorpar os fios\" \/>\n<meta property=\"og:url\" content=\"https:\/\/www.em.com.br\/emfoco\/2026\/03\/10\/nem-aplique-nem-extensoes-o-corte-certo-que-cria-um-efeito-de-fios-encorpados\/\" \/>\n<meta property=\"og:site_name\" content=\"Estado de Minas - Em foco\" \/>\n<meta property=\"article:published_time\" content=\"2026-03-10T15:55:18+00:00\" \/>\n<meta property=\"article:modified_time\" content=\"2026-03-09T20:31:37+00:00\" \/>\n<meta property=\"og:image\" content=\"https:\/\/www.em.com.br\/emfoco\/wp-content\/uploads\/2026\/03\/Gemini_Generated_Image_a23jxwa23jxwa23j-1.png\" \/>\n\t<meta property=\"og:image:width\" content=\"1280\" \/>\n\t<meta property=\"og:image:height\" content=\"720\" \/>\n\t<meta property=\"og:image:type\" content=\"image\/png\" \/>\n<meta name=\"author\" content=\"Daniely Cardoso\" \/>\n<meta name=\"twitter:card\" content=\"summary_large_image\" \/>\n<meta name=\"twitter:label1\" content=\"Escrito por\" \/>\n\t<meta name=\"twitter:data1\" content=\"Daniely Cardoso\" \/>\n\t<meta name=\"twitter:label2\" content=\"Est. tempo de leitura\" \/>\n\t<meta name=\"twitter:data2\" content=\"4 minutos\" \/>\n<!-- \/ Yoast SEO plugin. -->","yoast_head_json":{"title":"Nem aplique, nem extens\u00f5es, o corte certo que cria um efeito de fios encorpados - Estado de Minas - Em foco","description":"Conhe\u00e7a os melhores cortes m\u00e9dios para dar volume aos cabelos finos e aprenda truques para encorpar os fios","robots":{"index":"index","follow":"follow","max-snippet":"max-snippet:-1","max-image-preview":"max-image-preview:large","max-video-preview":"max-video-preview:-1"},"canonical":"https:\/\/www.em.com.br\/emfoco\/2026\/03\/10\/nem-aplique-nem-extensoes-o-corte-certo-que-cria-um-efeito-de-fios-encorpados\/","og_locale":"pt_BR","og_type":"article","og_title":"Nem aplique, nem extens\u00f5es, o corte certo que cria um efeito de fios encorpados - Estado de Minas - Em foco","og_description":"Conhe\u00e7a os melhores cortes m\u00e9dios para dar volume aos cabelos finos e aprenda truques para encorpar os fios","og_url":"https:\/\/www.em.com.br\/emfoco\/2026\/03\/10\/nem-aplique-nem-extensoes-o-corte-certo-que-cria-um-efeito-de-fios-encorpados\/","og_site_name":"Estado de Minas - Em foco","article_published_time":"2026-03-10T15:55:18+00:00","article_modified_time":"2026-03-09T20:31:37+00:00","og_image":[{"width":1280,"height":720,"url":"https:\/\/www.em.com.br\/emfoco\/wp-content\/uploads\/2026\/03\/Gemini_Generated_Image_a23jxwa23jxwa23j-1.png","type":"image\/png"}],"author":"Daniely Cardoso","twitter_card":"summary_large_image","twitter_misc":{"Escrito por":"Daniely Cardoso","Est. tempo de leitura":"4 minutos"},"schema":{"@context":"https:\/\/schema.org","@graph":[{"@type":"WebPage","@id":"https:\/\/www.em.com.br\/emfoco\/2026\/03\/10\/nem-aplique-nem-extensoes-o-corte-certo-que-cria-um-efeito-de-fios-encorpados\/","url":"https:\/\/www.em.com.br\/emfoco\/2026\/03\/10\/nem-aplique-nem-extensoes-o-corte-certo-que-cria-um-efeito-de-fios-encorpados\/","name":"Nem aplique, nem extens\u00f5es, o corte certo que cria um efeito de fios encorpados - Estado de Minas - Em foco","isPartOf":{"@id":"https:\/\/www.em.com.br\/emfoco\/#website"},"primaryImageOfPage":{"@id":"https:\/\/www.em.com.br\/emfoco\/2026\/03\/10\/nem-aplique-nem-extensoes-o-corte-certo-que-cria-um-efeito-de-fios-encorpados\/#primaryimage"},"image":{"@id":"https:\/\/www.em.com.br\/emfoco\/2026\/03\/10\/nem-aplique-nem-extensoes-o-corte-certo-que-cria-um-efeito-de-fios-encorpados\/#primaryimage"},"thumbnailUrl":"https:\/\/www.em.com.br\/emfoco\/wp-content\/uploads\/2026\/03\/Gemini_Generated_Image_a23jxwa23jxwa23j-1.png","datePublished":"2026-03-10T15:55:18+00:00","dateModified":"2026-03-09T20:31:37+00:00","author":{"@id":"https:\/\/www.em.com.br\/emfoco\/#\/schema\/person\/0a8186d72f2c3a5c6276d90b41f271a0"},"description":"Conhe\u00e7a os melhores cortes m\u00e9dios para dar volume aos cabelos finos e aprenda truques para encorpar os fios","breadcrumb":{"@id":"https:\/\/www.em.com.br\/emfoco\/2026\/03\/10\/nem-aplique-nem-extensoes-o-corte-certo-que-cria-um-efeito-de-fios-encorpados\/#breadcrumb"},"inLanguage":"pt-BR","potentialAction":[{"@type":"ReadAction","target":["https:\/\/www.em.com.br\/emfoco\/2026\/03\/10\/nem-aplique-nem-extensoes-o-corte-certo-que-cria-um-efeito-de-fios-encorpados\/"]}]},{"@type":"ImageObject","inLanguage":"pt-BR","@id":"https:\/\/www.em.com.br\/emfoco\/2026\/03\/10\/nem-aplique-nem-extensoes-o-corte-certo-que-cria-um-efeito-de-fios-encorpados\/#primaryimage","url":"https:\/\/www.em.com.br\/emfoco\/wp-content\/uploads\/2026\/03\/Gemini_Generated_Image_a23jxwa23jxwa23j-1.png","contentUrl":"https:\/\/www.em.com.br\/emfoco\/wp-content\/uploads\/2026\/03\/Gemini_Generated_Image_a23jxwa23jxwa23j-1.png","width":1280,"height":720,"caption":"Para quem tem fios finos, o segredo est\u00e1 em camadas suaves e bem pensadas, evitando pontas muito ralas"},{"@type":"BreadcrumbList","@id":"https:\/\/www.em.com.br\/emfoco\/2026\/03\/10\/nem-aplique-nem-extensoes-o-corte-certo-que-cria-um-efeito-de-fios-encorpados\/#breadcrumb","itemListElement":[{"@type":"ListItem","position":1,"name":"In\u00edcio","item":"https:\/\/www.em.com.br\/emfoco\/"},{"@type":"ListItem","position":2,"name":"Nem aplique, nem extens\u00f5es, o corte certo que cria um efeito de fios encorpados"}]},{"@type":"WebSite","@id":"https:\/\/www.em.com.br\/emfoco\/#website","url":"https:\/\/www.em.com.br\/emfoco\/","name":"Estado de Minas - Em foco","description":"Acompanhe as \u00faltimas not\u00edcias e fique bem informado sobre tudo o que acontece em Minas Gerais, Brasil e no mundo.","potentialAction":[{"@type":"SearchAction","target":{"@type":"EntryPoint","urlTemplate":"https:\/\/www.em.com.br\/emfoco\/?s={search_term_string}"},"query-input":{"@type":"PropertyValueSpecification","valueRequired":true,"valueName":"search_term_string"}}],"inLanguage":"pt-BR"},{"@type":"Person","@id":"https:\/\/www.em.com.br\/emfoco\/#\/schema\/person\/0a8186d72f2c3a5c6276d90b41f271a0","name":"Daniely Cardoso","image":{"@type":"ImageObject","inLanguage":"pt-BR","@id":"https:\/\/www.em.com.br\/emfoco\/#\/schema\/person\/image\/","url":"https:\/\/secure.gravatar.com\/avatar\/4b80ddbd124d1f071b626d52d62e5dff?s=96&d=mm&r=g","contentUrl":"https:\/\/secure.gravatar.com\/avatar\/4b80ddbd124d1f071b626d52d62e5dff?s=96&d=mm&r=g","caption":"Daniely Cardoso"},"url":"https:\/\/www.em.com.br\/emfoco\/author\/danielymyth\/"}]}},"_links":{"self":[{"href":"https:\/\/www.em.com.br\/emfoco\/wp-json\/wp\/v2\/posts\/179472","targetHints":{"allow":["GET"]}}],"collection":[{"href":"https:\/\/www.em.com.br\/emfoco\/wp-json\/wp\/v2\/posts"}],"about":[{"href":"https:\/\/www.em.com.br\/emfoco\/wp-json\/wp\/v2\/types\/post"}],"author":[{"embeddable":true,"href":"https:\/\/www.em.com.br\/emfoco\/wp-json\/wp\/v2\/users\/9"}],"replies":[{"embeddable":true,"href":"https:\/\/www.em.com.br\/emfoco\/wp-json\/wp\/v2\/comments?post=179472"}],"version-history":[{"count":3,"href":"https:\/\/www.em.com.br\/emfoco\/wp-json\/wp\/v2\/posts\/179472\/revisions"}],"predecessor-version":[{"id":179516,"href":"https:\/\/www.em.com.br\/emfoco\/wp-json\/wp\/v2\/posts\/179472\/revisions\/179516"}],"wp:featuredmedia":[{"embeddable":true,"href":"https:\/\/www.em.com.br\/emfoco\/wp-json\/wp\/v2\/media\/179480"}],"wp:attachment":[{"href":"https:\/\/www.em.com.br\/emfoco\/wp-json\/wp\/v2\/media?parent=179472"}],"wp:term":[{"taxonomy":"category","embeddable":true,"href":"https:\/\/www.em.com.br\/emfoco\/wp-json\/wp\/v2\/categories?post=179472"},{"taxonomy":"post_tag","embeddable":true,"href":"https:\/\/www.em.com.br\/emfoco\/wp-json\/wp\/v2\/tags?post=179472"}],"curies":[{"name":"wp","href":"https:\/\/api.w.org\/{rel}","templated":true}]}}