{"id":179468,"date":"2026-03-10T17:00:00","date_gmt":"2026-03-10T20:00:00","guid":{"rendered":"https:\/\/www.em.com.br\/emfoco\/?p=179468"},"modified":"2026-03-10T16:22:44","modified_gmt":"2026-03-10T19:22:44","slug":"vazamento-de-tubulacao-danifica-imovel-e-justica-determina-indenizacao-de-r-37-mil-por-danos-materiais-ao-morador","status":"publish","type":"post","link":"https:\/\/www.em.com.br\/emfoco\/2026\/03\/10\/vazamento-de-tubulacao-danifica-imovel-e-justica-determina-indenizacao-de-r-37-mil-por-danos-materiais-ao-morador\/","title":{"rendered":"Vazamento de tubula\u00e7\u00e3o danifica im\u00f3vel e Justi\u00e7a determina indeniza\u00e7\u00e3o de R$ 37 mil por danos materiais ao morador"},"content":{"rendered":"\n<p>O caso envolvendo a <strong>Companhia de Saneamento de Minas Gerais<\/strong> (Copasa) e um morador do<strong> Aglomerado da Serra<\/strong>, em <strong>Belo Horizonte<\/strong>, evidencia como o Judici\u00e1rio tem lidado com danos causados por servi\u00e7os p\u00fablicos essenciais, ap\u00f3s o rompimento de tubula\u00e7\u00e3o subterr\u00e2nea que gerou infiltra\u00e7\u00f5es, rachaduras, risco de desabamento e levou o propriet\u00e1rio a buscar indeniza\u00e7\u00e3o por preju\u00edzos materiais e morais.<\/p>\n\n\n\n<h2 class=\"wp-block-heading\">Indeniza\u00e7\u00e3o por danos materiais e morais em rompimento de tubula\u00e7\u00e3o<\/h2>\n\n\n\n<p>A discuss\u00e3o sobre\u00a0<strong>indeniza\u00e7\u00e3o por danos materiais e morais<\/strong>\u00a0nesses casos envolve tanto os gastos concretos com reparos quanto o abalo emocional sofrido pela fam\u00edlia. No processo analisado pelo <strong>TJMG<\/strong>, laudos t\u00e9cnicos, or\u00e7amentos e relatos mostraram a gravidade da situa\u00e7\u00e3o do im\u00f3vel, que inclu\u00eda casas e uma loja.<\/p>\n\n\n\n<p>O tribunal elevou os danos materiais para cerca de<strong> R$ 37 mil<\/strong> e fixou os danos morais em <strong>R$ 8 mil<\/strong>, modificando a senten\u00e7a de primeira inst\u00e2ncia. A decis\u00e3o considerou a necessidade de recompor a estrutura, evitar colapso da constru\u00e7\u00e3o e compensar o medo, a inseguran\u00e7a e a perda de sossego dos moradores.<\/p>\n\n\n\n<figure class=\"wp-block-image size-large\"><img loading=\"lazy\" decoding=\"async\" width=\"1024\" height=\"576\" src=\"https:\/\/www.em.com.br\/emfoco\/wp-content\/uploads\/2026\/03\/ChatGPT-Image-9-de-mar.-de-2026-17_01_46-1-1024x576.png\" alt=\"Um vazamento virou pesadelo e terminou com decis\u00e3o pesada\" class=\"wp-image-179479\" srcset=\"https:\/\/www.em.com.br\/emfoco\/wp-content\/uploads\/2026\/03\/ChatGPT-Image-9-de-mar.-de-2026-17_01_46-1-1024x576.png 1024w, https:\/\/www.em.com.br\/emfoco\/wp-content\/uploads\/2026\/03\/ChatGPT-Image-9-de-mar.-de-2026-17_01_46-1-300x169.png 300w, https:\/\/www.em.com.br\/emfoco\/wp-content\/uploads\/2026\/03\/ChatGPT-Image-9-de-mar.-de-2026-17_01_46-1-768x432.png 768w, https:\/\/www.em.com.br\/emfoco\/wp-content\/uploads\/2026\/03\/ChatGPT-Image-9-de-mar.-de-2026-17_01_46-1-750x422.png 750w, https:\/\/www.em.com.br\/emfoco\/wp-content\/uploads\/2026\/03\/ChatGPT-Image-9-de-mar.-de-2026-17_01_46-1-1140x641.png 1140w, https:\/\/www.em.com.br\/emfoco\/wp-content\/uploads\/2026\/03\/ChatGPT-Image-9-de-mar.-de-2026-17_01_46-1.png 1280w\" sizes=\"auto, (max-width: 1024px) 100vw, 1024px\" \/><figcaption class=\"wp-element-caption\">Um vazamento virou pesadelo e terminou com decis\u00e3o pesada<\/figcaption><\/figure>\n\n\n\n<h2 class=\"wp-block-heading\">Como funciona a responsabilidade da Copasa nesses casos<\/h2>\n\n\n\n<p>A&nbsp;<strong>responsabilidade da Copasa<\/strong>&nbsp;foi analisada sob a \u00f3tica da responsabilidade objetiva, em que n\u00e3o \u00e9 preciso provar culpa, mas sim o dano, o nexo com o servi\u00e7o e a atua\u00e7\u00e3o da concession\u00e1ria. Uma vez comprovado que a tubula\u00e7\u00e3o operada pela empresa se rompeu e causou o vazamento, surge o dever de indenizar.<\/p>\n\n\n\n<p>Esse entendimento segue o C\u00f3digo de Defesa do Consumidor e a jurisprud\u00eancia sobre concession\u00e1rias de servi\u00e7os p\u00fablicos. O morador \u00e9 considerado consumidor final, e a empresa s\u00f3 se exime se provar culpa exclusiva de terceiros ou da v\u00edtima, o que n\u00e3o ocorreu nesse caso espec\u00edfico.<\/p>\n\n\n\n<h2 class=\"wp-block-heading\">Quais provas refor\u00e7am o direito \u00e0 indeniza\u00e7\u00e3o do consumidor<\/h2>\n\n\n\n<p>No julgamento, o laudo pericial confirmou que a infiltra\u00e7\u00e3o causada pelo rompimento comprometeu a estrutura do im\u00f3vel. Mesmo sem projeto formal de engenharia para cada etapa emergencial, os desembargadores entenderam que os valores apresentados eram compat\u00edveis com o n\u00edvel de destrui\u00e7\u00e3o e o risco estrutural.<\/p>\n\n\n\n<p>Alguns elementos probat\u00f3rios foram decisivos para demonstrar o dano e o v\u00ednculo com o servi\u00e7o prestado pela Copasa:<\/p>\n\n\n\n<ul class=\"wp-block-list\">\n<li><strong>Dano comprovado<\/strong>: laudo t\u00e9cnico apontando rachaduras, infiltra\u00e7\u00f5es e risco de desabamento;<\/li>\n\n\n\n<li><strong>Liga\u00e7\u00e3o com o servi\u00e7o<\/strong>: vazamento de grande volume de \u00e1gua oriundo de rede operada pela concession\u00e1ria;<\/li>\n\n\n\n<li><strong>Condi\u00e7\u00e3o de consumidor<\/strong>: propriet\u00e1rio do im\u00f3vel atendido e afetado pelo servi\u00e7o de saneamento.<\/li>\n<\/ul>\n\n\n\n<h2 class=\"wp-block-heading\">Como o morador pode buscar indeniza\u00e7\u00e3o em situa\u00e7\u00f5es semelhantes<\/h2>\n\n\n\n<p>Em casos de vazamento, rompimento de tubula\u00e7\u00e3o ou falha na rede, \u00e9 fundamental registrar tudo de forma organizada, desde o primeiro sinal de problema. Fotos, v\u00eddeos, protocolos de atendimento e laudos t\u00e9cnicos ajudam a demonstrar o dano e a rela\u00e7\u00e3o com o servi\u00e7o da concession\u00e1ria.<\/p>\n\n\n\n<figure class=\"wp-block-image size-large\"><img loading=\"lazy\" decoding=\"async\" width=\"1024\" height=\"576\" src=\"https:\/\/www.em.com.br\/emfoco\/wp-content\/uploads\/2026\/03\/ChatGPT-Image-9-de-mar.-de-2026-17_05_00-1-1024x576.png\" alt=\"Um vazamento virou pesadelo e terminou com decis\u00e3o pesada\" class=\"wp-image-179483\" srcset=\"https:\/\/www.em.com.br\/emfoco\/wp-content\/uploads\/2026\/03\/ChatGPT-Image-9-de-mar.-de-2026-17_05_00-1-1024x576.png 1024w, https:\/\/www.em.com.br\/emfoco\/wp-content\/uploads\/2026\/03\/ChatGPT-Image-9-de-mar.-de-2026-17_05_00-1-300x169.png 300w, https:\/\/www.em.com.br\/emfoco\/wp-content\/uploads\/2026\/03\/ChatGPT-Image-9-de-mar.-de-2026-17_05_00-1-768x432.png 768w, https:\/\/www.em.com.br\/emfoco\/wp-content\/uploads\/2026\/03\/ChatGPT-Image-9-de-mar.-de-2026-17_05_00-1-750x422.png 750w, https:\/\/www.em.com.br\/emfoco\/wp-content\/uploads\/2026\/03\/ChatGPT-Image-9-de-mar.-de-2026-17_05_00-1-1140x641.png 1140w, https:\/\/www.em.com.br\/emfoco\/wp-content\/uploads\/2026\/03\/ChatGPT-Image-9-de-mar.-de-2026-17_05_00-1.png 1280w\" sizes=\"auto, (max-width: 1024px) 100vw, 1024px\" \/><figcaption class=\"wp-element-caption\">Um vazamento virou pesadelo e terminou com decis\u00e3o pesada<\/figcaption><\/figure>\n\n\n\n<p>Essas etapas costumam ser relevantes para fortalecer o pedido de indeniza\u00e7\u00e3o, inclusive se houver necessidade de a\u00e7\u00e3o judicial:<\/p>\n\n\n\n<ol class=\"wp-block-list\">\n<li><strong>Registro do problema junto \u00e0 concession\u00e1ria<\/strong><br>Abrir protocolo, relatar o ocorrido e guardar n\u00famero de registro, datas e respostas.<\/li>\n\n\n\n<li><strong>Produ\u00e7\u00e3o de provas<\/strong><br>Fotografar rachaduras, infiltra\u00e7\u00f5es e guardar notas fiscais de reparos e materiais.<\/li>\n\n\n\n<li><strong>Avalia\u00e7\u00e3o t\u00e9cnica<\/strong><br>Solicitar laudo de engenheiro ou perito indicando causa prov\u00e1vel e riscos estruturais.<\/li>\n\n\n\n<li><strong>Tentativa de solu\u00e7\u00e3o administrativa<\/strong><br>Buscar acordo com a empresa, apresentando documentos e gastos j\u00e1 realizados.<\/li>\n\n\n\n<li><strong>A\u00e7\u00e3o judicial<\/strong><br>Se n\u00e3o houver solu\u00e7\u00e3o, ajuizar a\u00e7\u00e3o por danos materiais e, quando cab\u00edvel, morais.<\/li>\n<\/ol>\n\n\n\n<h2 class=\"wp-block-heading\">Quais s\u00e3o os impactos pr\u00e1ticos dessa decis\u00e3o e o que fazer agora<\/h2>\n\n\n\n<p>Decis\u00f5es como a do <a href=\"https:\/\/www.tjmg.jus.br\/portal-tjmg\/noticias\/justica-eleva-indenizacao-a-morador-por-imovel-danificado-por-vazamento.htm\" target=\"_blank\" rel=\"noreferrer noopener\">TJMG <\/a>servem de par\u00e2metro para outros processos e refor\u00e7am que\u00a0<strong>danos estruturais e transtornos de moradia<\/strong>\u00a0podem e devem ser reparados judicialmente. Elas pressionam as concession\u00e1rias a manterem as redes com mais rigor e a responderem com rapidez a vazamentos, sob pena de arcar com indeniza\u00e7\u00f5es maiores.<\/p>\n\n\n\n<p>Se voc\u00ea enfrenta situa\u00e7\u00e3o parecida, n\u00e3o espere o problema se agravar ou o im\u00f3vel ficar em risco: documente tudo, procure orienta\u00e7\u00e3o jur\u00eddica o quanto antes e exija seus direitos. Cada dia de atraso pode ampliar os danos, aumentar o perigo para sua fam\u00edlia e dificultar a prova em ju\u00edzo, por isso aja imediatamente para garantir prote\u00e7\u00e3o e repara\u00e7\u00e3o justa.<\/p>\n","protected":false},"excerpt":{"rendered":"<p>O caso envolvendo a Companhia de Saneamento de Minas Gerais (Copasa) e um morador do Aglomerado da Serra, em Belo Horizonte, evidencia como o Judici\u00e1rio tem lidado com danos causados por servi\u00e7os p\u00fablicos essenciais, ap\u00f3s o rompimento de tubula\u00e7\u00e3o subterr\u00e2nea que gerou infiltra\u00e7\u00f5es, rachaduras, risco de desabamento e levou o propriet\u00e1rio a buscar indeniza\u00e7\u00e3o por [&hellip;]<\/p>\n","protected":false},"author":11,"featured_media":179482,"comment_status":"open","ping_status":"open","sticky":false,"template":"","format":"standard","meta":{"jnews-multi-image_gallery":[],"jnews_single_post":{"format":"standard"},"jnews_primary_category":[],"jnews_social_meta":[],"jnews_override_counter":[],"footnotes":""},"categories":[28,1],"tags":[20325,3176,12376,1332,4118,25929],"class_list":["post-179468","post","type-post","status-publish","format-standard","has-post-thumbnail","hentry","category-economia","category-noticias","tag-danos-morais","tag-decisao-judicial","tag-imovel","tag-indenizacao","tag-vazamento","tag-vazamento-de-agua"],"yoast_head":"<!-- This site is optimized with the Yoast SEO plugin v23.8 - https:\/\/yoast.com\/wordpress\/plugins\/seo\/ -->\n<title>Vazamento de tubula\u00e7\u00e3o danifica im\u00f3vel e Justi\u00e7a determina indeniza\u00e7\u00e3o de R$ 37 mil por danos materiais ao morador - Estado de Minas - Em foco<\/title>\n<meta name=\"description\" content=\"Um vazamento da rede de \u00e1gua causou rachaduras e risco de desabamento em im\u00f3vel. Justi\u00e7a determinou indeniza\u00e7\u00e3o e caso acende alerta.\" \/>\n<meta name=\"robots\" content=\"index, follow, max-snippet:-1, max-image-preview:large, max-video-preview:-1\" \/>\n<link rel=\"canonical\" href=\"https:\/\/www.em.com.br\/emfoco\/2026\/03\/10\/vazamento-de-tubulacao-danifica-imovel-e-justica-determina-indenizacao-de-r-37-mil-por-danos-materiais-ao-morador\/\" \/>\n<meta property=\"og:locale\" content=\"pt_BR\" \/>\n<meta property=\"og:type\" content=\"article\" \/>\n<meta property=\"og:title\" content=\"Vazamento de tubula\u00e7\u00e3o danifica im\u00f3vel e Justi\u00e7a determina indeniza\u00e7\u00e3o de R$ 37 mil por danos materiais ao morador - Estado de Minas - Em foco\" \/>\n<meta property=\"og:description\" content=\"Um vazamento da rede de \u00e1gua causou rachaduras e risco de desabamento em im\u00f3vel. Justi\u00e7a determinou indeniza\u00e7\u00e3o e caso acende alerta.\" \/>\n<meta property=\"og:url\" content=\"https:\/\/www.em.com.br\/emfoco\/2026\/03\/10\/vazamento-de-tubulacao-danifica-imovel-e-justica-determina-indenizacao-de-r-37-mil-por-danos-materiais-ao-morador\/\" \/>\n<meta property=\"og:site_name\" content=\"Estado de Minas - Em foco\" \/>\n<meta property=\"article:published_time\" content=\"2026-03-10T20:00:00+00:00\" \/>\n<meta property=\"article:modified_time\" content=\"2026-03-10T19:22:44+00:00\" \/>\n<meta property=\"og:image\" content=\"https:\/\/www.em.com.br\/emfoco\/wp-content\/uploads\/2026\/03\/Gemini_Generated_Image_b7v52rb7v52rb7v5-1.png\" \/>\n\t<meta property=\"og:image:width\" content=\"1280\" \/>\n\t<meta property=\"og:image:height\" content=\"720\" \/>\n\t<meta property=\"og:image:type\" content=\"image\/png\" \/>\n<meta name=\"author\" content=\"Andre\u0301 Rangel\u00a0\" \/>\n<meta name=\"twitter:card\" content=\"summary_large_image\" \/>\n<meta name=\"twitter:label1\" content=\"Escrito por\" \/>\n\t<meta name=\"twitter:data1\" content=\"Andre\u0301 Rangel\u00a0\" \/>\n\t<meta name=\"twitter:label2\" content=\"Est. tempo de leitura\" \/>\n\t<meta name=\"twitter:data2\" content=\"5 minutos\" \/>\n<!-- \/ Yoast SEO plugin. -->","yoast_head_json":{"title":"Vazamento de tubula\u00e7\u00e3o danifica im\u00f3vel e Justi\u00e7a determina indeniza\u00e7\u00e3o de R$ 37 mil por danos materiais ao morador - Estado de Minas - Em foco","description":"Um vazamento da rede de \u00e1gua causou rachaduras e risco de desabamento em im\u00f3vel. Justi\u00e7a determinou indeniza\u00e7\u00e3o e caso acende alerta.","robots":{"index":"index","follow":"follow","max-snippet":"max-snippet:-1","max-image-preview":"max-image-preview:large","max-video-preview":"max-video-preview:-1"},"canonical":"https:\/\/www.em.com.br\/emfoco\/2026\/03\/10\/vazamento-de-tubulacao-danifica-imovel-e-justica-determina-indenizacao-de-r-37-mil-por-danos-materiais-ao-morador\/","og_locale":"pt_BR","og_type":"article","og_title":"Vazamento de tubula\u00e7\u00e3o danifica im\u00f3vel e Justi\u00e7a determina indeniza\u00e7\u00e3o de R$ 37 mil por danos materiais ao morador - Estado de Minas - Em foco","og_description":"Um vazamento da rede de \u00e1gua causou rachaduras e risco de desabamento em im\u00f3vel. Justi\u00e7a determinou indeniza\u00e7\u00e3o e caso acende alerta.","og_url":"https:\/\/www.em.com.br\/emfoco\/2026\/03\/10\/vazamento-de-tubulacao-danifica-imovel-e-justica-determina-indenizacao-de-r-37-mil-por-danos-materiais-ao-morador\/","og_site_name":"Estado de Minas - Em foco","article_published_time":"2026-03-10T20:00:00+00:00","article_modified_time":"2026-03-10T19:22:44+00:00","og_image":[{"width":1280,"height":720,"url":"https:\/\/www.em.com.br\/emfoco\/wp-content\/uploads\/2026\/03\/Gemini_Generated_Image_b7v52rb7v52rb7v5-1.png","type":"image\/png"}],"author":"Andre\u0301 Rangel\u00a0","twitter_card":"summary_large_image","twitter_misc":{"Escrito por":"Andre\u0301 Rangel\u00a0","Est. tempo de leitura":"5 minutos"},"schema":{"@context":"https:\/\/schema.org","@graph":[{"@type":"WebPage","@id":"https:\/\/www.em.com.br\/emfoco\/2026\/03\/10\/vazamento-de-tubulacao-danifica-imovel-e-justica-determina-indenizacao-de-r-37-mil-por-danos-materiais-ao-morador\/","url":"https:\/\/www.em.com.br\/emfoco\/2026\/03\/10\/vazamento-de-tubulacao-danifica-imovel-e-justica-determina-indenizacao-de-r-37-mil-por-danos-materiais-ao-morador\/","name":"Vazamento de tubula\u00e7\u00e3o danifica im\u00f3vel e Justi\u00e7a determina indeniza\u00e7\u00e3o de R$ 37 mil por danos materiais ao morador - Estado de Minas - Em foco","isPartOf":{"@id":"https:\/\/www.em.com.br\/emfoco\/#website"},"primaryImageOfPage":{"@id":"https:\/\/www.em.com.br\/emfoco\/2026\/03\/10\/vazamento-de-tubulacao-danifica-imovel-e-justica-determina-indenizacao-de-r-37-mil-por-danos-materiais-ao-morador\/#primaryimage"},"image":{"@id":"https:\/\/www.em.com.br\/emfoco\/2026\/03\/10\/vazamento-de-tubulacao-danifica-imovel-e-justica-determina-indenizacao-de-r-37-mil-por-danos-materiais-ao-morador\/#primaryimage"},"thumbnailUrl":"https:\/\/www.em.com.br\/emfoco\/wp-content\/uploads\/2026\/03\/Gemini_Generated_Image_b7v52rb7v52rb7v5-1.png","datePublished":"2026-03-10T20:00:00+00:00","dateModified":"2026-03-10T19:22:44+00:00","author":{"@id":"https:\/\/www.em.com.br\/emfoco\/#\/schema\/person\/60eda09c1fedf0d6891f4cef4b60b8b8"},"description":"Um vazamento da rede de \u00e1gua causou rachaduras e risco de desabamento em im\u00f3vel. Justi\u00e7a determinou indeniza\u00e7\u00e3o e caso acende alerta.","breadcrumb":{"@id":"https:\/\/www.em.com.br\/emfoco\/2026\/03\/10\/vazamento-de-tubulacao-danifica-imovel-e-justica-determina-indenizacao-de-r-37-mil-por-danos-materiais-ao-morador\/#breadcrumb"},"inLanguage":"pt-BR","potentialAction":[{"@type":"ReadAction","target":["https:\/\/www.em.com.br\/emfoco\/2026\/03\/10\/vazamento-de-tubulacao-danifica-imovel-e-justica-determina-indenizacao-de-r-37-mil-por-danos-materiais-ao-morador\/"]}]},{"@type":"ImageObject","inLanguage":"pt-BR","@id":"https:\/\/www.em.com.br\/emfoco\/2026\/03\/10\/vazamento-de-tubulacao-danifica-imovel-e-justica-determina-indenizacao-de-r-37-mil-por-danos-materiais-ao-morador\/#primaryimage","url":"https:\/\/www.em.com.br\/emfoco\/wp-content\/uploads\/2026\/03\/Gemini_Generated_Image_b7v52rb7v52rb7v5-1.png","contentUrl":"https:\/\/www.em.com.br\/emfoco\/wp-content\/uploads\/2026\/03\/Gemini_Generated_Image_b7v52rb7v52rb7v5-1.png","width":1280,"height":720,"caption":"Um vazamento virou pesadelo e terminou com decis\u00e3o pesada"},{"@type":"BreadcrumbList","@id":"https:\/\/www.em.com.br\/emfoco\/2026\/03\/10\/vazamento-de-tubulacao-danifica-imovel-e-justica-determina-indenizacao-de-r-37-mil-por-danos-materiais-ao-morador\/#breadcrumb","itemListElement":[{"@type":"ListItem","position":1,"name":"In\u00edcio","item":"https:\/\/www.em.com.br\/emfoco\/"},{"@type":"ListItem","position":2,"name":"Vazamento de tubula\u00e7\u00e3o danifica im\u00f3vel e Justi\u00e7a determina indeniza\u00e7\u00e3o de R$ 37 mil por danos materiais ao morador"}]},{"@type":"WebSite","@id":"https:\/\/www.em.com.br\/emfoco\/#website","url":"https:\/\/www.em.com.br\/emfoco\/","name":"Estado de Minas - Em foco","description":"Acompanhe as \u00faltimas not\u00edcias e fique bem informado sobre tudo o que acontece em Minas Gerais, Brasil e no mundo.","potentialAction":[{"@type":"SearchAction","target":{"@type":"EntryPoint","urlTemplate":"https:\/\/www.em.com.br\/emfoco\/?s={search_term_string}"},"query-input":{"@type":"PropertyValueSpecification","valueRequired":true,"valueName":"search_term_string"}}],"inLanguage":"pt-BR"},{"@type":"Person","@id":"https:\/\/www.em.com.br\/emfoco\/#\/schema\/person\/60eda09c1fedf0d6891f4cef4b60b8b8","name":"Andre\u0301 Rangel\u00a0","image":{"@type":"ImageObject","inLanguage":"pt-BR","@id":"https:\/\/www.em.com.br\/emfoco\/#\/schema\/person\/image\/","url":"https:\/\/secure.gravatar.com\/avatar\/6234dc814c77c8ef6d8bba622c787efc?s=96&d=mm&r=g","contentUrl":"https:\/\/secure.gravatar.com\/avatar\/6234dc814c77c8ef6d8bba622c787efc?s=96&d=mm&r=g","caption":"Andre\u0301 Rangel\u00a0"},"url":"https:\/\/www.em.com.br\/emfoco\/author\/luizmyth\/"}]}},"_links":{"self":[{"href":"https:\/\/www.em.com.br\/emfoco\/wp-json\/wp\/v2\/posts\/179468","targetHints":{"allow":["GET"]}}],"collection":[{"href":"https:\/\/www.em.com.br\/emfoco\/wp-json\/wp\/v2\/posts"}],"about":[{"href":"https:\/\/www.em.com.br\/emfoco\/wp-json\/wp\/v2\/types\/post"}],"author":[{"embeddable":true,"href":"https:\/\/www.em.com.br\/emfoco\/wp-json\/wp\/v2\/users\/11"}],"replies":[{"embeddable":true,"href":"https:\/\/www.em.com.br\/emfoco\/wp-json\/wp\/v2\/comments?post=179468"}],"version-history":[{"count":3,"href":"https:\/\/www.em.com.br\/emfoco\/wp-json\/wp\/v2\/posts\/179468\/revisions"}],"predecessor-version":[{"id":179484,"href":"https:\/\/www.em.com.br\/emfoco\/wp-json\/wp\/v2\/posts\/179468\/revisions\/179484"}],"wp:featuredmedia":[{"embeddable":true,"href":"https:\/\/www.em.com.br\/emfoco\/wp-json\/wp\/v2\/media\/179482"}],"wp:attachment":[{"href":"https:\/\/www.em.com.br\/emfoco\/wp-json\/wp\/v2\/media?parent=179468"}],"wp:term":[{"taxonomy":"category","embeddable":true,"href":"https:\/\/www.em.com.br\/emfoco\/wp-json\/wp\/v2\/categories?post=179468"},{"taxonomy":"post_tag","embeddable":true,"href":"https:\/\/www.em.com.br\/emfoco\/wp-json\/wp\/v2\/tags?post=179468"}],"curies":[{"name":"wp","href":"https:\/\/api.w.org\/{rel}","templated":true}]}}