{"id":179457,"date":"2026-03-10T12:05:12","date_gmt":"2026-03-10T15:05:12","guid":{"rendered":"https:\/\/www.em.com.br\/emfoco\/?p=179457"},"modified":"2026-03-09T16:53:36","modified_gmt":"2026-03-09T19:53:36","slug":"a-fruta-tropical-que-atua-como-um-escudo-natural-para-o-seu-sistema-imunologico-contra-invasores","status":"publish","type":"post","link":"https:\/\/www.em.com.br\/emfoco\/2026\/03\/10\/a-fruta-tropical-que-atua-como-um-escudo-natural-para-o-seu-sistema-imunologico-contra-invasores\/","title":{"rendered":"A fruta tropical que atua como um escudo natural para o seu sistema imunol\u00f3gico contra invasores"},"content":{"rendered":"\n<p>Voc\u00ea j\u00e1 sentiu vontade de cuidar melhor da sua <b>sa\u00fade<\/b>, mas sem abrir m\u00e3o de um alimento bem <b>saboroso<\/b> e f\u00e1cil de usar no dia a dia? A <strong>graviola<\/strong>, fruta t\u00edpica de clima tropical, vem ganhando espa\u00e7o nas feiras e supermercados justamente por unir sabor marcante e bom valor nutricional<\/p>\n\n\n\n<h2 class=\"wp-block-heading\">Quais nutrientes se destacam na graviola<\/h2>\n\n\n\n<p>A palavra-chave central deste tema \u00e9 a <strong>graviola<\/strong>, pois \u00e9 a partir dela que se organizam as principais informa\u00e7\u00f5es sobre nutri\u00e7\u00e3o e <b>sa\u00fade<\/b>. Entre os componentes mais lembrados est\u00e3o a <strong>vitamina C<\/strong>, as vitaminas do complexo B (como B1, B2 e B3), al\u00e9m de minerais como <b>pot\u00e1ssio<\/b>, magn\u00e9sio e c\u00e1lcio, que ajudam no dia a dia do organismo.<\/p>\n\n\n\n<p>Em termos de valor energ\u00e9tico, a graviola tem quantidade moderada de <b>calorias<\/b>, ligadas principalmente aos seus carboidratos naturais. As fibras presentes na polpa ajudam na sensa\u00e7\u00e3o de saciedade e no funcionamento do <b>intestino<\/b>, enquanto os antioxidantes naturais protegem as c\u00e9lulas contra danos dos radicais livres, algo muito comentado em estudos sobre envelhecimento e bem-estar.<\/p>\n\n\n\n<figure class=\"wp-block-embed is-type-rich is-provider-pinterest wp-block-embed-pinterest\"><div class=\"wp-block-embed__wrapper\">\n<iframe loading=\"lazy\" title=\" \" src=\"https:\/\/assets.pinterest.com\/ext\/embed.html?id=4785143349688700&#038;src=oembed\" height=\"661\" width=\"450\" frameborder=\"0\" scrolling=\"no\" ><\/iframe>\n<\/div><\/figure>\n\n\n\n<p>Leia tamb\u00e9m:&nbsp;<a href=\"https:\/\/www.em.com.br\/emfoco\/2026\/03\/08\/a-trepadeira-que-transforma-pergolados-em-tuneis-verdes-e-ainda-produz-frutas-frescas\/\" target=\"_blank\" rel=\"noopener\">A trepadeira que transforma pergolados em t\u00faneis verdes e ainda produz frutas frescas<\/a><\/p>\n\n\n\n<h2 class=\"wp-block-heading\">Como a graviola pode ajudar o sistema imunol\u00f3gico<\/h2>\n\n\n\n<p>A rela\u00e7\u00e3o entre graviola e sistema imunol\u00f3gico se destaca pela presen\u00e7a de <strong>vitamina C<\/strong>, conhecida por participar diretamente das defesas do <b>organismo<\/b>. Esse nutriente auxilia na produ\u00e7\u00e3o e na efici\u00eancia de c\u00e9lulas de defesa e tamb\u00e9m atua na prote\u00e7\u00e3o contra processos oxidativos, ainda mais quando faz parte de uma rotina alimentar mais equilibrada.<\/p>\n\n\n\n<p>Al\u00e9m da <b>vitamina<\/b> C, a graviola oferece vitaminas do complexo B, que participam do metabolismo de prote\u00ednas, gorduras e carboidratos, fornecendo energia para o bom funcionamento das c\u00e9lulas de defesa. Minerais como o <b>zinco<\/b> (em pequenas quantidades) e o magn\u00e9sio tamb\u00e9m entram em rea\u00e7\u00f5es importantes para a imunidade, mas a fruta n\u00e3o substitui tratamentos m\u00e9dicos nem garante prote\u00e7\u00e3o total contra doen\u00e7as.<\/p>\n\n\n\n<figure class=\"wp-block-embed is-type-rich is-provider-pinterest wp-block-embed-pinterest\"><div class=\"wp-block-embed__wrapper\">\n<iframe loading=\"lazy\" title=\"Esse s\u00e3o os motivos deste ch\u00e1 ser t\u00e3o poderoso: graviola\" src=\"https:\/\/assets.pinterest.com\/ext\/embed.html?id=3799980930130017&#038;src=oembed\" height=\"899\" width=\"450\" frameborder=\"0\" scrolling=\"no\" ><\/iframe>\n<\/div><\/figure>\n\n\n\n<h2 class=\"wp-block-heading\">Quais benef\u00edcios a graviola pode trazer no dia a dia<\/h2>\n\n\n\n<p>No cotidiano, incluir <b>graviola<\/b> na alimenta\u00e7\u00e3o pode trazer vantagens ligadas ao seu perfil nutricional, como apoio ao sistema imunol\u00f3gico, ajuda no funcionamento intestinal e contribui\u00e7\u00e3o para o equil\u00edbrio da press\u00e3o arterial, devido ao pot\u00e1ssio. Em conjunto com outras frutas e alimentos <b>in natura<\/b>, ela ajuda a compor uma dieta variada, aspecto muito valorizado por profissionais de sa\u00fade para manter o bem-estar de forma mais constante.<\/p>\n\n\n\n<p>Quando se fala em graviola e sa\u00fade, costumam se destacar alguns pontos que ajudam a entender melhor como essa fruta pode entrar na <b>rotina<\/b>:<\/p>\n\n\n\n<ul class=\"wp-block-list\">\n<li><strong>Fortalecimento das defesas do organismo<\/strong>, gra\u00e7as \u00e0 vitamina C e a componentes <b>antioxidantes<\/b>.<\/li>\n\n\n\n<li><strong>Apoio ao intestino<\/strong>, por causa das fibras da <b>polpa<\/b>.<\/li>\n\n\n\n<li><strong>Contribui\u00e7\u00e3o para o equil\u00edbrio da press\u00e3o<\/strong>, por conter <b>pot\u00e1ssio<\/b>.<\/li>\n\n\n\n<li><strong>Aporte de energia<\/strong>, vindo dos carboidratos <b>naturais<\/b>.<\/li>\n\n\n\n<li><strong>Versatilidade na culin\u00e1ria<\/strong>, o que facilita o consumo <b>regular<\/b>.<\/li>\n<\/ul>\n\n\n\n<h2 class=\"wp-block-heading\">Como consumir graviola de forma pr\u00e1tica e segura<\/h2>\n\n\n\n<p>No preparo caseiro, a graviola costuma ser consumida madura, com a polpa retirada <b>manualmente<\/b>. \u00c9 comum o uso em sucos batidos com \u00e1gua ou leite, sorvetes artesanais, vitaminas e at\u00e9 recheios de sobremesas, tornando a rotina mais <b>agrad\u00e1vel<\/b>. Em algumas regi\u00f5es, as folhas s\u00e3o usadas em ch\u00e1s, mas o ideal \u00e9 ter orienta\u00e7\u00e3o profissional para evitar exageros na quantidade e na frequ\u00eancia.<\/p>\n\n\n\n<p>Para inserir a fruta no dia a dia, muitas pessoas alternam as formas de consumo ao longo da semana, mantendo variedade no <b>card\u00e1pio<\/b>. Combinar graviola com outras frutas, hortali\u00e7as, cereais integrais e boas fontes de prote\u00edna ajuda a buscar equil\u00edbrio nutricional. Em casos espec\u00edficos, como <b>diabetes<\/b> ou dietas com menos carboidratos, a quantidade deve ser ajustada com orienta\u00e7\u00e3o individualizada.<\/p>\n\n\n\n<p>Para voc\u00ea que gosta de se cudiar, separamos um v\u00eddeo do canal do <a href=\"https:\/\/www.youtube.com\/@DrJulianoTeles\" target=\"_blank\" rel=\"noreferrer noopener\">Dr Juliano Teles<\/a> com dicas para consumir e os benef\u00edcios da graviola:<\/p>\n\n\n\n<figure class=\"wp-block-embed is-type-video is-provider-youtube wp-block-embed-youtube wp-embed-aspect-16-9 wp-has-aspect-ratio\"><div class=\"wp-block-embed__wrapper\">\n<div class=\"jeg_video_container jeg_video_content\"><iframe loading=\"lazy\" title=\"Os benef\u00edcios do ch\u00e1 das folhas de graviola no combate ao c\u00e2ncer\" width=\"500\" height=\"281\" src=\"https:\/\/www.youtube.com\/embed\/tQtauwTbdmE?feature=oembed\" frameborder=\"0\" allow=\"accelerometer; autoplay; clipboard-write; encrypted-media; gyroscope; picture-in-picture; web-share\" referrerpolicy=\"strict-origin-when-cross-origin\" allowfullscreen><\/iframe><\/div>\n<\/div><\/figure>\n\n\n\n<h2 class=\"wp-block-heading\">Qual \u00e9 a tabela nutricional m\u00e9dia da graviola<\/h2>\n\n\n\n<p>A seguir, est\u00e1 um exemplo de composi\u00e7\u00e3o m\u00e9dia da <b>graviola<\/b>, considerando 100 gramas de polpa in natura. Esses valores podem variar conforme o grau de matura\u00e7\u00e3o, tipo de solo, clima e outras condi\u00e7\u00f5es de <b>cultivo<\/b>, mas j\u00e1 d\u00e3o uma boa ideia de como essa fruta pode entrar no seu plano alimentar.<\/p>\n\n\n\n<figure class=\"wp-block-table\"><table class=\"has-fixed-layout\"><tbody><tr><th>Componente<\/th><th>Quantidade aproximada por 100 g<\/th><\/tr><tr><td>Valor energ\u00e9tico<\/td><td>~60\u201370 <b>kcal<\/b><\/td><\/tr><tr><td>Carboidratos totais<\/td><td>~15\u201317 <b>g<\/b><\/td><\/tr><tr><td>Prote\u00ednas<\/td><td>~0,8\u20131,0 <b>g<\/b><\/td><\/tr><tr><td>Gorduras totais<\/td><td>~0,2\u20130,5 <b>g<\/b><\/td><\/tr><tr><td>Fibras<\/td><td>~1,5\u20133,0 <b>g<\/b><\/td><\/tr><tr><td>Vitamina C<\/td><td>~15\u201330 <b>mg<\/b><\/td><\/tr><tr><td>Vitamina B1 (tiamina)<\/td><td>~0,05\u20130,1 <b>mg<\/b><\/td><\/tr><tr><td>Vitamina B2 (riboflavina)<\/td><td>~0,02\u20130,05 <b>mg<\/b><\/td><\/tr><tr><td>Vitamina B3 (niacina)<\/td><td>~0,6\u20131,0 <b>mg<\/b><\/td><\/tr><tr><td>Pot\u00e1ssio<\/td><td>~250\u2013300 <b>mg<\/b><\/td><\/tr><tr><td>C\u00e1lcio<\/td><td>~10\u201320 <b>mg<\/b><\/td><\/tr><tr><td>Magn\u00e9sio<\/td><td>~20\u201330 <b>mg<\/b><\/td><\/tr><\/tbody><\/table><\/figure>\n\n\n\n<p>Ao pensar na graviola como parte da alimenta\u00e7\u00e3o, o ideal \u00e9 buscar sempre <b>modera\u00e7\u00e3o<\/b> e diversidade. Essa fruta pode contribuir para o sistema imunol\u00f3gico e para o aporte de vitaminas e minerais, sobretudo quando vem acompanhada de um padr\u00e3o alimentar equilibrado e h\u00e1bitos saud\u00e1veis, como atividade f\u00edsica, boa <b>hidrata\u00e7\u00e3o<\/b> e acompanhamento com profissionais de sa\u00fade.<\/p>\n","protected":false},"excerpt":{"rendered":"<p>Voc\u00ea j\u00e1 sentiu vontade de cuidar melhor da sua sa\u00fade, mas sem abrir m\u00e3o de um alimento bem saboroso e f\u00e1cil de usar no dia a dia? A graviola, fruta t\u00edpica de clima tropical, vem ganhando espa\u00e7o nas feiras e supermercados justamente por unir sabor marcante e bom valor nutricional Quais nutrientes se destacam na [&hellip;]<\/p>\n","protected":false},"author":9,"featured_media":179466,"comment_status":"open","ping_status":"open","sticky":false,"template":"","format":"standard","meta":{"jnews-multi-image_gallery":[],"jnews_single_post":{"format":"standard"},"jnews_primary_category":[],"jnews_social_meta":[],"jnews_override_counter":[],"footnotes":""},"categories":[8691,1],"tags":[14339,415,3080],"class_list":["post-179457","post","type-post","status-publish","format-standard","has-post-thumbnail","hentry","category-bem-estar","category-noticias","tag-graviola","tag-saude","tag-sistema-imunologico"],"yoast_head":"<!-- This site is optimized with the Yoast SEO plugin v23.8 - https:\/\/yoast.com\/wordpress\/plugins\/seo\/ -->\n<title>A fruta tropical que atua como um escudo natural para o seu sistema imunol\u00f3gico contra invasores - Estado de Minas - Em foco<\/title>\n<meta name=\"description\" content=\"Descubra como a graviola fortalece a imunidade e melhora a sa\u00fade do cora\u00e7\u00e3o com nutrientes poderosos\" \/>\n<meta name=\"robots\" content=\"index, follow, max-snippet:-1, max-image-preview:large, max-video-preview:-1\" \/>\n<link rel=\"canonical\" href=\"https:\/\/www.em.com.br\/emfoco\/2026\/03\/10\/a-fruta-tropical-que-atua-como-um-escudo-natural-para-o-seu-sistema-imunologico-contra-invasores\/\" \/>\n<meta property=\"og:locale\" content=\"pt_BR\" \/>\n<meta property=\"og:type\" content=\"article\" \/>\n<meta property=\"og:title\" content=\"A fruta tropical que atua como um escudo natural para o seu sistema imunol\u00f3gico contra invasores - Estado de Minas - Em foco\" \/>\n<meta property=\"og:description\" content=\"Descubra como a graviola fortalece a imunidade e melhora a sa\u00fade do cora\u00e7\u00e3o com nutrientes poderosos\" \/>\n<meta property=\"og:url\" content=\"https:\/\/www.em.com.br\/emfoco\/2026\/03\/10\/a-fruta-tropical-que-atua-como-um-escudo-natural-para-o-seu-sistema-imunologico-contra-invasores\/\" \/>\n<meta property=\"og:site_name\" content=\"Estado de Minas - Em foco\" \/>\n<meta property=\"article:published_time\" content=\"2026-03-10T15:05:12+00:00\" \/>\n<meta property=\"article:modified_time\" content=\"2026-03-09T19:53:36+00:00\" \/>\n<meta property=\"og:image\" content=\"https:\/\/www.em.com.br\/emfoco\/wp-content\/uploads\/2026\/03\/Gemini_Generated_Image_bw3tx5bw3tx5bw3t-1.png\" \/>\n\t<meta property=\"og:image:width\" content=\"1280\" \/>\n\t<meta property=\"og:image:height\" content=\"720\" \/>\n\t<meta property=\"og:image:type\" content=\"image\/png\" \/>\n<meta name=\"author\" content=\"Daniely Cardoso\" \/>\n<meta name=\"twitter:card\" content=\"summary_large_image\" \/>\n<meta name=\"twitter:label1\" content=\"Escrito por\" \/>\n\t<meta name=\"twitter:data1\" content=\"Daniely Cardoso\" \/>\n\t<meta name=\"twitter:label2\" content=\"Est. tempo de leitura\" \/>\n\t<meta name=\"twitter:data2\" content=\"5 minutos\" \/>\n<!-- \/ Yoast SEO plugin. -->","yoast_head_json":{"title":"A fruta tropical que atua como um escudo natural para o seu sistema imunol\u00f3gico contra invasores - Estado de Minas - Em foco","description":"Descubra como a graviola fortalece a imunidade e melhora a sa\u00fade do cora\u00e7\u00e3o com nutrientes poderosos","robots":{"index":"index","follow":"follow","max-snippet":"max-snippet:-1","max-image-preview":"max-image-preview:large","max-video-preview":"max-video-preview:-1"},"canonical":"https:\/\/www.em.com.br\/emfoco\/2026\/03\/10\/a-fruta-tropical-que-atua-como-um-escudo-natural-para-o-seu-sistema-imunologico-contra-invasores\/","og_locale":"pt_BR","og_type":"article","og_title":"A fruta tropical que atua como um escudo natural para o seu sistema imunol\u00f3gico contra invasores - Estado de Minas - Em foco","og_description":"Descubra como a graviola fortalece a imunidade e melhora a sa\u00fade do cora\u00e7\u00e3o com nutrientes poderosos","og_url":"https:\/\/www.em.com.br\/emfoco\/2026\/03\/10\/a-fruta-tropical-que-atua-como-um-escudo-natural-para-o-seu-sistema-imunologico-contra-invasores\/","og_site_name":"Estado de Minas - Em foco","article_published_time":"2026-03-10T15:05:12+00:00","article_modified_time":"2026-03-09T19:53:36+00:00","og_image":[{"width":1280,"height":720,"url":"https:\/\/www.em.com.br\/emfoco\/wp-content\/uploads\/2026\/03\/Gemini_Generated_Image_bw3tx5bw3tx5bw3t-1.png","type":"image\/png"}],"author":"Daniely Cardoso","twitter_card":"summary_large_image","twitter_misc":{"Escrito por":"Daniely Cardoso","Est. tempo de leitura":"5 minutos"},"schema":{"@context":"https:\/\/schema.org","@graph":[{"@type":"WebPage","@id":"https:\/\/www.em.com.br\/emfoco\/2026\/03\/10\/a-fruta-tropical-que-atua-como-um-escudo-natural-para-o-seu-sistema-imunologico-contra-invasores\/","url":"https:\/\/www.em.com.br\/emfoco\/2026\/03\/10\/a-fruta-tropical-que-atua-como-um-escudo-natural-para-o-seu-sistema-imunologico-contra-invasores\/","name":"A fruta tropical que atua como um escudo natural para o seu sistema imunol\u00f3gico contra invasores - Estado de Minas - Em foco","isPartOf":{"@id":"https:\/\/www.em.com.br\/emfoco\/#website"},"primaryImageOfPage":{"@id":"https:\/\/www.em.com.br\/emfoco\/2026\/03\/10\/a-fruta-tropical-que-atua-como-um-escudo-natural-para-o-seu-sistema-imunologico-contra-invasores\/#primaryimage"},"image":{"@id":"https:\/\/www.em.com.br\/emfoco\/2026\/03\/10\/a-fruta-tropical-que-atua-como-um-escudo-natural-para-o-seu-sistema-imunologico-contra-invasores\/#primaryimage"},"thumbnailUrl":"https:\/\/www.em.com.br\/emfoco\/wp-content\/uploads\/2026\/03\/Gemini_Generated_Image_bw3tx5bw3tx5bw3t-1.png","datePublished":"2026-03-10T15:05:12+00:00","dateModified":"2026-03-09T19:53:36+00:00","author":{"@id":"https:\/\/www.em.com.br\/emfoco\/#\/schema\/person\/0a8186d72f2c3a5c6276d90b41f271a0"},"description":"Descubra como a graviola fortalece a imunidade e melhora a sa\u00fade do cora\u00e7\u00e3o com nutrientes poderosos","breadcrumb":{"@id":"https:\/\/www.em.com.br\/emfoco\/2026\/03\/10\/a-fruta-tropical-que-atua-como-um-escudo-natural-para-o-seu-sistema-imunologico-contra-invasores\/#breadcrumb"},"inLanguage":"pt-BR","potentialAction":[{"@type":"ReadAction","target":["https:\/\/www.em.com.br\/emfoco\/2026\/03\/10\/a-fruta-tropical-que-atua-como-um-escudo-natural-para-o-seu-sistema-imunologico-contra-invasores\/"]}]},{"@type":"ImageObject","inLanguage":"pt-BR","@id":"https:\/\/www.em.com.br\/emfoco\/2026\/03\/10\/a-fruta-tropical-que-atua-como-um-escudo-natural-para-o-seu-sistema-imunologico-contra-invasores\/#primaryimage","url":"https:\/\/www.em.com.br\/emfoco\/wp-content\/uploads\/2026\/03\/Gemini_Generated_Image_bw3tx5bw3tx5bw3t-1.png","contentUrl":"https:\/\/www.em.com.br\/emfoco\/wp-content\/uploads\/2026\/03\/Gemini_Generated_Image_bw3tx5bw3tx5bw3t-1.png","width":1280,"height":720,"caption":"A vitamina C atua na forma\u00e7\u00e3o de prote\u00ednas que mant\u00eam a sustenta\u00e7\u00e3o do tecido epitelial por muitos anos"},{"@type":"BreadcrumbList","@id":"https:\/\/www.em.com.br\/emfoco\/2026\/03\/10\/a-fruta-tropical-que-atua-como-um-escudo-natural-para-o-seu-sistema-imunologico-contra-invasores\/#breadcrumb","itemListElement":[{"@type":"ListItem","position":1,"name":"In\u00edcio","item":"https:\/\/www.em.com.br\/emfoco\/"},{"@type":"ListItem","position":2,"name":"A fruta tropical que atua como um escudo natural para o seu sistema imunol\u00f3gico contra invasores"}]},{"@type":"WebSite","@id":"https:\/\/www.em.com.br\/emfoco\/#website","url":"https:\/\/www.em.com.br\/emfoco\/","name":"Estado de Minas - Em foco","description":"Acompanhe as \u00faltimas not\u00edcias e fique bem informado sobre tudo o que acontece em Minas Gerais, Brasil e no mundo.","potentialAction":[{"@type":"SearchAction","target":{"@type":"EntryPoint","urlTemplate":"https:\/\/www.em.com.br\/emfoco\/?s={search_term_string}"},"query-input":{"@type":"PropertyValueSpecification","valueRequired":true,"valueName":"search_term_string"}}],"inLanguage":"pt-BR"},{"@type":"Person","@id":"https:\/\/www.em.com.br\/emfoco\/#\/schema\/person\/0a8186d72f2c3a5c6276d90b41f271a0","name":"Daniely Cardoso","image":{"@type":"ImageObject","inLanguage":"pt-BR","@id":"https:\/\/www.em.com.br\/emfoco\/#\/schema\/person\/image\/","url":"https:\/\/secure.gravatar.com\/avatar\/4b80ddbd124d1f071b626d52d62e5dff?s=96&d=mm&r=g","contentUrl":"https:\/\/secure.gravatar.com\/avatar\/4b80ddbd124d1f071b626d52d62e5dff?s=96&d=mm&r=g","caption":"Daniely Cardoso"},"url":"https:\/\/www.em.com.br\/emfoco\/author\/danielymyth\/"}]}},"_links":{"self":[{"href":"https:\/\/www.em.com.br\/emfoco\/wp-json\/wp\/v2\/posts\/179457","targetHints":{"allow":["GET"]}}],"collection":[{"href":"https:\/\/www.em.com.br\/emfoco\/wp-json\/wp\/v2\/posts"}],"about":[{"href":"https:\/\/www.em.com.br\/emfoco\/wp-json\/wp\/v2\/types\/post"}],"author":[{"embeddable":true,"href":"https:\/\/www.em.com.br\/emfoco\/wp-json\/wp\/v2\/users\/9"}],"replies":[{"embeddable":true,"href":"https:\/\/www.em.com.br\/emfoco\/wp-json\/wp\/v2\/comments?post=179457"}],"version-history":[{"count":2,"href":"https:\/\/www.em.com.br\/emfoco\/wp-json\/wp\/v2\/posts\/179457\/revisions"}],"predecessor-version":[{"id":179467,"href":"https:\/\/www.em.com.br\/emfoco\/wp-json\/wp\/v2\/posts\/179457\/revisions\/179467"}],"wp:featuredmedia":[{"embeddable":true,"href":"https:\/\/www.em.com.br\/emfoco\/wp-json\/wp\/v2\/media\/179466"}],"wp:attachment":[{"href":"https:\/\/www.em.com.br\/emfoco\/wp-json\/wp\/v2\/media?parent=179457"}],"wp:term":[{"taxonomy":"category","embeddable":true,"href":"https:\/\/www.em.com.br\/emfoco\/wp-json\/wp\/v2\/categories?post=179457"},{"taxonomy":"post_tag","embeddable":true,"href":"https:\/\/www.em.com.br\/emfoco\/wp-json\/wp\/v2\/tags?post=179457"}],"curies":[{"name":"wp","href":"https:\/\/api.w.org\/{rel}","templated":true}]}}