{"id":179434,"date":"2026-03-11T08:30:00","date_gmt":"2026-03-11T11:30:00","guid":{"rendered":"https:\/\/www.em.com.br\/emfoco\/?p=179434"},"modified":"2026-03-10T23:47:20","modified_gmt":"2026-03-11T02:47:20","slug":"foi-confirmado-que-seguro-de-carro-pode-ser-deduzido-no-imposto-de-renda-desde-que-motorista-cumpra-este-requisito","status":"publish","type":"post","link":"https:\/\/www.em.com.br\/emfoco\/2026\/03\/11\/foi-confirmado-que-seguro-de-carro-pode-ser-deduzido-no-imposto-de-renda-desde-que-motorista-cumpra-este-requisito\/","title":{"rendered":"Foi confirmado que seguro de carro pode ser deduzido no imposto de renda, desde que motorista cumpra este requisito"},"content":{"rendered":"\n<p>Todos os anos, ao preparar a declara\u00e7\u00e3o de<strong> Imposto de Renda<\/strong>, muitos contribuintes se perguntam se o seguro do carro pode reduzir o valor a pagar ao Fisco. Na <strong>Espanha <\/strong>e no <strong>Brasil<\/strong>, as regras s\u00e3o bem diferentes, e entender quando o ve\u00edculo \u00e9 considerado ferramenta de trabalho, e quando \u00e9 apenas bem de uso pessoal, faz toda a diferen\u00e7a para n\u00e3o perder benef\u00edcios nem correr riscos com o Le\u00e3o.<\/p>\n\n\n\n<h2 class=\"wp-block-heading\">Quem pode deduzir o seguro do carro no Imposto de Renda<\/h2>\n\n\n\n<p>O seguro do carro no <strong>IRPF <\/strong>s\u00f3 \u00e9 dedut\u00edvel, na Espanha, quando o ve\u00edculo est\u00e1 formalmente ligado a uma atividade profissional ou empresarial e \u00e9 necess\u00e1rio para gerar renda.<\/p>\n\n\n\n<p>Em geral, isso beneficia trabalhadores aut\u00f4nomos, empres\u00e1rios individuais e profissionais liberais que usam o ve\u00edculo em visitas a clientes, entregas ou servi\u00e7os externos frequentes, deixando de ser apenas bem de uso particular para se tornar instrumento de trabalho.<\/p>\n\n\n\n<figure class=\"wp-block-image size-large\"><img loading=\"lazy\" decoding=\"async\" width=\"1024\" height=\"576\" src=\"https:\/\/www.em.com.br\/emfoco\/wp-content\/uploads\/2026\/03\/Gemini_Generated_Image_8igz2h8igz2h8igz-1-1024x576.png\" alt=\"O detalhe no seguro do carro que pode mudar sua declara\u00e7\u00e3o\" class=\"wp-image-179442\" srcset=\"https:\/\/www.em.com.br\/emfoco\/wp-content\/uploads\/2026\/03\/Gemini_Generated_Image_8igz2h8igz2h8igz-1-1024x576.png 1024w, https:\/\/www.em.com.br\/emfoco\/wp-content\/uploads\/2026\/03\/Gemini_Generated_Image_8igz2h8igz2h8igz-1-300x169.png 300w, https:\/\/www.em.com.br\/emfoco\/wp-content\/uploads\/2026\/03\/Gemini_Generated_Image_8igz2h8igz2h8igz-1-768x432.png 768w, https:\/\/www.em.com.br\/emfoco\/wp-content\/uploads\/2026\/03\/Gemini_Generated_Image_8igz2h8igz2h8igz-1-750x422.png 750w, https:\/\/www.em.com.br\/emfoco\/wp-content\/uploads\/2026\/03\/Gemini_Generated_Image_8igz2h8igz2h8igz-1-1140x641.png 1140w, https:\/\/www.em.com.br\/emfoco\/wp-content\/uploads\/2026\/03\/Gemini_Generated_Image_8igz2h8igz2h8igz-1.png 1280w\" sizes=\"auto, (max-width: 1024px) 100vw, 1024px\" \/><figcaption class=\"wp-element-caption\">O detalhe no seguro do carro que pode mudar sua declara\u00e7\u00e3o<\/figcaption><\/figure>\n\n\n\n<h2 class=\"wp-block-heading\">Como funciona o seguro do carro no Imposto de Renda do Brasil em 2026<\/h2>\n\n\n\n<p>No Brasil, em 2026, motoristas pessoas f\u00edsicas n\u00e3o podem deduzir as mensalidades do seguro de carro no IRPF. Despesas com seguros de autom\u00f3vel n\u00e3o reduzem o imposto a pagar nem aumentam a restitui\u00e7\u00e3o, ainda que o ve\u00edculo seja usado todos os dias.<\/p>\n\n\n\n<p>Existem, por\u00e9m, regras espec\u00edficas para casos de indeniza\u00e7\u00e3o e para quem atua com transporte de passageiros, o que muda a forma de declarar valores recebidos da seguradora e a tributa\u00e7\u00e3o sobre os rendimentos da atividade.<\/p>\n\n\n\n<ul class=\"wp-block-list\">\n<li><strong>Pagamentos mensais do seguro:<\/strong>\u00a0n\u00e3o s\u00e3o dedut\u00edveis e n\u00e3o entram como despesa na declara\u00e7\u00e3o de IRPF.<\/li>\n\n\n\n<li><strong>Indeniza\u00e7\u00f5es por sinistro:<\/strong>\u00a0em geral s\u00e3o isentas, mas devem ser informadas em \u201cRendimentos Isentos e N\u00e3o Tribut\u00e1veis\u201d.<\/li>\n\n\n\n<li><strong>Motoristas de aplicativo e aut\u00f4nomos:<\/strong>\u00a0n\u00e3o deduzem o seguro no Livro Caixa, mas t\u00eam 40% do rendimento bruto isento para cobrir custos como seguro, combust\u00edvel e manuten\u00e7\u00e3o.<\/li>\n\n\n\n<li><strong>Perda total ou roubo n\u00e3o recuperado:<\/strong>\u00a0o contribuinte deve dar baixa do carro em \u201cBens e Direitos\u201d e registrar a indeniza\u00e7\u00e3o como rendimento isento.<\/li>\n<\/ul>\n\n\n\n<h2 class=\"wp-block-heading\">Em quais condi\u00e7\u00f5es o seguro do carro \u00e9 dedut\u00edvel no IRPF espanhol<\/h2>\n\n\n\n<p>Na Espanha, para que o seguro do carro seja dedut\u00edvel, o ve\u00edculo deve estar afeto \u00e0 atividade econ\u00f4mica, ou seja, vinculado de forma direta, habitual e comprov\u00e1vel ao exerc\u00edcio profissional. Usos pontuais ou espor\u00e1dicos para trabalho n\u00e3o s\u00e3o suficientes para justificar a dedu\u00e7\u00e3o.<\/p>\n\n\n\n<p>A despesa precisa estar bem documentada, com fatura da seguradora identificando titular e ve\u00edculo, al\u00e9m de registro correto nos livros de receitas e despesas. Em eventual revis\u00e3o, a <strong>Ag\u00eancia Tribut\u00e1ria<\/strong> pode exigir esses comprovantes para validar o abatimento.<\/p>\n\n\n\n<figure class=\"wp-block-image\"><img decoding=\"async\" src=\"https:\/\/www.em.com.br\/emfoco\/wp-content\/uploads\/2025\/06\/recall-carros_1749137131338-1024x576.jpg\" alt=\"\"\/><figcaption class=\"wp-element-caption\">O detalhe no seguro do carro que pode mudar sua declara\u00e7\u00e3o &#8211; Cr\u00e9ditos: depositphotos.com \/ welcomia<\/figcaption><\/figure>\n\n\n\n<h2 class=\"wp-block-heading\">Como declarar o uso misto do ve\u00edculo e outros gastos relacionados<\/h2>\n\n\n\n<p>No uso misto, quando o carro serve tanto para a vida pessoal quanto para o trabalho, a administra\u00e7\u00e3o fiscal espanhola normalmente admite apenas a dedu\u00e7\u00e3o proporcional ao uso profissional. Assim, apenas a parcela realmente ligada \u00e0 atividade poder\u00e1 ser inclu\u00edda no IRPF como despesa dedut\u00edvel.<\/p>\n\n\n\n<p>Al\u00e9m do seguro de autom\u00f3vel, outros gastos diretamente relacionados ao exerc\u00edcio da atividade econ\u00f4mica podem ser deduzidos, desde que proporcionais ao uso profissional e com documenta\u00e7\u00e3o adequada, como combust\u00edvel, manuten\u00e7\u00e3o, ped\u00e1gios, estacionamentos e impostos do ve\u00edculo.<\/p>\n\n\n\n<h2 class=\"wp-block-heading\">Por que a documenta\u00e7\u00e3o \u00e9 decisiva e qual \u00e9 o risco de declarar errado<\/h2>\n\n\n\n<p>Para a administra\u00e7\u00e3o tribut\u00e1ria espanhola, mais importante que o tipo de gasto \u00e9 comprovar sua conex\u00e3o com a atividade econ\u00f4mica, seu percentual de uso profissional e a coer\u00eancia entre faturas, registros cont\u00e1beis e dados banc\u00e1rios. Controles fiscais cada vez mais informatizados tornam inconsist\u00eancias mais f\u00e1ceis de identificar.<\/p>\n\n\n\n<p>Se voc\u00ea usa o carro como ferramenta de trabalho, ajustar sua declara\u00e7\u00e3o ainda neste ano pode evitar autua\u00e7\u00f5es, multas salgadas e pagamento de imposto maior que o necess\u00e1rio. Busque orienta\u00e7\u00e3o fiscal especializada imediatamente: adiar essa decis\u00e3o pode significar perder dedu\u00e7\u00f5es leg\u00edtimas hoje ao seu alcance e comprometer seu caixa no futuro.<\/p>\n","protected":false},"excerpt":{"rendered":"<p>Todos os anos, ao preparar a declara\u00e7\u00e3o de Imposto de Renda, muitos contribuintes se perguntam se o seguro do carro pode reduzir o valor a pagar ao Fisco. Na Espanha e no Brasil, as regras s\u00e3o bem diferentes, e entender quando o ve\u00edculo \u00e9 considerado ferramenta de trabalho, e quando \u00e9 apenas bem de uso [&hellip;]<\/p>\n","protected":false},"author":11,"featured_media":174993,"comment_status":"open","ping_status":"open","sticky":false,"template":"","format":"standard","meta":{"jnews-multi-image_gallery":[],"jnews_single_post":{"format":"standard"},"jnews_primary_category":[],"jnews_social_meta":[],"jnews_override_counter":[],"footnotes":""},"categories":[28,1],"tags":[4928,818,716,5315,713,25921],"class_list":["post-179434","post","type-post","status-publish","format-standard","has-post-thumbnail","hentry","category-economia","category-noticias","tag-automovel","tag-carro","tag-declaracao","tag-declaracao-de-imposto","tag-imposto-de-renda","tag-seguro-de-carro"],"yoast_head":"<!-- This site is optimized with the Yoast SEO plugin v23.8 - https:\/\/yoast.com\/wordpress\/plugins\/seo\/ -->\n<title>Foi confirmado que seguro de carro pode ser deduzido no imposto de renda, desde que motorista cumpra este requisito - Estado de Minas - Em foco<\/title>\n<meta name=\"description\" content=\"Muitos motoristas t\u00eam d\u00favidas sobre seguro de carro no imposto de renda. Saiba quando declarar e como evitar problemas com o Fisco.\" \/>\n<meta name=\"robots\" content=\"index, follow, max-snippet:-1, max-image-preview:large, max-video-preview:-1\" \/>\n<link rel=\"canonical\" href=\"https:\/\/www.em.com.br\/emfoco\/2026\/03\/11\/foi-confirmado-que-seguro-de-carro-pode-ser-deduzido-no-imposto-de-renda-desde-que-motorista-cumpra-este-requisito\/\" \/>\n<meta property=\"og:locale\" content=\"pt_BR\" \/>\n<meta property=\"og:type\" content=\"article\" \/>\n<meta property=\"og:title\" content=\"Foi confirmado que seguro de carro pode ser deduzido no imposto de renda, desde que motorista cumpra este requisito - Estado de Minas - Em foco\" \/>\n<meta property=\"og:description\" content=\"Muitos motoristas t\u00eam d\u00favidas sobre seguro de carro no imposto de renda. Saiba quando declarar e como evitar problemas com o Fisco.\" \/>\n<meta property=\"og:url\" content=\"https:\/\/www.em.com.br\/emfoco\/2026\/03\/11\/foi-confirmado-que-seguro-de-carro-pode-ser-deduzido-no-imposto-de-renda-desde-que-motorista-cumpra-este-requisito\/\" \/>\n<meta property=\"og:site_name\" content=\"Estado de Minas - Em foco\" \/>\n<meta property=\"article:published_time\" content=\"2026-03-11T11:30:00+00:00\" \/>\n<meta property=\"article:modified_time\" content=\"2026-03-11T02:47:20+00:00\" \/>\n<meta property=\"og:image\" content=\"https:\/\/www.em.com.br\/emfoco\/wp-content\/uploads\/2026\/02\/ChatGPT-Image-26-de-fev.-de-2026-21_34_22-1.png\" \/>\n\t<meta property=\"og:image:width\" content=\"1280\" \/>\n\t<meta property=\"og:image:height\" content=\"720\" \/>\n\t<meta property=\"og:image:type\" content=\"image\/png\" \/>\n<meta name=\"author\" content=\"Andre\u0301 Rangel\u00a0\" \/>\n<meta name=\"twitter:card\" content=\"summary_large_image\" \/>\n<meta name=\"twitter:label1\" content=\"Escrito por\" \/>\n\t<meta name=\"twitter:data1\" content=\"Andre\u0301 Rangel\u00a0\" \/>\n\t<meta name=\"twitter:label2\" content=\"Est. tempo de leitura\" \/>\n\t<meta name=\"twitter:data2\" content=\"5 minutos\" \/>\n<!-- \/ Yoast SEO plugin. -->","yoast_head_json":{"title":"Foi confirmado que seguro de carro pode ser deduzido no imposto de renda, desde que motorista cumpra este requisito - Estado de Minas - Em foco","description":"Muitos motoristas t\u00eam d\u00favidas sobre seguro de carro no imposto de renda. Saiba quando declarar e como evitar problemas com o Fisco.","robots":{"index":"index","follow":"follow","max-snippet":"max-snippet:-1","max-image-preview":"max-image-preview:large","max-video-preview":"max-video-preview:-1"},"canonical":"https:\/\/www.em.com.br\/emfoco\/2026\/03\/11\/foi-confirmado-que-seguro-de-carro-pode-ser-deduzido-no-imposto-de-renda-desde-que-motorista-cumpra-este-requisito\/","og_locale":"pt_BR","og_type":"article","og_title":"Foi confirmado que seguro de carro pode ser deduzido no imposto de renda, desde que motorista cumpra este requisito - Estado de Minas - Em foco","og_description":"Muitos motoristas t\u00eam d\u00favidas sobre seguro de carro no imposto de renda. Saiba quando declarar e como evitar problemas com o Fisco.","og_url":"https:\/\/www.em.com.br\/emfoco\/2026\/03\/11\/foi-confirmado-que-seguro-de-carro-pode-ser-deduzido-no-imposto-de-renda-desde-que-motorista-cumpra-este-requisito\/","og_site_name":"Estado de Minas - Em foco","article_published_time":"2026-03-11T11:30:00+00:00","article_modified_time":"2026-03-11T02:47:20+00:00","og_image":[{"width":1280,"height":720,"url":"https:\/\/www.em.com.br\/emfoco\/wp-content\/uploads\/2026\/02\/ChatGPT-Image-26-de-fev.-de-2026-21_34_22-1.png","type":"image\/png"}],"author":"Andre\u0301 Rangel\u00a0","twitter_card":"summary_large_image","twitter_misc":{"Escrito por":"Andre\u0301 Rangel\u00a0","Est. tempo de leitura":"5 minutos"},"schema":{"@context":"https:\/\/schema.org","@graph":[{"@type":"WebPage","@id":"https:\/\/www.em.com.br\/emfoco\/2026\/03\/11\/foi-confirmado-que-seguro-de-carro-pode-ser-deduzido-no-imposto-de-renda-desde-que-motorista-cumpra-este-requisito\/","url":"https:\/\/www.em.com.br\/emfoco\/2026\/03\/11\/foi-confirmado-que-seguro-de-carro-pode-ser-deduzido-no-imposto-de-renda-desde-que-motorista-cumpra-este-requisito\/","name":"Foi confirmado que seguro de carro pode ser deduzido no imposto de renda, desde que motorista cumpra este requisito - Estado de Minas - Em foco","isPartOf":{"@id":"https:\/\/www.em.com.br\/emfoco\/#website"},"primaryImageOfPage":{"@id":"https:\/\/www.em.com.br\/emfoco\/2026\/03\/11\/foi-confirmado-que-seguro-de-carro-pode-ser-deduzido-no-imposto-de-renda-desde-que-motorista-cumpra-este-requisito\/#primaryimage"},"image":{"@id":"https:\/\/www.em.com.br\/emfoco\/2026\/03\/11\/foi-confirmado-que-seguro-de-carro-pode-ser-deduzido-no-imposto-de-renda-desde-que-motorista-cumpra-este-requisito\/#primaryimage"},"thumbnailUrl":"https:\/\/www.em.com.br\/emfoco\/wp-content\/uploads\/2026\/02\/ChatGPT-Image-26-de-fev.-de-2026-21_34_22-1.png","datePublished":"2026-03-11T11:30:00+00:00","dateModified":"2026-03-11T02:47:20+00:00","author":{"@id":"https:\/\/www.em.com.br\/emfoco\/#\/schema\/person\/60eda09c1fedf0d6891f4cef4b60b8b8"},"description":"Muitos motoristas t\u00eam d\u00favidas sobre seguro de carro no imposto de renda. Saiba quando declarar e como evitar problemas com o Fisco.","breadcrumb":{"@id":"https:\/\/www.em.com.br\/emfoco\/2026\/03\/11\/foi-confirmado-que-seguro-de-carro-pode-ser-deduzido-no-imposto-de-renda-desde-que-motorista-cumpra-este-requisito\/#breadcrumb"},"inLanguage":"pt-BR","potentialAction":[{"@type":"ReadAction","target":["https:\/\/www.em.com.br\/emfoco\/2026\/03\/11\/foi-confirmado-que-seguro-de-carro-pode-ser-deduzido-no-imposto-de-renda-desde-que-motorista-cumpra-este-requisito\/"]}]},{"@type":"ImageObject","inLanguage":"pt-BR","@id":"https:\/\/www.em.com.br\/emfoco\/2026\/03\/11\/foi-confirmado-que-seguro-de-carro-pode-ser-deduzido-no-imposto-de-renda-desde-que-motorista-cumpra-este-requisito\/#primaryimage","url":"https:\/\/www.em.com.br\/emfoco\/wp-content\/uploads\/2026\/02\/ChatGPT-Image-26-de-fev.-de-2026-21_34_22-1.png","contentUrl":"https:\/\/www.em.com.br\/emfoco\/wp-content\/uploads\/2026\/02\/ChatGPT-Image-26-de-fev.-de-2026-21_34_22-1.png","width":1280,"height":720,"caption":"O benef\u00edcio que pode mudar a vida dos idosos"},{"@type":"BreadcrumbList","@id":"https:\/\/www.em.com.br\/emfoco\/2026\/03\/11\/foi-confirmado-que-seguro-de-carro-pode-ser-deduzido-no-imposto-de-renda-desde-que-motorista-cumpra-este-requisito\/#breadcrumb","itemListElement":[{"@type":"ListItem","position":1,"name":"In\u00edcio","item":"https:\/\/www.em.com.br\/emfoco\/"},{"@type":"ListItem","position":2,"name":"Foi confirmado que seguro de carro pode ser deduzido no imposto de renda, desde que motorista cumpra este requisito"}]},{"@type":"WebSite","@id":"https:\/\/www.em.com.br\/emfoco\/#website","url":"https:\/\/www.em.com.br\/emfoco\/","name":"Estado de Minas - Em foco","description":"Acompanhe as \u00faltimas not\u00edcias e fique bem informado sobre tudo o que acontece em Minas Gerais, Brasil e no mundo.","potentialAction":[{"@type":"SearchAction","target":{"@type":"EntryPoint","urlTemplate":"https:\/\/www.em.com.br\/emfoco\/?s={search_term_string}"},"query-input":{"@type":"PropertyValueSpecification","valueRequired":true,"valueName":"search_term_string"}}],"inLanguage":"pt-BR"},{"@type":"Person","@id":"https:\/\/www.em.com.br\/emfoco\/#\/schema\/person\/60eda09c1fedf0d6891f4cef4b60b8b8","name":"Andre\u0301 Rangel\u00a0","image":{"@type":"ImageObject","inLanguage":"pt-BR","@id":"https:\/\/www.em.com.br\/emfoco\/#\/schema\/person\/image\/","url":"https:\/\/secure.gravatar.com\/avatar\/6234dc814c77c8ef6d8bba622c787efc?s=96&d=mm&r=g","contentUrl":"https:\/\/secure.gravatar.com\/avatar\/6234dc814c77c8ef6d8bba622c787efc?s=96&d=mm&r=g","caption":"Andre\u0301 Rangel\u00a0"},"url":"https:\/\/www.em.com.br\/emfoco\/author\/luizmyth\/"}]}},"_links":{"self":[{"href":"https:\/\/www.em.com.br\/emfoco\/wp-json\/wp\/v2\/posts\/179434","targetHints":{"allow":["GET"]}}],"collection":[{"href":"https:\/\/www.em.com.br\/emfoco\/wp-json\/wp\/v2\/posts"}],"about":[{"href":"https:\/\/www.em.com.br\/emfoco\/wp-json\/wp\/v2\/types\/post"}],"author":[{"embeddable":true,"href":"https:\/\/www.em.com.br\/emfoco\/wp-json\/wp\/v2\/users\/11"}],"replies":[{"embeddable":true,"href":"https:\/\/www.em.com.br\/emfoco\/wp-json\/wp\/v2\/comments?post=179434"}],"version-history":[{"count":2,"href":"https:\/\/www.em.com.br\/emfoco\/wp-json\/wp\/v2\/posts\/179434\/revisions"}],"predecessor-version":[{"id":179449,"href":"https:\/\/www.em.com.br\/emfoco\/wp-json\/wp\/v2\/posts\/179434\/revisions\/179449"}],"wp:featuredmedia":[{"embeddable":true,"href":"https:\/\/www.em.com.br\/emfoco\/wp-json\/wp\/v2\/media\/174993"}],"wp:attachment":[{"href":"https:\/\/www.em.com.br\/emfoco\/wp-json\/wp\/v2\/media?parent=179434"}],"wp:term":[{"taxonomy":"category","embeddable":true,"href":"https:\/\/www.em.com.br\/emfoco\/wp-json\/wp\/v2\/categories?post=179434"},{"taxonomy":"post_tag","embeddable":true,"href":"https:\/\/www.em.com.br\/emfoco\/wp-json\/wp\/v2\/tags?post=179434"}],"curies":[{"name":"wp","href":"https:\/\/api.w.org\/{rel}","templated":true}]}}