{"id":179422,"date":"2026-03-10T08:15:54","date_gmt":"2026-03-10T11:15:54","guid":{"rendered":"https:\/\/www.em.com.br\/emfoco\/?p=179422"},"modified":"2026-03-09T17:27:12","modified_gmt":"2026-03-09T20:27:12","slug":"nem-chanel-nem-longo-o-estilo-de-cabelo-para-quem-passou-dos-60-anos-e-busca-praticidade-com-elegancia","status":"publish","type":"post","link":"https:\/\/www.em.com.br\/emfoco\/2026\/03\/10\/nem-chanel-nem-longo-o-estilo-de-cabelo-para-quem-passou-dos-60-anos-e-busca-praticidade-com-elegancia\/","title":{"rendered":"Nem chanel, nem longo: o estilo de cabelo para quem passou dos 60 anos e busca praticidade com eleg\u00e2ncia"},"content":{"rendered":"\n<p>Voc\u00ea j\u00e1 se olhou no espelho, depois dos 55, e sentiu vontade de um visual mais leve, pr\u00e1tico e ao mesmo tempo bem arrumado? Com o passar dos anos, os fios ficam mais finos, mudam de textura e os brancos aparecem com mais for\u00e7a. Nesse momento, o <strong>corte curto<\/strong> surge como um aliado que facilita a rotina, valoriza o rosto e traz uma sensa\u00e7\u00e3o de frescor, sem exigir horas de cuidados di\u00e1rios.<\/p>\n\n\n\n<h2 class=\"wp-block-heading\">Por que o corte curto ideal depois dos 55 pede novos cuidados<\/h2>\n\n\n\n<p>Ap\u00f3s os 55 anos, \u00e9 comum que o cabelo perca <strong>densidade<\/strong>, fique mais ressecado e sens\u00edvel ao sol, vento e qu\u00edmica. Um <strong>corte curto feminino<\/strong> bem pensado ajuda a disfar\u00e7ar fios ralos, traz movimento e facilita a hidrata\u00e7\u00e3o, deixando o visual mais saud\u00e1vel e harmonioso.<\/p>\n\n\n\n<p>Tamb\u00e9m \u00e9 uma fase em que muita gente busca mais <strong>praticidade<\/strong>: secar r\u00e1pido, arrumar em poucos minutos e poder sair de casa se sentindo bem. O <strong>cabelo curto para mulheres maduras<\/strong> atende essas necessidades quando combina com o estilo de vida e cai bem tanto ao natural quanto levemente modelado.<\/p>\n\n\n\n<figure class=\"wp-block-embed is-type-rich is-provider-pinterest wp-block-embed-pinterest\"><div class=\"wp-block-embed__wrapper\">\n<iframe loading=\"lazy\" title=\"Antes e Depois ( Before and After).\" src=\"https:\/\/assets.pinterest.com\/ext\/embed.html?id=394487248624881446&#038;src=oembed\" height=\"899\" width=\"450\" frameborder=\"0\" scrolling=\"no\" ><\/iframe>\n<\/div><\/figure>\n\n\n\n<p>Leia tamb\u00e9m:&nbsp;<a href=\"https:\/\/www.em.com.br\/emfoco\/2026\/03\/08\/o-corte-que-esta-conquistando-mulheres-acima-dos-50-por-trazer-mais-movimento-e-volume-ao-cabelo\/\" target=\"_blank\" rel=\"noopener\">O corte que est\u00e1 conquistando mulheres acima dos 50 por trazer mais movimento e volume ao cabelo<\/a><\/p>\n\n\n\n<h2 class=\"wp-block-heading\">Quais cortes curtos deixam o visual leve e elegante depois dos 55<\/h2>\n\n\n\n<p>Existem v\u00e1rios tipos de <strong>corte curto para depois dos 55<\/strong> que podem trazer leveza, movimento e um ar moderno. A escolha leva em conta o tipo de fio, o formato do rosto e, principalmente, o jeito de ser de cada mulher, para que o cabelo n\u00e3o d\u00ea trabalho e combine com o dia a dia.<\/p>\n\n\n\n<figure class=\"wp-block-embed is-type-rich is-provider-pinterest wp-block-embed-pinterest\"><div class=\"wp-block-embed__wrapper\">\n<iframe loading=\"lazy\" title=\"Qual nota voc\u00ea daria para essa transforma\u00e7\u00e3o? \u2764\ufe0f\u2702\ufe0f\ud83d\ude00 #hair #cortefeminino\" src=\"https:\/\/assets.pinterest.com\/ext\/embed.html?id=1140747780633089098&#038;src=oembed\" height=\"899\" width=\"450\" frameborder=\"0\" scrolling=\"no\" ><\/iframe>\n<\/div><\/figure>\n\n\n\n<p>Para facilitar essa escolha, alguns modelos aparecem com frequ\u00eancia em sal\u00f5es e entre profissionais de beleza, por funcionarem bem em diferentes rotinas e texturas:<\/p>\n\n\n\n<ul class=\"wp-block-list\">\n<li><strong>Pixie cl\u00e1ssico:<\/strong> bem rente na nuca, com topo um pouco mais alongado, deixa o visual organizado e pr\u00e1tico em cabelos lisos ou ondulados.<\/li>\n\n\n\n<li><strong>Pixie alongado:<\/strong> mant\u00e9m a praticidade do curtinho, com franja maior na frente, permitindo usar para o lado, para tr\u00e1s ou mais despojado.<\/li>\n\n\n\n<li><strong>Bob curto (short bob):<\/strong> na altura do queixo ou um pouco abaixo, ajuda a dar sensa\u00e7\u00e3o de volume em fios finos e cria um contorno elegante para o rosto.<\/li>\n\n\n\n<li><strong>Chanel moderno:<\/strong> vers\u00e3o atualizada do cl\u00e1ssico, com pontas levemente desfiadas e acabamento mais leve, sem aquele ar r\u00edgido de antigamente.<\/li>\n\n\n\n<li><strong>Corte em camadas suaves:<\/strong> \u00f3timo para quem tem muito cabelo ou fios ondulados, pois distribui o volume, tira o peso e deixa o movimento mais natural.<\/li>\n<\/ul>\n\n\n\n<figure class=\"wp-block-embed is-type-rich is-provider-pinterest wp-block-embed-pinterest\"><div class=\"wp-block-embed__wrapper\">\n<iframe loading=\"lazy\" title=\"Esse corte rejuvenesce\u2026\" src=\"https:\/\/assets.pinterest.com\/ext\/embed.html?id=851391504600540641&#038;src=oembed\" height=\"775\" width=\"450\" frameborder=\"0\" scrolling=\"no\" ><\/iframe>\n<\/div><\/figure>\n\n\n\n<h2 class=\"wp-block-heading\">Como escolher o corte curto que valoriza o rosto depois dos 55<\/h2>\n\n\n\n<p>Para encontrar o <strong>corte curto que rejuvenesce<\/strong> e valoriza, vale observar o formato do rosto e as propor\u00e7\u00f5es da face. Profissionais costumam analisar se o rosto \u00e9 mais redondo, oval, quadrado, alongado ou em formato de cora\u00e7\u00e3o, sugerindo detalhes que harmonizam melhor com cada estrutura.<\/p>\n\n\n\n<p>Rostos redondos costumam ficar bem com franjas laterais e topo levemente mais alto, enquanto o rosto oval \u00e9 vers\u00e1til e combina com quase todos os modelos. J\u00e1 no rosto quadrado, desfiados leves e pontas irregulares suavizam maxilar e testa, e no rosto alongado franjas m\u00e9dias equilibram o comprimento.<\/p>\n\n\n\n<p>Para voc\u00ea que gosta de se cuidar, separamos um v\u00eddeo do canal da <a href=\"https:\/\/www.youtube.com\/@RaisaBrito\" target=\"_blank\" rel=\"noreferrer noopener\">Raisa Brito<\/a> com dicas de cortes que ajudam a ter uma apar\u00eancia mais jovem:<\/p>\n\n\n\n<figure class=\"wp-block-embed is-type-video is-provider-youtube wp-block-embed-youtube wp-embed-aspect-16-9 wp-has-aspect-ratio\"><div class=\"wp-block-embed__wrapper\">\n<div class=\"jeg_video_container jeg_video_content\"><iframe loading=\"lazy\" title=\"CORTES DE CABELO QUE TE DEIXAM MAIS JOVEM E MAIS ELEGANTE\" width=\"500\" height=\"281\" src=\"https:\/\/www.youtube.com\/embed\/XyDwEFMJCVw?start=1&#038;feature=oembed\" frameborder=\"0\" allow=\"accelerometer; autoplay; clipboard-write; encrypted-media; gyroscope; picture-in-picture; web-share\" referrerpolicy=\"strict-origin-when-cross-origin\" allowfullscreen><\/iframe><\/div>\n<\/div><\/figure>\n\n\n\n<h2 class=\"wp-block-heading\">Como a textura do cabelo influencia o corte curto depois dos 55<\/h2>\n\n\n\n<p>Al\u00e9m do formato do rosto, a <strong>textura do fio<\/strong> faz muita diferen\u00e7a no resultado do corte. Cabelos lisos evidenciam mais a linha do corte, enquanto ondulados e cacheados trazem um volume bonito e natural, que pode ser apenas controlado e direcionado.<\/p>\n\n\n\n<p>Para fios muito finos, um <strong>corte curto em camadas<\/strong> discretas d\u00e1 a sensa\u00e7\u00e3o de mais corpo e movimento. J\u00e1 em cabelos volumosos, o desbaste t\u00e9cnico e a gradua\u00e7\u00e3o ajudam a controlar o excesso de volume sem perder a for\u00e7a e a presen\u00e7a dos fios.<\/p>\n\n\n\n<h2 class=\"wp-block-heading\">Quais cuidados o corte curto depois dos 55 realmente exige<\/h2>\n\n\n\n<p>O <strong>cabelo curto leve<\/strong> demora menos para secar e costuma ser mais f\u00e1cil de arrumar, mas ainda precisa de aten\u00e7\u00e3o b\u00e1sica. Manuten\u00e7\u00f5es regulares no sal\u00e3o, a cada 4 a 8 semanas, ajudam a manter o formato, evitar pontas irregulares e preservar o visual sempre alinhado.<\/p>\n\n\n\n<p>No dia a dia, vale investir em shampoo e condicionador adequados para cabelos maduros, grisalhos ou com qu\u00edmica, al\u00e9m de m\u00e1scaras de <strong>hidrata\u00e7\u00e3o e nutri\u00e7\u00e3o<\/strong> semanais ou quinzenais. Protetor t\u00e9rmico antes do secador e finalizadores leves, como cremes ou pomadas em pouca quantidade, definem o corte sem deixar o cabelo pesado ou r\u00edgido.<\/p>\n","protected":false},"excerpt":{"rendered":"<p>Voc\u00ea j\u00e1 se olhou no espelho, depois dos 55, e sentiu vontade de um visual mais leve, pr\u00e1tico e ao mesmo tempo bem arrumado? Com o passar dos anos, os fios ficam mais finos, mudam de textura e os brancos aparecem com mais for\u00e7a. Nesse momento, o corte curto surge como um aliado que facilita [&hellip;]<\/p>\n","protected":false},"author":9,"featured_media":179436,"comment_status":"open","ping_status":"open","sticky":false,"template":"","format":"standard","meta":{"jnews-multi-image_gallery":[],"jnews_single_post":{"format":"standard"},"jnews_primary_category":[],"jnews_social_meta":[],"jnews_override_counter":[],"footnotes":""},"categories":[8691,1],"tags":[22121,2616,4906,22887],"class_list":["post-179422","post","type-post","status-publish","format-standard","has-post-thumbnail","hentry","category-bem-estar","category-noticias","tag-auto-cuidado","tag-beleza","tag-corte-de-cabelo","tag-curto"],"yoast_head":"<!-- This site is optimized with the Yoast SEO plugin v23.8 - https:\/\/yoast.com\/wordpress\/plugins\/seo\/ -->\n<title>Nem chanel, nem longo: o estilo de cabelo para quem passou dos 60 anos e busca praticidade com eleg\u00e2ncia - Estado de Minas - Em foco<\/title>\n<meta name=\"description\" content=\"Descubra os melhores cortes curtos para mulheres ap\u00f3s os 55 anos que trazem leveza, volume e praticidade\" \/>\n<meta name=\"robots\" content=\"index, follow, max-snippet:-1, max-image-preview:large, max-video-preview:-1\" \/>\n<link rel=\"canonical\" href=\"https:\/\/www.em.com.br\/emfoco\/2026\/03\/10\/nem-chanel-nem-longo-o-estilo-de-cabelo-para-quem-passou-dos-60-anos-e-busca-praticidade-com-elegancia\/\" \/>\n<meta property=\"og:locale\" content=\"pt_BR\" \/>\n<meta property=\"og:type\" content=\"article\" \/>\n<meta property=\"og:title\" content=\"Nem chanel, nem longo: o estilo de cabelo para quem passou dos 60 anos e busca praticidade com eleg\u00e2ncia - Estado de Minas - Em foco\" \/>\n<meta property=\"og:description\" content=\"Descubra os melhores cortes curtos para mulheres ap\u00f3s os 55 anos que trazem leveza, volume e praticidade\" \/>\n<meta property=\"og:url\" content=\"https:\/\/www.em.com.br\/emfoco\/2026\/03\/10\/nem-chanel-nem-longo-o-estilo-de-cabelo-para-quem-passou-dos-60-anos-e-busca-praticidade-com-elegancia\/\" \/>\n<meta property=\"og:site_name\" content=\"Estado de Minas - Em foco\" \/>\n<meta property=\"article:published_time\" content=\"2026-03-10T11:15:54+00:00\" \/>\n<meta property=\"article:modified_time\" content=\"2026-03-09T20:27:12+00:00\" \/>\n<meta property=\"og:image\" content=\"https:\/\/www.em.com.br\/emfoco\/wp-content\/uploads\/2026\/03\/Gemini_Generated_Image_avkcshavkcshavkc-1.png\" \/>\n\t<meta property=\"og:image:width\" content=\"1280\" \/>\n\t<meta property=\"og:image:height\" content=\"720\" \/>\n\t<meta property=\"og:image:type\" content=\"image\/png\" \/>\n<meta name=\"author\" content=\"Daniely Cardoso\" \/>\n<meta name=\"twitter:card\" content=\"summary_large_image\" \/>\n<meta name=\"twitter:label1\" content=\"Escrito por\" \/>\n\t<meta name=\"twitter:data1\" content=\"Daniely Cardoso\" \/>\n\t<meta name=\"twitter:label2\" content=\"Est. tempo de leitura\" \/>\n\t<meta name=\"twitter:data2\" content=\"5 minutos\" \/>\n<!-- \/ Yoast SEO plugin. -->","yoast_head_json":{"title":"Nem chanel, nem longo: o estilo de cabelo para quem passou dos 60 anos e busca praticidade com eleg\u00e2ncia - Estado de Minas - Em foco","description":"Descubra os melhores cortes curtos para mulheres ap\u00f3s os 55 anos que trazem leveza, volume e praticidade","robots":{"index":"index","follow":"follow","max-snippet":"max-snippet:-1","max-image-preview":"max-image-preview:large","max-video-preview":"max-video-preview:-1"},"canonical":"https:\/\/www.em.com.br\/emfoco\/2026\/03\/10\/nem-chanel-nem-longo-o-estilo-de-cabelo-para-quem-passou-dos-60-anos-e-busca-praticidade-com-elegancia\/","og_locale":"pt_BR","og_type":"article","og_title":"Nem chanel, nem longo: o estilo de cabelo para quem passou dos 60 anos e busca praticidade com eleg\u00e2ncia - Estado de Minas - Em foco","og_description":"Descubra os melhores cortes curtos para mulheres ap\u00f3s os 55 anos que trazem leveza, volume e praticidade","og_url":"https:\/\/www.em.com.br\/emfoco\/2026\/03\/10\/nem-chanel-nem-longo-o-estilo-de-cabelo-para-quem-passou-dos-60-anos-e-busca-praticidade-com-elegancia\/","og_site_name":"Estado de Minas - Em foco","article_published_time":"2026-03-10T11:15:54+00:00","article_modified_time":"2026-03-09T20:27:12+00:00","og_image":[{"width":1280,"height":720,"url":"https:\/\/www.em.com.br\/emfoco\/wp-content\/uploads\/2026\/03\/Gemini_Generated_Image_avkcshavkcshavkc-1.png","type":"image\/png"}],"author":"Daniely Cardoso","twitter_card":"summary_large_image","twitter_misc":{"Escrito por":"Daniely Cardoso","Est. tempo de leitura":"5 minutos"},"schema":{"@context":"https:\/\/schema.org","@graph":[{"@type":"WebPage","@id":"https:\/\/www.em.com.br\/emfoco\/2026\/03\/10\/nem-chanel-nem-longo-o-estilo-de-cabelo-para-quem-passou-dos-60-anos-e-busca-praticidade-com-elegancia\/","url":"https:\/\/www.em.com.br\/emfoco\/2026\/03\/10\/nem-chanel-nem-longo-o-estilo-de-cabelo-para-quem-passou-dos-60-anos-e-busca-praticidade-com-elegancia\/","name":"Nem chanel, nem longo: o estilo de cabelo para quem passou dos 60 anos e busca praticidade com eleg\u00e2ncia - Estado de Minas - Em foco","isPartOf":{"@id":"https:\/\/www.em.com.br\/emfoco\/#website"},"primaryImageOfPage":{"@id":"https:\/\/www.em.com.br\/emfoco\/2026\/03\/10\/nem-chanel-nem-longo-o-estilo-de-cabelo-para-quem-passou-dos-60-anos-e-busca-praticidade-com-elegancia\/#primaryimage"},"image":{"@id":"https:\/\/www.em.com.br\/emfoco\/2026\/03\/10\/nem-chanel-nem-longo-o-estilo-de-cabelo-para-quem-passou-dos-60-anos-e-busca-praticidade-com-elegancia\/#primaryimage"},"thumbnailUrl":"https:\/\/www.em.com.br\/emfoco\/wp-content\/uploads\/2026\/03\/Gemini_Generated_Image_avkcshavkcshavkc-1.png","datePublished":"2026-03-10T11:15:54+00:00","dateModified":"2026-03-09T20:27:12+00:00","author":{"@id":"https:\/\/www.em.com.br\/emfoco\/#\/schema\/person\/0a8186d72f2c3a5c6276d90b41f271a0"},"description":"Descubra os melhores cortes curtos para mulheres ap\u00f3s os 55 anos que trazem leveza, volume e praticidade","breadcrumb":{"@id":"https:\/\/www.em.com.br\/emfoco\/2026\/03\/10\/nem-chanel-nem-longo-o-estilo-de-cabelo-para-quem-passou-dos-60-anos-e-busca-praticidade-com-elegancia\/#breadcrumb"},"inLanguage":"pt-BR","potentialAction":[{"@type":"ReadAction","target":["https:\/\/www.em.com.br\/emfoco\/2026\/03\/10\/nem-chanel-nem-longo-o-estilo-de-cabelo-para-quem-passou-dos-60-anos-e-busca-praticidade-com-elegancia\/"]}]},{"@type":"ImageObject","inLanguage":"pt-BR","@id":"https:\/\/www.em.com.br\/emfoco\/2026\/03\/10\/nem-chanel-nem-longo-o-estilo-de-cabelo-para-quem-passou-dos-60-anos-e-busca-praticidade-com-elegancia\/#primaryimage","url":"https:\/\/www.em.com.br\/emfoco\/wp-content\/uploads\/2026\/03\/Gemini_Generated_Image_avkcshavkcshavkc-1.png","contentUrl":"https:\/\/www.em.com.br\/emfoco\/wp-content\/uploads\/2026\/03\/Gemini_Generated_Image_avkcshavkcshavkc-1.png","width":1280,"height":720,"caption":"Ap\u00f3s os 55 anos, \u00e9 comum que o cabelo perca densidade, fique mais ressecado e sens\u00edvel ao sol, vento e qu\u00edmica"},{"@type":"BreadcrumbList","@id":"https:\/\/www.em.com.br\/emfoco\/2026\/03\/10\/nem-chanel-nem-longo-o-estilo-de-cabelo-para-quem-passou-dos-60-anos-e-busca-praticidade-com-elegancia\/#breadcrumb","itemListElement":[{"@type":"ListItem","position":1,"name":"In\u00edcio","item":"https:\/\/www.em.com.br\/emfoco\/"},{"@type":"ListItem","position":2,"name":"Nem chanel, nem longo: o estilo de cabelo para quem passou dos 60 anos e busca praticidade com eleg\u00e2ncia"}]},{"@type":"WebSite","@id":"https:\/\/www.em.com.br\/emfoco\/#website","url":"https:\/\/www.em.com.br\/emfoco\/","name":"Estado de Minas - Em foco","description":"Acompanhe as \u00faltimas not\u00edcias e fique bem informado sobre tudo o que acontece em Minas Gerais, Brasil e no mundo.","potentialAction":[{"@type":"SearchAction","target":{"@type":"EntryPoint","urlTemplate":"https:\/\/www.em.com.br\/emfoco\/?s={search_term_string}"},"query-input":{"@type":"PropertyValueSpecification","valueRequired":true,"valueName":"search_term_string"}}],"inLanguage":"pt-BR"},{"@type":"Person","@id":"https:\/\/www.em.com.br\/emfoco\/#\/schema\/person\/0a8186d72f2c3a5c6276d90b41f271a0","name":"Daniely Cardoso","image":{"@type":"ImageObject","inLanguage":"pt-BR","@id":"https:\/\/www.em.com.br\/emfoco\/#\/schema\/person\/image\/","url":"https:\/\/secure.gravatar.com\/avatar\/4b80ddbd124d1f071b626d52d62e5dff?s=96&d=mm&r=g","contentUrl":"https:\/\/secure.gravatar.com\/avatar\/4b80ddbd124d1f071b626d52d62e5dff?s=96&d=mm&r=g","caption":"Daniely Cardoso"},"url":"https:\/\/www.em.com.br\/emfoco\/author\/danielymyth\/"}]}},"_links":{"self":[{"href":"https:\/\/www.em.com.br\/emfoco\/wp-json\/wp\/v2\/posts\/179422","targetHints":{"allow":["GET"]}}],"collection":[{"href":"https:\/\/www.em.com.br\/emfoco\/wp-json\/wp\/v2\/posts"}],"about":[{"href":"https:\/\/www.em.com.br\/emfoco\/wp-json\/wp\/v2\/types\/post"}],"author":[{"embeddable":true,"href":"https:\/\/www.em.com.br\/emfoco\/wp-json\/wp\/v2\/users\/9"}],"replies":[{"embeddable":true,"href":"https:\/\/www.em.com.br\/emfoco\/wp-json\/wp\/v2\/comments?post=179422"}],"version-history":[{"count":3,"href":"https:\/\/www.em.com.br\/emfoco\/wp-json\/wp\/v2\/posts\/179422\/revisions"}],"predecessor-version":[{"id":179514,"href":"https:\/\/www.em.com.br\/emfoco\/wp-json\/wp\/v2\/posts\/179422\/revisions\/179514"}],"wp:featuredmedia":[{"embeddable":true,"href":"https:\/\/www.em.com.br\/emfoco\/wp-json\/wp\/v2\/media\/179436"}],"wp:attachment":[{"href":"https:\/\/www.em.com.br\/emfoco\/wp-json\/wp\/v2\/media?parent=179422"}],"wp:term":[{"taxonomy":"category","embeddable":true,"href":"https:\/\/www.em.com.br\/emfoco\/wp-json\/wp\/v2\/categories?post=179422"},{"taxonomy":"post_tag","embeddable":true,"href":"https:\/\/www.em.com.br\/emfoco\/wp-json\/wp\/v2\/tags?post=179422"}],"curies":[{"name":"wp","href":"https:\/\/api.w.org\/{rel}","templated":true}]}}