{"id":179417,"date":"2026-03-10T18:30:00","date_gmt":"2026-03-10T21:30:00","guid":{"rendered":"https:\/\/www.em.com.br\/emfoco\/?p=179417"},"modified":"2026-03-10T16:22:54","modified_gmt":"2026-03-10T19:22:54","slug":"homem-se-aposenta-aos-63-anos-e-se-emociona-ao-ver-valor-da-primeira-pensao-um-pagamento-bom-e-maravilhoso","status":"publish","type":"post","link":"https:\/\/www.em.com.br\/emfoco\/2026\/03\/10\/homem-se-aposenta-aos-63-anos-e-se-emociona-ao-ver-valor-da-primeira-pensao-um-pagamento-bom-e-maravilhoso\/","title":{"rendered":"Homem se aposenta aos 63 anos e se emociona ao ver valor da primeira pens\u00e3o: \u201cUm pagamento bom e maravilhoso\u201d"},"content":{"rendered":"\n<p>A aposentadoria \u00e9 o momento mais aguardado na vida de milhares de trabalhadores que dedicam d\u00e9cadas ao mercado profissional em busca de descanso e tranquilidade financeira. O emocionante relato de<strong> Justo M\u00e1rquez<\/strong> (@justsanchez1), um espanhol que celebrou o recebimento da sua primeira pens\u00e3o aos sessenta e dois anos no <strong>TikTok<\/strong>, viralizou rapidamente nas redes sociais. Essa conquista incr\u00edvel mostra que o planejamento previdenci\u00e1rio adequado e o conhecimento dos direitos legais s\u00e3o passos fundamentais para garantir um futuro seguro e sem surpresas.<\/p>\n\n\n\n<h2 class=\"wp-block-heading\">Como a contribui\u00e7\u00e3o dupla garantiu a aposentadoria antecipada<\/h2>\n\n\n\n<p>Durante mais de 35 anos de trabalho \u00e1rduo, <a href=\"https:\/\/www.tiktok.com\/@justsanchez1\" target=\"_blank\" rel=\"noreferrer noopener\">M\u00e1rquez <\/a>contribuiu simultaneamente para o <strong>Regime Geral <\/strong>e para o <strong>Regime dos Trabalhadores Independentes<\/strong> na <strong>Espanha<\/strong>. Esse esfor\u00e7o financeiro cont\u00ednuo e a dedica\u00e7\u00e3o incans\u00e1vel permitiram que ele acumulasse o tempo necess\u00e1rio para solicitar a antecipa\u00e7\u00e3o do seu merecido benef\u00edcio previdenci\u00e1rio.<\/p>\n\n\n\n<p>Al\u00e9m do tempo de contribui\u00e7\u00e3o exemplar, o trabalhador precisou passar por rigorosas avalia\u00e7\u00f5es m\u00e9dicas para ter o seu pedido de aposentadoria por motivos de sa\u00fade aprovado. O parecer favor\u00e1vel do <strong>Tribunal M\u00e9dico <\/strong>foi a pe\u00e7a-chave que autorizou o seu afastamento definitivo das atividades laborais, garantindo a t\u00e3o sonhada estabilidade financeira.<\/p>\n\n\n\n<figure class=\"wp-block-image\"><img decoding=\"async\" src=\"https:\/\/www.em.com.br\/emfoco\/wp-content\/uploads\/2025\/03\/crise_1743116110192-1024x576.jpg\" alt=\"\"\/><figcaption class=\"wp-element-caption\">A emo\u00e7\u00e3o de receber a primeira aposentadoria que viralizou &#8211; Cr\u00e9ditos: depositphotos.com \/ AntonMatyukha<\/figcaption><\/figure>\n\n\n\n<h2 class=\"wp-block-heading\">O que o primeiro pagamento revelou sobre o c\u00e1lculo da pens\u00e3o<\/h2>\n\n\n\n<p>A emo\u00e7\u00e3o de ver o dinheiro caindo na conta banc\u00e1ria foi palp\u00e1vel, mas o primeiro dep\u00f3sito recebido pelo aposentado foi financeiramente menor do que o esperado. Esse valor reduzido ocorreu porque o pagamento inicial cobriu apenas os dias proporcionais entre a data da concess\u00e3o do benef\u00edcio e o final daquele m\u00eas espec\u00edfico.<\/p>\n\n\n\n<p>A partir do m\u00eas seguinte, o <a href=\"https:\/\/www.em.com.br\/emfoco\/2026\/03\/08\/pessoas-que-moram-sozinhas-podem-ter-acesso-a-esses-beneficios-sem-saber-e-reduzir-despesas-basicas\/\" target=\"_blank\" rel=\"noreferrer noopener\">benef\u00edcio <\/a>passou a ser depositado integralmente, refletindo o c\u00e1lculo exato que considera as bases de contribui\u00e7\u00e3o dos \u00faltimos vinte e cinco anos. Esse sistema matem\u00e1tico protege o hist\u00f3rico de trabalho do cidad\u00e3o e garante que o pagamento mensal seja totalmente ajustado \u00e0 realidade dos valores recolhidos ao longo da vida.<\/p>\n\n\n\n<h2 class=\"wp-block-heading\">Por que o planejamento muda os planos para o futuro do trabalhador<\/h2>\n\n\n\n<p>Com a seguran\u00e7a do pagamento garantida pelo governo, o novo aposentado decidiu alterar radicalmente a sua rotina di\u00e1ria e os seus planos de investimentos no campo. Ele anunciou publicamente que n\u00e3o comprar\u00e1 mais terras agr\u00edcolas para cultivar, optando por reduzir o ritmo de trabalho e focar apenas na manuten\u00e7\u00e3o de uma pequena propriedade.<\/p>\n\n\n\n<p>Essa mudan\u00e7a de mentalidade ilustra perfeitamente como o recebimento de uma pens\u00e3o justa e maravilhosa devolve a dignidade e a liberdade de escolha para o cidad\u00e3o. O foco principal deixa de ser a sobreviv\u00eancia financeira di\u00e1ria e passa a ser o descanso merecido, a preserva\u00e7\u00e3o da sa\u00fade f\u00edsica e o aproveitamento da fam\u00edlia.<\/p>\n\n\n\n<figure class=\"wp-block-image\"><img decoding=\"async\" src=\"https:\/\/www.em.com.br\/emfoco\/wp-content\/uploads\/2025\/03\/beneficio-brasil_1742519497810-1024x576.jpg\" alt=\"\"\/><figcaption class=\"wp-element-caption\">A hist\u00f3ria viral de quem celebrou a primeira pens\u00e3o nas redes &#8211; Cr\u00e9ditos: depositphotos.com \/ gustavofrazao<\/figcaption><\/figure>\n\n\n\n<h2 class=\"wp-block-heading\">Quais os passos essenciais para solicitar o benef\u00edcio sem erros<\/h2>\n\n\n\n<p>Evitar surpresas desagrad\u00e1veis e atrasos no pagamento da sua pens\u00e3o exige muita organiza\u00e7\u00e3o documental e um entendimento claro das regras do sistema de seguridade social. O processo burocr\u00e1tico pode ser complexo, mas seguir um roteiro de verifica\u00e7\u00e3o ajuda a garantir que todos os seus direitos financeiros sejam respeitados e calculados corretamente.<\/p>\n\n\n\n<p>Para facilitar essa jornada rumo \u00e0 independ\u00eancia e garantir que voc\u00ea consiga formalizar o seu pedido com total seguran\u00e7a, listamos as principais etapas recomendadas pelos especialistas. Siga rigorosamente os passos abaixo para preparar o seu requerimento de aposentadoria e evitar dores de cabe\u00e7a com o governo local.<\/p>\n\n\n\n<ul class=\"wp-block-list\">\n<li>Verificar o hist\u00f3rico de emprego detalhadamente para confirmar se todos os anos trabalhados est\u00e3o registrados corretamente no sistema.<\/li>\n\n\n\n<li>Analisar profundamente os regimes de contribui\u00e7\u00e3o caso tenha atuado como funcion\u00e1rio e como trabalhador aut\u00f4nomo.<\/li>\n\n\n\n<li>Guardar e organizar cuidadosamente todos os atestados m\u00e9dicos, cartas de confirma\u00e7\u00e3o e notifica\u00e7\u00f5es oficiais recebidas.<\/li>\n\n\n\n<li>Enviar a solicita\u00e7\u00e3o completa pelo portal eletr\u00f4nico oficial ou apresentar a documenta\u00e7\u00e3o diretamente em um escrit\u00f3rio presencial.<\/li>\n<\/ul>\n\n\n\n<h2 class=\"wp-block-heading\">Qual o momento exato para assumir o controle do seu futuro<\/h2>\n\n\n\n<p>A hist\u00f3ria inspiradora e emocionante deste trabalhador espanhol \u00e9 um lembrete poderoso de que a nossa juventude e a nossa for\u00e7a produtiva n\u00e3o duram para sempre. Adiar a organiza\u00e7\u00e3o da sua vida previdenci\u00e1ria \u00e9 um erro grav\u00edssimo que pode condenar a sua fam\u00edlia a viver com extremas dificuldades financeiras na fase mais vulner\u00e1vel e delicada da vida.<\/p>\n\n\n\n<p>N\u00e3o permita que a burocracia ou a falta de tempo destruam o seu direito sagrado de descansar com tranquilidade e desfrutar de uma pens\u00e3o verdadeiramente justa! Re\u00fana todos os seus documentos de trabalho hoje mesmo, acesse o portal do governo imediatamente para conferir as suas contribui\u00e7\u00f5es e lute pelo seu futuro antes que seja tarde!<\/p>\n","protected":false},"excerpt":{"rendered":"<p>A aposentadoria \u00e9 o momento mais aguardado na vida de milhares de trabalhadores que dedicam d\u00e9cadas ao mercado profissional em busca de descanso e tranquilidade financeira. O emocionante relato de Justo M\u00e1rquez (@justsanchez1), um espanhol que celebrou o recebimento da sua primeira pens\u00e3o aos sessenta e dois anos no TikTok, viralizou rapidamente nas redes sociais. [&hellip;]<\/p>\n","protected":false},"author":11,"featured_media":179430,"comment_status":"open","ping_status":"open","sticky":false,"template":"","format":"standard","meta":{"jnews-multi-image_gallery":[],"jnews_single_post":{"format":"standard"},"jnews_primary_category":[],"jnews_social_meta":[],"jnews_override_counter":[],"footnotes":""},"categories":[28,1],"tags":[611,172,259,1010,641],"class_list":["post-179417","post","type-post","status-publish","format-standard","has-post-thumbnail","hentry","category-economia","category-noticias","tag-aposentado","tag-aposentadoria","tag-beneficio","tag-previdencia","tag-trabalhador"],"yoast_head":"<!-- This site is optimized with the Yoast SEO plugin v23.8 - https:\/\/yoast.com\/wordpress\/plugins\/seo\/ -->\n<title>Homem se aposenta aos 63 anos e se emociona ao ver valor da primeira pens\u00e3o: \u201cUm pagamento bom e maravilhoso\u201d - Estado de Minas - Em foco<\/title>\n<meta name=\"description\" content=\"Um trabalhador viralizou ao mostrar sua primeira aposentadoria e revelou como o planejamento previdenci\u00e1rio pode garantir seguran\u00e7a no futuro.\" \/>\n<meta name=\"robots\" content=\"index, follow, max-snippet:-1, max-image-preview:large, max-video-preview:-1\" \/>\n<link rel=\"canonical\" href=\"https:\/\/www.em.com.br\/emfoco\/2026\/03\/10\/homem-se-aposenta-aos-63-anos-e-se-emociona-ao-ver-valor-da-primeira-pensao-um-pagamento-bom-e-maravilhoso\/\" \/>\n<meta property=\"og:locale\" content=\"pt_BR\" \/>\n<meta property=\"og:type\" content=\"article\" \/>\n<meta property=\"og:title\" content=\"Homem se aposenta aos 63 anos e se emociona ao ver valor da primeira pens\u00e3o: \u201cUm pagamento bom e maravilhoso\u201d - Estado de Minas - Em foco\" \/>\n<meta property=\"og:description\" content=\"Um trabalhador viralizou ao mostrar sua primeira aposentadoria e revelou como o planejamento previdenci\u00e1rio pode garantir seguran\u00e7a no futuro.\" \/>\n<meta property=\"og:url\" content=\"https:\/\/www.em.com.br\/emfoco\/2026\/03\/10\/homem-se-aposenta-aos-63-anos-e-se-emociona-ao-ver-valor-da-primeira-pensao-um-pagamento-bom-e-maravilhoso\/\" \/>\n<meta property=\"og:site_name\" content=\"Estado de Minas - Em foco\" \/>\n<meta property=\"article:published_time\" content=\"2026-03-10T21:30:00+00:00\" \/>\n<meta property=\"article:modified_time\" content=\"2026-03-10T19:22:54+00:00\" \/>\n<meta property=\"og:image\" content=\"https:\/\/www.em.com.br\/emfoco\/wp-content\/uploads\/2026\/03\/ChatGPT-Image-9-de-mar.-de-2026-16_10_05-1.png\" \/>\n\t<meta property=\"og:image:width\" content=\"1280\" \/>\n\t<meta property=\"og:image:height\" content=\"720\" \/>\n\t<meta property=\"og:image:type\" content=\"image\/png\" \/>\n<meta name=\"author\" content=\"Andre\u0301 Rangel\u00a0\" \/>\n<meta name=\"twitter:card\" content=\"summary_large_image\" \/>\n<meta name=\"twitter:label1\" content=\"Escrito por\" \/>\n\t<meta name=\"twitter:data1\" content=\"Andre\u0301 Rangel\u00a0\" \/>\n\t<meta name=\"twitter:label2\" content=\"Est. tempo de leitura\" \/>\n\t<meta name=\"twitter:data2\" content=\"5 minutos\" \/>\n<!-- \/ Yoast SEO plugin. -->","yoast_head_json":{"title":"Homem se aposenta aos 63 anos e se emociona ao ver valor da primeira pens\u00e3o: \u201cUm pagamento bom e maravilhoso\u201d - Estado de Minas - Em foco","description":"Um trabalhador viralizou ao mostrar sua primeira aposentadoria e revelou como o planejamento previdenci\u00e1rio pode garantir seguran\u00e7a no futuro.","robots":{"index":"index","follow":"follow","max-snippet":"max-snippet:-1","max-image-preview":"max-image-preview:large","max-video-preview":"max-video-preview:-1"},"canonical":"https:\/\/www.em.com.br\/emfoco\/2026\/03\/10\/homem-se-aposenta-aos-63-anos-e-se-emociona-ao-ver-valor-da-primeira-pensao-um-pagamento-bom-e-maravilhoso\/","og_locale":"pt_BR","og_type":"article","og_title":"Homem se aposenta aos 63 anos e se emociona ao ver valor da primeira pens\u00e3o: \u201cUm pagamento bom e maravilhoso\u201d - Estado de Minas - Em foco","og_description":"Um trabalhador viralizou ao mostrar sua primeira aposentadoria e revelou como o planejamento previdenci\u00e1rio pode garantir seguran\u00e7a no futuro.","og_url":"https:\/\/www.em.com.br\/emfoco\/2026\/03\/10\/homem-se-aposenta-aos-63-anos-e-se-emociona-ao-ver-valor-da-primeira-pensao-um-pagamento-bom-e-maravilhoso\/","og_site_name":"Estado de Minas - Em foco","article_published_time":"2026-03-10T21:30:00+00:00","article_modified_time":"2026-03-10T19:22:54+00:00","og_image":[{"width":1280,"height":720,"url":"https:\/\/www.em.com.br\/emfoco\/wp-content\/uploads\/2026\/03\/ChatGPT-Image-9-de-mar.-de-2026-16_10_05-1.png","type":"image\/png"}],"author":"Andre\u0301 Rangel\u00a0","twitter_card":"summary_large_image","twitter_misc":{"Escrito por":"Andre\u0301 Rangel\u00a0","Est. tempo de leitura":"5 minutos"},"schema":{"@context":"https:\/\/schema.org","@graph":[{"@type":"WebPage","@id":"https:\/\/www.em.com.br\/emfoco\/2026\/03\/10\/homem-se-aposenta-aos-63-anos-e-se-emociona-ao-ver-valor-da-primeira-pensao-um-pagamento-bom-e-maravilhoso\/","url":"https:\/\/www.em.com.br\/emfoco\/2026\/03\/10\/homem-se-aposenta-aos-63-anos-e-se-emociona-ao-ver-valor-da-primeira-pensao-um-pagamento-bom-e-maravilhoso\/","name":"Homem se aposenta aos 63 anos e se emociona ao ver valor da primeira pens\u00e3o: \u201cUm pagamento bom e maravilhoso\u201d - Estado de Minas - Em foco","isPartOf":{"@id":"https:\/\/www.em.com.br\/emfoco\/#website"},"primaryImageOfPage":{"@id":"https:\/\/www.em.com.br\/emfoco\/2026\/03\/10\/homem-se-aposenta-aos-63-anos-e-se-emociona-ao-ver-valor-da-primeira-pensao-um-pagamento-bom-e-maravilhoso\/#primaryimage"},"image":{"@id":"https:\/\/www.em.com.br\/emfoco\/2026\/03\/10\/homem-se-aposenta-aos-63-anos-e-se-emociona-ao-ver-valor-da-primeira-pensao-um-pagamento-bom-e-maravilhoso\/#primaryimage"},"thumbnailUrl":"https:\/\/www.em.com.br\/emfoco\/wp-content\/uploads\/2026\/03\/ChatGPT-Image-9-de-mar.-de-2026-16_10_05-1.png","datePublished":"2026-03-10T21:30:00+00:00","dateModified":"2026-03-10T19:22:54+00:00","author":{"@id":"https:\/\/www.em.com.br\/emfoco\/#\/schema\/person\/60eda09c1fedf0d6891f4cef4b60b8b8"},"description":"Um trabalhador viralizou ao mostrar sua primeira aposentadoria e revelou como o planejamento previdenci\u00e1rio pode garantir seguran\u00e7a no futuro.","breadcrumb":{"@id":"https:\/\/www.em.com.br\/emfoco\/2026\/03\/10\/homem-se-aposenta-aos-63-anos-e-se-emociona-ao-ver-valor-da-primeira-pensao-um-pagamento-bom-e-maravilhoso\/#breadcrumb"},"inLanguage":"pt-BR","potentialAction":[{"@type":"ReadAction","target":["https:\/\/www.em.com.br\/emfoco\/2026\/03\/10\/homem-se-aposenta-aos-63-anos-e-se-emociona-ao-ver-valor-da-primeira-pensao-um-pagamento-bom-e-maravilhoso\/"]}]},{"@type":"ImageObject","inLanguage":"pt-BR","@id":"https:\/\/www.em.com.br\/emfoco\/2026\/03\/10\/homem-se-aposenta-aos-63-anos-e-se-emociona-ao-ver-valor-da-primeira-pensao-um-pagamento-bom-e-maravilhoso\/#primaryimage","url":"https:\/\/www.em.com.br\/emfoco\/wp-content\/uploads\/2026\/03\/ChatGPT-Image-9-de-mar.-de-2026-16_10_05-1.png","contentUrl":"https:\/\/www.em.com.br\/emfoco\/wp-content\/uploads\/2026\/03\/ChatGPT-Image-9-de-mar.-de-2026-16_10_05-1.png","width":1280,"height":720,"caption":"A emo\u00e7\u00e3o de receber a primeira aposentadoria que viralizou"},{"@type":"BreadcrumbList","@id":"https:\/\/www.em.com.br\/emfoco\/2026\/03\/10\/homem-se-aposenta-aos-63-anos-e-se-emociona-ao-ver-valor-da-primeira-pensao-um-pagamento-bom-e-maravilhoso\/#breadcrumb","itemListElement":[{"@type":"ListItem","position":1,"name":"In\u00edcio","item":"https:\/\/www.em.com.br\/emfoco\/"},{"@type":"ListItem","position":2,"name":"Homem se aposenta aos 63 anos e se emociona ao ver valor da primeira pens\u00e3o: \u201cUm pagamento bom e maravilhoso\u201d"}]},{"@type":"WebSite","@id":"https:\/\/www.em.com.br\/emfoco\/#website","url":"https:\/\/www.em.com.br\/emfoco\/","name":"Estado de Minas - Em foco","description":"Acompanhe as \u00faltimas not\u00edcias e fique bem informado sobre tudo o que acontece em Minas Gerais, Brasil e no mundo.","potentialAction":[{"@type":"SearchAction","target":{"@type":"EntryPoint","urlTemplate":"https:\/\/www.em.com.br\/emfoco\/?s={search_term_string}"},"query-input":{"@type":"PropertyValueSpecification","valueRequired":true,"valueName":"search_term_string"}}],"inLanguage":"pt-BR"},{"@type":"Person","@id":"https:\/\/www.em.com.br\/emfoco\/#\/schema\/person\/60eda09c1fedf0d6891f4cef4b60b8b8","name":"Andre\u0301 Rangel\u00a0","image":{"@type":"ImageObject","inLanguage":"pt-BR","@id":"https:\/\/www.em.com.br\/emfoco\/#\/schema\/person\/image\/","url":"https:\/\/secure.gravatar.com\/avatar\/6234dc814c77c8ef6d8bba622c787efc?s=96&d=mm&r=g","contentUrl":"https:\/\/secure.gravatar.com\/avatar\/6234dc814c77c8ef6d8bba622c787efc?s=96&d=mm&r=g","caption":"Andre\u0301 Rangel\u00a0"},"url":"https:\/\/www.em.com.br\/emfoco\/author\/luizmyth\/"}]}},"_links":{"self":[{"href":"https:\/\/www.em.com.br\/emfoco\/wp-json\/wp\/v2\/posts\/179417","targetHints":{"allow":["GET"]}}],"collection":[{"href":"https:\/\/www.em.com.br\/emfoco\/wp-json\/wp\/v2\/posts"}],"about":[{"href":"https:\/\/www.em.com.br\/emfoco\/wp-json\/wp\/v2\/types\/post"}],"author":[{"embeddable":true,"href":"https:\/\/www.em.com.br\/emfoco\/wp-json\/wp\/v2\/users\/11"}],"replies":[{"embeddable":true,"href":"https:\/\/www.em.com.br\/emfoco\/wp-json\/wp\/v2\/comments?post=179417"}],"version-history":[{"count":3,"href":"https:\/\/www.em.com.br\/emfoco\/wp-json\/wp\/v2\/posts\/179417\/revisions"}],"predecessor-version":[{"id":179431,"href":"https:\/\/www.em.com.br\/emfoco\/wp-json\/wp\/v2\/posts\/179417\/revisions\/179431"}],"wp:featuredmedia":[{"embeddable":true,"href":"https:\/\/www.em.com.br\/emfoco\/wp-json\/wp\/v2\/media\/179430"}],"wp:attachment":[{"href":"https:\/\/www.em.com.br\/emfoco\/wp-json\/wp\/v2\/media?parent=179417"}],"wp:term":[{"taxonomy":"category","embeddable":true,"href":"https:\/\/www.em.com.br\/emfoco\/wp-json\/wp\/v2\/categories?post=179417"},{"taxonomy":"post_tag","embeddable":true,"href":"https:\/\/www.em.com.br\/emfoco\/wp-json\/wp\/v2\/tags?post=179417"}],"curies":[{"name":"wp","href":"https:\/\/api.w.org\/{rel}","templated":true}]}}