{"id":179397,"date":"2026-03-11T13:45:00","date_gmt":"2026-03-11T16:45:00","guid":{"rendered":"https:\/\/www.em.com.br\/emfoco\/?p=179397"},"modified":"2026-03-10T20:29:30","modified_gmt":"2026-03-10T23:29:30","slug":"crise-no-consumo-na-argentina-leva-dona-da-marca-peabody-a-recorrer-a-justica-para-reorganizar-dividas","status":"publish","type":"post","link":"https:\/\/www.em.com.br\/emfoco\/2026\/03\/11\/crise-no-consumo-na-argentina-leva-dona-da-marca-peabody-a-recorrer-a-justica-para-reorganizar-dividas\/","title":{"rendered":"Crise no consumo na Argentina leva dona da marca Peabody a recorrer \u00e0 Justi\u00e7a para reorganizar d\u00edvidas"},"content":{"rendered":"\n<p>O recente cen\u00e1rio da ind\u00fastria de eletrodom\u00e9sticos na <strong>Argentina <\/strong>escancara a fragilidade de diversos fabricantes diante da queda do consumo, dos custos internos elevados e da concorr\u00eancia crescente dos importados. Nesse ambiente de press\u00e3o, uma das empresas mais conhecidas do segmento, respons\u00e1vel pela marca <strong>Peabody<\/strong>, recorreu \u00e0<strong> Justi\u00e7a Comercial <\/strong>para reorganizar sua estrutura financeira por meio do\u00a0<strong>concurso preventivo<\/strong>, mecanismo que acende o alerta em fornecedores, clientes e em todo o mercado de eletroport\u00e1teis.<\/p>\n\n\n\n<h2 class=\"wp-block-heading\">O que \u00e9 concurso preventivo e como funciona na pr\u00e1tica<\/h2>\n\n\n\n<p>O&nbsp;<strong>concurso preventivo<\/strong>&nbsp;\u00e9 um instrumento jur\u00eddico da legisla\u00e7\u00e3o comercial argentina que permite a uma empresa renegociar d\u00edvidas com credores antes da fal\u00eancia. Funciona como uma prote\u00e7\u00e3o legal para reorganizar pagamentos, prazos e obriga\u00e7\u00f5es, mantendo a atividade econ\u00f4mica em funcionamento.<\/p>\n\n\n\n<p>No caso da detentora da marca <a href=\"https:\/\/www.instagram.com\/peabodyhogar\/\" target=\"_blank\" rel=\"noreferrer noopener\">Peabody<\/a>, o processo foi apresentado como forma de ordenar compromissos e fortalecer a estrutura em meio \u00e0 demanda menor e \u00e0 competi\u00e7\u00e3o mais intensa. A produ\u00e7\u00e3o, as entregas e o relacionamento com o canal comercial seguem ativos, enquanto as d\u00edvidas passadas s\u00e3o discutidas em um plano de pagamento supervisionado pela Justi\u00e7a Comercial.<\/p>\n\n\n\n<figure class=\"wp-block-image size-large\"><img loading=\"lazy\" decoding=\"async\" width=\"1024\" height=\"576\" src=\"https:\/\/www.em.com.br\/emfoco\/wp-content\/uploads\/2026\/03\/Gemini_Generated_Image_bjtjotbjtjotbjtj-1-1024x576.png\" alt=\"Uma fabricante famosa entrou em colapso e o motivo assusta\" class=\"wp-image-179405\" srcset=\"https:\/\/www.em.com.br\/emfoco\/wp-content\/uploads\/2026\/03\/Gemini_Generated_Image_bjtjotbjtjotbjtj-1-1024x576.png 1024w, https:\/\/www.em.com.br\/emfoco\/wp-content\/uploads\/2026\/03\/Gemini_Generated_Image_bjtjotbjtjotbjtj-1-300x169.png 300w, https:\/\/www.em.com.br\/emfoco\/wp-content\/uploads\/2026\/03\/Gemini_Generated_Image_bjtjotbjtjotbjtj-1-768x432.png 768w, https:\/\/www.em.com.br\/emfoco\/wp-content\/uploads\/2026\/03\/Gemini_Generated_Image_bjtjotbjtjotbjtj-1-750x422.png 750w, https:\/\/www.em.com.br\/emfoco\/wp-content\/uploads\/2026\/03\/Gemini_Generated_Image_bjtjotbjtjotbjtj-1-1140x641.png 1140w, https:\/\/www.em.com.br\/emfoco\/wp-content\/uploads\/2026\/03\/Gemini_Generated_Image_bjtjotbjtjotbjtj-1.png 1280w\" sizes=\"auto, (max-width: 1024px) 100vw, 1024px\" \/><figcaption class=\"wp-element-caption\">Uma fabricante famosa entrou em colapso e o motivo assusta<\/figcaption><\/figure>\n\n\n\n<h2 class=\"wp-block-heading\">Por que empresas recorrem ao concurso preventivo em momentos de crise<\/h2>\n\n\n\n<p>Ao recorrer ao concurso preventivo, a companhia busca ganhar tempo para ajustar fluxos de caixa, rever contratos e equilibrar receitas e despesas. Durante esse per\u00edodo, costuma manter opera\u00e7\u00f5es correntes, honrando compromissos essenciais e preservando empregos sempre que poss\u00edvel.<\/p>\n\n\n\n<p>Esse mecanismo \u00e9 frequente em contextos de crise econ\u00f4mica, quando oscila\u00e7\u00f5es de consumo, c\u00e2mbio e <a href=\"https:\/\/www.em.com.br\/emfoco\/2026\/02\/16\/novo-conquista-da-caixa-libera-credito-de-ate-r-21-mil-para-inscritos-no-cadunico-com-juros-limitados-e-iof-zerado\/\" target=\"_blank\" rel=\"noreferrer noopener\">juros <\/a>afetam margens e acesso a cr\u00e9dito. Para credores e parceiros, o processo cria um quadro formal de negocia\u00e7\u00e3o, reduzindo a chance de colapso abrupto e permitindo maior previsibilidade.<\/p>\n\n\n\n<h2 class=\"wp-block-heading\">Como a concorr\u00eancia de importados afeta o mercado de eletrodom\u00e9sticos<\/h2>\n\n\n\n<p>A&nbsp;<strong>importa\u00e7\u00e3o de eletrodom\u00e9sticos<\/strong>&nbsp;tornou-se fator central na disputa de mercado, com fabricantes locais relatando aumento expressivo da entrada de produtos estrangeiros a pre\u00e7os mais competitivos. Escala global de produ\u00e7\u00e3o, incentivos externos e condi\u00e7\u00f5es de financiamento diferenciadas pressionam as margens das empresas nacionais.<\/p>\n\n\n\n<p>Em um cen\u00e1rio de consumo retra\u00eddo, qualquer perda de participa\u00e7\u00e3o para itens importados impacta diretamente faturamento, uso da capacidade fabril e planejamento de investimentos. Al\u00e9m disso, assimetrias regulat\u00f3rias e de controle de qualidade podem distorcer a competi\u00e7\u00e3o e fragilizar toda a cadeia produtiva. Nesse contexto, destacam-se efeitos como:<\/p>\n\n\n\n<ul class=\"wp-block-list\">\n<li><strong>Press\u00e3o sobre pre\u00e7os:<\/strong>\u00a0produtos importados muitas vezes chegam ao varejo com valores finais mais baixos.<\/li>\n\n\n\n<li><strong>Queda na produ\u00e7\u00e3o local:<\/strong>\u00a0menor demanda interna pode levar \u00e0 redu\u00e7\u00e3o de turnos ou ao fechamento de linhas.<\/li>\n\n\n\n<li><strong>Risco para cadeias de fornecedores:<\/strong>\u00a0empresas menores, dependentes de fabricantes nacionais, ficam mais expostas a atrasos e cancelamentos.<\/li>\n<\/ul>\n\n\n\n<figure class=\"wp-block-image size-large\"><img loading=\"lazy\" decoding=\"async\" width=\"1024\" height=\"576\" src=\"https:\/\/www.em.com.br\/emfoco\/wp-content\/uploads\/2026\/03\/ChatGPT-Image-9-de-mar.-de-2026-15_32_59-1-1024x576.png\" alt=\"Uma fabricante famosa entrou em colapso e o motivo assusta\" class=\"wp-image-179408\" srcset=\"https:\/\/www.em.com.br\/emfoco\/wp-content\/uploads\/2026\/03\/ChatGPT-Image-9-de-mar.-de-2026-15_32_59-1-1024x576.png 1024w, https:\/\/www.em.com.br\/emfoco\/wp-content\/uploads\/2026\/03\/ChatGPT-Image-9-de-mar.-de-2026-15_32_59-1-300x169.png 300w, https:\/\/www.em.com.br\/emfoco\/wp-content\/uploads\/2026\/03\/ChatGPT-Image-9-de-mar.-de-2026-15_32_59-1-768x432.png 768w, https:\/\/www.em.com.br\/emfoco\/wp-content\/uploads\/2026\/03\/ChatGPT-Image-9-de-mar.-de-2026-15_32_59-1-750x422.png 750w, https:\/\/www.em.com.br\/emfoco\/wp-content\/uploads\/2026\/03\/ChatGPT-Image-9-de-mar.-de-2026-15_32_59-1-1140x641.png 1140w, https:\/\/www.em.com.br\/emfoco\/wp-content\/uploads\/2026\/03\/ChatGPT-Image-9-de-mar.-de-2026-15_32_59-1.png 1280w\" sizes=\"auto, (max-width: 1024px) 100vw, 1024px\" \/><figcaption class=\"wp-element-caption\">Uma fabricante famosa entrou em colapso e o motivo assusta<\/figcaption><\/figure>\n\n\n\n<h2 class=\"wp-block-heading\">Como a marca Peabody se consolidou nos pequenos eletrodom\u00e9sticos<\/h2>\n\n\n\n<p>A trajet\u00f3ria da Peabody come\u00e7ou no p\u00f3s-crise de 2001, com foco em geladeiras importadas, e ganhou tra\u00e7\u00e3o em 2004, com a aquisi\u00e7\u00e3o da marca e a aposta em&nbsp;<strong>eletroport\u00e1teis<\/strong>&nbsp;como liquidificadores, torradeiras e cafeteiras. Esse portf\u00f3lio ampliado consolidou o reconhecimento da marca junto ao consumidor argentino.<\/p>\n\n\n\n<p>Com o avan\u00e7o do neg\u00f3cio, a empresa adotou um modelo h\u00edbrido, combinando&nbsp;<strong>produ\u00e7\u00e3o nacional<\/strong>&nbsp;e&nbsp;<strong>importa\u00e7\u00e3o de componentes e produtos acabados<\/strong>. Essa estrat\u00e9gia equilibrou custos, capacidade produtiva e variedade de modelos, fortalecendo a presen\u00e7a em grandes redes de varejo e plataformas de com\u00e9rcio eletr\u00f4nico, e abrindo espa\u00e7o para exporta\u00e7\u00f5es a pa\u00edses vizinhos e, pontualmente, a Europa e Estados Unidos.<\/p>\n\n\n\n<h2 class=\"wp-block-heading\">Quais s\u00e3o os desafios atuais e o que esperar do futuro da Peabody<\/h2>\n\n\n\n<p>Em 2026, a combina\u00e7\u00e3o de consumo fraco, custos internos elevados e concorr\u00eancia intensa dos importados levou a empresa a revisar estrutura financeira e opera\u00e7\u00f5es. O concurso preventivo surge como tentativa de reorganizar d\u00edvidas, renegociar prazos e preservar a continuidade do neg\u00f3cio, enquanto a companhia afirma manter abastecimento normal e di\u00e1logo pr\u00f3ximo com clientes e fornecedores.<\/p>\n\n\n\n<p>Os pr\u00f3ximos meses ser\u00e3o decisivos para a Peabody e para toda a cadeia de eletroport\u00e1teis: fabricantes, lojistas e parceiros precisam agir agora, revisando contratos, estrat\u00e9gias de compras e exposi\u00e7\u00e3o a riscos. Se voc\u00ea faz parte desse ecossistema, n\u00e3o espere o mercado decidir por voc\u00ea \u2014 antecipe-se, proteja seu fluxo de caixa e ajuste imediatamente seu planejamento para atravessar essa fase com o menor impacto poss\u00edvel.<\/p>\n\n\n\n<p><\/p>\n","protected":false},"excerpt":{"rendered":"<p>O recente cen\u00e1rio da ind\u00fastria de eletrodom\u00e9sticos na Argentina escancara a fragilidade de diversos fabricantes diante da queda do consumo, dos custos internos elevados e da concorr\u00eancia crescente dos importados. Nesse ambiente de press\u00e3o, uma das empresas mais conhecidas do segmento, respons\u00e1vel pela marca Peabody, recorreu \u00e0 Justi\u00e7a Comercial para reorganizar sua estrutura financeira por [&hellip;]<\/p>\n","protected":false},"author":11,"featured_media":179406,"comment_status":"open","ping_status":"open","sticky":false,"template":"","format":"standard","meta":{"jnews-multi-image_gallery":[],"jnews_single_post":{"format":"standard"},"jnews_primary_category":[],"jnews_social_meta":[],"jnews_override_counter":[],"footnotes":""},"categories":[28,1],"tags":[4996,160,5675,1563],"class_list":["post-179397","post","type-post","status-publish","format-standard","has-post-thumbnail","hentry","category-economia","category-noticias","tag-crise","tag-economia","tag-eletrodomesticos","tag-mercado"],"yoast_head":"<!-- This site is optimized with the Yoast SEO plugin v23.8 - https:\/\/yoast.com\/wordpress\/plugins\/seo\/ -->\n<title>Crise no consumo na Argentina leva dona da marca Peabody a recorrer \u00e0 Justi\u00e7a para reorganizar d\u00edvidas - Estado de Minas - Em foco<\/title>\n<meta name=\"description\" content=\"Uma fabricante ligada \u00e0 marca Peabody entrou em concurso preventivo e exp\u00f4s a crise no setor de eletrodom\u00e9sticos. Entenda o que est\u00e1 acontecendo.\" \/>\n<meta name=\"robots\" content=\"index, follow, max-snippet:-1, max-image-preview:large, max-video-preview:-1\" \/>\n<link rel=\"canonical\" href=\"https:\/\/www.em.com.br\/emfoco\/2026\/03\/11\/crise-no-consumo-na-argentina-leva-dona-da-marca-peabody-a-recorrer-a-justica-para-reorganizar-dividas\/\" \/>\n<meta property=\"og:locale\" content=\"pt_BR\" \/>\n<meta property=\"og:type\" content=\"article\" \/>\n<meta property=\"og:title\" content=\"Crise no consumo na Argentina leva dona da marca Peabody a recorrer \u00e0 Justi\u00e7a para reorganizar d\u00edvidas - Estado de Minas - Em foco\" \/>\n<meta property=\"og:description\" content=\"Uma fabricante ligada \u00e0 marca Peabody entrou em concurso preventivo e exp\u00f4s a crise no setor de eletrodom\u00e9sticos. Entenda o que est\u00e1 acontecendo.\" \/>\n<meta property=\"og:url\" content=\"https:\/\/www.em.com.br\/emfoco\/2026\/03\/11\/crise-no-consumo-na-argentina-leva-dona-da-marca-peabody-a-recorrer-a-justica-para-reorganizar-dividas\/\" \/>\n<meta property=\"og:site_name\" content=\"Estado de Minas - Em foco\" \/>\n<meta property=\"article:published_time\" content=\"2026-03-11T16:45:00+00:00\" \/>\n<meta property=\"article:modified_time\" content=\"2026-03-10T23:29:30+00:00\" \/>\n<meta property=\"og:image\" content=\"https:\/\/www.em.com.br\/emfoco\/wp-content\/uploads\/2026\/03\/ChatGPT-Image-9-de-mar.-de-2026-15_30_23-1.png\" \/>\n\t<meta property=\"og:image:width\" content=\"1280\" \/>\n\t<meta property=\"og:image:height\" content=\"720\" \/>\n\t<meta property=\"og:image:type\" content=\"image\/png\" \/>\n<meta name=\"author\" content=\"Andre\u0301 Rangel\u00a0\" \/>\n<meta name=\"twitter:card\" content=\"summary_large_image\" \/>\n<meta name=\"twitter:label1\" content=\"Escrito por\" \/>\n\t<meta name=\"twitter:data1\" content=\"Andre\u0301 Rangel\u00a0\" \/>\n\t<meta name=\"twitter:label2\" content=\"Est. tempo de leitura\" \/>\n\t<meta name=\"twitter:data2\" content=\"5 minutos\" \/>\n<!-- \/ Yoast SEO plugin. -->","yoast_head_json":{"title":"Crise no consumo na Argentina leva dona da marca Peabody a recorrer \u00e0 Justi\u00e7a para reorganizar d\u00edvidas - Estado de Minas - Em foco","description":"Uma fabricante ligada \u00e0 marca Peabody entrou em concurso preventivo e exp\u00f4s a crise no setor de eletrodom\u00e9sticos. Entenda o que est\u00e1 acontecendo.","robots":{"index":"index","follow":"follow","max-snippet":"max-snippet:-1","max-image-preview":"max-image-preview:large","max-video-preview":"max-video-preview:-1"},"canonical":"https:\/\/www.em.com.br\/emfoco\/2026\/03\/11\/crise-no-consumo-na-argentina-leva-dona-da-marca-peabody-a-recorrer-a-justica-para-reorganizar-dividas\/","og_locale":"pt_BR","og_type":"article","og_title":"Crise no consumo na Argentina leva dona da marca Peabody a recorrer \u00e0 Justi\u00e7a para reorganizar d\u00edvidas - Estado de Minas - Em foco","og_description":"Uma fabricante ligada \u00e0 marca Peabody entrou em concurso preventivo e exp\u00f4s a crise no setor de eletrodom\u00e9sticos. Entenda o que est\u00e1 acontecendo.","og_url":"https:\/\/www.em.com.br\/emfoco\/2026\/03\/11\/crise-no-consumo-na-argentina-leva-dona-da-marca-peabody-a-recorrer-a-justica-para-reorganizar-dividas\/","og_site_name":"Estado de Minas - Em foco","article_published_time":"2026-03-11T16:45:00+00:00","article_modified_time":"2026-03-10T23:29:30+00:00","og_image":[{"width":1280,"height":720,"url":"https:\/\/www.em.com.br\/emfoco\/wp-content\/uploads\/2026\/03\/ChatGPT-Image-9-de-mar.-de-2026-15_30_23-1.png","type":"image\/png"}],"author":"Andre\u0301 Rangel\u00a0","twitter_card":"summary_large_image","twitter_misc":{"Escrito por":"Andre\u0301 Rangel\u00a0","Est. tempo de leitura":"5 minutos"},"schema":{"@context":"https:\/\/schema.org","@graph":[{"@type":"WebPage","@id":"https:\/\/www.em.com.br\/emfoco\/2026\/03\/11\/crise-no-consumo-na-argentina-leva-dona-da-marca-peabody-a-recorrer-a-justica-para-reorganizar-dividas\/","url":"https:\/\/www.em.com.br\/emfoco\/2026\/03\/11\/crise-no-consumo-na-argentina-leva-dona-da-marca-peabody-a-recorrer-a-justica-para-reorganizar-dividas\/","name":"Crise no consumo na Argentina leva dona da marca Peabody a recorrer \u00e0 Justi\u00e7a para reorganizar d\u00edvidas - Estado de Minas - Em foco","isPartOf":{"@id":"https:\/\/www.em.com.br\/emfoco\/#website"},"primaryImageOfPage":{"@id":"https:\/\/www.em.com.br\/emfoco\/2026\/03\/11\/crise-no-consumo-na-argentina-leva-dona-da-marca-peabody-a-recorrer-a-justica-para-reorganizar-dividas\/#primaryimage"},"image":{"@id":"https:\/\/www.em.com.br\/emfoco\/2026\/03\/11\/crise-no-consumo-na-argentina-leva-dona-da-marca-peabody-a-recorrer-a-justica-para-reorganizar-dividas\/#primaryimage"},"thumbnailUrl":"https:\/\/www.em.com.br\/emfoco\/wp-content\/uploads\/2026\/03\/ChatGPT-Image-9-de-mar.-de-2026-15_30_23-1.png","datePublished":"2026-03-11T16:45:00+00:00","dateModified":"2026-03-10T23:29:30+00:00","author":{"@id":"https:\/\/www.em.com.br\/emfoco\/#\/schema\/person\/60eda09c1fedf0d6891f4cef4b60b8b8"},"description":"Uma fabricante ligada \u00e0 marca Peabody entrou em concurso preventivo e exp\u00f4s a crise no setor de eletrodom\u00e9sticos. Entenda o que est\u00e1 acontecendo.","breadcrumb":{"@id":"https:\/\/www.em.com.br\/emfoco\/2026\/03\/11\/crise-no-consumo-na-argentina-leva-dona-da-marca-peabody-a-recorrer-a-justica-para-reorganizar-dividas\/#breadcrumb"},"inLanguage":"pt-BR","potentialAction":[{"@type":"ReadAction","target":["https:\/\/www.em.com.br\/emfoco\/2026\/03\/11\/crise-no-consumo-na-argentina-leva-dona-da-marca-peabody-a-recorrer-a-justica-para-reorganizar-dividas\/"]}]},{"@type":"ImageObject","inLanguage":"pt-BR","@id":"https:\/\/www.em.com.br\/emfoco\/2026\/03\/11\/crise-no-consumo-na-argentina-leva-dona-da-marca-peabody-a-recorrer-a-justica-para-reorganizar-dividas\/#primaryimage","url":"https:\/\/www.em.com.br\/emfoco\/wp-content\/uploads\/2026\/03\/ChatGPT-Image-9-de-mar.-de-2026-15_30_23-1.png","contentUrl":"https:\/\/www.em.com.br\/emfoco\/wp-content\/uploads\/2026\/03\/ChatGPT-Image-9-de-mar.-de-2026-15_30_23-1.png","width":1280,"height":720,"caption":"Uma fabricante famosa entrou em colapso e o motivo assusta"},{"@type":"BreadcrumbList","@id":"https:\/\/www.em.com.br\/emfoco\/2026\/03\/11\/crise-no-consumo-na-argentina-leva-dona-da-marca-peabody-a-recorrer-a-justica-para-reorganizar-dividas\/#breadcrumb","itemListElement":[{"@type":"ListItem","position":1,"name":"In\u00edcio","item":"https:\/\/www.em.com.br\/emfoco\/"},{"@type":"ListItem","position":2,"name":"Crise no consumo na Argentina leva dona da marca Peabody a recorrer \u00e0 Justi\u00e7a para reorganizar d\u00edvidas"}]},{"@type":"WebSite","@id":"https:\/\/www.em.com.br\/emfoco\/#website","url":"https:\/\/www.em.com.br\/emfoco\/","name":"Estado de Minas - Em foco","description":"Acompanhe as \u00faltimas not\u00edcias e fique bem informado sobre tudo o que acontece em Minas Gerais, Brasil e no mundo.","potentialAction":[{"@type":"SearchAction","target":{"@type":"EntryPoint","urlTemplate":"https:\/\/www.em.com.br\/emfoco\/?s={search_term_string}"},"query-input":{"@type":"PropertyValueSpecification","valueRequired":true,"valueName":"search_term_string"}}],"inLanguage":"pt-BR"},{"@type":"Person","@id":"https:\/\/www.em.com.br\/emfoco\/#\/schema\/person\/60eda09c1fedf0d6891f4cef4b60b8b8","name":"Andre\u0301 Rangel\u00a0","image":{"@type":"ImageObject","inLanguage":"pt-BR","@id":"https:\/\/www.em.com.br\/emfoco\/#\/schema\/person\/image\/","url":"https:\/\/secure.gravatar.com\/avatar\/6234dc814c77c8ef6d8bba622c787efc?s=96&d=mm&r=g","contentUrl":"https:\/\/secure.gravatar.com\/avatar\/6234dc814c77c8ef6d8bba622c787efc?s=96&d=mm&r=g","caption":"Andre\u0301 Rangel\u00a0"},"url":"https:\/\/www.em.com.br\/emfoco\/author\/luizmyth\/"}]}},"_links":{"self":[{"href":"https:\/\/www.em.com.br\/emfoco\/wp-json\/wp\/v2\/posts\/179397","targetHints":{"allow":["GET"]}}],"collection":[{"href":"https:\/\/www.em.com.br\/emfoco\/wp-json\/wp\/v2\/posts"}],"about":[{"href":"https:\/\/www.em.com.br\/emfoco\/wp-json\/wp\/v2\/types\/post"}],"author":[{"embeddable":true,"href":"https:\/\/www.em.com.br\/emfoco\/wp-json\/wp\/v2\/users\/11"}],"replies":[{"embeddable":true,"href":"https:\/\/www.em.com.br\/emfoco\/wp-json\/wp\/v2\/comments?post=179397"}],"version-history":[{"count":4,"href":"https:\/\/www.em.com.br\/emfoco\/wp-json\/wp\/v2\/posts\/179397\/revisions"}],"predecessor-version":[{"id":179410,"href":"https:\/\/www.em.com.br\/emfoco\/wp-json\/wp\/v2\/posts\/179397\/revisions\/179410"}],"wp:featuredmedia":[{"embeddable":true,"href":"https:\/\/www.em.com.br\/emfoco\/wp-json\/wp\/v2\/media\/179406"}],"wp:attachment":[{"href":"https:\/\/www.em.com.br\/emfoco\/wp-json\/wp\/v2\/media?parent=179397"}],"wp:term":[{"taxonomy":"category","embeddable":true,"href":"https:\/\/www.em.com.br\/emfoco\/wp-json\/wp\/v2\/categories?post=179397"},{"taxonomy":"post_tag","embeddable":true,"href":"https:\/\/www.em.com.br\/emfoco\/wp-json\/wp\/v2\/tags?post=179397"}],"curies":[{"name":"wp","href":"https:\/\/api.w.org\/{rel}","templated":true}]}}