{"id":179396,"date":"2026-03-10T10:05:00","date_gmt":"2026-03-10T13:05:00","guid":{"rendered":"https:\/\/www.em.com.br\/emfoco\/?p=179396"},"modified":"2026-03-09T16:40:07","modified_gmt":"2026-03-09T19:40:07","slug":"empresa-de-lampadas-nao-resiste-a-queda-nas-vendas-e-pede-falencia-apos-anos-no-mercado","status":"publish","type":"post","link":"https:\/\/www.em.com.br\/emfoco\/2026\/03\/10\/empresa-de-lampadas-nao-resiste-a-queda-nas-vendas-e-pede-falencia-apos-anos-no-mercado\/","title":{"rendered":"Empresa de l\u00e2mpadas n\u00e3o resiste \u00e0 queda nas vendas e pede fal\u00eancia ap\u00f3s anos no mercado"},"content":{"rendered":"\n<p>A crise econ\u00f4mica atual est\u00e1 asfixiando neg\u00f3cios tradicionais e for\u00e7ando o fechamento de portas em setores essenciais para a manuten\u00e7\u00e3o da nossa rotina dom\u00e9stica. A <strong>Alic<\/strong>, uma marca muito conceituada de l\u00e2mpadas e produtos de ilumina\u00e7\u00e3o fundada no ano de 2004, acaba de entrar com um doloroso pedido de recupera\u00e7\u00e3o judicial ap\u00f3s ser esmagada pela queda dr\u00e1stica no consumo e pela falta de liquidez. Entender os reais motivos que levam uma empresa s\u00f3lida \u00e0 beira da fal\u00eancia ajuda voc\u00ea a proteger o seu pr\u00f3prio bolso e a compreender a extrema fragilidade do mercado em que vivemos hoje.<\/p>\n\n\n\n<h2 class=\"wp-block-heading\">Como a queda no consumo destruiu o caixa da empresa<\/h2>\n\n\n\n<p>Para evitar a fal\u00eancia imediata e a demiss\u00e3o de seus colaboradores, a marca buscou amparo legal no <strong>Tribunal <\/strong>para reorganizar as finan\u00e7as. O processo de insolv\u00eancia preventiva \u00e9 uma tentativa desesperada de suspender as cobran\u00e7as agressivas dos credores enquanto a diretoria negocia um acordo vi\u00e1vel de pagamento.<\/p>\n\n\n\n<p>A paralisa\u00e7\u00e3o abrupta de grandes projetos de obras p\u00fablicas reduziu drasticamente o volume de transa\u00e7\u00f5es comerciais que sustentavam o faturamento mensal da fabricante. Somado a isso, a forte contra\u00e7\u00e3o do setor agr\u00edcola pulverizou as receitas, criando um abismo mortal entre o dinheiro que entrava e as d\u00edvidas acumuladas.<\/p>\n\n\n\n<figure class=\"wp-block-image size-large\"><img loading=\"lazy\" decoding=\"async\" width=\"1024\" height=\"576\" src=\"https:\/\/www.em.com.br\/emfoco\/wp-content\/uploads\/2026\/03\/Gemini_Generated_Image_nhhs9mnhhs9mnhhs-1-1024x576.png\" alt=\"A queda de uma gigante da ilumina\u00e7\u00e3o que exp\u00f5e a pior crise do mercado\" class=\"wp-image-179402\" srcset=\"https:\/\/www.em.com.br\/emfoco\/wp-content\/uploads\/2026\/03\/Gemini_Generated_Image_nhhs9mnhhs9mnhhs-1-1024x576.png 1024w, https:\/\/www.em.com.br\/emfoco\/wp-content\/uploads\/2026\/03\/Gemini_Generated_Image_nhhs9mnhhs9mnhhs-1-300x169.png 300w, https:\/\/www.em.com.br\/emfoco\/wp-content\/uploads\/2026\/03\/Gemini_Generated_Image_nhhs9mnhhs9mnhhs-1-768x432.png 768w, https:\/\/www.em.com.br\/emfoco\/wp-content\/uploads\/2026\/03\/Gemini_Generated_Image_nhhs9mnhhs9mnhhs-1-750x422.png 750w, https:\/\/www.em.com.br\/emfoco\/wp-content\/uploads\/2026\/03\/Gemini_Generated_Image_nhhs9mnhhs9mnhhs-1-1140x641.png 1140w, https:\/\/www.em.com.br\/emfoco\/wp-content\/uploads\/2026\/03\/Gemini_Generated_Image_nhhs9mnhhs9mnhhs-1.png 1280w\" sizes=\"auto, (max-width: 1024px) 100vw, 1024px\" \/><figcaption class=\"wp-element-caption\">A queda de uma gigante da ilumina\u00e7\u00e3o que exp\u00f5e a pior crise do mercado<\/figcaption><\/figure>\n\n\n\n<h2 class=\"wp-block-heading\">O peso insustent\u00e1vel dos juros banc\u00e1rios na recupera\u00e7\u00e3o<\/h2>\n\n\n\n<p>O documento oficial apresentado \u00e0 justi\u00e7a revela que o fator mais destrutivo para a sobreviv\u00eancia da <a href=\"https:\/\/www.instagram.com\/alic.argentina\/\" target=\"_blank\" rel=\"noreferrer noopener\">Alic <\/a>foram as alt\u00edssimas taxas de juros cobradas pelos bancos. Esse custo financeiro abusivo impediu que a empresa honrasse seus compromissos b\u00e1sicos nos prazos acordados com os fornecedores de mat\u00e9ria-prima.<\/p>\n\n\n\n<p>A marca, que sempre foi sin\u00f4nimo de qualidade em lumin\u00e1rias LED para resid\u00eancias e com\u00e9rcios, viu o seu capital de giro desaparecer rapidamente. Essa asfixia financeira prova que at\u00e9 mesmo empresas consolidadas s\u00e3o altamente vulner\u00e1veis \u00e0s oscila\u00e7\u00f5es perigosas da nossa economia e ao cr\u00e9dito extremamente caro.<\/p>\n\n\n\n<h2 class=\"wp-block-heading\">Quais outras empresas famosas enfrentam o mesmo pesadelo<\/h2>\n\n\n\n<p>O colapso da Alic n\u00e3o \u00e9 um caso isolado, mas sim o reflexo de uma epidemia de insolv\u00eancia que assombra o setor varejista e industrial atualmente. Diversas companhias tradicionais est\u00e3o recorrendo aos tribunais comerciais para ganhar tempo, renegociar passivos e tentar salvar suas opera\u00e7\u00f5es di\u00e1rias da temida fal\u00eancia total.<\/p>\n\n\n\n<p>Para compreender a real gravidade dessa crise sist\u00eamica que destr\u00f3i empregos e afeta o consumidor final, reunimos exemplos de gigantes que tamb\u00e9m pediram socorro financeiro. Confira atentamente a lista de empresas renomadas que foram for\u00e7adas a entrar com o doloroso pedido de recupera\u00e7\u00e3o judicial nos \u00faltimos meses.<\/p>\n\n\n\n<ul class=\"wp-block-list\">\n<li><strong>Goldmund<\/strong>, a famosa fabricante de eletrodom\u00e9sticos da marca <strong>Peabody<\/strong>, que sofre com a fraca demanda.<\/li>\n\n\n\n<li><strong>Emilio Alal<\/strong>, a hist\u00f3rica e centen\u00e1ria empresa t\u00eaxtil que fechou toda a sua divis\u00e3o de produ\u00e7\u00e3o.<\/li>\n\n\n\n<li><strong>PanPack<\/strong>, a grande fornecedora de embalagens e suprimentos para a agricultura e usinas de a\u00e7\u00facar.<\/li>\n<\/ul>\n\n\n\n<h2 class=\"wp-block-heading\">O impacto dessa crise no pre\u00e7o dos produtos para a sua casa<\/h2>\n\n\n\n<p>Quando fabricantes de itens essenciais entram em colapso financeiro, o mercado sofre imediatamente com a redu\u00e7\u00e3o dr\u00e1stica da oferta nas prateleiras dos <a href=\"https:\/\/www.em.com.br\/emfoco\/2026\/03\/02\/supermercados-assai-carrefour-e-atacadao-terao-que-passar-a-seguir-novas-regras-agora-em-2026\/\" target=\"_blank\" rel=\"noreferrer noopener\">supermercados<\/a>. Essa falta de concorr\u00eancia saud\u00e1vel permite que as marcas sobreviventes aumentem os pre\u00e7os de forma muito agressiva, prejudicando diretamente o seu suado or\u00e7amento familiar mensal.<\/p>\n\n\n\n<figure class=\"wp-block-image\"><img decoding=\"async\" src=\"https:\/\/www.em.com.br\/emfoco\/wp-content\/uploads\/2026\/02\/Gemini_Generated_Image_18rvd818rvd818rv-1-1024x576.png\" alt=\"\"\/><figcaption class=\"wp-element-caption\">Marca querida de l\u00e2mpadas entra em colapso e acende alerta no pa\u00eds<\/figcaption><\/figure>\n\n\n\n<p>Al\u00e9m do encarecimento dos produtos b\u00e1sicos, a inseguran\u00e7a gerada pelas recupera\u00e7\u00f5es judiciais afasta investidores e paralisa a inova\u00e7\u00e3o tecnol\u00f3gica no pa\u00eds. O consumidor final acaba pagando muito mais caro por tecnologias ultrapassadas, enquanto o setor produtivo luta desesperadamente para n\u00e3o fechar as portas definitivamente.<\/p>\n\n\n\n<h2 class=\"wp-block-heading\">Qual a atitude certa para proteger o seu dinheiro hoje<\/h2>\n\n\n\n<p>Acompanhar o colapso financeiro de marcas tradicionais \u00e9 um alerta vermelho gritante para que voc\u00ea assuma o controle absoluto e inegoci\u00e1vel das suas pr\u00f3prias finan\u00e7as pessoais. N\u00e3o permita de forma alguma que o descontrole econ\u00f4mico do pa\u00eds e os juros banc\u00e1rios abusivos destruam o conforto da sua fam\u00edlia e o seu futuro.<\/p>\n\n\n\n<p>O momento exato de cortar gastos sup\u00e9rfluos, blindar a sua reserva de emerg\u00eancia e valorizar cada centavo do seu suado sal\u00e1rio \u00e9 agora! Analise as suas contas hoje mesmo, fuja das d\u00edvidas e dos parcelamentos com bancos e proteja o seu patrim\u00f4nio com unhas e dentes antes que a crise bata \u00e0 sua porta!<\/p>\n","protected":false},"excerpt":{"rendered":"<p>A crise econ\u00f4mica atual est\u00e1 asfixiando neg\u00f3cios tradicionais e for\u00e7ando o fechamento de portas em setores essenciais para a manuten\u00e7\u00e3o da nossa rotina dom\u00e9stica. A Alic, uma marca muito conceituada de l\u00e2mpadas e produtos de ilumina\u00e7\u00e3o fundada no ano de 2004, acaba de entrar com um doloroso pedido de recupera\u00e7\u00e3o judicial ap\u00f3s ser esmagada pela [&hellip;]<\/p>\n","protected":false},"author":11,"featured_media":179403,"comment_status":"open","ping_status":"open","sticky":false,"template":"","format":"standard","meta":{"jnews-multi-image_gallery":[],"jnews_single_post":{"format":"standard"},"jnews_primary_category":[],"jnews_social_meta":[],"jnews_override_counter":[],"footnotes":""},"categories":[28],"tags":[10106,160,5478,11706,17330],"class_list":["post-179396","post","type-post","status-publish","format-standard","has-post-thumbnail","hentry","category-economia","tag-crise-economica","tag-economia","tag-falencia","tag-lampadas","tag-recuperacao-judicial"],"yoast_head":"<!-- This site is optimized with the Yoast SEO plugin v23.8 - https:\/\/yoast.com\/wordpress\/plugins\/seo\/ -->\n<title>Empresa de l\u00e2mpadas n\u00e3o resiste \u00e0 queda nas vendas e pede fal\u00eancia ap\u00f3s anos no mercado - Estado de Minas - Em foco<\/title>\n<meta name=\"description\" content=\"A recupera\u00e7\u00e3o judicial da Alic exp\u00f5e uma crise que j\u00e1 atinge empresas famosas. Entenda o que est\u00e1 por tr\u00e1s desse colapso e por que o consumidor deve se preocupar.\" \/>\n<meta name=\"robots\" content=\"index, follow, max-snippet:-1, max-image-preview:large, max-video-preview:-1\" \/>\n<link rel=\"canonical\" href=\"https:\/\/www.em.com.br\/emfoco\/2026\/03\/10\/empresa-de-lampadas-nao-resiste-a-queda-nas-vendas-e-pede-falencia-apos-anos-no-mercado\/\" \/>\n<meta property=\"og:locale\" content=\"pt_BR\" \/>\n<meta property=\"og:type\" content=\"article\" \/>\n<meta property=\"og:title\" content=\"Empresa de l\u00e2mpadas n\u00e3o resiste \u00e0 queda nas vendas e pede fal\u00eancia ap\u00f3s anos no mercado - Estado de Minas - Em foco\" \/>\n<meta property=\"og:description\" content=\"A recupera\u00e7\u00e3o judicial da Alic exp\u00f5e uma crise que j\u00e1 atinge empresas famosas. Entenda o que est\u00e1 por tr\u00e1s desse colapso e por que o consumidor deve se preocupar.\" \/>\n<meta property=\"og:url\" content=\"https:\/\/www.em.com.br\/emfoco\/2026\/03\/10\/empresa-de-lampadas-nao-resiste-a-queda-nas-vendas-e-pede-falencia-apos-anos-no-mercado\/\" \/>\n<meta property=\"og:site_name\" content=\"Estado de Minas - Em foco\" \/>\n<meta property=\"article:published_time\" content=\"2026-03-10T13:05:00+00:00\" \/>\n<meta property=\"article:modified_time\" content=\"2026-03-09T19:40:07+00:00\" \/>\n<meta property=\"og:image\" content=\"https:\/\/www.em.com.br\/emfoco\/wp-content\/uploads\/2026\/03\/ChatGPT-Image-9-de-mar.-de-2026-15_24_56-1.png\" \/>\n\t<meta property=\"og:image:width\" content=\"1280\" \/>\n\t<meta property=\"og:image:height\" content=\"720\" \/>\n\t<meta property=\"og:image:type\" content=\"image\/png\" \/>\n<meta name=\"author\" content=\"Andre\u0301 Rangel\u00a0\" \/>\n<meta name=\"twitter:card\" content=\"summary_large_image\" \/>\n<meta name=\"twitter:label1\" content=\"Escrito por\" \/>\n\t<meta name=\"twitter:data1\" content=\"Andre\u0301 Rangel\u00a0\" \/>\n\t<meta name=\"twitter:label2\" content=\"Est. tempo de leitura\" \/>\n\t<meta name=\"twitter:data2\" content=\"5 minutos\" \/>\n<!-- \/ Yoast SEO plugin. -->","yoast_head_json":{"title":"Empresa de l\u00e2mpadas n\u00e3o resiste \u00e0 queda nas vendas e pede fal\u00eancia ap\u00f3s anos no mercado - Estado de Minas - Em foco","description":"A recupera\u00e7\u00e3o judicial da Alic exp\u00f5e uma crise que j\u00e1 atinge empresas famosas. Entenda o que est\u00e1 por tr\u00e1s desse colapso e por que o consumidor deve se preocupar.","robots":{"index":"index","follow":"follow","max-snippet":"max-snippet:-1","max-image-preview":"max-image-preview:large","max-video-preview":"max-video-preview:-1"},"canonical":"https:\/\/www.em.com.br\/emfoco\/2026\/03\/10\/empresa-de-lampadas-nao-resiste-a-queda-nas-vendas-e-pede-falencia-apos-anos-no-mercado\/","og_locale":"pt_BR","og_type":"article","og_title":"Empresa de l\u00e2mpadas n\u00e3o resiste \u00e0 queda nas vendas e pede fal\u00eancia ap\u00f3s anos no mercado - Estado de Minas - Em foco","og_description":"A recupera\u00e7\u00e3o judicial da Alic exp\u00f5e uma crise que j\u00e1 atinge empresas famosas. Entenda o que est\u00e1 por tr\u00e1s desse colapso e por que o consumidor deve se preocupar.","og_url":"https:\/\/www.em.com.br\/emfoco\/2026\/03\/10\/empresa-de-lampadas-nao-resiste-a-queda-nas-vendas-e-pede-falencia-apos-anos-no-mercado\/","og_site_name":"Estado de Minas - Em foco","article_published_time":"2026-03-10T13:05:00+00:00","article_modified_time":"2026-03-09T19:40:07+00:00","og_image":[{"width":1280,"height":720,"url":"https:\/\/www.em.com.br\/emfoco\/wp-content\/uploads\/2026\/03\/ChatGPT-Image-9-de-mar.-de-2026-15_24_56-1.png","type":"image\/png"}],"author":"Andre\u0301 Rangel\u00a0","twitter_card":"summary_large_image","twitter_misc":{"Escrito por":"Andre\u0301 Rangel\u00a0","Est. tempo de leitura":"5 minutos"},"schema":{"@context":"https:\/\/schema.org","@graph":[{"@type":"WebPage","@id":"https:\/\/www.em.com.br\/emfoco\/2026\/03\/10\/empresa-de-lampadas-nao-resiste-a-queda-nas-vendas-e-pede-falencia-apos-anos-no-mercado\/","url":"https:\/\/www.em.com.br\/emfoco\/2026\/03\/10\/empresa-de-lampadas-nao-resiste-a-queda-nas-vendas-e-pede-falencia-apos-anos-no-mercado\/","name":"Empresa de l\u00e2mpadas n\u00e3o resiste \u00e0 queda nas vendas e pede fal\u00eancia ap\u00f3s anos no mercado - Estado de Minas - Em foco","isPartOf":{"@id":"https:\/\/www.em.com.br\/emfoco\/#website"},"primaryImageOfPage":{"@id":"https:\/\/www.em.com.br\/emfoco\/2026\/03\/10\/empresa-de-lampadas-nao-resiste-a-queda-nas-vendas-e-pede-falencia-apos-anos-no-mercado\/#primaryimage"},"image":{"@id":"https:\/\/www.em.com.br\/emfoco\/2026\/03\/10\/empresa-de-lampadas-nao-resiste-a-queda-nas-vendas-e-pede-falencia-apos-anos-no-mercado\/#primaryimage"},"thumbnailUrl":"https:\/\/www.em.com.br\/emfoco\/wp-content\/uploads\/2026\/03\/ChatGPT-Image-9-de-mar.-de-2026-15_24_56-1.png","datePublished":"2026-03-10T13:05:00+00:00","dateModified":"2026-03-09T19:40:07+00:00","author":{"@id":"https:\/\/www.em.com.br\/emfoco\/#\/schema\/person\/60eda09c1fedf0d6891f4cef4b60b8b8"},"description":"A recupera\u00e7\u00e3o judicial da Alic exp\u00f5e uma crise que j\u00e1 atinge empresas famosas. Entenda o que est\u00e1 por tr\u00e1s desse colapso e por que o consumidor deve se preocupar.","breadcrumb":{"@id":"https:\/\/www.em.com.br\/emfoco\/2026\/03\/10\/empresa-de-lampadas-nao-resiste-a-queda-nas-vendas-e-pede-falencia-apos-anos-no-mercado\/#breadcrumb"},"inLanguage":"pt-BR","potentialAction":[{"@type":"ReadAction","target":["https:\/\/www.em.com.br\/emfoco\/2026\/03\/10\/empresa-de-lampadas-nao-resiste-a-queda-nas-vendas-e-pede-falencia-apos-anos-no-mercado\/"]}]},{"@type":"ImageObject","inLanguage":"pt-BR","@id":"https:\/\/www.em.com.br\/emfoco\/2026\/03\/10\/empresa-de-lampadas-nao-resiste-a-queda-nas-vendas-e-pede-falencia-apos-anos-no-mercado\/#primaryimage","url":"https:\/\/www.em.com.br\/emfoco\/wp-content\/uploads\/2026\/03\/ChatGPT-Image-9-de-mar.-de-2026-15_24_56-1.png","contentUrl":"https:\/\/www.em.com.br\/emfoco\/wp-content\/uploads\/2026\/03\/ChatGPT-Image-9-de-mar.-de-2026-15_24_56-1.png","width":1280,"height":720,"caption":"A queda de uma gigante da ilumina\u00e7\u00e3o que exp\u00f5e a pior crise do mercado"},{"@type":"BreadcrumbList","@id":"https:\/\/www.em.com.br\/emfoco\/2026\/03\/10\/empresa-de-lampadas-nao-resiste-a-queda-nas-vendas-e-pede-falencia-apos-anos-no-mercado\/#breadcrumb","itemListElement":[{"@type":"ListItem","position":1,"name":"In\u00edcio","item":"https:\/\/www.em.com.br\/emfoco\/"},{"@type":"ListItem","position":2,"name":"Empresa de l\u00e2mpadas n\u00e3o resiste \u00e0 queda nas vendas e pede fal\u00eancia ap\u00f3s anos no mercado"}]},{"@type":"WebSite","@id":"https:\/\/www.em.com.br\/emfoco\/#website","url":"https:\/\/www.em.com.br\/emfoco\/","name":"Estado de Minas - Em foco","description":"Acompanhe as \u00faltimas not\u00edcias e fique bem informado sobre tudo o que acontece em Minas Gerais, Brasil e no mundo.","potentialAction":[{"@type":"SearchAction","target":{"@type":"EntryPoint","urlTemplate":"https:\/\/www.em.com.br\/emfoco\/?s={search_term_string}"},"query-input":{"@type":"PropertyValueSpecification","valueRequired":true,"valueName":"search_term_string"}}],"inLanguage":"pt-BR"},{"@type":"Person","@id":"https:\/\/www.em.com.br\/emfoco\/#\/schema\/person\/60eda09c1fedf0d6891f4cef4b60b8b8","name":"Andre\u0301 Rangel\u00a0","image":{"@type":"ImageObject","inLanguage":"pt-BR","@id":"https:\/\/www.em.com.br\/emfoco\/#\/schema\/person\/image\/","url":"https:\/\/secure.gravatar.com\/avatar\/6234dc814c77c8ef6d8bba622c787efc?s=96&d=mm&r=g","contentUrl":"https:\/\/secure.gravatar.com\/avatar\/6234dc814c77c8ef6d8bba622c787efc?s=96&d=mm&r=g","caption":"Andre\u0301 Rangel\u00a0"},"url":"https:\/\/www.em.com.br\/emfoco\/author\/luizmyth\/"}]}},"_links":{"self":[{"href":"https:\/\/www.em.com.br\/emfoco\/wp-json\/wp\/v2\/posts\/179396","targetHints":{"allow":["GET"]}}],"collection":[{"href":"https:\/\/www.em.com.br\/emfoco\/wp-json\/wp\/v2\/posts"}],"about":[{"href":"https:\/\/www.em.com.br\/emfoco\/wp-json\/wp\/v2\/types\/post"}],"author":[{"embeddable":true,"href":"https:\/\/www.em.com.br\/emfoco\/wp-json\/wp\/v2\/users\/11"}],"replies":[{"embeddable":true,"href":"https:\/\/www.em.com.br\/emfoco\/wp-json\/wp\/v2\/comments?post=179396"}],"version-history":[{"count":3,"href":"https:\/\/www.em.com.br\/emfoco\/wp-json\/wp\/v2\/posts\/179396\/revisions"}],"predecessor-version":[{"id":179414,"href":"https:\/\/www.em.com.br\/emfoco\/wp-json\/wp\/v2\/posts\/179396\/revisions\/179414"}],"wp:featuredmedia":[{"embeddable":true,"href":"https:\/\/www.em.com.br\/emfoco\/wp-json\/wp\/v2\/media\/179403"}],"wp:attachment":[{"href":"https:\/\/www.em.com.br\/emfoco\/wp-json\/wp\/v2\/media?parent=179396"}],"wp:term":[{"taxonomy":"category","embeddable":true,"href":"https:\/\/www.em.com.br\/emfoco\/wp-json\/wp\/v2\/categories?post=179396"},{"taxonomy":"post_tag","embeddable":true,"href":"https:\/\/www.em.com.br\/emfoco\/wp-json\/wp\/v2\/tags?post=179396"}],"curies":[{"name":"wp","href":"https:\/\/api.w.org\/{rel}","templated":true}]}}