{"id":179395,"date":"2026-03-11T07:45:00","date_gmt":"2026-03-11T10:45:00","guid":{"rendered":"https:\/\/www.em.com.br\/emfoco\/?p=179395"},"modified":"2026-03-09T17:20:32","modified_gmt":"2026-03-09T20:20:32","slug":"aposentados-do-inss-podem-receber-dinheiro-extra-antes-do-esperado-em-2026","status":"publish","type":"post","link":"https:\/\/www.em.com.br\/emfoco\/2026\/03\/11\/aposentados-do-inss-podem-receber-dinheiro-extra-antes-do-esperado-em-2026\/","title":{"rendered":"Aposentados do INSS podem receber dinheiro extra antes do esperado em 2026"},"content":{"rendered":"\n<p>O pagamento do&nbsp;<strong>d\u00e9cimo terceiro antecipado<\/strong>&nbsp;para aposentados e pensionistas do INSS em 2026 volta ao centro das aten\u00e7\u00f5es, pois refor\u00e7a a renda de milh\u00f5es de fam\u00edlias e movimenta a economia ao longo do ano, sem criar novas despesas para o governo, mas apenas reorganizando o momento do desembolso.<\/p>\n\n\n\n<h2 class=\"wp-block-heading\">Como deve funcionar o d\u00e9cimo terceiro antecipado do INSS em 2026<\/h2>\n\n\n\n<p>Em 2026, o d\u00e9cimo terceiro antecipado do <strong>INSS <\/strong>deve seguir o modelo adotado desde a pandemia, com pagamento em duas parcelas incorporadas \u00e0s folhas mensais de benef\u00edcio. A primeira metade tende a ser liberada no fim de abril e a segunda, no fim de maio, conforme o cronograma oficial da Previd\u00eancia Social.<\/p>\n\n\n\n<p>O valor \u00e9 somado automaticamente ao benef\u00edcio mensal, respeitando o calend\u00e1rio escalonado pelo final do n\u00famero do benef\u00edcio, sem necessidade de solicita\u00e7\u00e3o. A antecipa\u00e7\u00e3o s\u00f3 \u00e9 confirmada ap\u00f3s a publica\u00e7\u00e3o de decreto presidencial com as datas e regras detalhadas, o que exige aten\u00e7\u00e3o \u00e0s comunica\u00e7\u00f5es oficiais.<\/p>\n\n\n\n<figure class=\"wp-block-image size-large\"><img loading=\"lazy\" decoding=\"async\" width=\"1024\" height=\"576\" src=\"https:\/\/www.em.com.br\/emfoco\/wp-content\/uploads\/2026\/03\/10-19-1024x576.jpg\" alt=\"Aposentados do INSS podem receber dinheiro extra antes do esperado em 2026\" class=\"wp-image-179505\" srcset=\"https:\/\/www.em.com.br\/emfoco\/wp-content\/uploads\/2026\/03\/10-19-1024x576.jpg 1024w, https:\/\/www.em.com.br\/emfoco\/wp-content\/uploads\/2026\/03\/10-19-300x169.jpg 300w, https:\/\/www.em.com.br\/emfoco\/wp-content\/uploads\/2026\/03\/10-19-768x432.jpg 768w, https:\/\/www.em.com.br\/emfoco\/wp-content\/uploads\/2026\/03\/10-19-750x422.jpg 750w, https:\/\/www.em.com.br\/emfoco\/wp-content\/uploads\/2026\/03\/10-19-1140x641.jpg 1140w, https:\/\/www.em.com.br\/emfoco\/wp-content\/uploads\/2026\/03\/10-19.jpg 1280w\" sizes=\"auto, (max-width: 1024px) 100vw, 1024px\" \/><figcaption class=\"wp-element-caption\">Primeira parcela do benef\u00edcio deve ocorrer entre os meses abril e maio<\/figcaption><\/figure>\n\n\n\n<h2 class=\"wp-block-heading\">Quem tem direito ao d\u00e9cimo terceiro antecipado do INSS em 2026<\/h2>\n\n\n\n<p>O abono natalino da Previd\u00eancia, quando antecipado, \u00e9 direcionado apenas a quem recebe benef\u00edcios de natureza previdenci\u00e1ria, vinculados a contribui\u00e7\u00f5es ao INSS. Programas assistenciais, mesmo que mensais, n\u00e3o entram nessa regra e, por isso, n\u00e3o recebem o abono extra.<\/p>\n\n\n\n<ul class=\"wp-block-list\">\n<li><strong>Recebem d\u00e9cimo terceiro do INSS:<\/strong><\/li>\n\n\n\n<li>Aposentados de todas as modalidades;<\/li>\n\n\n\n<li>Pensionistas que recebem\u00a0<em>pens\u00e3o por morte<\/em>\u00a0de segurado do INSS;<\/li>\n\n\n\n<li>Segurados em\u00a0<strong>aux\u00edlio por incapacidade tempor\u00e1ria<\/strong>\u00a0(antigo <strong><a href=\"https:\/\/www.em.com.br\/emfoco\/2026\/03\/04\/auxilio-doenca-pode-virar-aposentadoria-permanente-inss-confirma-que-isso-so-acontece-em-situacoes-que-quase-ninguem-conhece\/\" target=\"_blank\" rel=\"noreferrer noopener\">aux\u00edlio-doen\u00e7a<\/a><\/strong>);<\/li>\n\n\n\n<li>Benefici\u00e1rios de\u00a0<strong>aux\u00edlio-acidente<\/strong>;<\/li>\n\n\n\n<li>Dependentes que recebem\u00a0<strong>aux\u00edlio-reclus\u00e3o<\/strong>.<\/li>\n<\/ul>\n\n\n\n<p>O&nbsp;<strong>BPC (Benef\u00edcio de Presta\u00e7\u00e3o Continuada)<\/strong>, pago a idosos e pessoas com defici\u00eancia em situa\u00e7\u00e3o de baixa renda, n\u00e3o d\u00e1 direito ao d\u00e9cimo terceiro, por ser um benef\u00edcio assistencial. Para evitar erros, \u00e9 essencial conferir no sistema se o benef\u00edcio \u00e9 previdenci\u00e1rio ou assistencial antes de contar com o abono.<\/p>\n\n\n\n<h2 class=\"wp-block-heading\">Como ser\u00e1 organizado o calend\u00e1rio do d\u00e9cimo terceiro antecipado do INSS<\/h2>\n\n\n\n<p>Quando o governo define o calend\u00e1rio do d\u00e9cimo terceiro antecipado, utiliza a mesma l\u00f3gica do pagamento mensal do INSS, considerando o valor do benef\u00edcio e o n\u00famero final do cart\u00e3o ou NIS. Os dep\u00f3sitos s\u00e3o distribu\u00eddos ao longo de semanas para evitar sobrecarga banc\u00e1ria e facilitar o planejamento financeiro dos segurados.<\/p>\n\n\n\n<ul class=\"wp-block-list\">\n<li>A primeira parcela \u00e9 liberada a partir do fim de abril, junto com o benef\u00edcio mensal;<\/li>\n\n\n\n<li>A segunda parcela \u00e9 paga a partir do fim de maio, tamb\u00e9m na mesma folha;<\/li>\n\n\n\n<li>O cronograma \u00e9 dividido entre quem recebe at\u00e9 um sal\u00e1rio m\u00ednimo e quem recebe acima do piso;<\/li>\n\n\n\n<li>Dentro de cada grupo, o pagamento segue a ordem do n\u00famero final do benef\u00edcio, sem considerar o d\u00edgito verificador.<\/li>\n<\/ul>\n\n\n\n<p>Confira o v\u00eddeo compartilhado pelo canal do YouTube <strong><a href=\"https:\/\/www.youtube.com\/@GeovaniSantosOficial-g9q\" target=\"_blank\" rel=\"noreferrer noopener\">Geovani Santos Oficial<\/a><\/strong> falando sobre a antecipa\u00e7\u00e3o do 13\u00b0 sal\u00e1rio para o m\u00eas de mar\u00e7o.<\/p>\n\n\n\n<figure class=\"wp-block-embed is-type-video is-provider-youtube wp-block-embed-youtube wp-embed-aspect-16-9 wp-has-aspect-ratio\"><div class=\"wp-block-embed__wrapper\">\n<div class=\"jeg_video_container jeg_video_content\"><iframe loading=\"lazy\" title=\"CONFIRMADO 13\u00ba SAL\u00c1RIO INSS EM MAR\u00c7O para Aposentado e Pensionistas do INSS?\" width=\"500\" height=\"281\" src=\"https:\/\/www.youtube.com\/embed\/K1eBzsmfxUM?feature=oembed\" frameborder=\"0\" allow=\"accelerometer; autoplay; clipboard-write; encrypted-media; gyroscope; picture-in-picture; web-share\" referrerpolicy=\"strict-origin-when-cross-origin\" allowfullscreen><\/iframe><\/div>\n<\/div><\/figure>\n\n\n\n<p>Como o d\u00e9cimo terceiro j\u00e1 integra o or\u00e7amento anual da Previd\u00eancia Social, a antecipa\u00e7\u00e3o mexe apenas no fluxo de caixa, distribuindo o valor no primeiro semestre. Isso costuma impactar diretamente o com\u00e9rcio, o pagamento de d\u00edvidas e outras decis\u00f5es financeiras das fam\u00edlias.<\/p>\n\n\n\n<h2 class=\"wp-block-heading\">Como consultar os valores e as datas do d\u00e9cimo terceiro antecipado do INSS<\/h2>\n\n\n\n<p>Para saber quanto vai receber de d\u00e9cimo terceiro antecipado e em que data o cr\u00e9dito ser\u00e1 feito, o segurado pode usar os canais digitais oficiais da Previd\u00eancia. A orienta\u00e7\u00e3o \u00e9 priorizar o atendimento remoto, que \u00e9 mais r\u00e1pido, seguro e evita filas nas ag\u00eancias f\u00edsicas.<\/p>\n\n\n\n<ul class=\"wp-block-list\">\n<li><strong>Aplicativo Meu INSS:<\/strong>\u00a0dispon\u00edvel para Android e iOS, com login via conta gov.br e acesso ao extrato detalhado;<\/li>\n\n\n\n<li><strong>Site Meu INSS (gov.br\/meuinss):<\/strong>\u00a0oferece os mesmos servi\u00e7os da vers\u00e3o mobile em qualquer navegador;<\/li>\n\n\n\n<li>No extrato de pagamento \u00e9 poss\u00edvel conferir valor das parcelas, datas de cr\u00e9dito e eventuais descontos, como Imposto de Renda.<\/li>\n<\/ul>\n\n\n\n<p>\u00c9 fundamental acompanhar as atualiza\u00e7\u00f5es oficiais, pois o detalhamento do calend\u00e1rio e a confirma\u00e7\u00e3o da antecipa\u00e7\u00e3o dependem de decreto presidencial e notas t\u00e9cnicas do Minist\u00e9rio da Previd\u00eancia Social. Com essas informa\u00e7\u00f5es, o segurado consegue organizar melhor o or\u00e7amento e evitar confus\u00e3o sobre valores ou prazos.<\/p>\n\n\n\n<h2 class=\"wp-block-heading\">Por que acompanhar as decis\u00f5es sobre o d\u00e9cimo terceiro antecipado do INSS agora<\/h2>\n\n\n\n<p>O d\u00e9cimo terceiro antecipado do INSS pode ser decisivo para quitar d\u00edvidas, refor\u00e7ar o caixa da fam\u00edlia e enfrentar imprevistos ao longo de 2026. Ignorar mudan\u00e7as no calend\u00e1rio ou nas regras pode significar desorganiza\u00e7\u00e3o financeira justamente quando o dinheiro chega.<\/p>\n\n\n\n<p>N\u00e3o espere o decreto sair para se informar: acesse regularmente o Meu INSS, confira not\u00edcias em canais oficiais e converse com sua fam\u00edlia sobre como usar esse recurso extra de forma inteligente. Planeje hoje, porque quando o d\u00e9cimo terceiro cair na conta, cada dia e cada escolha v\u00e3o fazer diferen\u00e7a real no seu bolso.<\/p>\n","protected":false},"excerpt":{"rendered":"<p>O pagamento do&nbsp;d\u00e9cimo terceiro antecipado&nbsp;para aposentados e pensionistas do INSS em 2026 volta ao centro das aten\u00e7\u00f5es, pois refor\u00e7a a renda de milh\u00f5es de fam\u00edlias e movimenta a economia ao longo do ano, sem criar novas despesas para o governo, mas apenas reorganizando o momento do desembolso. Como deve funcionar o d\u00e9cimo terceiro antecipado do [&hellip;]<\/p>\n","protected":false},"author":13,"featured_media":179506,"comment_status":"open","ping_status":"open","sticky":false,"template":"","format":"standard","meta":{"jnews-multi-image_gallery":[],"jnews_single_post":{"format":"standard"},"jnews_primary_category":[],"jnews_social_meta":[],"jnews_override_counter":[],"footnotes":""},"categories":[28],"tags":[25920,529,174,561],"class_list":["post-179395","post","type-post","status-publish","format-standard","has-post-thumbnail","hentry","category-economia","tag-13-pagamento","tag-aposentados","tag-inss","tag-pensionistas"],"yoast_head":"<!-- This site is optimized with the Yoast SEO plugin v23.8 - https:\/\/yoast.com\/wordpress\/plugins\/seo\/ -->\n<title>Aposentados do INSS podem receber dinheiro extra antes do esperado em 2026 - Estado de Minas - Em foco<\/title>\n<meta name=\"description\" content=\"Aposentados e pensionistas do INSS podem receber pagamento antecipado em 2026. Veja quem tem direito e como consultar.\" \/>\n<meta name=\"robots\" content=\"index, follow, max-snippet:-1, max-image-preview:large, max-video-preview:-1\" \/>\n<link rel=\"canonical\" href=\"https:\/\/www.em.com.br\/emfoco\/2026\/03\/11\/aposentados-do-inss-podem-receber-dinheiro-extra-antes-do-esperado-em-2026\/\" \/>\n<meta property=\"og:locale\" content=\"pt_BR\" \/>\n<meta property=\"og:type\" content=\"article\" \/>\n<meta property=\"og:title\" content=\"Aposentados do INSS podem receber dinheiro extra antes do esperado em 2026 - Estado de Minas - Em foco\" \/>\n<meta property=\"og:description\" content=\"Aposentados e pensionistas do INSS podem receber pagamento antecipado em 2026. Veja quem tem direito e como consultar.\" \/>\n<meta property=\"og:url\" content=\"https:\/\/www.em.com.br\/emfoco\/2026\/03\/11\/aposentados-do-inss-podem-receber-dinheiro-extra-antes-do-esperado-em-2026\/\" \/>\n<meta property=\"og:site_name\" content=\"Estado de Minas - Em foco\" \/>\n<meta property=\"article:published_time\" content=\"2026-03-11T10:45:00+00:00\" \/>\n<meta property=\"article:modified_time\" content=\"2026-03-09T20:20:32+00:00\" \/>\n<meta property=\"og:image\" content=\"https:\/\/www.em.com.br\/emfoco\/wp-content\/uploads\/2026\/03\/11-15.jpg\" \/>\n\t<meta property=\"og:image:width\" content=\"1280\" \/>\n\t<meta property=\"og:image:height\" content=\"720\" \/>\n\t<meta property=\"og:image:type\" content=\"image\/jpeg\" \/>\n<meta name=\"author\" content=\"Gabriel Martins\" \/>\n<meta name=\"twitter:card\" content=\"summary_large_image\" \/>\n<meta name=\"twitter:label1\" content=\"Escrito por\" \/>\n\t<meta name=\"twitter:data1\" content=\"Gabriel Martins\" \/>\n\t<meta name=\"twitter:label2\" content=\"Est. tempo de leitura\" \/>\n\t<meta name=\"twitter:data2\" content=\"5 minutos\" \/>\n<!-- \/ Yoast SEO plugin. -->","yoast_head_json":{"title":"Aposentados do INSS podem receber dinheiro extra antes do esperado em 2026 - Estado de Minas - Em foco","description":"Aposentados e pensionistas do INSS podem receber pagamento antecipado em 2026. Veja quem tem direito e como consultar.","robots":{"index":"index","follow":"follow","max-snippet":"max-snippet:-1","max-image-preview":"max-image-preview:large","max-video-preview":"max-video-preview:-1"},"canonical":"https:\/\/www.em.com.br\/emfoco\/2026\/03\/11\/aposentados-do-inss-podem-receber-dinheiro-extra-antes-do-esperado-em-2026\/","og_locale":"pt_BR","og_type":"article","og_title":"Aposentados do INSS podem receber dinheiro extra antes do esperado em 2026 - Estado de Minas - Em foco","og_description":"Aposentados e pensionistas do INSS podem receber pagamento antecipado em 2026. Veja quem tem direito e como consultar.","og_url":"https:\/\/www.em.com.br\/emfoco\/2026\/03\/11\/aposentados-do-inss-podem-receber-dinheiro-extra-antes-do-esperado-em-2026\/","og_site_name":"Estado de Minas - Em foco","article_published_time":"2026-03-11T10:45:00+00:00","article_modified_time":"2026-03-09T20:20:32+00:00","og_image":[{"width":1280,"height":720,"url":"https:\/\/www.em.com.br\/emfoco\/wp-content\/uploads\/2026\/03\/11-15.jpg","type":"image\/jpeg"}],"author":"Gabriel Martins","twitter_card":"summary_large_image","twitter_misc":{"Escrito por":"Gabriel Martins","Est. tempo de leitura":"5 minutos"},"schema":{"@context":"https:\/\/schema.org","@graph":[{"@type":"WebPage","@id":"https:\/\/www.em.com.br\/emfoco\/2026\/03\/11\/aposentados-do-inss-podem-receber-dinheiro-extra-antes-do-esperado-em-2026\/","url":"https:\/\/www.em.com.br\/emfoco\/2026\/03\/11\/aposentados-do-inss-podem-receber-dinheiro-extra-antes-do-esperado-em-2026\/","name":"Aposentados do INSS podem receber dinheiro extra antes do esperado em 2026 - Estado de Minas - Em foco","isPartOf":{"@id":"https:\/\/www.em.com.br\/emfoco\/#website"},"primaryImageOfPage":{"@id":"https:\/\/www.em.com.br\/emfoco\/2026\/03\/11\/aposentados-do-inss-podem-receber-dinheiro-extra-antes-do-esperado-em-2026\/#primaryimage"},"image":{"@id":"https:\/\/www.em.com.br\/emfoco\/2026\/03\/11\/aposentados-do-inss-podem-receber-dinheiro-extra-antes-do-esperado-em-2026\/#primaryimage"},"thumbnailUrl":"https:\/\/www.em.com.br\/emfoco\/wp-content\/uploads\/2026\/03\/11-15.jpg","datePublished":"2026-03-11T10:45:00+00:00","dateModified":"2026-03-09T20:20:32+00:00","author":{"@id":"https:\/\/www.em.com.br\/emfoco\/#\/schema\/person\/1c9ddeab18b98abeffef834667bcf08a"},"description":"Aposentados e pensionistas do INSS podem receber pagamento antecipado em 2026. Veja quem tem direito e como consultar.","breadcrumb":{"@id":"https:\/\/www.em.com.br\/emfoco\/2026\/03\/11\/aposentados-do-inss-podem-receber-dinheiro-extra-antes-do-esperado-em-2026\/#breadcrumb"},"inLanguage":"pt-BR","potentialAction":[{"@type":"ReadAction","target":["https:\/\/www.em.com.br\/emfoco\/2026\/03\/11\/aposentados-do-inss-podem-receber-dinheiro-extra-antes-do-esperado-em-2026\/"]}]},{"@type":"ImageObject","inLanguage":"pt-BR","@id":"https:\/\/www.em.com.br\/emfoco\/2026\/03\/11\/aposentados-do-inss-podem-receber-dinheiro-extra-antes-do-esperado-em-2026\/#primaryimage","url":"https:\/\/www.em.com.br\/emfoco\/wp-content\/uploads\/2026\/03\/11-15.jpg","contentUrl":"https:\/\/www.em.com.br\/emfoco\/wp-content\/uploads\/2026\/03\/11-15.jpg","width":1280,"height":720,"caption":"Governo Federal organiza a antecipa\u00e7\u00e3o do abono natalino para segurados do INSS"},{"@type":"BreadcrumbList","@id":"https:\/\/www.em.com.br\/emfoco\/2026\/03\/11\/aposentados-do-inss-podem-receber-dinheiro-extra-antes-do-esperado-em-2026\/#breadcrumb","itemListElement":[{"@type":"ListItem","position":1,"name":"In\u00edcio","item":"https:\/\/www.em.com.br\/emfoco\/"},{"@type":"ListItem","position":2,"name":"Aposentados do INSS podem receber dinheiro extra antes do esperado em 2026"}]},{"@type":"WebSite","@id":"https:\/\/www.em.com.br\/emfoco\/#website","url":"https:\/\/www.em.com.br\/emfoco\/","name":"Estado de Minas - Em foco","description":"Acompanhe as \u00faltimas not\u00edcias e fique bem informado sobre tudo o que acontece em Minas Gerais, Brasil e no mundo.","potentialAction":[{"@type":"SearchAction","target":{"@type":"EntryPoint","urlTemplate":"https:\/\/www.em.com.br\/emfoco\/?s={search_term_string}"},"query-input":{"@type":"PropertyValueSpecification","valueRequired":true,"valueName":"search_term_string"}}],"inLanguage":"pt-BR"},{"@type":"Person","@id":"https:\/\/www.em.com.br\/emfoco\/#\/schema\/person\/1c9ddeab18b98abeffef834667bcf08a","name":"Gabriel Martins","image":{"@type":"ImageObject","inLanguage":"pt-BR","@id":"https:\/\/www.em.com.br\/emfoco\/#\/schema\/person\/image\/","url":"https:\/\/secure.gravatar.com\/avatar\/f0f1e2efdfd88f1ad2cb08c5c2731e50?s=96&d=mm&r=g","contentUrl":"https:\/\/secure.gravatar.com\/avatar\/f0f1e2efdfd88f1ad2cb08c5c2731e50?s=96&d=mm&r=g","caption":"Gabriel Martins"},"sameAs":["https:\/\/www.em.com.br\/emfoco\/"],"url":"https:\/\/www.em.com.br\/emfoco\/author\/gabrielmartinsmyth\/"}]}},"_links":{"self":[{"href":"https:\/\/www.em.com.br\/emfoco\/wp-json\/wp\/v2\/posts\/179395","targetHints":{"allow":["GET"]}}],"collection":[{"href":"https:\/\/www.em.com.br\/emfoco\/wp-json\/wp\/v2\/posts"}],"about":[{"href":"https:\/\/www.em.com.br\/emfoco\/wp-json\/wp\/v2\/types\/post"}],"author":[{"embeddable":true,"href":"https:\/\/www.em.com.br\/emfoco\/wp-json\/wp\/v2\/users\/13"}],"replies":[{"embeddable":true,"href":"https:\/\/www.em.com.br\/emfoco\/wp-json\/wp\/v2\/comments?post=179395"}],"version-history":[{"count":1,"href":"https:\/\/www.em.com.br\/emfoco\/wp-json\/wp\/v2\/posts\/179395\/revisions"}],"predecessor-version":[{"id":179507,"href":"https:\/\/www.em.com.br\/emfoco\/wp-json\/wp\/v2\/posts\/179395\/revisions\/179507"}],"wp:featuredmedia":[{"embeddable":true,"href":"https:\/\/www.em.com.br\/emfoco\/wp-json\/wp\/v2\/media\/179506"}],"wp:attachment":[{"href":"https:\/\/www.em.com.br\/emfoco\/wp-json\/wp\/v2\/media?parent=179395"}],"wp:term":[{"taxonomy":"category","embeddable":true,"href":"https:\/\/www.em.com.br\/emfoco\/wp-json\/wp\/v2\/categories?post=179395"},{"taxonomy":"post_tag","embeddable":true,"href":"https:\/\/www.em.com.br\/emfoco\/wp-json\/wp\/v2\/tags?post=179395"}],"curies":[{"name":"wp","href":"https:\/\/api.w.org\/{rel}","templated":true}]}}