{"id":179394,"date":"2026-03-11T21:45:00","date_gmt":"2026-03-12T00:45:00","guid":{"rendered":"https:\/\/www.em.com.br\/emfoco\/?p=179394"},"modified":"2026-03-09T17:37:38","modified_gmt":"2026-03-09T20:37:38","slug":"calendario-do-pe-de-meia-2026-organiza-pagamentos-por-mes-de-nascimento-e-inclui-bonus-para-quem-participa-do-enem","status":"publish","type":"post","link":"https:\/\/www.em.com.br\/emfoco\/2026\/03\/11\/calendario-do-pe-de-meia-2026-organiza-pagamentos-por-mes-de-nascimento-e-inclui-bonus-para-quem-participa-do-enem\/","title":{"rendered":"Calend\u00e1rio do P\u00e9 de Meia 2026 organiza pagamentos por m\u00eas de nascimento e inclui b\u00f4nus para quem participa do Enem"},"content":{"rendered":"\n<p>O programa&nbsp;<strong>P\u00e9-de-Meia<\/strong>&nbsp;de 2026 segue como uma das principais iniciativas federais para manter os jovens na escola e apoiar a conclus\u00e3o do ensino m\u00e9dio na rede p\u00fablica, com dep\u00f3sitos em conta da Caixa Econ\u00f4mica Federal em nome dos estudantes, vinculados ao m\u00eas de nascimento e ao cumprimento de regras como frequ\u00eancia, aprova\u00e7\u00e3o e participa\u00e7\u00e3o no Enem.<\/p>\n\n\n\n<h2 class=\"wp-block-heading\">O que \u00e9 o programa P\u00e9-de-Meia e como ele funciona na pr\u00e1tica<\/h2>\n\n\n\n<p>O&nbsp;<strong>P\u00e9-de-Meia<\/strong>&nbsp;\u00e9 uma pol\u00edtica de incentivo do Minist\u00e9rio da Educa\u00e7\u00e3o que funciona como uma poupan\u00e7a educacional para alunos do ensino m\u00e9dio p\u00fablico. O governo deposita valores de acordo com etapas conclu\u00eddas, frequ\u00eancia m\u00ednima e participa\u00e7\u00e3o em avalia\u00e7\u00f5es oficiais ao longo do ano letivo.<\/p>\n\n\n\n<p>Parte do dinheiro pode ser sacada durante o ano, enquanto outra parte fica retida para o fim do ensino m\u00e9dio, estimulando que o estudante conclua todas as s\u00e9ries. Assim, o programa atua ao mesmo tempo como apoio financeiro direto e incentivo \u00e0 perman\u00eancia na escola.<\/p>\n\n\n\n<figure class=\"wp-block-image size-large\"><img loading=\"lazy\" decoding=\"async\" width=\"1024\" height=\"576\" src=\"https:\/\/www.em.com.br\/emfoco\/wp-content\/uploads\/2026\/03\/1-48-1024x576.jpg\" alt=\"Calend\u00e1rio do P\u00e9 de Meia 2026 organiza pagamentos por m\u00eas de nascimento e inclui b\u00f4nus para quem participa do Enem\" class=\"wp-image-179519\" srcset=\"https:\/\/www.em.com.br\/emfoco\/wp-content\/uploads\/2026\/03\/1-48-1024x576.jpg 1024w, https:\/\/www.em.com.br\/emfoco\/wp-content\/uploads\/2026\/03\/1-48-300x169.jpg 300w, https:\/\/www.em.com.br\/emfoco\/wp-content\/uploads\/2026\/03\/1-48-768x432.jpg 768w, https:\/\/www.em.com.br\/emfoco\/wp-content\/uploads\/2026\/03\/1-48-750x422.jpg 750w, https:\/\/www.em.com.br\/emfoco\/wp-content\/uploads\/2026\/03\/1-48-1140x641.jpg 1140w, https:\/\/www.em.com.br\/emfoco\/wp-content\/uploads\/2026\/03\/1-48.jpg 1280w\" sizes=\"auto, (max-width: 1024px) 100vw, 1024px\" \/><figcaption class=\"wp-element-caption\">Iniciativa do Minist\u00e9rio da Educa\u00e7\u00e3o funciona como uma poupan\u00e7a para estudantes<\/figcaption><\/figure>\n\n\n\n<h2 class=\"wp-block-heading\">Como funciona o b\u00f4nus do Enem no P\u00e9-de-Meia 2026<\/h2>\n\n\n\n<p>O\u00a0<strong>b\u00f4nus do <a href=\"https:\/\/www.em.com.br\/emfoco\/2025\/06\/17\/vai-fazer-o-enem-atencao-as-mudancas-que-pegam-muitos-de-surpresa\/\" target=\"_blank\" rel=\"noreferrer noopener\">Enem<\/a><\/strong>\u00a0\u00e9 pago aos estudantes que comparecem aos dois dias de prova do Exame Nacional do Ensino M\u00e9dio. Em 2026, o valor previsto \u00e9 de R$ 200,00, somado a outros incentivos, como o de conclus\u00e3o de s\u00e9rie.<\/p>\n\n\n\n<p>Para receber o b\u00f4nus, \u00e9 preciso estar regularmente matriculado em escola p\u00fablica, ter sido corretamente indicado pela escola no sistema do MEC e ter a presen\u00e7a confirmada pelo Inep nos dois dias de aplica\u00e7\u00e3o das provas do Enem.<\/p>\n\n\n\n<h2 class=\"wp-block-heading\">Quais s\u00e3o os valores do P\u00e9-de-Meia 2026 e quem tem direito<\/h2>\n\n\n\n<p>No&nbsp;<strong>P\u00e9-de-Meia 2026<\/strong>, o estudante pode receber at\u00e9&nbsp;<strong>R$ 1.200,00<\/strong>, somando o incentivo de conclus\u00e3o da s\u00e9rie, que pode chegar a R$ 1.000,00, mais R$ 200,00 do b\u00f4nus do Enem. Esse total \u00e9 voltado principalmente a quem concluiu o 3\u00ba ano do ensino m\u00e9dio em 2025, com boa frequ\u00eancia e aprova\u00e7\u00e3o.<\/p>\n\n\n\n<p>Para 1\u00ba e 2\u00ba anos, o valor tende a ficar retido como poupan\u00e7a at\u00e9 a conclus\u00e3o do ensino m\u00e9dio, desde que o aluno mantenha a assiduidade e avance nas s\u00e9ries. Para entender melhor se voc\u00ea se encaixa, confira os crit\u00e9rios a seguir:<\/p>\n\n\n\n<ul class=\"wp-block-list\">\n<li><strong>Ensino m\u00e9dio p\u00fablico:<\/strong>\u00a0alunos regularmente matriculados em escolas da rede p\u00fablica;<\/li>\n\n\n\n<li><strong>Registro no MEC:<\/strong>\u00a0dados validados pelas redes de ensino no sistema do programa;<\/li>\n\n\n\n<li><strong>Frequ\u00eancia m\u00ednima:<\/strong>\u00a0presen\u00e7a de acordo com as regras definidas pelo MEC;<\/li>\n\n\n\n<li><strong>Conclus\u00e3o da s\u00e9rie:<\/strong>\u00a0aprova\u00e7\u00e3o ao final do ano letivo;<\/li>\n\n\n\n<li><strong>Participa\u00e7\u00e3o no Enem:<\/strong>\u00a0realiza\u00e7\u00e3o dos dois dias de prova para receber o b\u00f4nus espec\u00edfico.<\/li>\n<\/ul>\n\n\n\n<p>Confira o v\u00eddeo compartilhado pelo canal do YouTube <strong><a href=\"https:\/\/www.youtube.com\/@CanaldoJEFINHOadv\" target=\"_blank\" rel=\"noreferrer noopener\">Canal do JEFINHO<\/a><\/strong> falando sobre como estudantes podem se enquadrar nos pagamentos do P\u00e9-de-Meia em 2026.<\/p>\n\n\n\n<figure class=\"wp-block-embed is-type-video is-provider-youtube wp-block-embed-youtube wp-embed-aspect-16-9 wp-has-aspect-ratio\"><div class=\"wp-block-embed__wrapper\">\n<div class=\"jeg_video_container jeg_video_content\"><iframe loading=\"lazy\" title=\"P\u00c9-DE-MEIA 2026: COMO LIBERAR O CAIXA TEM PARA RECEBER O P\u00c9 DE MEIA EM 2026 PASSO A PASSO PARA TODOS\" width=\"500\" height=\"281\" src=\"https:\/\/www.youtube.com\/embed\/AFAxUyHG_OA?feature=oembed\" frameborder=\"0\" allow=\"accelerometer; autoplay; clipboard-write; encrypted-media; gyroscope; picture-in-picture; web-share\" referrerpolicy=\"strict-origin-when-cross-origin\" allowfullscreen><\/iframe><\/div>\n<\/div><\/figure>\n\n\n\n<h2 class=\"wp-block-heading\">Como est\u00e1 organizado o calend\u00e1rio de pagamentos do P\u00e9-de-Meia em 2026<\/h2>\n\n\n\n<p>O calend\u00e1rio de pagamentos do programa P\u00e9-de-Meia em 2026 \u00e9 estruturado de acordo com o m\u00eas de nascimento do estudante, uma estrat\u00e9gia que otimiza o fluxo de dep\u00f3sitos realizados pela <strong>Caixa Econ\u00f4mica Federal<\/strong> e facilita o controle das redes de ensino. O processo ocorre de forma automatizada: ap\u00f3s a identifica\u00e7\u00e3o dos alunos aptos pelas secretarias de educa\u00e7\u00e3o e o envio dos dados ao Minist\u00e9rio da Educa\u00e7\u00e3o (MEC), a Caixa abre as contas banc\u00e1rias para a libera\u00e7\u00e3o dos valores, que podem ser sacados ou mantidos como poupan\u00e7a pelos benefici\u00e1rios.<\/p>\n\n\n\n<!DOCTYPE html>\n<html lang=\"pt-br\">\n<head>\n<style>\n    .calendario-pede-meia {\n        width: 100%;\n        max-width: 600px;\n        border-collapse: collapse;\n        font-family: 'Segoe UI', Roboto, Helvetica, Arial, sans-serif;\n        margin: 20px 0;\n        box-shadow: 0 4px 12px rgba(0,0,0,0.1);\n        border-radius: 8px;\n        overflow: hidden;\n    }\n    .calendario-pede-meia thead {\n        background-color: #005ca9;\n        color: #ffffff;\n    }\n    .calendario-pede-meia th {\n        padding: 15px;\n        text-align: left;\n        text-transform: uppercase;\n        font-size: 13px;\n        letter-spacing: 1px;\n    }\n    .calendario-pede-meia td {\n        padding: 12px 15px;\n        border-bottom: 1px solid #e0e0e0;\n        color: #333;\n        font-size: 15px;\n    }\n    .calendario-pede-meia tr:nth-child(even) {\n        background-color: #f8f9fa;\n    }\n    .calendario-pede-meia tr:hover {\n        background-color: #e3f2fd;\n    }\n    .mes-nascimento {\n        font-weight: 600;\n        color: #005ca9;\n    }\n    .data-pagamento {\n        font-weight: 500;\n    }\n<\/style>\n<\/head>\n<body>\n\n<table class=\"calendario-pede-meia\">\n    <thead>\n        <tr>\n            <th>M\u00eas de Nascimento<\/th>\n            <th>Data do Pagamento<\/th>\n        <\/tr>\n    <\/thead>\n    <tbody>\n        <tr>\n            <td class=\"mes-nascimento\">Janeiro e Fevereiro<\/td>\n            <td class=\"data-pagamento\">26 de fevereiro (Quinta-feira)<\/td>\n        <\/tr>\n        <tr>\n            <td class=\"mes-nascimento\">Mar\u00e7o e Abril<\/td>\n            <td class=\"data-pagamento\">27 de fevereiro (Sexta-feira)<\/td>\n        <\/tr>\n        <tr>\n            <td class=\"mes-nascimento\">Maio e Junho<\/td>\n            <td class=\"data-pagamento\">02 de mar\u00e7o (Segunda-feira)<\/td>\n        <\/tr>\n        <tr>\n            <td class=\"mes-nascimento\">Julho e Agosto<\/td>\n            <td class=\"data-pagamento\">03 de mar\u00e7o (Ter\u00e7a-feira)<\/td>\n        <\/tr>\n        <tr>\n            <td class=\"mes-nascimento\">Setembro e Outubro<\/td>\n            <td class=\"data-pagamento\">04 de mar\u00e7o (Quarta-feira)<\/td>\n        <\/tr>\n        <tr>\n            <td class=\"mes-nascimento\">Novembro e Dezembro<\/td>\n            <td class=\"data-pagamento\">05 de mar\u00e7o (Quinta-feira)<\/td>\n        <\/tr>\n    <\/tbody>\n<\/table>\n\n<\/body>\n<\/html>\n\n\n\n<h2 class=\"wp-block-heading\">O que fazer se o pagamento do P\u00e9-de-Meia atrasar e por que agir agora<\/h2>\n\n\n\n<p>Se o pagamento n\u00e3o cair na data indicada, o principal passo \u00e9 ir rapidamente \u00e0 secretaria da sua escola para checar se sua matr\u00edcula, frequ\u00eancia, conclus\u00e3o da s\u00e9rie e participa\u00e7\u00e3o no Enem foram corretamente lan\u00e7adas no sistema. Erros de cadastro ou atrasos no envio de informa\u00e7\u00f5es costumam ser os maiores respons\u00e1veis pelos problemas de libera\u00e7\u00e3o.<\/p>\n\n\n\n<p>N\u00e3o espere o tempo passar: quanto antes voc\u00ea confirmar seus dados na escola e acompanhar os comunicados oficiais do MEC e da Caixa, maiores as chances de resolver o atraso e garantir esse apoio financeiro essencial para seguir estudando. Se voc\u00ea tem direito ao P\u00e9-de-Meia, procure sua escola hoje mesmo e n\u00e3o deixe esse benef\u00edcio escapar.<\/p>\n","protected":false},"excerpt":{"rendered":"<p>O programa&nbsp;P\u00e9-de-Meia&nbsp;de 2026 segue como uma das principais iniciativas federais para manter os jovens na escola e apoiar a conclus\u00e3o do ensino m\u00e9dio na rede p\u00fablica, com dep\u00f3sitos em conta da Caixa Econ\u00f4mica Federal em nome dos estudantes, vinculados ao m\u00eas de nascimento e ao cumprimento de regras como frequ\u00eancia, aprova\u00e7\u00e3o e participa\u00e7\u00e3o no Enem. [&hellip;]<\/p>\n","protected":false},"author":13,"featured_media":179520,"comment_status":"open","ping_status":"open","sticky":false,"template":"","format":"standard","meta":{"jnews-multi-image_gallery":[],"jnews_single_post":{"format":"standard"},"jnews_primary_category":[],"jnews_social_meta":[],"jnews_override_counter":[],"footnotes":""},"categories":[28],"tags":[3575,5341,8567],"class_list":["post-179394","post","type-post","status-publish","format-standard","has-post-thumbnail","hentry","category-economia","tag-enem","tag-estudantes","tag-pe-de-meia"],"yoast_head":"<!-- This site is optimized with the Yoast SEO plugin v23.8 - https:\/\/yoast.com\/wordpress\/plugins\/seo\/ -->\n<title>Calend\u00e1rio do P\u00e9 de Meia 2026 organiza pagamentos por m\u00eas de nascimento e inclui b\u00f4nus para quem participa do Enem - Estado de Minas - Em foco<\/title>\n<meta name=\"description\" content=\"Calend\u00e1rio do P\u00e9 de Meia 2026 organiza pagamentos por m\u00eas de nascimento e inclui b\u00f4nus para estudantes que participam do Enem.\" \/>\n<meta name=\"robots\" content=\"index, follow, max-snippet:-1, max-image-preview:large, max-video-preview:-1\" \/>\n<link rel=\"canonical\" href=\"https:\/\/www.em.com.br\/emfoco\/2026\/03\/11\/calendario-do-pe-de-meia-2026-organiza-pagamentos-por-mes-de-nascimento-e-inclui-bonus-para-quem-participa-do-enem\/\" \/>\n<meta property=\"og:locale\" content=\"pt_BR\" \/>\n<meta property=\"og:type\" content=\"article\" \/>\n<meta property=\"og:title\" content=\"Calend\u00e1rio do P\u00e9 de Meia 2026 organiza pagamentos por m\u00eas de nascimento e inclui b\u00f4nus para quem participa do Enem - Estado de Minas - Em foco\" \/>\n<meta property=\"og:description\" content=\"Calend\u00e1rio do P\u00e9 de Meia 2026 organiza pagamentos por m\u00eas de nascimento e inclui b\u00f4nus para estudantes que participam do Enem.\" \/>\n<meta property=\"og:url\" content=\"https:\/\/www.em.com.br\/emfoco\/2026\/03\/11\/calendario-do-pe-de-meia-2026-organiza-pagamentos-por-mes-de-nascimento-e-inclui-bonus-para-quem-participa-do-enem\/\" \/>\n<meta property=\"og:site_name\" content=\"Estado de Minas - Em foco\" \/>\n<meta property=\"article:published_time\" content=\"2026-03-12T00:45:00+00:00\" \/>\n<meta property=\"article:modified_time\" content=\"2026-03-09T20:37:38+00:00\" \/>\n<meta property=\"og:image\" content=\"https:\/\/www.em.com.br\/emfoco\/wp-content\/uploads\/2026\/03\/2-43.jpg\" \/>\n\t<meta property=\"og:image:width\" content=\"1280\" \/>\n\t<meta property=\"og:image:height\" content=\"720\" \/>\n\t<meta property=\"og:image:type\" content=\"image\/jpeg\" \/>\n<meta name=\"author\" content=\"Gabriel Martins\" \/>\n<meta name=\"twitter:card\" content=\"summary_large_image\" \/>\n<meta name=\"twitter:label1\" content=\"Escrito por\" \/>\n\t<meta name=\"twitter:data1\" content=\"Gabriel Martins\" \/>\n\t<meta name=\"twitter:label2\" content=\"Est. tempo de leitura\" \/>\n\t<meta name=\"twitter:data2\" content=\"5 minutos\" \/>\n<!-- \/ Yoast SEO plugin. -->","yoast_head_json":{"title":"Calend\u00e1rio do P\u00e9 de Meia 2026 organiza pagamentos por m\u00eas de nascimento e inclui b\u00f4nus para quem participa do Enem - Estado de Minas - Em foco","description":"Calend\u00e1rio do P\u00e9 de Meia 2026 organiza pagamentos por m\u00eas de nascimento e inclui b\u00f4nus para estudantes que participam do Enem.","robots":{"index":"index","follow":"follow","max-snippet":"max-snippet:-1","max-image-preview":"max-image-preview:large","max-video-preview":"max-video-preview:-1"},"canonical":"https:\/\/www.em.com.br\/emfoco\/2026\/03\/11\/calendario-do-pe-de-meia-2026-organiza-pagamentos-por-mes-de-nascimento-e-inclui-bonus-para-quem-participa-do-enem\/","og_locale":"pt_BR","og_type":"article","og_title":"Calend\u00e1rio do P\u00e9 de Meia 2026 organiza pagamentos por m\u00eas de nascimento e inclui b\u00f4nus para quem participa do Enem - Estado de Minas - Em foco","og_description":"Calend\u00e1rio do P\u00e9 de Meia 2026 organiza pagamentos por m\u00eas de nascimento e inclui b\u00f4nus para estudantes que participam do Enem.","og_url":"https:\/\/www.em.com.br\/emfoco\/2026\/03\/11\/calendario-do-pe-de-meia-2026-organiza-pagamentos-por-mes-de-nascimento-e-inclui-bonus-para-quem-participa-do-enem\/","og_site_name":"Estado de Minas - Em foco","article_published_time":"2026-03-12T00:45:00+00:00","article_modified_time":"2026-03-09T20:37:38+00:00","og_image":[{"width":1280,"height":720,"url":"https:\/\/www.em.com.br\/emfoco\/wp-content\/uploads\/2026\/03\/2-43.jpg","type":"image\/jpeg"}],"author":"Gabriel Martins","twitter_card":"summary_large_image","twitter_misc":{"Escrito por":"Gabriel Martins","Est. tempo de leitura":"5 minutos"},"schema":{"@context":"https:\/\/schema.org","@graph":[{"@type":"WebPage","@id":"https:\/\/www.em.com.br\/emfoco\/2026\/03\/11\/calendario-do-pe-de-meia-2026-organiza-pagamentos-por-mes-de-nascimento-e-inclui-bonus-para-quem-participa-do-enem\/","url":"https:\/\/www.em.com.br\/emfoco\/2026\/03\/11\/calendario-do-pe-de-meia-2026-organiza-pagamentos-por-mes-de-nascimento-e-inclui-bonus-para-quem-participa-do-enem\/","name":"Calend\u00e1rio do P\u00e9 de Meia 2026 organiza pagamentos por m\u00eas de nascimento e inclui b\u00f4nus para quem participa do Enem - Estado de Minas - Em foco","isPartOf":{"@id":"https:\/\/www.em.com.br\/emfoco\/#website"},"primaryImageOfPage":{"@id":"https:\/\/www.em.com.br\/emfoco\/2026\/03\/11\/calendario-do-pe-de-meia-2026-organiza-pagamentos-por-mes-de-nascimento-e-inclui-bonus-para-quem-participa-do-enem\/#primaryimage"},"image":{"@id":"https:\/\/www.em.com.br\/emfoco\/2026\/03\/11\/calendario-do-pe-de-meia-2026-organiza-pagamentos-por-mes-de-nascimento-e-inclui-bonus-para-quem-participa-do-enem\/#primaryimage"},"thumbnailUrl":"https:\/\/www.em.com.br\/emfoco\/wp-content\/uploads\/2026\/03\/2-43.jpg","datePublished":"2026-03-12T00:45:00+00:00","dateModified":"2026-03-09T20:37:38+00:00","author":{"@id":"https:\/\/www.em.com.br\/emfoco\/#\/schema\/person\/1c9ddeab18b98abeffef834667bcf08a"},"description":"Calend\u00e1rio do P\u00e9 de Meia 2026 organiza pagamentos por m\u00eas de nascimento e inclui b\u00f4nus para estudantes que participam do Enem.","breadcrumb":{"@id":"https:\/\/www.em.com.br\/emfoco\/2026\/03\/11\/calendario-do-pe-de-meia-2026-organiza-pagamentos-por-mes-de-nascimento-e-inclui-bonus-para-quem-participa-do-enem\/#breadcrumb"},"inLanguage":"pt-BR","potentialAction":[{"@type":"ReadAction","target":["https:\/\/www.em.com.br\/emfoco\/2026\/03\/11\/calendario-do-pe-de-meia-2026-organiza-pagamentos-por-mes-de-nascimento-e-inclui-bonus-para-quem-participa-do-enem\/"]}]},{"@type":"ImageObject","inLanguage":"pt-BR","@id":"https:\/\/www.em.com.br\/emfoco\/2026\/03\/11\/calendario-do-pe-de-meia-2026-organiza-pagamentos-por-mes-de-nascimento-e-inclui-bonus-para-quem-participa-do-enem\/#primaryimage","url":"https:\/\/www.em.com.br\/emfoco\/wp-content\/uploads\/2026\/03\/2-43.jpg","contentUrl":"https:\/\/www.em.com.br\/emfoco\/wp-content\/uploads\/2026\/03\/2-43.jpg","width":1280,"height":720,"caption":"Programa federal incentiva perman\u00eancia de jovens na escola p\u00fablica em 2026"},{"@type":"BreadcrumbList","@id":"https:\/\/www.em.com.br\/emfoco\/2026\/03\/11\/calendario-do-pe-de-meia-2026-organiza-pagamentos-por-mes-de-nascimento-e-inclui-bonus-para-quem-participa-do-enem\/#breadcrumb","itemListElement":[{"@type":"ListItem","position":1,"name":"In\u00edcio","item":"https:\/\/www.em.com.br\/emfoco\/"},{"@type":"ListItem","position":2,"name":"Calend\u00e1rio do P\u00e9 de Meia 2026 organiza pagamentos por m\u00eas de nascimento e inclui b\u00f4nus para quem participa do Enem"}]},{"@type":"WebSite","@id":"https:\/\/www.em.com.br\/emfoco\/#website","url":"https:\/\/www.em.com.br\/emfoco\/","name":"Estado de Minas - Em foco","description":"Acompanhe as \u00faltimas not\u00edcias e fique bem informado sobre tudo o que acontece em Minas Gerais, Brasil e no mundo.","potentialAction":[{"@type":"SearchAction","target":{"@type":"EntryPoint","urlTemplate":"https:\/\/www.em.com.br\/emfoco\/?s={search_term_string}"},"query-input":{"@type":"PropertyValueSpecification","valueRequired":true,"valueName":"search_term_string"}}],"inLanguage":"pt-BR"},{"@type":"Person","@id":"https:\/\/www.em.com.br\/emfoco\/#\/schema\/person\/1c9ddeab18b98abeffef834667bcf08a","name":"Gabriel Martins","image":{"@type":"ImageObject","inLanguage":"pt-BR","@id":"https:\/\/www.em.com.br\/emfoco\/#\/schema\/person\/image\/","url":"https:\/\/secure.gravatar.com\/avatar\/f0f1e2efdfd88f1ad2cb08c5c2731e50?s=96&d=mm&r=g","contentUrl":"https:\/\/secure.gravatar.com\/avatar\/f0f1e2efdfd88f1ad2cb08c5c2731e50?s=96&d=mm&r=g","caption":"Gabriel Martins"},"sameAs":["https:\/\/www.em.com.br\/emfoco\/"],"url":"https:\/\/www.em.com.br\/emfoco\/author\/gabrielmartinsmyth\/"}]}},"_links":{"self":[{"href":"https:\/\/www.em.com.br\/emfoco\/wp-json\/wp\/v2\/posts\/179394","targetHints":{"allow":["GET"]}}],"collection":[{"href":"https:\/\/www.em.com.br\/emfoco\/wp-json\/wp\/v2\/posts"}],"about":[{"href":"https:\/\/www.em.com.br\/emfoco\/wp-json\/wp\/v2\/types\/post"}],"author":[{"embeddable":true,"href":"https:\/\/www.em.com.br\/emfoco\/wp-json\/wp\/v2\/users\/13"}],"replies":[{"embeddable":true,"href":"https:\/\/www.em.com.br\/emfoco\/wp-json\/wp\/v2\/comments?post=179394"}],"version-history":[{"count":1,"href":"https:\/\/www.em.com.br\/emfoco\/wp-json\/wp\/v2\/posts\/179394\/revisions"}],"predecessor-version":[{"id":179538,"href":"https:\/\/www.em.com.br\/emfoco\/wp-json\/wp\/v2\/posts\/179394\/revisions\/179538"}],"wp:featuredmedia":[{"embeddable":true,"href":"https:\/\/www.em.com.br\/emfoco\/wp-json\/wp\/v2\/media\/179520"}],"wp:attachment":[{"href":"https:\/\/www.em.com.br\/emfoco\/wp-json\/wp\/v2\/media?parent=179394"}],"wp:term":[{"taxonomy":"category","embeddable":true,"href":"https:\/\/www.em.com.br\/emfoco\/wp-json\/wp\/v2\/categories?post=179394"},{"taxonomy":"post_tag","embeddable":true,"href":"https:\/\/www.em.com.br\/emfoco\/wp-json\/wp\/v2\/tags?post=179394"}],"curies":[{"name":"wp","href":"https:\/\/api.w.org\/{rel}","templated":true}]}}