{"id":179393,"date":"2026-03-11T20:25:00","date_gmt":"2026-03-11T23:25:00","guid":{"rendered":"https:\/\/www.em.com.br\/emfoco\/?p=179393"},"modified":"2026-03-09T17:36:58","modified_gmt":"2026-03-09T20:36:58","slug":"processo-para-tirar-a-primeira-cnh-em-2026-passa-a-funcionar-com-modelo-hibrido-entre-atendimento-presencial-e-servicos-digitais","status":"publish","type":"post","link":"https:\/\/www.em.com.br\/emfoco\/2026\/03\/11\/processo-para-tirar-a-primeira-cnh-em-2026-passa-a-funcionar-com-modelo-hibrido-entre-atendimento-presencial-e-servicos-digitais\/","title":{"rendered":"Processo para tirar a primeira CNH em 2026 passa a funcionar com modelo h\u00edbrido entre atendimento presencial e servi\u00e7os digitais"},"content":{"rendered":"\n<p>Quem inicia o processo para tirar a primeira <strong>Carteira Nacional de Habilita\u00e7\u00e3<\/strong>o no Rio Grande do Sul em 2026 encontra um cen\u00e1rio em adapta\u00e7\u00e3o, com exig\u00eancias mantidas, mas cada etapa sendo gradualmente integrada a recursos digitais, criando um modelo intermedi\u00e1rio entre o sistema antigo e o que est\u00e1 sendo estruturado em n\u00edvel nacional.<\/p>\n\n\n\n<h2 class=\"wp-block-heading\">Como funciona o modelo h\u00edbrido da CNH no RS em 2026<\/h2>\n\n\n\n<p>O modelo h\u00edbrido combina atendimento presencial nos <strong>Centros de Forma\u00e7\u00e3o de Condutores (CFCs)<\/strong> com ferramentas on-line ligadas ao Detran-RS e ao Gov.br. O candidato inicia o processo no CFC, faz biometria, apresenta documentos e \u00e9 encaminhado para exames m\u00e9dicos e psicol\u00f3gicos presenciais.<\/p>\n\n\n\n<p>A partir dessa base, entram plataformas digitais para acompanhar a habilita\u00e7\u00e3o, consultar taxas e prazos e, em alguns casos, acessar conte\u00fados preparat\u00f3rios. Assim, o sistema n\u00e3o \u00e9 totalmente on-line nem totalmente presencial, mas busca equilibrar seguran\u00e7a, identifica\u00e7\u00e3o do candidato e praticidade.<\/p>\n\n\n\n<figure class=\"wp-block-image size-large\"><img loading=\"lazy\" decoding=\"async\" width=\"1024\" height=\"576\" src=\"https:\/\/www.em.com.br\/emfoco\/wp-content\/uploads\/2026\/03\/4-40-1024x576.jpg\" alt=\"Processo para tirar a primeira CNH em 2026 passa a funcionar com modelo h\u00edbrido entre atendimento presencial e servi\u00e7os digitais\" class=\"wp-image-179522\" srcset=\"https:\/\/www.em.com.br\/emfoco\/wp-content\/uploads\/2026\/03\/4-40-1024x576.jpg 1024w, https:\/\/www.em.com.br\/emfoco\/wp-content\/uploads\/2026\/03\/4-40-300x169.jpg 300w, https:\/\/www.em.com.br\/emfoco\/wp-content\/uploads\/2026\/03\/4-40-768x432.jpg 768w, https:\/\/www.em.com.br\/emfoco\/wp-content\/uploads\/2026\/03\/4-40-750x422.jpg 750w, https:\/\/www.em.com.br\/emfoco\/wp-content\/uploads\/2026\/03\/4-40-1140x641.jpg 1140w, https:\/\/www.em.com.br\/emfoco\/wp-content\/uploads\/2026\/03\/4-40.jpg 1280w\" sizes=\"auto, (max-width: 1024px) 100vw, 1024px\" \/><figcaption class=\"wp-element-caption\">Sistema combina aulas digitais com exames presenciais nos centros de forma\u00e7\u00e3o<\/figcaption><\/figure>\n\n\n\n<h2 class=\"wp-block-heading\">Como ficam o curso te\u00f3rico e a prova de legisla\u00e7\u00e3o no novo formato<\/h2>\n\n\n\n<p>O conte\u00fado te\u00f3rico passa a ser cada vez mais acess\u00edvel em ambiente digital, por meio de plataformas oficiais integradas ao <strong><a href=\"https:\/\/www.em.com.br\/emfoco\/2026\/02\/16\/notificacao-do-gov-br-sobre-imposto-2026-chega-no-whatsapp-e-gera-alerta-entre-contribuintes\/\" target=\"_blank\" rel=\"noreferrer noopener\">Gov.br<\/a><\/strong> e ao Detran-RS. O candidato pode estudar legisla\u00e7\u00e3o de tr\u00e2nsito, conduta segura, sinaliza\u00e7\u00e3o e primeiros socorros com hor\u00e1rios mais flex\u00edveis, desde que o sistema registre presen\u00e7a e conclus\u00e3o.<\/p>\n\n\n\n<p>Mesmo com o ensino on-line, a prova de legisla\u00e7\u00e3o continua sendo aplicada pelo <strong><a href=\"https:\/\/www.detran.rs.gov.br\/\" target=\"_blank\" rel=\"noreferrer noopener\">Detran-RS<\/a><\/strong> em locais f\u00edsicos, com quest\u00f5es de m\u00faltipla escolha e \u00edndice m\u00ednimo de acertos. Para organizar melhor essa etapa, vale observar os principais pontos que j\u00e1 fazem parte da rotina:<\/p>\n\n\n\n<ul class=\"wp-block-list\">\n<li><strong>Curso te\u00f3rico digital<\/strong>: aulas on-line com controle de acesso e registro de frequ\u00eancia;<\/li>\n\n\n\n<li><strong>Prova de legisla\u00e7\u00e3o<\/strong>: aplicada presencialmente em postos do Detran-RS;<\/li>\n\n\n\n<li><strong>Acompanhamento on-line<\/strong>: consulta a prazos, pagamentos e agendamentos;<\/li>\n\n\n\n<li><strong>Modelo misto<\/strong>: teoria mais digital, exames concentrados em locais f\u00edsicos.<\/li>\n<\/ul>\n\n\n\n<h2 class=\"wp-block-heading\">O que muda nas aulas pr\u00e1ticas e no exame de dire\u00e7\u00e3o<\/h2>\n\n\n\n<p>Nas aulas pr\u00e1ticas, h\u00e1 maior flexibiliza\u00e7\u00e3o da carga hor\u00e1ria m\u00ednima antes do exame de dire\u00e7\u00e3o, conforme diretrizes nacionais. O candidato cumpre o m\u00ednimo exigido e, junto com o instrutor, avalia se precisa de mais treinos, mantida a responsabilidade dos CFCs pela organiza\u00e7\u00e3o das aulas e pela seguran\u00e7a.<\/p>\n\n\n\n<p>O exame de dire\u00e7\u00e3o segue em vias e trajetos determinados pelo Detran-RS, com avaliadores oficiais e crit\u00e9rios r\u00edgidos de seguran\u00e7a, respeito \u00e0 sinaliza\u00e7\u00e3o e controle do ve\u00edculo. A fase pr\u00e1tica, portanto, reduz um pouco a formalidade em horas m\u00ednimas, mas preserva a exig\u00eancia na avalia\u00e7\u00e3o final.<\/p>\n\n\n\n<figure class=\"wp-block-image size-large\"><img loading=\"lazy\" decoding=\"async\" width=\"1024\" height=\"576\" src=\"https:\/\/www.em.com.br\/emfoco\/wp-content\/uploads\/2026\/03\/3-40-1024x576.jpg\" alt=\"Processo para tirar a primeira CNH em 2026 passa a funcionar com modelo h\u00edbrido entre atendimento presencial e servi\u00e7os digitais\" class=\"wp-image-179521\" srcset=\"https:\/\/www.em.com.br\/emfoco\/wp-content\/uploads\/2026\/03\/3-40-1024x576.jpg 1024w, https:\/\/www.em.com.br\/emfoco\/wp-content\/uploads\/2026\/03\/3-40-300x169.jpg 300w, https:\/\/www.em.com.br\/emfoco\/wp-content\/uploads\/2026\/03\/3-40-768x432.jpg 768w, https:\/\/www.em.com.br\/emfoco\/wp-content\/uploads\/2026\/03\/3-40-750x422.jpg 750w, https:\/\/www.em.com.br\/emfoco\/wp-content\/uploads\/2026\/03\/3-40-1140x641.jpg 1140w, https:\/\/www.em.com.br\/emfoco\/wp-content\/uploads\/2026\/03\/3-40.jpg 1280w\" sizes=\"auto, (max-width: 1024px) 100vw, 1024px\" \/><figcaption class=\"wp-element-caption\">Avalia\u00e7\u00e3o pr\u00e1tica preserva rigor t\u00e9cnico em vias determinadas pelo \u00f3rg\u00e3o oficial<\/figcaption><\/figure>\n\n\n\n<h2 class=\"wp-block-heading\">Quais pontos da nova CNH ainda geram d\u00favidas no RS<\/h2>\n\n\n\n<p>Alguns itens em discuss\u00e3o nacional ainda n\u00e3o fazem parte do dia a dia de quem busca a primeira habilita\u00e7\u00e3o no estado. O exame toxicol\u00f3gico para condutores de ve\u00edculos leves depende de regulamenta\u00e7\u00e3o detalhada pelo Contran e, at\u00e9 l\u00e1, segue restrito basicamente a categorias profissionais espec\u00edficas.<\/p>\n\n\n\n<p>Tamb\u00e9m permanecem em debate o uso de ve\u00edculo pr\u00f3prio nas aulas e o trabalho de instrutores aut\u00f4nomos, principalmente em rela\u00e7\u00e3o a seguros, responsabilidades e fiscaliza\u00e7\u00e3o. Enquanto essas regras n\u00e3o s\u00e3o definidas, todo o processo continua concentrado em CFCs credenciados, que fazem a ponte oficial com o Detran-RS.<\/p>\n\n\n\n<h2 class=\"wp-block-heading\">Como se organizar e n\u00e3o perder prazos na primeira habilita\u00e7\u00e3o<\/h2>\n\n\n\n<p>Para encarar esse per\u00edodo de transi\u00e7\u00e3o com menos imprevistos, \u00e9 essencial acompanhar com frequ\u00eancia o site e o aplicativo do Detran-RS, al\u00e9m da conta Gov.br, onde ficam atualiza\u00e7\u00f5es sobre documentos, taxas, prazos e formatos de curso. Dividir o caminho em etapas claras \u2014 cadastro, exames, curso te\u00f3rico, prova, aulas pr\u00e1ticas e exame de dire\u00e7\u00e3o \u2014 facilita o planejamento de tempo e dinheiro.<\/p>\n\n\n\n<p>Se voc\u00ea pretende tirar a CNH em 2026 no Rio Grande do Sul, n\u00e3o espere as mudan\u00e7as \u201cse estabilizarem\u201d para come\u00e7ar: organize documentos, escolha um CFC de confian\u00e7a e inicie o processo o quanto antes. Cada m\u00eas de atraso pode significar enfrentar novas regras, reajustes de taxas e filas maiores, ent\u00e3o d\u00ea o primeiro passo agora e garanta sua habilita\u00e7\u00e3o ainda dentro deste cen\u00e1rio de transi\u00e7\u00e3o.<\/p>\n","protected":false},"excerpt":{"rendered":"<p>Quem inicia o processo para tirar a primeira Carteira Nacional de Habilita\u00e7\u00e3o no Rio Grande do Sul em 2026 encontra um cen\u00e1rio em adapta\u00e7\u00e3o, com exig\u00eancias mantidas, mas cada etapa sendo gradualmente integrada a recursos digitais, criando um modelo intermedi\u00e1rio entre o sistema antigo e o que est\u00e1 sendo estruturado em n\u00edvel nacional. Como funciona [&hellip;]<\/p>\n","protected":false},"author":13,"featured_media":179523,"comment_status":"open","ping_status":"open","sticky":false,"template":"","format":"standard","meta":{"jnews-multi-image_gallery":[],"jnews_single_post":{"format":"standard"},"jnews_primary_category":[],"jnews_social_meta":[],"jnews_override_counter":[],"footnotes":""},"categories":[28],"tags":[12592,830,3351,1506],"class_list":["post-179393","post","type-post","status-publish","format-standard","has-post-thumbnail","hentry","category-economia","tag-cfc","tag-cnh","tag-primeira-habilitacao","tag-rio-grande-do-sul"],"yoast_head":"<!-- This site is optimized with the Yoast SEO plugin v23.8 - https:\/\/yoast.com\/wordpress\/plugins\/seo\/ -->\n<title>Processo para tirar a primeira CNH em 2026 passa a funcionar com modelo h\u00edbrido entre atendimento presencial e servi\u00e7os digitais - Estado de Minas - Em foco<\/title>\n<meta name=\"description\" content=\"Processo para tirar a primeira CNH em 2026 passa a usar modelo h\u00edbrido com etapas presenciais e recursos digitais.\" \/>\n<meta name=\"robots\" content=\"index, follow, max-snippet:-1, max-image-preview:large, max-video-preview:-1\" \/>\n<link rel=\"canonical\" href=\"https:\/\/www.em.com.br\/emfoco\/2026\/03\/11\/processo-para-tirar-a-primeira-cnh-em-2026-passa-a-funcionar-com-modelo-hibrido-entre-atendimento-presencial-e-servicos-digitais\/\" \/>\n<meta property=\"og:locale\" content=\"pt_BR\" \/>\n<meta property=\"og:type\" content=\"article\" \/>\n<meta property=\"og:title\" content=\"Processo para tirar a primeira CNH em 2026 passa a funcionar com modelo h\u00edbrido entre atendimento presencial e servi\u00e7os digitais - Estado de Minas - Em foco\" \/>\n<meta property=\"og:description\" content=\"Processo para tirar a primeira CNH em 2026 passa a usar modelo h\u00edbrido com etapas presenciais e recursos digitais.\" \/>\n<meta property=\"og:url\" content=\"https:\/\/www.em.com.br\/emfoco\/2026\/03\/11\/processo-para-tirar-a-primeira-cnh-em-2026-passa-a-funcionar-com-modelo-hibrido-entre-atendimento-presencial-e-servicos-digitais\/\" \/>\n<meta property=\"og:site_name\" content=\"Estado de Minas - Em foco\" \/>\n<meta property=\"article:published_time\" content=\"2026-03-11T23:25:00+00:00\" \/>\n<meta property=\"article:modified_time\" content=\"2026-03-09T20:36:58+00:00\" \/>\n<meta property=\"og:image\" content=\"https:\/\/www.em.com.br\/emfoco\/wp-content\/uploads\/2026\/03\/5-37.jpg\" \/>\n\t<meta property=\"og:image:width\" content=\"1280\" \/>\n\t<meta property=\"og:image:height\" content=\"720\" \/>\n\t<meta property=\"og:image:type\" content=\"image\/jpeg\" \/>\n<meta name=\"author\" content=\"Gabriel Martins\" \/>\n<meta name=\"twitter:card\" content=\"summary_large_image\" \/>\n<meta name=\"twitter:label1\" content=\"Escrito por\" \/>\n\t<meta name=\"twitter:data1\" content=\"Gabriel Martins\" \/>\n\t<meta name=\"twitter:label2\" content=\"Est. tempo de leitura\" \/>\n\t<meta name=\"twitter:data2\" content=\"5 minutos\" \/>\n<!-- \/ Yoast SEO plugin. -->","yoast_head_json":{"title":"Processo para tirar a primeira CNH em 2026 passa a funcionar com modelo h\u00edbrido entre atendimento presencial e servi\u00e7os digitais - Estado de Minas - Em foco","description":"Processo para tirar a primeira CNH em 2026 passa a usar modelo h\u00edbrido com etapas presenciais e recursos digitais.","robots":{"index":"index","follow":"follow","max-snippet":"max-snippet:-1","max-image-preview":"max-image-preview:large","max-video-preview":"max-video-preview:-1"},"canonical":"https:\/\/www.em.com.br\/emfoco\/2026\/03\/11\/processo-para-tirar-a-primeira-cnh-em-2026-passa-a-funcionar-com-modelo-hibrido-entre-atendimento-presencial-e-servicos-digitais\/","og_locale":"pt_BR","og_type":"article","og_title":"Processo para tirar a primeira CNH em 2026 passa a funcionar com modelo h\u00edbrido entre atendimento presencial e servi\u00e7os digitais - Estado de Minas - Em foco","og_description":"Processo para tirar a primeira CNH em 2026 passa a usar modelo h\u00edbrido com etapas presenciais e recursos digitais.","og_url":"https:\/\/www.em.com.br\/emfoco\/2026\/03\/11\/processo-para-tirar-a-primeira-cnh-em-2026-passa-a-funcionar-com-modelo-hibrido-entre-atendimento-presencial-e-servicos-digitais\/","og_site_name":"Estado de Minas - Em foco","article_published_time":"2026-03-11T23:25:00+00:00","article_modified_time":"2026-03-09T20:36:58+00:00","og_image":[{"width":1280,"height":720,"url":"https:\/\/www.em.com.br\/emfoco\/wp-content\/uploads\/2026\/03\/5-37.jpg","type":"image\/jpeg"}],"author":"Gabriel Martins","twitter_card":"summary_large_image","twitter_misc":{"Escrito por":"Gabriel Martins","Est. tempo de leitura":"5 minutos"},"schema":{"@context":"https:\/\/schema.org","@graph":[{"@type":"WebPage","@id":"https:\/\/www.em.com.br\/emfoco\/2026\/03\/11\/processo-para-tirar-a-primeira-cnh-em-2026-passa-a-funcionar-com-modelo-hibrido-entre-atendimento-presencial-e-servicos-digitais\/","url":"https:\/\/www.em.com.br\/emfoco\/2026\/03\/11\/processo-para-tirar-a-primeira-cnh-em-2026-passa-a-funcionar-com-modelo-hibrido-entre-atendimento-presencial-e-servicos-digitais\/","name":"Processo para tirar a primeira CNH em 2026 passa a funcionar com modelo h\u00edbrido entre atendimento presencial e servi\u00e7os digitais - Estado de Minas - Em foco","isPartOf":{"@id":"https:\/\/www.em.com.br\/emfoco\/#website"},"primaryImageOfPage":{"@id":"https:\/\/www.em.com.br\/emfoco\/2026\/03\/11\/processo-para-tirar-a-primeira-cnh-em-2026-passa-a-funcionar-com-modelo-hibrido-entre-atendimento-presencial-e-servicos-digitais\/#primaryimage"},"image":{"@id":"https:\/\/www.em.com.br\/emfoco\/2026\/03\/11\/processo-para-tirar-a-primeira-cnh-em-2026-passa-a-funcionar-com-modelo-hibrido-entre-atendimento-presencial-e-servicos-digitais\/#primaryimage"},"thumbnailUrl":"https:\/\/www.em.com.br\/emfoco\/wp-content\/uploads\/2026\/03\/5-37.jpg","datePublished":"2026-03-11T23:25:00+00:00","dateModified":"2026-03-09T20:36:58+00:00","author":{"@id":"https:\/\/www.em.com.br\/emfoco\/#\/schema\/person\/1c9ddeab18b98abeffef834667bcf08a"},"description":"Processo para tirar a primeira CNH em 2026 passa a usar modelo h\u00edbrido com etapas presenciais e recursos digitais.","breadcrumb":{"@id":"https:\/\/www.em.com.br\/emfoco\/2026\/03\/11\/processo-para-tirar-a-primeira-cnh-em-2026-passa-a-funcionar-com-modelo-hibrido-entre-atendimento-presencial-e-servicos-digitais\/#breadcrumb"},"inLanguage":"pt-BR","potentialAction":[{"@type":"ReadAction","target":["https:\/\/www.em.com.br\/emfoco\/2026\/03\/11\/processo-para-tirar-a-primeira-cnh-em-2026-passa-a-funcionar-com-modelo-hibrido-entre-atendimento-presencial-e-servicos-digitais\/"]}]},{"@type":"ImageObject","inLanguage":"pt-BR","@id":"https:\/\/www.em.com.br\/emfoco\/2026\/03\/11\/processo-para-tirar-a-primeira-cnh-em-2026-passa-a-funcionar-com-modelo-hibrido-entre-atendimento-presencial-e-servicos-digitais\/#primaryimage","url":"https:\/\/www.em.com.br\/emfoco\/wp-content\/uploads\/2026\/03\/5-37.jpg","contentUrl":"https:\/\/www.em.com.br\/emfoco\/wp-content\/uploads\/2026\/03\/5-37.jpg","width":1280,"height":720,"caption":"Rio Grande do Sul adota modelo h\u00edbrido para tirar primeira habilita\u00e7\u00e3o"},{"@type":"BreadcrumbList","@id":"https:\/\/www.em.com.br\/emfoco\/2026\/03\/11\/processo-para-tirar-a-primeira-cnh-em-2026-passa-a-funcionar-com-modelo-hibrido-entre-atendimento-presencial-e-servicos-digitais\/#breadcrumb","itemListElement":[{"@type":"ListItem","position":1,"name":"In\u00edcio","item":"https:\/\/www.em.com.br\/emfoco\/"},{"@type":"ListItem","position":2,"name":"Processo para tirar a primeira CNH em 2026 passa a funcionar com modelo h\u00edbrido entre atendimento presencial e servi\u00e7os digitais"}]},{"@type":"WebSite","@id":"https:\/\/www.em.com.br\/emfoco\/#website","url":"https:\/\/www.em.com.br\/emfoco\/","name":"Estado de Minas - Em foco","description":"Acompanhe as \u00faltimas not\u00edcias e fique bem informado sobre tudo o que acontece em Minas Gerais, Brasil e no mundo.","potentialAction":[{"@type":"SearchAction","target":{"@type":"EntryPoint","urlTemplate":"https:\/\/www.em.com.br\/emfoco\/?s={search_term_string}"},"query-input":{"@type":"PropertyValueSpecification","valueRequired":true,"valueName":"search_term_string"}}],"inLanguage":"pt-BR"},{"@type":"Person","@id":"https:\/\/www.em.com.br\/emfoco\/#\/schema\/person\/1c9ddeab18b98abeffef834667bcf08a","name":"Gabriel Martins","image":{"@type":"ImageObject","inLanguage":"pt-BR","@id":"https:\/\/www.em.com.br\/emfoco\/#\/schema\/person\/image\/","url":"https:\/\/secure.gravatar.com\/avatar\/f0f1e2efdfd88f1ad2cb08c5c2731e50?s=96&d=mm&r=g","contentUrl":"https:\/\/secure.gravatar.com\/avatar\/f0f1e2efdfd88f1ad2cb08c5c2731e50?s=96&d=mm&r=g","caption":"Gabriel Martins"},"sameAs":["https:\/\/www.em.com.br\/emfoco\/"],"url":"https:\/\/www.em.com.br\/emfoco\/author\/gabrielmartinsmyth\/"}]}},"_links":{"self":[{"href":"https:\/\/www.em.com.br\/emfoco\/wp-json\/wp\/v2\/posts\/179393","targetHints":{"allow":["GET"]}}],"collection":[{"href":"https:\/\/www.em.com.br\/emfoco\/wp-json\/wp\/v2\/posts"}],"about":[{"href":"https:\/\/www.em.com.br\/emfoco\/wp-json\/wp\/v2\/types\/post"}],"author":[{"embeddable":true,"href":"https:\/\/www.em.com.br\/emfoco\/wp-json\/wp\/v2\/users\/13"}],"replies":[{"embeddable":true,"href":"https:\/\/www.em.com.br\/emfoco\/wp-json\/wp\/v2\/comments?post=179393"}],"version-history":[{"count":1,"href":"https:\/\/www.em.com.br\/emfoco\/wp-json\/wp\/v2\/posts\/179393\/revisions"}],"predecessor-version":[{"id":179537,"href":"https:\/\/www.em.com.br\/emfoco\/wp-json\/wp\/v2\/posts\/179393\/revisions\/179537"}],"wp:featuredmedia":[{"embeddable":true,"href":"https:\/\/www.em.com.br\/emfoco\/wp-json\/wp\/v2\/media\/179523"}],"wp:attachment":[{"href":"https:\/\/www.em.com.br\/emfoco\/wp-json\/wp\/v2\/media?parent=179393"}],"wp:term":[{"taxonomy":"category","embeddable":true,"href":"https:\/\/www.em.com.br\/emfoco\/wp-json\/wp\/v2\/categories?post=179393"},{"taxonomy":"post_tag","embeddable":true,"href":"https:\/\/www.em.com.br\/emfoco\/wp-json\/wp\/v2\/tags?post=179393"}],"curies":[{"name":"wp","href":"https:\/\/api.w.org\/{rel}","templated":true}]}}