{"id":179390,"date":"2026-03-11T16:15:00","date_gmt":"2026-03-11T19:15:00","guid":{"rendered":"https:\/\/www.em.com.br\/emfoco\/?p=179390"},"modified":"2026-03-09T17:34:40","modified_gmt":"2026-03-09T20:34:40","slug":"esqueci-de-me-aposentar-relata-idoso-de-92-anos-em-audiencia-previdenciaria-ao-pedir-beneficio-do-inss","status":"publish","type":"post","link":"https:\/\/www.em.com.br\/emfoco\/2026\/03\/11\/esqueci-de-me-aposentar-relata-idoso-de-92-anos-em-audiencia-previdenciaria-ao-pedir-beneficio-do-inss\/","title":{"rendered":"&#8220;Esqueci de me aposentar&#8221;, relata idoso de 92 anos em audi\u00eancia previdenci\u00e1ria ao pedir benef\u00edcio do INSS"},"content":{"rendered":"\n<p>Um epis\u00f3dio recente em uma audi\u00eancia previdenci\u00e1ria reacendeu o debate sobre aposentadoria no Brasil e sobre a import\u00e2ncia de garantir renda e cuidados na velhice. Um idoso mineiro de 92 anos, ao participar de uma audi\u00eancia online, relatou que passou a vida trabalhando e simplesmente \u201cesqueceu de se aposentar\u201d. O caso terminou com a concess\u00e3o do benef\u00edcio pelo INSS, voltado principalmente para o cuidado com a vis\u00e3o, e chamou a aten\u00e7\u00e3o para quest\u00f5es pr\u00e1ticas, emocionais e de acesso \u00e0 informa\u00e7\u00e3o no sistema previdenci\u00e1rio.<\/p>\n\n\n\n<h2 class=\"wp-block-heading\">Aposentadoria pelo INSS aos 92 anos \u00e9 realmente poss\u00edvel?<\/h2>\n\n\n\n<p>A situa\u00e7\u00e3o vivida pelo idoso mineiro mostra que a aposentadoria pelo <strong><a href=\"https:\/\/www.em.com.br\/emfoco\/2026\/03\/09\/governo-federal-faz-alerta-urgente-sobre-nova-fraude-contra-segurados-do-inss\/\" target=\"_blank\" rel=\"noreferrer noopener\">INSS <\/a><\/strong>pode ser analisada mesmo em idades muito avan\u00e7adas, desde que os requisitos legais sejam cumpridos. Em geral, o sistema considera tempo de contribui\u00e7\u00e3o, idade, qualidade de segurado e o tipo de benef\u00edcio solicitado.<\/p>\n\n\n\n<p>No caso de trabalhadores que contribu\u00edram ao longo da vida, a aus\u00eancia de um pedido formal n\u00e3o impede a an\u00e1lise tardia do direito. Entretanto, quanto mais tempo passa, maior a chance de documentos se perderem e de ser necess\u00e1rio recorrer \u00e0 Justi\u00e7a Federal para comprovar v\u00ednculos e per\u00edodos trabalhados.<\/p>\n\n\n\n<figure class=\"wp-block-image size-large\"><img loading=\"lazy\" decoding=\"async\" width=\"1024\" height=\"576\" src=\"https:\/\/www.em.com.br\/emfoco\/wp-content\/uploads\/2026\/03\/13-2-1024x576.jpg\" alt=\"&quot;Esqueci de me aposentar&quot;, relata idoso de 92 anos em audi\u00eancia previdenci\u00e1ria ao pedir benef\u00edcio do INSS\" class=\"wp-image-179531\" srcset=\"https:\/\/www.em.com.br\/emfoco\/wp-content\/uploads\/2026\/03\/13-2-1024x576.jpg 1024w, https:\/\/www.em.com.br\/emfoco\/wp-content\/uploads\/2026\/03\/13-2-300x169.jpg 300w, https:\/\/www.em.com.br\/emfoco\/wp-content\/uploads\/2026\/03\/13-2-768x432.jpg 768w, https:\/\/www.em.com.br\/emfoco\/wp-content\/uploads\/2026\/03\/13-2-750x422.jpg 750w, https:\/\/www.em.com.br\/emfoco\/wp-content\/uploads\/2026\/03\/13-2-1140x641.jpg 1140w, https:\/\/www.em.com.br\/emfoco\/wp-content\/uploads\/2026\/03\/13-2.jpg 1280w\" sizes=\"auto, (max-width: 1024px) 100vw, 1024px\" \/><figcaption class=\"wp-element-caption\">Requisitos legais permitem o pedido de benef\u00edcio mesmo em idades avan\u00e7adas<\/figcaption><\/figure>\n\n\n\n<h2 class=\"wp-block-heading\">Quais dificuldades atrapalham o acesso \u00e0 aposentadoria do INSS?<\/h2>\n\n\n\n<p>Na pr\u00e1tica, muitos trabalhadores informais, rurais ou com baixa escolaridade t\u00eam dificuldade em acompanhar mudan\u00e7as de regras e entender quando e como buscar a aposentadoria do INSS. Situa\u00e7\u00f5es em que o segurado deixa de ingressar com o pedido no momento adequado s\u00e3o comuns, mas raramente ganham destaque p\u00fablico.<\/p>\n\n\n\n<p>O epis\u00f3dio divulgado em v\u00eddeo nas redes sociais ajuda a ilustrar como a Justi\u00e7a Federal e o INSS podem atuar juntos na regulariza\u00e7\u00e3o de benef\u00edcios atrasados. Ele tamb\u00e9m exp\u00f5e a necessidade de informa\u00e7\u00e3o clara, atendimento humanizado e apoio jur\u00eddico, especialmente para idosos e fam\u00edlias em situa\u00e7\u00e3o de vulnerabilidade.<\/p>\n\n\n\n<h2 class=\"wp-block-heading\">Como funciona a an\u00e1lise de aposentadoria em audi\u00eancia previdenci\u00e1ria?<\/h2>\n\n\n\n<p>A audi\u00eancia previdenci\u00e1ria, como a que envolveu o idoso de 92 anos, serve para esclarecer d\u00favidas sobre a vida laboral e as condi\u00e7\u00f5es atuais do segurado. O juiz faz perguntas simples para confirmar fatos e preencher lacunas de documenta\u00e7\u00e3o, principalmente em casos antigos ou com registros incompletos.<\/p>\n\n\n\n<p>Nesse tipo de audi\u00eancia, s\u00e3o avaliados pontos essenciais, que costumam incluir:<\/p>\n\n\n\n<ul class=\"wp-block-list\">\n<li><strong>Per\u00edodos de trabalho<\/strong>\u00a0com carteira assinada ou contribui\u00e7\u00f5es como aut\u00f4nomo;<\/li>\n\n\n\n<li><strong>Atividades exercidas<\/strong>\u00a0ao longo da vida, inclusive trabalho rural;<\/li>\n\n\n\n<li><strong>Estado de sa\u00fade<\/strong>, limita\u00e7\u00f5es f\u00edsicas ou cognitivas e uso de bengala ou outros apoios;<\/li>\n\n\n\n<li><strong>Depend\u00eancia de ajuda<\/strong>\u00a0de terceiros nas tarefas di\u00e1rias e cuidados pessoais;<\/li>\n\n\n\n<li><strong>Finalidade do benef\u00edcio<\/strong>, como uso do valor em tratamentos de vis\u00e3o e medicamentos.<\/li>\n<\/ul>\n\n\n\n<figure class=\"wp-block-image size-large\"><img loading=\"lazy\" decoding=\"async\" width=\"1024\" height=\"576\" src=\"https:\/\/www.em.com.br\/emfoco\/wp-content\/uploads\/2026\/03\/12-10-1024x576.jpg\" alt=\"&quot;Esqueci de me aposentar&quot;, relata idoso de 92 anos em audi\u00eancia previdenci\u00e1ria ao pedir benef\u00edcio do INSS\" class=\"wp-image-179530\" srcset=\"https:\/\/www.em.com.br\/emfoco\/wp-content\/uploads\/2026\/03\/12-10-1024x576.jpg 1024w, https:\/\/www.em.com.br\/emfoco\/wp-content\/uploads\/2026\/03\/12-10-300x169.jpg 300w, https:\/\/www.em.com.br\/emfoco\/wp-content\/uploads\/2026\/03\/12-10-768x432.jpg 768w, https:\/\/www.em.com.br\/emfoco\/wp-content\/uploads\/2026\/03\/12-10-750x422.jpg 750w, https:\/\/www.em.com.br\/emfoco\/wp-content\/uploads\/2026\/03\/12-10-1140x641.jpg 1140w, https:\/\/www.em.com.br\/emfoco\/wp-content\/uploads\/2026\/03\/12-10.jpg 1280w\" sizes=\"auto, (max-width: 1024px) 100vw, 1024px\" \/><figcaption class=\"wp-element-caption\">Juiz esclarece trajet\u00f3rias de trabalho durante a realiza\u00e7\u00e3o da audi\u00eancia online<\/figcaption><\/figure>\n\n\n\n<h2 class=\"wp-block-heading\">Quais cuidados ajudam a garantir o direito \u00e0 aposentadoria?<\/h2>\n\n\n\n<p>O epis\u00f3dio refor\u00e7a a import\u00e2ncia de conhecer os pr\u00f3prios direitos e n\u00e3o adiar o pedido de aposentadoria pelo INSS. Muitos trabalhadores contribuem por d\u00e9cadas sem acompanhar o pr\u00f3prio cadastro, o que pode gerar atrasos, falta de provas e inseguran\u00e7a financeira justamente na velhice.<\/p>\n\n\n\n<p>Algumas a\u00e7\u00f5es simples ao longo da vida profissional podem evitar problemas graves no futuro:<\/p>\n\n\n\n<ol class=\"wp-block-list\">\n<li><strong>Acompanhar o CNIS<\/strong>\u00a0periodicamente, conferindo v\u00ednculos e contribui\u00e7\u00f5es pelo Meu INSS;<\/li>\n\n\n\n<li><strong>Guardar documentos<\/strong>\u00a0como carteiras de trabalho, holerites e carn\u00eas de contribui\u00e7\u00e3o;<\/li>\n\n\n\n<li><strong>Buscar orienta\u00e7\u00e3o<\/strong>\u00a0em canais oficiais do INSS, defensoria p\u00fablica ou advogados especializados;<\/li>\n\n\n\n<li><strong>Registrar pedidos formalmente<\/strong>\u00a0pelo aplicativo ou site <strong><a href=\"https:\/\/meu.inss.gov.br\/\" target=\"_blank\" rel=\"noreferrer noopener\">Meu INSS<\/a><\/strong>, com protocolos salvos;<\/li>\n\n\n\n<li><strong>Monitorar a sa\u00fade<\/strong>, j\u00e1 que diversos benef\u00edcios consideram a capacidade de trabalho.<\/li>\n<\/ol>\n\n\n\n<h2 class=\"wp-block-heading\">O que o caso do idoso de 92 anos ensina sobre envelhecimento e urg\u00eancia em agir?<\/h2>\n\n\n\n<p>O caso do idoso que \u201cesqueceu de se aposentar\u201d dialoga diretamente com o envelhecimento acelerado da popula\u00e7\u00e3o brasileira e a necessidade de planejamento m\u00ednimo. Em um cen\u00e1rio em que idosos muitas vezes dependem de apoio familiar e renda previdenci\u00e1ria para arcar com sa\u00fade, medicamentos e exames, deixar o benef\u00edcio para depois pode significar anos de dificuldade e inseguran\u00e7a.<\/p>\n\n\n\n<p>Se voc\u00ea ou algu\u00e9m da sua fam\u00edlia est\u00e1 perto da idade de se aposentar, n\u00e3o espere chegar aos 80 ou 90 anos para correr atr\u00e1s desse direito. Organize documentos, acesse o Meu INSS, busque ajuda especializada e, se preciso, entre em contato com a Justi\u00e7a ou a Defensoria agora mesmo. Cada m\u00eas de atraso pode representar menos renda, menos tratamento e menos qualidade de vida em um momento em que isso se torna mais urgente do que nunca.<\/p>\n","protected":false},"excerpt":{"rendered":"<p>Um epis\u00f3dio recente em uma audi\u00eancia previdenci\u00e1ria reacendeu o debate sobre aposentadoria no Brasil e sobre a import\u00e2ncia de garantir renda e cuidados na velhice. Um idoso mineiro de 92 anos, ao participar de uma audi\u00eancia online, relatou que passou a vida trabalhando e simplesmente \u201cesqueceu de se aposentar\u201d. O caso terminou com a concess\u00e3o [&hellip;]<\/p>\n","protected":false},"author":13,"featured_media":179532,"comment_status":"open","ping_status":"open","sticky":false,"template":"","format":"standard","meta":{"jnews-multi-image_gallery":[],"jnews_single_post":{"format":"standard"},"jnews_primary_category":[],"jnews_social_meta":[],"jnews_override_counter":[],"footnotes":""},"categories":[28],"tags":[172,25926,174],"class_list":["post-179390","post","type-post","status-publish","format-standard","has-post-thumbnail","hentry","category-economia","tag-aposentadoria","tag-aposentando-com-92-anos","tag-inss"],"yoast_head":"<!-- This site is optimized with the Yoast SEO plugin v23.8 - https:\/\/yoast.com\/wordpress\/plugins\/seo\/ -->\n<title>&quot;Esqueci de me aposentar&quot;, relata idoso de 92 anos em audi\u00eancia previdenci\u00e1ria ao pedir benef\u00edcio do INSS - Estado de Minas - Em foco<\/title>\n<meta name=\"description\" content=\"Idoso de 92 anos consegue aposentadoria ap\u00f3s relatar em audi\u00eancia que trabalhou a vida inteira e esqueceu de pedir o benef\u00edcio.\" \/>\n<meta name=\"robots\" content=\"index, follow, max-snippet:-1, max-image-preview:large, max-video-preview:-1\" \/>\n<link rel=\"canonical\" href=\"https:\/\/www.em.com.br\/emfoco\/2026\/03\/11\/esqueci-de-me-aposentar-relata-idoso-de-92-anos-em-audiencia-previdenciaria-ao-pedir-beneficio-do-inss\/\" \/>\n<meta property=\"og:locale\" content=\"pt_BR\" \/>\n<meta property=\"og:type\" content=\"article\" \/>\n<meta property=\"og:title\" content=\"&quot;Esqueci de me aposentar&quot;, relata idoso de 92 anos em audi\u00eancia previdenci\u00e1ria ao pedir benef\u00edcio do INSS - Estado de Minas - Em foco\" \/>\n<meta property=\"og:description\" content=\"Idoso de 92 anos consegue aposentadoria ap\u00f3s relatar em audi\u00eancia que trabalhou a vida inteira e esqueceu de pedir o benef\u00edcio.\" \/>\n<meta property=\"og:url\" content=\"https:\/\/www.em.com.br\/emfoco\/2026\/03\/11\/esqueci-de-me-aposentar-relata-idoso-de-92-anos-em-audiencia-previdenciaria-ao-pedir-beneficio-do-inss\/\" \/>\n<meta property=\"og:site_name\" content=\"Estado de Minas - Em foco\" \/>\n<meta property=\"article:published_time\" content=\"2026-03-11T19:15:00+00:00\" \/>\n<meta property=\"article:modified_time\" content=\"2026-03-09T20:34:40+00:00\" \/>\n<meta property=\"og:image\" content=\"https:\/\/www.em.com.br\/emfoco\/wp-content\/uploads\/2026\/03\/14-1.jpg\" \/>\n\t<meta property=\"og:image:width\" content=\"1280\" \/>\n\t<meta property=\"og:image:height\" content=\"720\" \/>\n\t<meta property=\"og:image:type\" content=\"image\/jpeg\" \/>\n<meta name=\"author\" content=\"Gabriel Martins\" \/>\n<meta name=\"twitter:card\" content=\"summary_large_image\" \/>\n<meta name=\"twitter:label1\" content=\"Escrito por\" \/>\n\t<meta name=\"twitter:data1\" content=\"Gabriel Martins\" \/>\n\t<meta name=\"twitter:label2\" content=\"Est. tempo de leitura\" \/>\n\t<meta name=\"twitter:data2\" content=\"5 minutos\" \/>\n<!-- \/ Yoast SEO plugin. -->","yoast_head_json":{"title":"\"Esqueci de me aposentar\", relata idoso de 92 anos em audi\u00eancia previdenci\u00e1ria ao pedir benef\u00edcio do INSS - Estado de Minas - Em foco","description":"Idoso de 92 anos consegue aposentadoria ap\u00f3s relatar em audi\u00eancia que trabalhou a vida inteira e esqueceu de pedir o benef\u00edcio.","robots":{"index":"index","follow":"follow","max-snippet":"max-snippet:-1","max-image-preview":"max-image-preview:large","max-video-preview":"max-video-preview:-1"},"canonical":"https:\/\/www.em.com.br\/emfoco\/2026\/03\/11\/esqueci-de-me-aposentar-relata-idoso-de-92-anos-em-audiencia-previdenciaria-ao-pedir-beneficio-do-inss\/","og_locale":"pt_BR","og_type":"article","og_title":"\"Esqueci de me aposentar\", relata idoso de 92 anos em audi\u00eancia previdenci\u00e1ria ao pedir benef\u00edcio do INSS - Estado de Minas - Em foco","og_description":"Idoso de 92 anos consegue aposentadoria ap\u00f3s relatar em audi\u00eancia que trabalhou a vida inteira e esqueceu de pedir o benef\u00edcio.","og_url":"https:\/\/www.em.com.br\/emfoco\/2026\/03\/11\/esqueci-de-me-aposentar-relata-idoso-de-92-anos-em-audiencia-previdenciaria-ao-pedir-beneficio-do-inss\/","og_site_name":"Estado de Minas - Em foco","article_published_time":"2026-03-11T19:15:00+00:00","article_modified_time":"2026-03-09T20:34:40+00:00","og_image":[{"width":1280,"height":720,"url":"https:\/\/www.em.com.br\/emfoco\/wp-content\/uploads\/2026\/03\/14-1.jpg","type":"image\/jpeg"}],"author":"Gabriel Martins","twitter_card":"summary_large_image","twitter_misc":{"Escrito por":"Gabriel Martins","Est. tempo de leitura":"5 minutos"},"schema":{"@context":"https:\/\/schema.org","@graph":[{"@type":"WebPage","@id":"https:\/\/www.em.com.br\/emfoco\/2026\/03\/11\/esqueci-de-me-aposentar-relata-idoso-de-92-anos-em-audiencia-previdenciaria-ao-pedir-beneficio-do-inss\/","url":"https:\/\/www.em.com.br\/emfoco\/2026\/03\/11\/esqueci-de-me-aposentar-relata-idoso-de-92-anos-em-audiencia-previdenciaria-ao-pedir-beneficio-do-inss\/","name":"\"Esqueci de me aposentar\", relata idoso de 92 anos em audi\u00eancia previdenci\u00e1ria ao pedir benef\u00edcio do INSS - Estado de Minas - Em foco","isPartOf":{"@id":"https:\/\/www.em.com.br\/emfoco\/#website"},"primaryImageOfPage":{"@id":"https:\/\/www.em.com.br\/emfoco\/2026\/03\/11\/esqueci-de-me-aposentar-relata-idoso-de-92-anos-em-audiencia-previdenciaria-ao-pedir-beneficio-do-inss\/#primaryimage"},"image":{"@id":"https:\/\/www.em.com.br\/emfoco\/2026\/03\/11\/esqueci-de-me-aposentar-relata-idoso-de-92-anos-em-audiencia-previdenciaria-ao-pedir-beneficio-do-inss\/#primaryimage"},"thumbnailUrl":"https:\/\/www.em.com.br\/emfoco\/wp-content\/uploads\/2026\/03\/14-1.jpg","datePublished":"2026-03-11T19:15:00+00:00","dateModified":"2026-03-09T20:34:40+00:00","author":{"@id":"https:\/\/www.em.com.br\/emfoco\/#\/schema\/person\/1c9ddeab18b98abeffef834667bcf08a"},"description":"Idoso de 92 anos consegue aposentadoria ap\u00f3s relatar em audi\u00eancia que trabalhou a vida inteira e esqueceu de pedir o benef\u00edcio.","breadcrumb":{"@id":"https:\/\/www.em.com.br\/emfoco\/2026\/03\/11\/esqueci-de-me-aposentar-relata-idoso-de-92-anos-em-audiencia-previdenciaria-ao-pedir-beneficio-do-inss\/#breadcrumb"},"inLanguage":"pt-BR","potentialAction":[{"@type":"ReadAction","target":["https:\/\/www.em.com.br\/emfoco\/2026\/03\/11\/esqueci-de-me-aposentar-relata-idoso-de-92-anos-em-audiencia-previdenciaria-ao-pedir-beneficio-do-inss\/"]}]},{"@type":"ImageObject","inLanguage":"pt-BR","@id":"https:\/\/www.em.com.br\/emfoco\/2026\/03\/11\/esqueci-de-me-aposentar-relata-idoso-de-92-anos-em-audiencia-previdenciaria-ao-pedir-beneficio-do-inss\/#primaryimage","url":"https:\/\/www.em.com.br\/emfoco\/wp-content\/uploads\/2026\/03\/14-1.jpg","contentUrl":"https:\/\/www.em.com.br\/emfoco\/wp-content\/uploads\/2026\/03\/14-1.jpg","width":1280,"height":720,"caption":"Idoso consegue aposentadoria aos noventa e dois anos ap\u00f3s audi\u00eancia judicial"},{"@type":"BreadcrumbList","@id":"https:\/\/www.em.com.br\/emfoco\/2026\/03\/11\/esqueci-de-me-aposentar-relata-idoso-de-92-anos-em-audiencia-previdenciaria-ao-pedir-beneficio-do-inss\/#breadcrumb","itemListElement":[{"@type":"ListItem","position":1,"name":"In\u00edcio","item":"https:\/\/www.em.com.br\/emfoco\/"},{"@type":"ListItem","position":2,"name":"&#8220;Esqueci de me aposentar&#8221;, relata idoso de 92 anos em audi\u00eancia previdenci\u00e1ria ao pedir benef\u00edcio do INSS"}]},{"@type":"WebSite","@id":"https:\/\/www.em.com.br\/emfoco\/#website","url":"https:\/\/www.em.com.br\/emfoco\/","name":"Estado de Minas - Em foco","description":"Acompanhe as \u00faltimas not\u00edcias e fique bem informado sobre tudo o que acontece em Minas Gerais, Brasil e no mundo.","potentialAction":[{"@type":"SearchAction","target":{"@type":"EntryPoint","urlTemplate":"https:\/\/www.em.com.br\/emfoco\/?s={search_term_string}"},"query-input":{"@type":"PropertyValueSpecification","valueRequired":true,"valueName":"search_term_string"}}],"inLanguage":"pt-BR"},{"@type":"Person","@id":"https:\/\/www.em.com.br\/emfoco\/#\/schema\/person\/1c9ddeab18b98abeffef834667bcf08a","name":"Gabriel Martins","image":{"@type":"ImageObject","inLanguage":"pt-BR","@id":"https:\/\/www.em.com.br\/emfoco\/#\/schema\/person\/image\/","url":"https:\/\/secure.gravatar.com\/avatar\/f0f1e2efdfd88f1ad2cb08c5c2731e50?s=96&d=mm&r=g","contentUrl":"https:\/\/secure.gravatar.com\/avatar\/f0f1e2efdfd88f1ad2cb08c5c2731e50?s=96&d=mm&r=g","caption":"Gabriel Martins"},"sameAs":["https:\/\/www.em.com.br\/emfoco\/"],"url":"https:\/\/www.em.com.br\/emfoco\/author\/gabrielmartinsmyth\/"}]}},"_links":{"self":[{"href":"https:\/\/www.em.com.br\/emfoco\/wp-json\/wp\/v2\/posts\/179390","targetHints":{"allow":["GET"]}}],"collection":[{"href":"https:\/\/www.em.com.br\/emfoco\/wp-json\/wp\/v2\/posts"}],"about":[{"href":"https:\/\/www.em.com.br\/emfoco\/wp-json\/wp\/v2\/types\/post"}],"author":[{"embeddable":true,"href":"https:\/\/www.em.com.br\/emfoco\/wp-json\/wp\/v2\/users\/13"}],"replies":[{"embeddable":true,"href":"https:\/\/www.em.com.br\/emfoco\/wp-json\/wp\/v2\/comments?post=179390"}],"version-history":[{"count":1,"href":"https:\/\/www.em.com.br\/emfoco\/wp-json\/wp\/v2\/posts\/179390\/revisions"}],"predecessor-version":[{"id":179533,"href":"https:\/\/www.em.com.br\/emfoco\/wp-json\/wp\/v2\/posts\/179390\/revisions\/179533"}],"wp:featuredmedia":[{"embeddable":true,"href":"https:\/\/www.em.com.br\/emfoco\/wp-json\/wp\/v2\/media\/179532"}],"wp:attachment":[{"href":"https:\/\/www.em.com.br\/emfoco\/wp-json\/wp\/v2\/media?parent=179390"}],"wp:term":[{"taxonomy":"category","embeddable":true,"href":"https:\/\/www.em.com.br\/emfoco\/wp-json\/wp\/v2\/categories?post=179390"},{"taxonomy":"post_tag","embeddable":true,"href":"https:\/\/www.em.com.br\/emfoco\/wp-json\/wp\/v2\/tags?post=179390"}],"curies":[{"name":"wp","href":"https:\/\/api.w.org\/{rel}","templated":true}]}}