{"id":179389,"date":"2026-03-11T14:05:00","date_gmt":"2026-03-11T17:05:00","guid":{"rendered":"https:\/\/www.em.com.br\/emfoco\/?p=179389"},"modified":"2026-03-09T17:23:08","modified_gmt":"2026-03-09T20:23:08","slug":"estudantes-do-ensino-medio-publico-podem-receber-ate-r-400-do-pe-de-meia-em-2026-conforme-frequencia-escolar","status":"publish","type":"post","link":"https:\/\/www.em.com.br\/emfoco\/2026\/03\/11\/estudantes-do-ensino-medio-publico-podem-receber-ate-r-400-do-pe-de-meia-em-2026-conforme-frequencia-escolar\/","title":{"rendered":"Estudantes do ensino m\u00e9dio p\u00fablico podem receber at\u00e9 R$ 400 do P\u00e9 de Meia em 2026 conforme frequ\u00eancia escolar"},"content":{"rendered":"\n<p>O programa&nbsp;<strong>P\u00e9-de-Meia<\/strong>&nbsp;segue como um dos principais benef\u00edcios sociais voltados \u00e0 educa\u00e7\u00e3o em 2026, garantindo at\u00e9 R$ 400 por estudante do ensino m\u00e9dio p\u00fablico, divididos entre incentivo de matr\u00edcula e incentivo de frequ\u00eancia escolar. A iniciativa busca reduzir a evas\u00e3o, apoiar financeiramente fam\u00edlias de baixa renda inscritas no Cadastro \u00danico e estimular que mais jovens concluam os estudos e projetem um futuro melhor.<\/p>\n\n\n\n<h2 class=\"wp-block-heading\">Como funciona o pagamento dos R$ 400 do P\u00e9-de-Meia em 2026<\/h2>\n\n\n\n<p>O valor de&nbsp;<strong>R$ 400 do P\u00e9-de-Meia<\/strong>&nbsp;\u00e9 composto por duas partes: R$ 200 de incentivo de matr\u00edcula e R$ 200 de incentivo de frequ\u00eancia escolar. O incentivo de matr\u00edcula \u00e9 pago uma \u00fanica vez ao ano, para quem teve a matr\u00edcula confirmada no ensino m\u00e9dio p\u00fablico dentro do prazo estipulado pelo MEC.<\/p>\n\n\n\n<p>J\u00e1 o incentivo de frequ\u00eancia \u00e9 liberado mensalmente, desde que o estudante mantenha presen\u00e7a m\u00ednima de 80% nas aulas do per\u00edodo avaliado. Al\u00e9m disso, o programa prev\u00ea valores extras por aprova\u00e7\u00e3o anual, conclus\u00e3o na modalidade EJA e participa\u00e7\u00e3o no <strong><a href=\"https:\/\/www.em.com.br\/emfoco\/2025\/06\/17\/vai-fazer-o-enem-atencao-as-mudancas-que-pegam-muitos-de-surpresa\/\" target=\"_blank\" rel=\"noreferrer noopener\">Enem<\/a><\/strong>, fortalecendo o v\u00ednculo do jovem com a escola ao longo de todo o ano letivo.<\/p>\n\n\n\n<figure class=\"wp-block-image size-large\"><img loading=\"lazy\" decoding=\"async\" width=\"1024\" height=\"576\" src=\"https:\/\/www.em.com.br\/emfoco\/wp-content\/uploads\/2026\/03\/1-47-1024x576.jpg\" alt=\"Estudantes do ensino m\u00e9dio p\u00fablico podem receber at\u00e9 R$ 400 do P\u00e9 de Meia em 2026 conforme frequ\u00eancia escolar\" class=\"wp-image-179496\" srcset=\"https:\/\/www.em.com.br\/emfoco\/wp-content\/uploads\/2026\/03\/1-47-1024x576.jpg 1024w, https:\/\/www.em.com.br\/emfoco\/wp-content\/uploads\/2026\/03\/1-47-300x169.jpg 300w, https:\/\/www.em.com.br\/emfoco\/wp-content\/uploads\/2026\/03\/1-47-768x432.jpg 768w, https:\/\/www.em.com.br\/emfoco\/wp-content\/uploads\/2026\/03\/1-47-750x422.jpg 750w, https:\/\/www.em.com.br\/emfoco\/wp-content\/uploads\/2026\/03\/1-47-1140x641.jpg 1140w, https:\/\/www.em.com.br\/emfoco\/wp-content\/uploads\/2026\/03\/1-47.jpg 1280w\" sizes=\"auto, (max-width: 1024px) 100vw, 1024px\" \/><figcaption class=\"wp-element-caption\">Pagamento inicial de mar\u00e7o corresponde apenas ao b\u00f4nus por matr\u00edcula regular confirmada<\/figcaption><\/figure>\n\n\n\n<h2 class=\"wp-block-heading\">Os R$ 400 do P\u00e9-de-Meia ser\u00e3o pagos de uma vez em mar\u00e7o<\/h2>\n\n\n\n<p>Uma d\u00favida comum \u00e9 se os&nbsp;<strong>R$ 400 do P\u00e9-de-Meia<\/strong>&nbsp;ser\u00e3o liberados de uma s\u00f3 vez a partir de 23 de mar\u00e7o de 2026. De acordo com o calend\u00e1rio oficial do MEC, isso n\u00e3o acontece: nesse per\u00edodo, est\u00e1 prevista apenas a libera\u00e7\u00e3o do&nbsp;<strong>incentivo-matr\u00edcula<\/strong>, no valor de R$ 200.<\/p>\n\n\n\n<p>O&nbsp;<strong>incentivo-frequ\u00eancia<\/strong>, que completa os R$ 400 iniciais, ser\u00e1 pago depois. A primeira parcela de frequ\u00eancia, referente a fevereiro de 2026, est\u00e1 programada para o per\u00edodo de 27 de abril a 4 de maio, e as demais seguem o cronograma nacional conforme a presen\u00e7a mensal do estudante.<\/p>\n\n\n\n<h2 class=\"wp-block-heading\">Quem tem direito ao benef\u00edcio do P\u00e9-de-Meia em 2026<\/h2>\n\n\n\n<p>Para receber o benef\u00edcio, o estudante precisa cumprir crit\u00e9rios socioecon\u00f4micos e educacionais definidos pelo governo federal. As informa\u00e7\u00f5es s\u00e3o cruzadas entre Cad\u00danico, escolas e redes de ensino, sem necessidade de inscri\u00e7\u00e3o direta no programa por parte do aluno.<\/p>\n\n\n\n<p>Confira os principais requisitos para ter acesso aos valores do P\u00e9-de-Meia em 2026:<\/p>\n\n\n\n<ul class=\"wp-block-list\">\n<li>Estar regularmente matriculado no ensino m\u00e9dio p\u00fablico ou na EJA;<\/li>\n\n\n\n<li>Ter inscri\u00e7\u00e3o ativa no\u00a0<strong>Cadastro \u00danico (Cad\u00danico)<\/strong>\u00a0at\u00e9 7 de agosto de 2026;<\/li>\n\n\n\n<li>Pertencer a fam\u00edlia com renda de at\u00e9 meio sal\u00e1rio m\u00ednimo por pessoa, segundo o Cad\u00danico;<\/li>\n\n\n\n<li>Ter idade entre 14 e 24 anos no ensino m\u00e9dio regular, ou entre 19 e 24 anos na EJA;<\/li>\n\n\n\n<li>Possuir\u00a0<strong>CPF regular<\/strong>\u00a0registrado;<\/li>\n\n\n\n<li>Manter frequ\u00eancia m\u00ednima de 80% nas aulas em cada m\u00eas de refer\u00eancia.<\/li>\n<\/ul>\n\n\n\n<p>Confira o v\u00eddeo compartilhado pelo canal do YouTube <strong><a href=\"https:\/\/www.youtube.com\/@CanaldoJEFINHOadv\" target=\"_blank\" rel=\"noreferrer noopener\">Canal do JEFINHO<\/a><\/strong> falando sobre como ter acesso ao pagamento do P\u00e9-de-Meia em 2026.<\/p>\n\n\n\n<figure class=\"wp-block-embed is-type-video is-provider-youtube wp-block-embed-youtube wp-embed-aspect-16-9 wp-has-aspect-ratio\"><div class=\"wp-block-embed__wrapper\">\n<div class=\"jeg_video_container jeg_video_content\"><iframe loading=\"lazy\" title=\"P\u00c9-DE-MEIA 2026: COMO LIBERAR O CAIXA TEM PARA RECEBER O P\u00c9 DE MEIA EM 2026 PASSO A PASSO PARA TODOS\" width=\"500\" height=\"281\" src=\"https:\/\/www.youtube.com\/embed\/AFAxUyHG_OA?feature=oembed\" frameborder=\"0\" allow=\"accelerometer; autoplay; clipboard-write; encrypted-media; gyroscope; picture-in-picture; web-share\" referrerpolicy=\"strict-origin-when-cross-origin\" allowfullscreen><\/iframe><\/div>\n<\/div><\/figure>\n\n\n\n<h2 class=\"wp-block-heading\">Qual \u00e9 o calend\u00e1rio de pagamentos do P\u00e9-de-Meia em 2026<\/h2>\n\n\n\n<p>O cronograma do&nbsp;<strong>P\u00e9-de-Meia 2026<\/strong>&nbsp;foi detalhado na Portaria n\u00ba 169\/2026 do MEC, com pagamentos escalonados ao longo do ano. Para os R$ 400 iniciais, o incentivo de matr\u00edcula \u00e9 pago em mar\u00e7o, enquanto a primeira parcela de frequ\u00eancia come\u00e7a a ser liberada no fim de abril.<\/p>\n\n\n\n<!DOCTYPE html>\n<html lang=\"pt-br\">\n<head>\n<style>\n    .cronograma-table {\n        width: 100%;\n        border-collapse: collapse;\n        font-family: 'Segoe UI', Tahoma, Geneva, Verdana, sans-serif;\n        margin: 20px 0;\n        background-color: #ffffff;\n        border-radius: 12px;\n        overflow: hidden;\n        box-shadow: 0 8px 16px rgba(0,0,0,0.1);\n    }\n    .cronograma-table th {\n        background-color: #1a237e;\n        color: #ffffff;\n        padding: 18px;\n        text-align: left;\n        font-size: 15px;\n        letter-spacing: 0.5px;\n    }\n    .cronograma-table td {\n        padding: 15px 18px;\n        border-bottom: 1px solid #e8eaf6;\n        vertical-align: middle;\n    }\n    .cronograma-table tr:last-child td {\n        border-bottom: none;\n    }\n    .cronograma-table tr:hover {\n        background-color: #f5f5f5;\n    }\n    .data-col {\n        font-weight: bold;\n        color: #1a237e;\n        width: 25%;\n        font-size: 14px;\n    }\n    .beneficio-col {\n        width: 35%;\n        font-weight: 500;\n        color: #283593;\n    }\n    .detalhe-col {\n        width: 40%;\n        color: #546e7a;\n        font-size: 13.5px;\n        line-height: 1.4;\n    }\n    .valor-tag {\n        display: inline-block;\n        background-color: #fff9c4;\n        color: #f57f17;\n        padding: 2px 8px;\n        border-radius: 4px;\n        font-weight: bold;\n        font-size: 13px;\n    }\n<\/style>\n<\/head>\n<body>\n\n<table class=\"cronograma-table\">\n    <thead>\n        <tr>\n            <th>Per\u00edodo<\/th>\n            <th>Incentivo \/ Benef\u00edcio<\/th>\n            <th>Regras e Observa\u00e7\u00f5es<\/th>\n        <\/tr>\n    <\/thead>\n    <tbody>\n        <tr>\n            <td class=\"data-col\">23 a 30 de Mar\u00e7o<\/td>\n            <td class=\"beneficio-col\">Incentivo-Matr\u00edcula <span class=\"valor-tag\">R$ 200<\/span><\/td>\n            <td class=\"detalhe-col\">Pagamento \u00fanico realizado ap\u00f3s a confirma\u00e7\u00e3o da matr\u00edcula.<\/td>\n        <\/tr>\n        <tr>\n            <td class=\"data-col\">27 de Abril a 04 de Maio<\/td>\n            <td class=\"beneficio-col\">Parcela Frequ\u00eancia <span class=\"valor-tag\">R$ 200<\/span><\/td>\n            <td class=\"detalhe-col\">Referente \u00e0 frequ\u00eancia escolar de Fevereiro\/2026.<\/td>\n        <\/tr>\n        <tr>\n            <td class=\"data-col\">Mensal (Fluxo)<\/td>\n            <td class=\"beneficio-col\">Demais Parcelas<\/td>\n            <td class=\"detalhe-col\">Pagamentos condicionados \u00e0 manuten\u00e7\u00e3o da presen\u00e7a m\u00ednima exigida.<\/td>\n        <\/tr>\n        <tr>\n            <td class=\"data-col\">Agosto<\/td>\n            <td class=\"beneficio-col\">Acumulados e Conclus\u00e3o<\/td>\n            <td class=\"detalhe-col\">Frequ\u00eancias pendentes e b\u00f4nus para estudantes EJA aprovados no 1\u00ba semestre.<\/td>\n        <\/tr>\n        <tr>\n            <td class=\"data-col\">In\u00edcio de 2027<\/td>\n            <td class=\"beneficio-col\">Valores Residuais<\/td>\n            <td class=\"detalhe-col\">Quita\u00e7\u00e3o de corre\u00e7\u00f5es de frequ\u00eancia e b\u00f4nus por aprova\u00e7\u00e3o anual.<\/td>\n        <\/tr>\n    <\/tbody>\n<\/table>\n\n<\/body>\n<\/html>\n\n\n\n<h2 class=\"wp-block-heading\">Como consultar o P\u00e9-de-Meia e garantir o recebimento em dia<\/h2>\n\n\n\n<p>As principais informa\u00e7\u00f5es sobre o&nbsp;<strong>P\u00e9-de-Meia<\/strong>&nbsp;podem ser acompanhadas nos canais oficiais do governo federal, em especial na p\u00e1gina do MEC, onde o estudante verifica situa\u00e7\u00e3o do benef\u00edcio, cronograma e orienta\u00e7\u00f5es. D\u00favidas sobre renda, composi\u00e7\u00e3o familiar ou Cad\u00danico devem ser tratadas diretamente no&nbsp;<strong>CRAS (Centro de Refer\u00eancia de Assist\u00eancia Social)<\/strong>&nbsp;do munic\u00edpio, enquanto quest\u00f5es de matr\u00edcula, frequ\u00eancia e aprova\u00e7\u00e3o s\u00e3o ajustadas na pr\u00f3pria escola.<\/p>\n\n\n\n<p>Se voc\u00ea se encaixa nos requisitos, n\u00e3o espere: regularize seu Cad\u00danico, confirme a matr\u00edcula e mantenha a frequ\u00eancia para n\u00e3o perder nenhum pagamento. O P\u00e9-de-Meia pode ser o empurr\u00e3o decisivo para voc\u00ea permanecer na escola, concluir o ensino m\u00e9dio e abrir caminho para novas oportunidades de estudo, trabalho e renda nos pr\u00f3ximos anos.<\/p>\n","protected":false},"excerpt":{"rendered":"<p>O programa&nbsp;P\u00e9-de-Meia&nbsp;segue como um dos principais benef\u00edcios sociais voltados \u00e0 educa\u00e7\u00e3o em 2026, garantindo at\u00e9 R$ 400 por estudante do ensino m\u00e9dio p\u00fablico, divididos entre incentivo de matr\u00edcula e incentivo de frequ\u00eancia escolar. A iniciativa busca reduzir a evas\u00e3o, apoiar financeiramente fam\u00edlias de baixa renda inscritas no Cadastro \u00danico e estimular que mais jovens concluam [&hellip;]<\/p>\n","protected":false},"author":13,"featured_media":179497,"comment_status":"open","ping_status":"open","sticky":false,"template":"","format":"standard","meta":{"jnews-multi-image_gallery":[],"jnews_single_post":{"format":"standard"},"jnews_primary_category":[],"jnews_social_meta":[],"jnews_override_counter":[],"footnotes":""},"categories":[28],"tags":[5341,10675,8567],"class_list":["post-179389","post","type-post","status-publish","format-standard","has-post-thumbnail","hentry","category-economia","tag-estudantes","tag-mec","tag-pe-de-meia"],"yoast_head":"<!-- This site is optimized with the Yoast SEO plugin v23.8 - https:\/\/yoast.com\/wordpress\/plugins\/seo\/ -->\n<title>Estudantes do ensino m\u00e9dio p\u00fablico podem receber at\u00e9 R$ 400 do P\u00e9 de Meia em 2026 conforme frequ\u00eancia escolar - Estado de Minas - Em foco<\/title>\n<meta name=\"description\" content=\"Estudantes do ensino m\u00e9dio p\u00fablico podem receber at\u00e9 R$ 400 pelo programa P\u00e9 de Meia em 2026. Veja regras e calend\u00e1rio.\" \/>\n<meta name=\"robots\" content=\"index, follow, max-snippet:-1, max-image-preview:large, max-video-preview:-1\" \/>\n<link rel=\"canonical\" href=\"https:\/\/www.em.com.br\/emfoco\/2026\/03\/11\/estudantes-do-ensino-medio-publico-podem-receber-ate-r-400-do-pe-de-meia-em-2026-conforme-frequencia-escolar\/\" \/>\n<meta property=\"og:locale\" content=\"pt_BR\" \/>\n<meta property=\"og:type\" content=\"article\" \/>\n<meta property=\"og:title\" content=\"Estudantes do ensino m\u00e9dio p\u00fablico podem receber at\u00e9 R$ 400 do P\u00e9 de Meia em 2026 conforme frequ\u00eancia escolar - Estado de Minas - Em foco\" \/>\n<meta property=\"og:description\" content=\"Estudantes do ensino m\u00e9dio p\u00fablico podem receber at\u00e9 R$ 400 pelo programa P\u00e9 de Meia em 2026. Veja regras e calend\u00e1rio.\" \/>\n<meta property=\"og:url\" content=\"https:\/\/www.em.com.br\/emfoco\/2026\/03\/11\/estudantes-do-ensino-medio-publico-podem-receber-ate-r-400-do-pe-de-meia-em-2026-conforme-frequencia-escolar\/\" \/>\n<meta property=\"og:site_name\" content=\"Estado de Minas - Em foco\" \/>\n<meta property=\"article:published_time\" content=\"2026-03-11T17:05:00+00:00\" \/>\n<meta property=\"article:modified_time\" content=\"2026-03-09T20:23:08+00:00\" \/>\n<meta property=\"og:image\" content=\"https:\/\/www.em.com.br\/emfoco\/wp-content\/uploads\/2026\/03\/2-42.jpg\" \/>\n\t<meta property=\"og:image:width\" content=\"1280\" \/>\n\t<meta property=\"og:image:height\" content=\"720\" \/>\n\t<meta property=\"og:image:type\" content=\"image\/jpeg\" \/>\n<meta name=\"author\" content=\"Gabriel Martins\" \/>\n<meta name=\"twitter:card\" content=\"summary_large_image\" \/>\n<meta name=\"twitter:label1\" content=\"Escrito por\" \/>\n\t<meta name=\"twitter:data1\" content=\"Gabriel Martins\" \/>\n\t<meta name=\"twitter:label2\" content=\"Est. tempo de leitura\" \/>\n\t<meta name=\"twitter:data2\" content=\"5 minutos\" \/>\n<!-- \/ Yoast SEO plugin. -->","yoast_head_json":{"title":"Estudantes do ensino m\u00e9dio p\u00fablico podem receber at\u00e9 R$ 400 do P\u00e9 de Meia em 2026 conforme frequ\u00eancia escolar - Estado de Minas - Em foco","description":"Estudantes do ensino m\u00e9dio p\u00fablico podem receber at\u00e9 R$ 400 pelo programa P\u00e9 de Meia em 2026. Veja regras e calend\u00e1rio.","robots":{"index":"index","follow":"follow","max-snippet":"max-snippet:-1","max-image-preview":"max-image-preview:large","max-video-preview":"max-video-preview:-1"},"canonical":"https:\/\/www.em.com.br\/emfoco\/2026\/03\/11\/estudantes-do-ensino-medio-publico-podem-receber-ate-r-400-do-pe-de-meia-em-2026-conforme-frequencia-escolar\/","og_locale":"pt_BR","og_type":"article","og_title":"Estudantes do ensino m\u00e9dio p\u00fablico podem receber at\u00e9 R$ 400 do P\u00e9 de Meia em 2026 conforme frequ\u00eancia escolar - Estado de Minas - Em foco","og_description":"Estudantes do ensino m\u00e9dio p\u00fablico podem receber at\u00e9 R$ 400 pelo programa P\u00e9 de Meia em 2026. Veja regras e calend\u00e1rio.","og_url":"https:\/\/www.em.com.br\/emfoco\/2026\/03\/11\/estudantes-do-ensino-medio-publico-podem-receber-ate-r-400-do-pe-de-meia-em-2026-conforme-frequencia-escolar\/","og_site_name":"Estado de Minas - Em foco","article_published_time":"2026-03-11T17:05:00+00:00","article_modified_time":"2026-03-09T20:23:08+00:00","og_image":[{"width":1280,"height":720,"url":"https:\/\/www.em.com.br\/emfoco\/wp-content\/uploads\/2026\/03\/2-42.jpg","type":"image\/jpeg"}],"author":"Gabriel Martins","twitter_card":"summary_large_image","twitter_misc":{"Escrito por":"Gabriel Martins","Est. tempo de leitura":"5 minutos"},"schema":{"@context":"https:\/\/schema.org","@graph":[{"@type":"WebPage","@id":"https:\/\/www.em.com.br\/emfoco\/2026\/03\/11\/estudantes-do-ensino-medio-publico-podem-receber-ate-r-400-do-pe-de-meia-em-2026-conforme-frequencia-escolar\/","url":"https:\/\/www.em.com.br\/emfoco\/2026\/03\/11\/estudantes-do-ensino-medio-publico-podem-receber-ate-r-400-do-pe-de-meia-em-2026-conforme-frequencia-escolar\/","name":"Estudantes do ensino m\u00e9dio p\u00fablico podem receber at\u00e9 R$ 400 do P\u00e9 de Meia em 2026 conforme frequ\u00eancia escolar - Estado de Minas - Em foco","isPartOf":{"@id":"https:\/\/www.em.com.br\/emfoco\/#website"},"primaryImageOfPage":{"@id":"https:\/\/www.em.com.br\/emfoco\/2026\/03\/11\/estudantes-do-ensino-medio-publico-podem-receber-ate-r-400-do-pe-de-meia-em-2026-conforme-frequencia-escolar\/#primaryimage"},"image":{"@id":"https:\/\/www.em.com.br\/emfoco\/2026\/03\/11\/estudantes-do-ensino-medio-publico-podem-receber-ate-r-400-do-pe-de-meia-em-2026-conforme-frequencia-escolar\/#primaryimage"},"thumbnailUrl":"https:\/\/www.em.com.br\/emfoco\/wp-content\/uploads\/2026\/03\/2-42.jpg","datePublished":"2026-03-11T17:05:00+00:00","dateModified":"2026-03-09T20:23:08+00:00","author":{"@id":"https:\/\/www.em.com.br\/emfoco\/#\/schema\/person\/1c9ddeab18b98abeffef834667bcf08a"},"description":"Estudantes do ensino m\u00e9dio p\u00fablico podem receber at\u00e9 R$ 400 pelo programa P\u00e9 de Meia em 2026. Veja regras e calend\u00e1rio.","breadcrumb":{"@id":"https:\/\/www.em.com.br\/emfoco\/2026\/03\/11\/estudantes-do-ensino-medio-publico-podem-receber-ate-r-400-do-pe-de-meia-em-2026-conforme-frequencia-escolar\/#breadcrumb"},"inLanguage":"pt-BR","potentialAction":[{"@type":"ReadAction","target":["https:\/\/www.em.com.br\/emfoco\/2026\/03\/11\/estudantes-do-ensino-medio-publico-podem-receber-ate-r-400-do-pe-de-meia-em-2026-conforme-frequencia-escolar\/"]}]},{"@type":"ImageObject","inLanguage":"pt-BR","@id":"https:\/\/www.em.com.br\/emfoco\/2026\/03\/11\/estudantes-do-ensino-medio-publico-podem-receber-ate-r-400-do-pe-de-meia-em-2026-conforme-frequencia-escolar\/#primaryimage","url":"https:\/\/www.em.com.br\/emfoco\/wp-content\/uploads\/2026\/03\/2-42.jpg","contentUrl":"https:\/\/www.em.com.br\/emfoco\/wp-content\/uploads\/2026\/03\/2-42.jpg","width":1280,"height":720,"caption":"Incentivo financeiro para estudantes busca reduzir a evas\u00e3o no ensino m\u00e9dio p\u00fablico"},{"@type":"BreadcrumbList","@id":"https:\/\/www.em.com.br\/emfoco\/2026\/03\/11\/estudantes-do-ensino-medio-publico-podem-receber-ate-r-400-do-pe-de-meia-em-2026-conforme-frequencia-escolar\/#breadcrumb","itemListElement":[{"@type":"ListItem","position":1,"name":"In\u00edcio","item":"https:\/\/www.em.com.br\/emfoco\/"},{"@type":"ListItem","position":2,"name":"Estudantes do ensino m\u00e9dio p\u00fablico podem receber at\u00e9 R$ 400 do P\u00e9 de Meia em 2026 conforme frequ\u00eancia escolar"}]},{"@type":"WebSite","@id":"https:\/\/www.em.com.br\/emfoco\/#website","url":"https:\/\/www.em.com.br\/emfoco\/","name":"Estado de Minas - Em foco","description":"Acompanhe as \u00faltimas not\u00edcias e fique bem informado sobre tudo o que acontece em Minas Gerais, Brasil e no mundo.","potentialAction":[{"@type":"SearchAction","target":{"@type":"EntryPoint","urlTemplate":"https:\/\/www.em.com.br\/emfoco\/?s={search_term_string}"},"query-input":{"@type":"PropertyValueSpecification","valueRequired":true,"valueName":"search_term_string"}}],"inLanguage":"pt-BR"},{"@type":"Person","@id":"https:\/\/www.em.com.br\/emfoco\/#\/schema\/person\/1c9ddeab18b98abeffef834667bcf08a","name":"Gabriel Martins","image":{"@type":"ImageObject","inLanguage":"pt-BR","@id":"https:\/\/www.em.com.br\/emfoco\/#\/schema\/person\/image\/","url":"https:\/\/secure.gravatar.com\/avatar\/f0f1e2efdfd88f1ad2cb08c5c2731e50?s=96&d=mm&r=g","contentUrl":"https:\/\/secure.gravatar.com\/avatar\/f0f1e2efdfd88f1ad2cb08c5c2731e50?s=96&d=mm&r=g","caption":"Gabriel Martins"},"sameAs":["https:\/\/www.em.com.br\/emfoco\/"],"url":"https:\/\/www.em.com.br\/emfoco\/author\/gabrielmartinsmyth\/"}]}},"_links":{"self":[{"href":"https:\/\/www.em.com.br\/emfoco\/wp-json\/wp\/v2\/posts\/179389","targetHints":{"allow":["GET"]}}],"collection":[{"href":"https:\/\/www.em.com.br\/emfoco\/wp-json\/wp\/v2\/posts"}],"about":[{"href":"https:\/\/www.em.com.br\/emfoco\/wp-json\/wp\/v2\/types\/post"}],"author":[{"embeddable":true,"href":"https:\/\/www.em.com.br\/emfoco\/wp-json\/wp\/v2\/users\/13"}],"replies":[{"embeddable":true,"href":"https:\/\/www.em.com.br\/emfoco\/wp-json\/wp\/v2\/comments?post=179389"}],"version-history":[{"count":1,"href":"https:\/\/www.em.com.br\/emfoco\/wp-json\/wp\/v2\/posts\/179389\/revisions"}],"predecessor-version":[{"id":179511,"href":"https:\/\/www.em.com.br\/emfoco\/wp-json\/wp\/v2\/posts\/179389\/revisions\/179511"}],"wp:featuredmedia":[{"embeddable":true,"href":"https:\/\/www.em.com.br\/emfoco\/wp-json\/wp\/v2\/media\/179497"}],"wp:attachment":[{"href":"https:\/\/www.em.com.br\/emfoco\/wp-json\/wp\/v2\/media?parent=179389"}],"wp:term":[{"taxonomy":"category","embeddable":true,"href":"https:\/\/www.em.com.br\/emfoco\/wp-json\/wp\/v2\/categories?post=179389"},{"taxonomy":"post_tag","embeddable":true,"href":"https:\/\/www.em.com.br\/emfoco\/wp-json\/wp\/v2\/tags?post=179389"}],"curies":[{"name":"wp","href":"https:\/\/api.w.org\/{rel}","templated":true}]}}