{"id":179387,"date":"2026-03-11T11:55:00","date_gmt":"2026-03-11T14:55:00","guid":{"rendered":"https:\/\/www.em.com.br\/emfoco\/?p=179387"},"modified":"2026-03-09T17:21:49","modified_gmt":"2026-03-09T20:21:49","slug":"mudancas-no-saque-aniversario-do-fgts-em-2026-exigem-mais-planejamento-dos-trabalhadores-antes-de-aderir-a-modalidade","status":"publish","type":"post","link":"https:\/\/www.em.com.br\/emfoco\/2026\/03\/11\/mudancas-no-saque-aniversario-do-fgts-em-2026-exigem-mais-planejamento-dos-trabalhadores-antes-de-aderir-a-modalidade\/","title":{"rendered":"Mudan\u00e7as no saque anivers\u00e1rio do FGTS em 2026 exigem mais planejamento dos trabalhadores antes de aderir \u00e0 modalidade"},"content":{"rendered":"\n<p>As mudan\u00e7as no saque-anivers\u00e1rio do FGTS em 2026 colocaram esse tipo de retirada no centro das decis\u00f5es financeiras de muitos trabalhadores e, com regras mais r\u00edgidas e maior transpar\u00eancia, a escolha da modalidade passou a exigir planejamento real, vis\u00e3o de carreira e cuidado extra com o risco de demiss\u00e3o e a necessidade de liquidez.<\/p>\n\n\n\n<h2 class=\"wp-block-heading\">Quais s\u00e3o as principais mudan\u00e7as do saque-anivers\u00e1rio do FGTS em 2026?<\/h2>\n\n\n\n<p>Em 2026, o saque-anivers\u00e1rio segue permitindo retiradas anuais no m\u00eas de nascimento, mas com foco maior em regras claras, prazos e impactos em caso de demiss\u00e3o. O acesso ao saldo tornou-se mais condicionado, sobretudo para quem usa a antecipa\u00e7\u00e3o como forma de cr\u00e9dito atrelado ao <strong><a href=\"https:\/\/www.em.com.br\/emfoco\/2026\/03\/09\/saque-aniversario-do-fgts-em-2026-veja-como-funciona-e-quando-o-dinheiro-pode-ser-liberado\/\" target=\"_blank\" rel=\"noreferrer noopener\">FGTS<\/a><\/strong>.<\/p>\n\n\n\n<p>Ao optar pelo saque-anivers\u00e1rio, o trabalhador continua recebendo a multa de 40% na demiss\u00e3o sem justa causa, por\u00e9m perde o direito ao saque imediato de todo o saldo. Esse valor permanece retido e s\u00f3 \u00e9 liberado nas datas anuais de saque, o que vem sendo refor\u00e7ado em campanhas oficiais para evitar surpresas em desligamentos.<\/p>\n\n\n\n<figure class=\"wp-block-image size-large\"><img loading=\"lazy\" decoding=\"async\" width=\"1024\" height=\"576\" src=\"https:\/\/www.em.com.br\/emfoco\/wp-content\/uploads\/2026\/03\/6-31-1024x576.jpg\" alt=\"Mudan\u00e7as no saque anivers\u00e1rio do FGTS em 2026 exigem mais planejamento dos trabalhadores antes de aderir \u00e0 modalidade\" class=\"wp-image-179501\" srcset=\"https:\/\/www.em.com.br\/emfoco\/wp-content\/uploads\/2026\/03\/6-31-1024x576.jpg 1024w, https:\/\/www.em.com.br\/emfoco\/wp-content\/uploads\/2026\/03\/6-31-300x169.jpg 300w, https:\/\/www.em.com.br\/emfoco\/wp-content\/uploads\/2026\/03\/6-31-768x432.jpg 768w, https:\/\/www.em.com.br\/emfoco\/wp-content\/uploads\/2026\/03\/6-31-750x422.jpg 750w, https:\/\/www.em.com.br\/emfoco\/wp-content\/uploads\/2026\/03\/6-31-1140x641.jpg 1140w, https:\/\/www.em.com.br\/emfoco\/wp-content\/uploads\/2026\/03\/6-31.jpg 1280w\" sizes=\"auto, (max-width: 1024px) 100vw, 1024px\" \/><figcaption class=\"wp-element-caption\">Novas regras de transpar\u00eancia fortalecem o controle do trabalhador sobre seu saldo<\/figcaption><\/figure>\n\n\n\n<h2 class=\"wp-block-heading\">Como o saque-anivers\u00e1rio do FGTS funciona em 2026 na pr\u00e1tica?<\/h2>\n\n\n\n<p>O funcionamento b\u00e1sico continua: o trabalhador escolhe a modalidade e passa a sacar, uma vez por ano, uma parte do saldo do FGTS, seguindo faixas percentuais definidas em tabela oficial. Quanto maior o saldo, menor o percentual liberado, com possibilidade de acr\u00e9scimos fixos em algumas faixas.<\/p>\n\n\n\n<p>A antecipa\u00e7\u00e3o do saque-anivers\u00e1rio, oferecida por bancos e financeiras, exige ainda mais aten\u00e7\u00e3o. Trata-se de um cr\u00e9dito em que o valor futuro do saque \u00e9 trazido para o presente, com o saldo do FGTS como garantia, e enquanto houver parcelas em aberto o saque integral permanece bloqueado em caso de demiss\u00e3o.<\/p>\n\n\n\n<h2 class=\"wp-block-heading\">Quais cuidados tomar antes de aderir ao saque-anivers\u00e1rio do FGTS?<\/h2>\n\n\n\n<p>A decis\u00e3o sobre aderir ou n\u00e3o ao saque-anivers\u00e1rio depende diretamente da situa\u00e7\u00e3o profissional e da sa\u00fade financeira de cada pessoa. Em contextos de alta rotatividade ou inseguran\u00e7a no emprego, abrir m\u00e3o do saque integral pode comprometer a forma\u00e7\u00e3o de reserva de emerg\u00eancia em um momento cr\u00edtico.<\/p>\n\n\n\n<p>Para evitar decis\u00f5es por impulso, \u00e9 essencial comparar alternativas e entender o efeito dessa escolha nos pr\u00f3ximos anos. Alguns cuidados pr\u00e1ticos ajudam a tornar o uso do FGTS mais estrat\u00e9gico:<\/p>\n\n\n\n<ul class=\"wp-block-list\">\n<li><strong>Comparar custos:<\/strong>\u00a0avalie o custo efetivo total das antecipa\u00e7\u00f5es oferecidas por diferentes institui\u00e7\u00f5es.<\/li>\n\n\n\n<li><strong>Projetar a carreira:<\/strong>\u00a0reflita sobre risco de demiss\u00e3o, troca de emprego e planos de m\u00e9dio prazo.<\/li>\n\n\n\n<li><strong>Evitar concentra\u00e7\u00e3o:<\/strong>\u00a0n\u00e3o dependa apenas do FGTS como reserva; busque poupan\u00e7a e investimentos adicionais.<\/li>\n\n\n\n<li><strong>Ler contratos:<\/strong>\u00a0confira com aten\u00e7\u00e3o juros, prazos, garantias e condi\u00e7\u00f5es de quita\u00e7\u00e3o antecipada.<\/li>\n<\/ul>\n\n\n\n<p>Confira o v\u00eddeo compartilhado pelo canal do YouTube <strong><a href=\"https:\/\/www.youtube.com\/@alexandredebarrosrodrigues\">Alexandre de Barros <\/a><a href=\"https:\/\/www.youtube.com\/@alexandredebarrosrodrigues\" target=\"_blank\" rel=\"noreferrer noopener\">R<\/a><a href=\"https:\/\/www.youtube.com\/@alexandredebarrosrodrigues\">odrigues | Tax e Corporate<\/a><\/strong> falando sobre as mudan\u00e7as do saque-anivers\u00e1rio do FGTS em 2026.<\/p>\n\n\n\n<figure class=\"wp-block-embed is-type-video is-provider-youtube wp-block-embed-youtube wp-embed-aspect-16-9 wp-has-aspect-ratio\"><div class=\"wp-block-embed__wrapper\">\n<div class=\"jeg_video_container jeg_video_content\"><iframe loading=\"lazy\" title=\"SAQUE-ANIVERS\u00c1RIO DO FGTS 2026: MUDOU TUDO! Novas regras, calend\u00e1rio e empr\u00e9stimo. Vale a pena?\" width=\"500\" height=\"281\" src=\"https:\/\/www.youtube.com\/embed\/xsYlxl3Z8yo?feature=oembed\" frameborder=\"0\" allow=\"accelerometer; autoplay; clipboard-write; encrypted-media; gyroscope; picture-in-picture; web-share\" referrerpolicy=\"strict-origin-when-cross-origin\" allowfullscreen><\/iframe><\/div>\n<\/div><\/figure>\n\n\n\n<h2 class=\"wp-block-heading\">Como aderir ao saque-anivers\u00e1rio e voltar ao saque-rescis\u00e3o?<\/h2>\n\n\n\n<p>A ades\u00e3o ao saque-anivers\u00e1rio em 2026 \u00e9 feita principalmente por canais digitais, como o aplicativo FGTS e o site da Caixa Econ\u00f4mica Federal. Neles, o trabalhador consulta saldos, verifica dep\u00f3sitos do empregador e registra a op\u00e7\u00e3o de saque desejada, com efeitos para os pr\u00f3ximos per\u00edodos de anivers\u00e1rio.<\/p>\n\n\n\n<p>O fluxo costuma envolver o acesso ao app ou portal, leitura das regras, confirma\u00e7\u00e3o da escolha e registro no sistema. Para retornar ao saque-rescis\u00e3o tradicional, \u00e9 preciso cumprir um per\u00edodo de car\u00eancia de 24 meses, durante o qual continuam valendo todas as limita\u00e7\u00f5es do saque-anivers\u00e1rio.<\/p>\n\n\n\n<h2 class=\"wp-block-heading\">Qual a melhor escolha e por que decidir agora sobre o saque-anivers\u00e1rio?<\/h2>\n\n\n\n<p>Escolher entre saque-anivers\u00e1rio e saque-rescis\u00e3o impacta diretamente sua seguran\u00e7a financeira em caso de demiss\u00e3o e sua capacidade de organizar o or\u00e7amento ao longo do ano. Em 2026, com regras mais rigorosas e cr\u00e9dito atrelado ao FGTS cada vez mais comum, adiar essa decis\u00e3o pode significar perder flexibilidade quando voc\u00ea mais precisar de dinheiro.<\/p>\n\n\n\n<p>Analise sua estabilidade no trabalho, suas d\u00edvidas e objetivos para os pr\u00f3ximos anos e defina a modalidade ainda hoje, antes de enfrentar um imprevisto. Se necess\u00e1rio, converse com um especialista financeiro ou com o pr\u00f3prio banco para tirar d\u00favidas e ajuste sua escolha agora, enquanto ainda h\u00e1 tempo para proteger o seu futuro.<\/p>\n","protected":false},"excerpt":{"rendered":"<p>As mudan\u00e7as no saque-anivers\u00e1rio do FGTS em 2026 colocaram esse tipo de retirada no centro das decis\u00f5es financeiras de muitos trabalhadores e, com regras mais r\u00edgidas e maior transpar\u00eancia, a escolha da modalidade passou a exigir planejamento real, vis\u00e3o de carreira e cuidado extra com o risco de demiss\u00e3o e a necessidade de liquidez. Quais [&hellip;]<\/p>\n","protected":false},"author":13,"featured_media":179502,"comment_status":"open","ping_status":"open","sticky":false,"template":"","format":"standard","meta":{"jnews-multi-image_gallery":[],"jnews_single_post":{"format":"standard"},"jnews_primary_category":[],"jnews_social_meta":[],"jnews_override_counter":[],"footnotes":""},"categories":[28],"tags":[1036,25924,1038],"class_list":["post-179387","post","type-post","status-publish","format-standard","has-post-thumbnail","hentry","category-economia","tag-fgts","tag-mudancas-no-fgts","tag-saque-aniversario"],"yoast_head":"<!-- This site is optimized with the Yoast SEO plugin v23.8 - https:\/\/yoast.com\/wordpress\/plugins\/seo\/ -->\n<title>Mudan\u00e7as no saque anivers\u00e1rio do FGTS em 2026 exigem mais planejamento dos trabalhadores antes de aderir \u00e0 modalidade - Estado de Minas - Em foco<\/title>\n<meta name=\"description\" content=\"Mudan\u00e7as no saque anivers\u00e1rio do FGTS em 2026 exigem mais planejamento dos trabalhadores. Veja regras e impactos.\" \/>\n<meta name=\"robots\" content=\"index, follow, max-snippet:-1, max-image-preview:large, max-video-preview:-1\" \/>\n<link rel=\"canonical\" href=\"https:\/\/www.em.com.br\/emfoco\/2026\/03\/11\/mudancas-no-saque-aniversario-do-fgts-em-2026-exigem-mais-planejamento-dos-trabalhadores-antes-de-aderir-a-modalidade\/\" \/>\n<meta property=\"og:locale\" content=\"pt_BR\" \/>\n<meta property=\"og:type\" content=\"article\" \/>\n<meta property=\"og:title\" content=\"Mudan\u00e7as no saque anivers\u00e1rio do FGTS em 2026 exigem mais planejamento dos trabalhadores antes de aderir \u00e0 modalidade - Estado de Minas - Em foco\" \/>\n<meta property=\"og:description\" content=\"Mudan\u00e7as no saque anivers\u00e1rio do FGTS em 2026 exigem mais planejamento dos trabalhadores. Veja regras e impactos.\" \/>\n<meta property=\"og:url\" content=\"https:\/\/www.em.com.br\/emfoco\/2026\/03\/11\/mudancas-no-saque-aniversario-do-fgts-em-2026-exigem-mais-planejamento-dos-trabalhadores-antes-de-aderir-a-modalidade\/\" \/>\n<meta property=\"og:site_name\" content=\"Estado de Minas - Em foco\" \/>\n<meta property=\"article:published_time\" content=\"2026-03-11T14:55:00+00:00\" \/>\n<meta property=\"article:modified_time\" content=\"2026-03-09T20:21:49+00:00\" \/>\n<meta property=\"og:image\" content=\"https:\/\/www.em.com.br\/emfoco\/wp-content\/uploads\/2026\/03\/7-23.jpg\" \/>\n\t<meta property=\"og:image:width\" content=\"1280\" \/>\n\t<meta property=\"og:image:height\" content=\"720\" \/>\n\t<meta property=\"og:image:type\" content=\"image\/jpeg\" \/>\n<meta name=\"author\" content=\"Gabriel Martins\" \/>\n<meta name=\"twitter:card\" content=\"summary_large_image\" \/>\n<meta name=\"twitter:label1\" content=\"Escrito por\" \/>\n\t<meta name=\"twitter:data1\" content=\"Gabriel Martins\" \/>\n\t<meta name=\"twitter:label2\" content=\"Est. tempo de leitura\" \/>\n\t<meta name=\"twitter:data2\" content=\"5 minutos\" \/>\n<!-- \/ Yoast SEO plugin. -->","yoast_head_json":{"title":"Mudan\u00e7as no saque anivers\u00e1rio do FGTS em 2026 exigem mais planejamento dos trabalhadores antes de aderir \u00e0 modalidade - Estado de Minas - Em foco","description":"Mudan\u00e7as no saque anivers\u00e1rio do FGTS em 2026 exigem mais planejamento dos trabalhadores. Veja regras e impactos.","robots":{"index":"index","follow":"follow","max-snippet":"max-snippet:-1","max-image-preview":"max-image-preview:large","max-video-preview":"max-video-preview:-1"},"canonical":"https:\/\/www.em.com.br\/emfoco\/2026\/03\/11\/mudancas-no-saque-aniversario-do-fgts-em-2026-exigem-mais-planejamento-dos-trabalhadores-antes-de-aderir-a-modalidade\/","og_locale":"pt_BR","og_type":"article","og_title":"Mudan\u00e7as no saque anivers\u00e1rio do FGTS em 2026 exigem mais planejamento dos trabalhadores antes de aderir \u00e0 modalidade - Estado de Minas - Em foco","og_description":"Mudan\u00e7as no saque anivers\u00e1rio do FGTS em 2026 exigem mais planejamento dos trabalhadores. Veja regras e impactos.","og_url":"https:\/\/www.em.com.br\/emfoco\/2026\/03\/11\/mudancas-no-saque-aniversario-do-fgts-em-2026-exigem-mais-planejamento-dos-trabalhadores-antes-de-aderir-a-modalidade\/","og_site_name":"Estado de Minas - Em foco","article_published_time":"2026-03-11T14:55:00+00:00","article_modified_time":"2026-03-09T20:21:49+00:00","og_image":[{"width":1280,"height":720,"url":"https:\/\/www.em.com.br\/emfoco\/wp-content\/uploads\/2026\/03\/7-23.jpg","type":"image\/jpeg"}],"author":"Gabriel Martins","twitter_card":"summary_large_image","twitter_misc":{"Escrito por":"Gabriel Martins","Est. tempo de leitura":"5 minutos"},"schema":{"@context":"https:\/\/schema.org","@graph":[{"@type":"WebPage","@id":"https:\/\/www.em.com.br\/emfoco\/2026\/03\/11\/mudancas-no-saque-aniversario-do-fgts-em-2026-exigem-mais-planejamento-dos-trabalhadores-antes-de-aderir-a-modalidade\/","url":"https:\/\/www.em.com.br\/emfoco\/2026\/03\/11\/mudancas-no-saque-aniversario-do-fgts-em-2026-exigem-mais-planejamento-dos-trabalhadores-antes-de-aderir-a-modalidade\/","name":"Mudan\u00e7as no saque anivers\u00e1rio do FGTS em 2026 exigem mais planejamento dos trabalhadores antes de aderir \u00e0 modalidade - Estado de Minas - Em foco","isPartOf":{"@id":"https:\/\/www.em.com.br\/emfoco\/#website"},"primaryImageOfPage":{"@id":"https:\/\/www.em.com.br\/emfoco\/2026\/03\/11\/mudancas-no-saque-aniversario-do-fgts-em-2026-exigem-mais-planejamento-dos-trabalhadores-antes-de-aderir-a-modalidade\/#primaryimage"},"image":{"@id":"https:\/\/www.em.com.br\/emfoco\/2026\/03\/11\/mudancas-no-saque-aniversario-do-fgts-em-2026-exigem-mais-planejamento-dos-trabalhadores-antes-de-aderir-a-modalidade\/#primaryimage"},"thumbnailUrl":"https:\/\/www.em.com.br\/emfoco\/wp-content\/uploads\/2026\/03\/7-23.jpg","datePublished":"2026-03-11T14:55:00+00:00","dateModified":"2026-03-09T20:21:49+00:00","author":{"@id":"https:\/\/www.em.com.br\/emfoco\/#\/schema\/person\/1c9ddeab18b98abeffef834667bcf08a"},"description":"Mudan\u00e7as no saque anivers\u00e1rio do FGTS em 2026 exigem mais planejamento dos trabalhadores. Veja regras e impactos.","breadcrumb":{"@id":"https:\/\/www.em.com.br\/emfoco\/2026\/03\/11\/mudancas-no-saque-aniversario-do-fgts-em-2026-exigem-mais-planejamento-dos-trabalhadores-antes-de-aderir-a-modalidade\/#breadcrumb"},"inLanguage":"pt-BR","potentialAction":[{"@type":"ReadAction","target":["https:\/\/www.em.com.br\/emfoco\/2026\/03\/11\/mudancas-no-saque-aniversario-do-fgts-em-2026-exigem-mais-planejamento-dos-trabalhadores-antes-de-aderir-a-modalidade\/"]}]},{"@type":"ImageObject","inLanguage":"pt-BR","@id":"https:\/\/www.em.com.br\/emfoco\/2026\/03\/11\/mudancas-no-saque-aniversario-do-fgts-em-2026-exigem-mais-planejamento-dos-trabalhadores-antes-de-aderir-a-modalidade\/#primaryimage","url":"https:\/\/www.em.com.br\/emfoco\/wp-content\/uploads\/2026\/03\/7-23.jpg","contentUrl":"https:\/\/www.em.com.br\/emfoco\/wp-content\/uploads\/2026\/03\/7-23.jpg","width":1280,"height":720,"caption":"Escolha pela modalidade de saque anual exige vis\u00e3o estrat\u00e9gica da carreira profissional"},{"@type":"BreadcrumbList","@id":"https:\/\/www.em.com.br\/emfoco\/2026\/03\/11\/mudancas-no-saque-aniversario-do-fgts-em-2026-exigem-mais-planejamento-dos-trabalhadores-antes-de-aderir-a-modalidade\/#breadcrumb","itemListElement":[{"@type":"ListItem","position":1,"name":"In\u00edcio","item":"https:\/\/www.em.com.br\/emfoco\/"},{"@type":"ListItem","position":2,"name":"Mudan\u00e7as no saque anivers\u00e1rio do FGTS em 2026 exigem mais planejamento dos trabalhadores antes de aderir \u00e0 modalidade"}]},{"@type":"WebSite","@id":"https:\/\/www.em.com.br\/emfoco\/#website","url":"https:\/\/www.em.com.br\/emfoco\/","name":"Estado de Minas - Em foco","description":"Acompanhe as \u00faltimas not\u00edcias e fique bem informado sobre tudo o que acontece em Minas Gerais, Brasil e no mundo.","potentialAction":[{"@type":"SearchAction","target":{"@type":"EntryPoint","urlTemplate":"https:\/\/www.em.com.br\/emfoco\/?s={search_term_string}"},"query-input":{"@type":"PropertyValueSpecification","valueRequired":true,"valueName":"search_term_string"}}],"inLanguage":"pt-BR"},{"@type":"Person","@id":"https:\/\/www.em.com.br\/emfoco\/#\/schema\/person\/1c9ddeab18b98abeffef834667bcf08a","name":"Gabriel Martins","image":{"@type":"ImageObject","inLanguage":"pt-BR","@id":"https:\/\/www.em.com.br\/emfoco\/#\/schema\/person\/image\/","url":"https:\/\/secure.gravatar.com\/avatar\/f0f1e2efdfd88f1ad2cb08c5c2731e50?s=96&d=mm&r=g","contentUrl":"https:\/\/secure.gravatar.com\/avatar\/f0f1e2efdfd88f1ad2cb08c5c2731e50?s=96&d=mm&r=g","caption":"Gabriel Martins"},"sameAs":["https:\/\/www.em.com.br\/emfoco\/"],"url":"https:\/\/www.em.com.br\/emfoco\/author\/gabrielmartinsmyth\/"}]}},"_links":{"self":[{"href":"https:\/\/www.em.com.br\/emfoco\/wp-json\/wp\/v2\/posts\/179387","targetHints":{"allow":["GET"]}}],"collection":[{"href":"https:\/\/www.em.com.br\/emfoco\/wp-json\/wp\/v2\/posts"}],"about":[{"href":"https:\/\/www.em.com.br\/emfoco\/wp-json\/wp\/v2\/types\/post"}],"author":[{"embeddable":true,"href":"https:\/\/www.em.com.br\/emfoco\/wp-json\/wp\/v2\/users\/13"}],"replies":[{"embeddable":true,"href":"https:\/\/www.em.com.br\/emfoco\/wp-json\/wp\/v2\/comments?post=179387"}],"version-history":[{"count":1,"href":"https:\/\/www.em.com.br\/emfoco\/wp-json\/wp\/v2\/posts\/179387\/revisions"}],"predecessor-version":[{"id":179509,"href":"https:\/\/www.em.com.br\/emfoco\/wp-json\/wp\/v2\/posts\/179387\/revisions\/179509"}],"wp:featuredmedia":[{"embeddable":true,"href":"https:\/\/www.em.com.br\/emfoco\/wp-json\/wp\/v2\/media\/179502"}],"wp:attachment":[{"href":"https:\/\/www.em.com.br\/emfoco\/wp-json\/wp\/v2\/media?parent=179387"}],"wp:term":[{"taxonomy":"category","embeddable":true,"href":"https:\/\/www.em.com.br\/emfoco\/wp-json\/wp\/v2\/categories?post=179387"},{"taxonomy":"post_tag","embeddable":true,"href":"https:\/\/www.em.com.br\/emfoco\/wp-json\/wp\/v2\/tags?post=179387"}],"curies":[{"name":"wp","href":"https:\/\/api.w.org\/{rel}","templated":true}]}}