{"id":179386,"date":"2026-03-11T10:15:00","date_gmt":"2026-03-11T13:15:00","guid":{"rendered":"https:\/\/www.em.com.br\/emfoco\/?p=179386"},"modified":"2026-03-09T17:21:11","modified_gmt":"2026-03-09T20:21:11","slug":"imposto-de-renda-2026-veja-quem-esta-obrigado-a-declarar-e-quem-pode-ficar-dispensado-pela-receita-federal","status":"publish","type":"post","link":"https:\/\/www.em.com.br\/emfoco\/2026\/03\/11\/imposto-de-renda-2026-veja-quem-esta-obrigado-a-declarar-e-quem-pode-ficar-dispensado-pela-receita-federal\/","title":{"rendered":"Imposto de Renda 2026: veja quem est\u00e1 obrigado a declarar e quem pode ficar dispensado pela Receita Federal"},"content":{"rendered":"\n<p>Com o prazo do <strong>Imposto de Renda 2026<\/strong> se aproximando, muita gente ainda se pergunta se realmente precisa enviar a declara\u00e7\u00e3o \u00e0 Receita Federal. A resposta n\u00e3o depende s\u00f3 do sal\u00e1rio mensal, mas de um conjunto de crit\u00e9rios analisados ao longo de todo o ano-base de 2025, como renda total, patrim\u00f4nio e opera\u00e7\u00f5es financeiras.<\/p>\n\n\n\n<h2 class=\"wp-block-heading\">Quem n\u00e3o precisa declarar o Imposto de Renda 2026<\/h2>\n\n\n\n<p>De forma geral, fica dispensada da declara\u00e7\u00e3o a pessoa f\u00edsica que permaneceu abaixo dos limites fixados pela <strong><a href=\"https:\/\/www.em.com.br\/emfoco\/2026\/03\/09\/governo-federal-faz-alerta-urgente-sobre-nova-fraude-contra-segurados-do-inss\/\" target=\"_blank\" rel=\"noreferrer noopener\">Receita Federal<\/a><\/strong> em rela\u00e7\u00e3o a rendimentos, bens e opera\u00e7\u00f5es financeiras. Mesmo assim, a dispensa nunca \u00e9 autom\u00e1tica: cada caso deve ser analisado \u00e0 luz das regras oficiais do ano-base.<\/p>\n\n\n\n<p>Entre os perfis que costumam estar fora da obrigatoriedade no Imposto de Renda 2026, \u00e9 poss\u00edvel destacar situa\u00e7\u00f5es em que os ganhos s\u00e3o baixos, o patrim\u00f4nio \u00e9 reduzido e n\u00e3o h\u00e1 transa\u00e7\u00f5es complexas. Ainda assim, \u00e9 importante confirmar anualmente os limites vigentes antes de concluir que n\u00e3o precisa declarar.<\/p>\n\n\n\n<figure class=\"wp-block-image size-large\"><img loading=\"lazy\" decoding=\"async\" width=\"1024\" height=\"576\" src=\"https:\/\/www.em.com.br\/emfoco\/wp-content\/uploads\/2026\/03\/8-23-1024x576.jpg\" alt=\"Imposto de Renda 2026: veja quem est\u00e1 obrigado a declarar e quem pode ficar dispensado pela Receita Federal\" class=\"wp-image-179503\" srcset=\"https:\/\/www.em.com.br\/emfoco\/wp-content\/uploads\/2026\/03\/8-23-1024x576.jpg 1024w, https:\/\/www.em.com.br\/emfoco\/wp-content\/uploads\/2026\/03\/8-23-300x169.jpg 300w, https:\/\/www.em.com.br\/emfoco\/wp-content\/uploads\/2026\/03\/8-23-768x432.jpg 768w, https:\/\/www.em.com.br\/emfoco\/wp-content\/uploads\/2026\/03\/8-23-750x422.jpg 750w, https:\/\/www.em.com.br\/emfoco\/wp-content\/uploads\/2026\/03\/8-23-1140x641.jpg 1140w, https:\/\/www.em.com.br\/emfoco\/wp-content\/uploads\/2026\/03\/8-23.jpg 1280w\" sizes=\"auto, (max-width: 1024px) 100vw, 1024px\" \/><figcaption class=\"wp-element-caption\">Dispensa da entrega ocorre apenas para cidad\u00e3os com ganhos anuais reduzidos<\/figcaption><\/figure>\n\n\n\n<h2 class=\"wp-block-heading\">Quais situa\u00e7\u00f5es obrigam a declarar o Imposto de Renda 2026<\/h2>\n\n\n\n<p>Para saber quem \u00e9 obrigado a declarar, \u00e9 preciso observar crit\u00e9rios de renda, patrim\u00f4nio e opera\u00e7\u00f5es financeiras definidos pela Receita Federal. Basta se enquadrar em uma \u00fanica condi\u00e7\u00e3o para que a entrega da declara\u00e7\u00e3o se torne obrigat\u00f3ria, mesmo que o resultado final seja imposto zero ou restitui\u00e7\u00e3o.<\/p>\n\n\n\n<p>As situa\u00e7\u00f5es mais comuns que levam \u00e0 obrigatoriedade costumam envolver ganhos elevados, movimenta\u00e7\u00f5es de bens e investimentos relevantes, que precisam ser informados para manter a regularidade fiscal do contribuinte.<\/p>\n\n\n\n<ul class=\"wp-block-list\">\n<li>Rendimentos tribut\u00e1veis acima do limite anual estabelecido;<\/li>\n\n\n\n<li>Rendimentos isentos ou tributados exclusivamente na fonte acima do teto;<\/li>\n\n\n\n<li>Ganho de capital com venda de bens ou direitos;<\/li>\n\n\n\n<li>Opera\u00e7\u00f5es em bolsa de valores, mercado futuro ou similares;<\/li>\n\n\n\n<li>Posse de bens e direitos que ultrapassem o limite em 31 de dezembro;<\/li>\n\n\n\n<li>Receita significativa com atividade rural ou compensa\u00e7\u00e3o de preju\u00edzos.<\/li>\n<\/ul>\n\n\n\n<h2 class=\"wp-block-heading\">Isen\u00e7\u00e3o de imposto \u00e9 o mesmo que n\u00e3o declarar o Imposto de Renda 2026<\/h2>\n\n\n\n<p>Muitos contribuintes confundem isen\u00e7\u00e3o de imposto com dispensa de declara\u00e7\u00e3o, mas s\u00e3o situa\u00e7\u00f5es diferentes. A pessoa pode estar isenta de pagar por ter renda baixa e, ainda assim, ser obrigada a declarar por causa do patrim\u00f4nio ou de opera\u00e7\u00f5es financeiras realizadas.<\/p>\n\n\n\n<p>\u00c9 comum, por exemplo, ter rendimentos mensais dentro da faixa de isen\u00e7\u00e3o, por\u00e9m possuir im\u00f3veis, aplica\u00e7\u00f5es financeiras ou ter vendido um bem com lucro. Nessas hip\u00f3teses, a Receita Federal pode exigir a entrega da declara\u00e7\u00e3o apenas pelo valor total dos bens ou pelas transa\u00e7\u00f5es efetuadas.<\/p>\n\n\n\n<p>Confira o v\u00eddeo compartilhado pelo canal do YouTube <strong><a href=\"https:\/\/www.youtube.com\/@contabilidadefacilitada\" target=\"_blank\" rel=\"noreferrer noopener\">Contabilidade Facilitada<\/a><\/strong> dando dicas de como se preparar para o Imposto de Renda em 2026.<\/p>\n\n\n\n<figure class=\"wp-block-embed is-type-video is-provider-youtube wp-block-embed-youtube wp-embed-aspect-16-9 wp-has-aspect-ratio\"><div class=\"wp-block-embed__wrapper\">\n<div class=\"jeg_video_container jeg_video_content\"><iframe loading=\"lazy\" title=\"IMPOSTO DE RENDA 2026: QUANDO COME\u00c7A E COMO SE PREPARAR\" width=\"500\" height=\"281\" src=\"https:\/\/www.youtube.com\/embed\/_0JIK184Rn8?feature=oembed\" frameborder=\"0\" allow=\"accelerometer; autoplay; clipboard-write; encrypted-media; gyroscope; picture-in-picture; web-share\" referrerpolicy=\"strict-origin-when-cross-origin\" allowfullscreen><\/iframe><\/div>\n<\/div><\/figure>\n\n\n\n<h2 class=\"wp-block-heading\">Quando \u00e9 vantajoso declarar o Imposto de Renda 2026 mesmo sem obriga\u00e7\u00e3o<\/h2>\n\n\n\n<p>Mesmo quem n\u00e3o \u00e9 obrigado pode se beneficiar ao entregar a declara\u00e7\u00e3o, especialmente para recuperar valores retidos, comprovar renda e organizar o hist\u00f3rico financeiro. Essa pr\u00e1tica ajuda a evitar problemas futuros na hora de buscar cr\u00e9dito ou participar de processos que exigem transpar\u00eancia fiscal.<\/p>\n\n\n\n<p>Nesse contexto, a declara\u00e7\u00e3o do Imposto de Renda 2026 funciona como um registro oficial da sua situa\u00e7\u00e3o econ\u00f4mica, aumentando a seguran\u00e7a em financiamentos, contratos de aluguel e an\u00e1lises por institui\u00e7\u00f5es financeiras.<\/p>\n\n\n\n<h2 class=\"wp-block-heading\">Onde consultar regras do Imposto de Renda 2026 e qual o pr\u00f3ximo passo<\/h2>\n\n\n\n<p>As regras oficiais s\u00e3o divulgadas pela Receita Federal em instru\u00e7\u00f5es normativas e materiais explicativos no portal do \u00f3rg\u00e3o e no sistema Meu Imposto de Renda. Nesses canais, voc\u00ea confere limites de renda, valores de patrim\u00f4nio, prazos e orienta\u00e7\u00f5es de preenchimento, sempre atualizados para o ano-base.<\/p>\n\n\n\n<p>N\u00e3o espere o \u00faltimo momento: compare j\u00e1 sua realidade financeira com esses crit\u00e9rios e descubra se precisa declarar em 2026. Em caso de d\u00favida, busque ajuda especializada ou use os canais oficiais imediatamente para evitar multa, cair na malha fina e perder o prazo da sua declara\u00e7\u00e3o.<\/p>\n","protected":false},"excerpt":{"rendered":"<p>Com o prazo do Imposto de Renda 2026 se aproximando, muita gente ainda se pergunta se realmente precisa enviar a declara\u00e7\u00e3o \u00e0 Receita Federal. A resposta n\u00e3o depende s\u00f3 do sal\u00e1rio mensal, mas de um conjunto de crit\u00e9rios analisados ao longo de todo o ano-base de 2025, como renda total, patrim\u00f4nio e opera\u00e7\u00f5es financeiras. Quem [&hellip;]<\/p>\n","protected":false},"author":13,"featured_media":179504,"comment_status":"open","ping_status":"open","sticky":false,"template":"","format":"standard","meta":{"jnews-multi-image_gallery":[],"jnews_single_post":{"format":"standard"},"jnews_primary_category":[],"jnews_social_meta":[],"jnews_override_counter":[],"footnotes":""},"categories":[28],"tags":[25922,713],"class_list":["post-179386","post","type-post","status-publish","format-standard","has-post-thumbnail","hentry","category-economia","tag-declaracao-do-ir","tag-imposto-de-renda"],"yoast_head":"<!-- This site is optimized with the Yoast SEO plugin v23.8 - https:\/\/yoast.com\/wordpress\/plugins\/seo\/ -->\n<title>Imposto de Renda 2026: veja quem est\u00e1 obrigado a declarar e quem pode ficar dispensado pela Receita Federal - Estado de Minas - Em foco<\/title>\n<meta name=\"description\" content=\"Veja quem precisa declarar o Imposto de Renda 2026 segundo crit\u00e9rios de renda, patrim\u00f4nio e investimentos definidos pela Receita Federal.\" \/>\n<meta name=\"robots\" content=\"index, follow, max-snippet:-1, max-image-preview:large, max-video-preview:-1\" \/>\n<link rel=\"canonical\" href=\"https:\/\/www.em.com.br\/emfoco\/2026\/03\/11\/imposto-de-renda-2026-veja-quem-esta-obrigado-a-declarar-e-quem-pode-ficar-dispensado-pela-receita-federal\/\" \/>\n<meta property=\"og:locale\" content=\"pt_BR\" \/>\n<meta property=\"og:type\" content=\"article\" \/>\n<meta property=\"og:title\" content=\"Imposto de Renda 2026: veja quem est\u00e1 obrigado a declarar e quem pode ficar dispensado pela Receita Federal - Estado de Minas - Em foco\" \/>\n<meta property=\"og:description\" content=\"Veja quem precisa declarar o Imposto de Renda 2026 segundo crit\u00e9rios de renda, patrim\u00f4nio e investimentos definidos pela Receita Federal.\" \/>\n<meta property=\"og:url\" content=\"https:\/\/www.em.com.br\/emfoco\/2026\/03\/11\/imposto-de-renda-2026-veja-quem-esta-obrigado-a-declarar-e-quem-pode-ficar-dispensado-pela-receita-federal\/\" \/>\n<meta property=\"og:site_name\" content=\"Estado de Minas - Em foco\" \/>\n<meta property=\"article:published_time\" content=\"2026-03-11T13:15:00+00:00\" \/>\n<meta property=\"article:modified_time\" content=\"2026-03-09T20:21:11+00:00\" \/>\n<meta property=\"og:image\" content=\"https:\/\/www.em.com.br\/emfoco\/wp-content\/uploads\/2026\/03\/9-22.jpg\" \/>\n\t<meta property=\"og:image:width\" content=\"1280\" \/>\n\t<meta property=\"og:image:height\" content=\"720\" \/>\n\t<meta property=\"og:image:type\" content=\"image\/jpeg\" \/>\n<meta name=\"author\" content=\"Gabriel Martins\" \/>\n<meta name=\"twitter:card\" content=\"summary_large_image\" \/>\n<meta name=\"twitter:label1\" content=\"Escrito por\" \/>\n\t<meta name=\"twitter:data1\" content=\"Gabriel Martins\" \/>\n\t<meta name=\"twitter:label2\" content=\"Est. tempo de leitura\" \/>\n\t<meta name=\"twitter:data2\" content=\"4 minutos\" \/>\n<!-- \/ Yoast SEO plugin. -->","yoast_head_json":{"title":"Imposto de Renda 2026: veja quem est\u00e1 obrigado a declarar e quem pode ficar dispensado pela Receita Federal - Estado de Minas - Em foco","description":"Veja quem precisa declarar o Imposto de Renda 2026 segundo crit\u00e9rios de renda, patrim\u00f4nio e investimentos definidos pela Receita Federal.","robots":{"index":"index","follow":"follow","max-snippet":"max-snippet:-1","max-image-preview":"max-image-preview:large","max-video-preview":"max-video-preview:-1"},"canonical":"https:\/\/www.em.com.br\/emfoco\/2026\/03\/11\/imposto-de-renda-2026-veja-quem-esta-obrigado-a-declarar-e-quem-pode-ficar-dispensado-pela-receita-federal\/","og_locale":"pt_BR","og_type":"article","og_title":"Imposto de Renda 2026: veja quem est\u00e1 obrigado a declarar e quem pode ficar dispensado pela Receita Federal - Estado de Minas - Em foco","og_description":"Veja quem precisa declarar o Imposto de Renda 2026 segundo crit\u00e9rios de renda, patrim\u00f4nio e investimentos definidos pela Receita Federal.","og_url":"https:\/\/www.em.com.br\/emfoco\/2026\/03\/11\/imposto-de-renda-2026-veja-quem-esta-obrigado-a-declarar-e-quem-pode-ficar-dispensado-pela-receita-federal\/","og_site_name":"Estado de Minas - Em foco","article_published_time":"2026-03-11T13:15:00+00:00","article_modified_time":"2026-03-09T20:21:11+00:00","og_image":[{"width":1280,"height":720,"url":"https:\/\/www.em.com.br\/emfoco\/wp-content\/uploads\/2026\/03\/9-22.jpg","type":"image\/jpeg"}],"author":"Gabriel Martins","twitter_card":"summary_large_image","twitter_misc":{"Escrito por":"Gabriel Martins","Est. tempo de leitura":"4 minutos"},"schema":{"@context":"https:\/\/schema.org","@graph":[{"@type":"WebPage","@id":"https:\/\/www.em.com.br\/emfoco\/2026\/03\/11\/imposto-de-renda-2026-veja-quem-esta-obrigado-a-declarar-e-quem-pode-ficar-dispensado-pela-receita-federal\/","url":"https:\/\/www.em.com.br\/emfoco\/2026\/03\/11\/imposto-de-renda-2026-veja-quem-esta-obrigado-a-declarar-e-quem-pode-ficar-dispensado-pela-receita-federal\/","name":"Imposto de Renda 2026: veja quem est\u00e1 obrigado a declarar e quem pode ficar dispensado pela Receita Federal - Estado de Minas - Em foco","isPartOf":{"@id":"https:\/\/www.em.com.br\/emfoco\/#website"},"primaryImageOfPage":{"@id":"https:\/\/www.em.com.br\/emfoco\/2026\/03\/11\/imposto-de-renda-2026-veja-quem-esta-obrigado-a-declarar-e-quem-pode-ficar-dispensado-pela-receita-federal\/#primaryimage"},"image":{"@id":"https:\/\/www.em.com.br\/emfoco\/2026\/03\/11\/imposto-de-renda-2026-veja-quem-esta-obrigado-a-declarar-e-quem-pode-ficar-dispensado-pela-receita-federal\/#primaryimage"},"thumbnailUrl":"https:\/\/www.em.com.br\/emfoco\/wp-content\/uploads\/2026\/03\/9-22.jpg","datePublished":"2026-03-11T13:15:00+00:00","dateModified":"2026-03-09T20:21:11+00:00","author":{"@id":"https:\/\/www.em.com.br\/emfoco\/#\/schema\/person\/1c9ddeab18b98abeffef834667bcf08a"},"description":"Veja quem precisa declarar o Imposto de Renda 2026 segundo crit\u00e9rios de renda, patrim\u00f4nio e investimentos definidos pela Receita Federal.","breadcrumb":{"@id":"https:\/\/www.em.com.br\/emfoco\/2026\/03\/11\/imposto-de-renda-2026-veja-quem-esta-obrigado-a-declarar-e-quem-pode-ficar-dispensado-pela-receita-federal\/#breadcrumb"},"inLanguage":"pt-BR","potentialAction":[{"@type":"ReadAction","target":["https:\/\/www.em.com.br\/emfoco\/2026\/03\/11\/imposto-de-renda-2026-veja-quem-esta-obrigado-a-declarar-e-quem-pode-ficar-dispensado-pela-receita-federal\/"]}]},{"@type":"ImageObject","inLanguage":"pt-BR","@id":"https:\/\/www.em.com.br\/emfoco\/2026\/03\/11\/imposto-de-renda-2026-veja-quem-esta-obrigado-a-declarar-e-quem-pode-ficar-dispensado-pela-receita-federal\/#primaryimage","url":"https:\/\/www.em.com.br\/emfoco\/wp-content\/uploads\/2026\/03\/9-22.jpg","contentUrl":"https:\/\/www.em.com.br\/emfoco\/wp-content\/uploads\/2026\/03\/9-22.jpg","width":1280,"height":720,"caption":"Crit\u00e9rios de renda e patrim\u00f4nio definem a obrigatoriedade da declara\u00e7\u00e3o em 2026"},{"@type":"BreadcrumbList","@id":"https:\/\/www.em.com.br\/emfoco\/2026\/03\/11\/imposto-de-renda-2026-veja-quem-esta-obrigado-a-declarar-e-quem-pode-ficar-dispensado-pela-receita-federal\/#breadcrumb","itemListElement":[{"@type":"ListItem","position":1,"name":"In\u00edcio","item":"https:\/\/www.em.com.br\/emfoco\/"},{"@type":"ListItem","position":2,"name":"Imposto de Renda 2026: veja quem est\u00e1 obrigado a declarar e quem pode ficar dispensado pela Receita Federal"}]},{"@type":"WebSite","@id":"https:\/\/www.em.com.br\/emfoco\/#website","url":"https:\/\/www.em.com.br\/emfoco\/","name":"Estado de Minas - Em foco","description":"Acompanhe as \u00faltimas not\u00edcias e fique bem informado sobre tudo o que acontece em Minas Gerais, Brasil e no mundo.","potentialAction":[{"@type":"SearchAction","target":{"@type":"EntryPoint","urlTemplate":"https:\/\/www.em.com.br\/emfoco\/?s={search_term_string}"},"query-input":{"@type":"PropertyValueSpecification","valueRequired":true,"valueName":"search_term_string"}}],"inLanguage":"pt-BR"},{"@type":"Person","@id":"https:\/\/www.em.com.br\/emfoco\/#\/schema\/person\/1c9ddeab18b98abeffef834667bcf08a","name":"Gabriel Martins","image":{"@type":"ImageObject","inLanguage":"pt-BR","@id":"https:\/\/www.em.com.br\/emfoco\/#\/schema\/person\/image\/","url":"https:\/\/secure.gravatar.com\/avatar\/f0f1e2efdfd88f1ad2cb08c5c2731e50?s=96&d=mm&r=g","contentUrl":"https:\/\/secure.gravatar.com\/avatar\/f0f1e2efdfd88f1ad2cb08c5c2731e50?s=96&d=mm&r=g","caption":"Gabriel Martins"},"sameAs":["https:\/\/www.em.com.br\/emfoco\/"],"url":"https:\/\/www.em.com.br\/emfoco\/author\/gabrielmartinsmyth\/"}]}},"_links":{"self":[{"href":"https:\/\/www.em.com.br\/emfoco\/wp-json\/wp\/v2\/posts\/179386","targetHints":{"allow":["GET"]}}],"collection":[{"href":"https:\/\/www.em.com.br\/emfoco\/wp-json\/wp\/v2\/posts"}],"about":[{"href":"https:\/\/www.em.com.br\/emfoco\/wp-json\/wp\/v2\/types\/post"}],"author":[{"embeddable":true,"href":"https:\/\/www.em.com.br\/emfoco\/wp-json\/wp\/v2\/users\/13"}],"replies":[{"embeddable":true,"href":"https:\/\/www.em.com.br\/emfoco\/wp-json\/wp\/v2\/comments?post=179386"}],"version-history":[{"count":1,"href":"https:\/\/www.em.com.br\/emfoco\/wp-json\/wp\/v2\/posts\/179386\/revisions"}],"predecessor-version":[{"id":179508,"href":"https:\/\/www.em.com.br\/emfoco\/wp-json\/wp\/v2\/posts\/179386\/revisions\/179508"}],"wp:featuredmedia":[{"embeddable":true,"href":"https:\/\/www.em.com.br\/emfoco\/wp-json\/wp\/v2\/media\/179504"}],"wp:attachment":[{"href":"https:\/\/www.em.com.br\/emfoco\/wp-json\/wp\/v2\/media?parent=179386"}],"wp:term":[{"taxonomy":"category","embeddable":true,"href":"https:\/\/www.em.com.br\/emfoco\/wp-json\/wp\/v2\/categories?post=179386"},{"taxonomy":"post_tag","embeddable":true,"href":"https:\/\/www.em.com.br\/emfoco\/wp-json\/wp\/v2\/tags?post=179386"}],"curies":[{"name":"wp","href":"https:\/\/api.w.org\/{rel}","templated":true}]}}