{"id":17938,"date":"2025-02-17T06:40:00","date_gmt":"2025-02-17T09:40:00","guid":{"rendered":"https:\/\/www.em.com.br\/emfoco\/?p=17938"},"modified":"2025-02-14T16:32:15","modified_gmt":"2025-02-14T19:32:15","slug":"prefeitura-de-belo-horizonte-emite-aviso-sobre-estacionamentos-no-carnaval","status":"publish","type":"post","link":"https:\/\/www.em.com.br\/emfoco\/2025\/02\/17\/prefeitura-de-belo-horizonte-emite-aviso-sobre-estacionamentos-no-carnaval\/","title":{"rendered":"Prefeitura de Belo Horizonte emite aviso sobre estacionamentos no Carnaval!"},"content":{"rendered":"\n<p>O <strong>Carnaval<\/strong> \u00e9 um dos eventos mais aguardados em <strong>Belo Horizonte<\/strong>, atraindo milh\u00f5es de foli\u00f5es para as ruas da cidade. Em 2025, a expectativa \u00e9 que mais de 6 milh\u00f5es de pessoas participem das festividades, um aumento em rela\u00e7\u00e3o ao ano anterior. Para facilitar a mobilidade durante esse per\u00edodo, a prefeitura anunciou a libera\u00e7\u00e3o do estacionamento rotativo em determinados dias.<\/p>\n\n\n\n<p>A medida foi divulgada pela prefeitura e ser\u00e1 v\u00e1lida para os dias de <strong>pr\u00e9-Carnaval e Carnaval<\/strong>, incluindo o fim de semana de 22 e 23 de fevereiro e o per\u00edodo de 1\u00ba a 4 de mar\u00e7o. Durante esses dias, os motoristas poder\u00e3o estacionar sem a necessidade de adquirir cr\u00e9ditos, o que promete aliviar a busca por vagas na cidade.<\/p>\n\n\n\n<h2 class=\"wp-block-heading\">Como funciona o estacionamento rotativo em BH?<\/h2>\n\n\n\n<p>O sistema de estacionamento rotativo em <strong><a href=\"https:\/\/www.em.com.br\/emfoco\/2025\/01\/05\/a-cidade-que-voce-procura-moderna-vibrante-e-acolhedora\/\" target=\"_blank\" rel=\"noreferrer noopener\">Belo Horizonte<\/a><\/strong> \u00e9 uma solu\u00e7\u00e3o para gerenciar o uso das vagas nas \u00e1reas mais movimentadas da cidade. Com um total de 23.214 vagas distribu\u00eddas por 882 quarteir\u00f5es, o sistema oferece 105.055 oportunidades de estacionamento quando o tempo m\u00e1ximo de perman\u00eancia \u00e9 respeitado. Essa gest\u00e3o \u00e9 essencial para garantir que mais motoristas possam usufruir das vagas dispon\u00edveis.<\/p>\n\n\n\n<p>Durante o Carnaval, a libera\u00e7\u00e3o do estacionamento rotativo busca atender ao aumento significativo de ve\u00edculos nas ruas, permitindo que os foli\u00f5es aproveitem as festividades sem preocupa\u00e7\u00f5es adicionais com o estacionamento.<\/p>\n\n\n\n<figure class=\"wp-block-image size-large\"><img loading=\"lazy\" decoding=\"async\" width=\"1024\" height=\"576\" src=\"https:\/\/www.em.com.br\/emfoco\/wp-content\/uploads\/2024\/11\/Belo-Horizonte_1732650063206-1024x576.jpg\" alt=\"Conhe\u00e7a a capital brasileira que impressiona com sua qualidade de vida\" class=\"wp-image-1593\" srcset=\"https:\/\/www.em.com.br\/emfoco\/wp-content\/uploads\/2024\/11\/Belo-Horizonte_1732650063206-1024x576.jpg 1024w, https:\/\/www.em.com.br\/emfoco\/wp-content\/uploads\/2024\/11\/Belo-Horizonte_1732650063206-300x169.jpg 300w, https:\/\/www.em.com.br\/emfoco\/wp-content\/uploads\/2024\/11\/Belo-Horizonte_1732650063206-768x432.jpg 768w, https:\/\/www.em.com.br\/emfoco\/wp-content\/uploads\/2024\/11\/Belo-Horizonte_1732650063206-750x422.jpg 750w, https:\/\/www.em.com.br\/emfoco\/wp-content\/uploads\/2024\/11\/Belo-Horizonte_1732650063206-1140x641.jpg 1140w, https:\/\/www.em.com.br\/emfoco\/wp-content\/uploads\/2024\/11\/Belo-Horizonte_1732650063206.jpg 1280w\" sizes=\"auto, (max-width: 1024px) 100vw, 1024px\" \/><figcaption class=\"wp-element-caption\">Belo Horizonte &#8211; Cr\u00e9ditos: depositphotos.com <\/figcaption><\/figure>\n\n\n\n<h2 class=\"wp-block-heading\">Quais s\u00e3o as datas de libera\u00e7\u00e3o do estacionamento?<\/h2>\n\n\n\n<p>A libera\u00e7\u00e3o do estacionamento rotativo em Belo Horizonte est\u00e1 programada para os seguintes dias:<\/p>\n\n\n\n<ul class=\"wp-block-list\">\n<li>22 e 23 de fevereiro (fim de semana de pr\u00e9-Carnaval)<\/li>\n\n\n\n<li>1\u00ba a 4 de mar\u00e7o (per\u00edodo de Carnaval)<\/li>\n\n\n\n<li>5 de mar\u00e7o, at\u00e9 o meio-dia (Quarta-feira de Cinzas)<\/li>\n<\/ul>\n\n\n\n<p>Essa medida foi oficializada por meio de uma portaria publicada no <strong><a href=\"https:\/\/dom-web.pbh.gov.br\/\" target=\"_blank\" rel=\"noreferrer noopener\">Di\u00e1rio Oficial do Munic\u00edpio<\/a><\/strong>, garantindo que os motoristas estejam cientes das datas e possam planejar suas atividades durante o Carnaval.<\/p>\n\n\n\n<h2 class=\"wp-block-heading\">Impacto do carnaval no tr\u00e2nsito de Belo Horizonte<\/h2>\n\n\n\n<p>O Carnaval em Belo Horizonte n\u00e3o \u00e9 apenas uma festa, mas tamb\u00e9m um desafio log\u00edstico para a cidade. Com o aumento do n\u00famero de visitantes, o tr\u00e2nsito se intensifica, exigindo solu\u00e7\u00f5es criativas para manter a fluidez e a seguran\u00e7a nas vias. A libera\u00e7\u00e3o do estacionamento rotativo \u00e9 uma dessas solu\u00e7\u00f5es, permitindo que os motoristas encontrem vagas com mais facilidade.<\/p>\n\n\n\n<p>Al\u00e9m disso, a prefeitura implementa outras medidas, como altera\u00e7\u00f5es no tr\u00e2nsito e refor\u00e7o no transporte p\u00fablico, para acomodar o grande fluxo de pessoas e ve\u00edculos durante o evento.<\/p>\n\n\n\n<h2 class=\"wp-block-heading\">O que esperar do Carnaval de 2025 em Belo Horizonte?<\/h2>\n\n\n\n<p>Com o crescimento esperado no n\u00famero de participantes, o Carnaval de 2025 em Belo Horizonte promete ser um dos maiores j\u00e1 realizados na cidade. A programa\u00e7\u00e3o oficial se estende de 15 de fevereiro a 9 de mar\u00e7o, oferecendo uma variedade de blocos de rua, shows e eventos culturais. A expectativa \u00e9 que a libera\u00e7\u00e3o do estacionamento rotativo contribua para uma experi\u00eancia mais agrad\u00e1vel para todos os foli\u00f5es.<\/p>\n\n\n\n<p>Os preparativos para o Carnaval incluem n\u00e3o apenas a organiza\u00e7\u00e3o das festividades, mas tamb\u00e9m a garantia de que a infraestrutura da cidade esteja pronta para receber o grande n\u00famero de visitantes, promovendo um ambiente seguro e acolhedor para todos.<\/p>\n","protected":false},"excerpt":{"rendered":"<p>O Carnaval \u00e9 um dos eventos mais aguardados em Belo Horizonte, atraindo milh\u00f5es de foli\u00f5es para as ruas da cidade. Em 2025, a expectativa \u00e9 que mais de 6 milh\u00f5es de pessoas participem das festividades, um aumento em rela\u00e7\u00e3o ao ano anterior. Para facilitar a mobilidade durante esse per\u00edodo, a prefeitura anunciou a libera\u00e7\u00e3o do [&hellip;]<\/p>\n","protected":false},"author":5,"featured_media":10016,"comment_status":"open","ping_status":"open","sticky":false,"template":"","format":"standard","meta":{"jnews-multi-image_gallery":[],"jnews_single_post":{"format":"standard"},"jnews_primary_category":[],"jnews_social_meta":[],"jnews_override_counter":[],"footnotes":""},"categories":[26,1],"tags":[154,1500,4731,207],"class_list":["post-17938","post","type-post","status-publish","format-standard","has-post-thumbnail","hentry","category-cidades","category-noticias","tag-belo-horizonte","tag-carnaval","tag-estacionamento","tag-minas-gerais"],"yoast_head":"<!-- This site is optimized with the Yoast SEO plugin v23.8 - https:\/\/yoast.com\/wordpress\/plugins\/seo\/ -->\n<title>Prefeitura de Belo Horizonte emite aviso sobre estacionamentos no Carnaval! - Estado de Minas - Em foco<\/title>\n<meta name=\"description\" content=\"O estacionamento rotativo de Belo Horizonte ser\u00e1 liberado ou pago para o Carnaval?Confira e aproveite para curtir a festa!\" \/>\n<meta name=\"robots\" content=\"index, follow, max-snippet:-1, max-image-preview:large, max-video-preview:-1\" \/>\n<link rel=\"canonical\" href=\"https:\/\/www.em.com.br\/emfoco\/2025\/02\/17\/prefeitura-de-belo-horizonte-emite-aviso-sobre-estacionamentos-no-carnaval\/\" \/>\n<meta property=\"og:locale\" content=\"pt_BR\" \/>\n<meta property=\"og:type\" content=\"article\" \/>\n<meta property=\"og:title\" content=\"Prefeitura de Belo Horizonte emite aviso sobre estacionamentos no Carnaval! - Estado de Minas - Em foco\" \/>\n<meta property=\"og:description\" content=\"O estacionamento rotativo de Belo Horizonte ser\u00e1 liberado ou pago para o Carnaval?Confira e aproveite para curtir a festa!\" \/>\n<meta property=\"og:url\" content=\"https:\/\/www.em.com.br\/emfoco\/2025\/02\/17\/prefeitura-de-belo-horizonte-emite-aviso-sobre-estacionamentos-no-carnaval\/\" \/>\n<meta property=\"og:site_name\" content=\"Estado de Minas - Em foco\" \/>\n<meta property=\"article:published_time\" content=\"2025-02-17T09:40:00+00:00\" \/>\n<meta property=\"article:modified_time\" content=\"2025-02-14T19:32:15+00:00\" \/>\n<meta property=\"og:image\" content=\"https:\/\/www.em.com.br\/emfoco\/wp-content\/uploads\/2025\/01\/carros_1736619439471.jpg\" \/>\n\t<meta property=\"og:image:width\" content=\"1280\" \/>\n\t<meta property=\"og:image:height\" content=\"720\" \/>\n\t<meta property=\"og:image:type\" content=\"image\/jpeg\" \/>\n<meta name=\"author\" content=\"N\u00fabia Rangel\" \/>\n<meta name=\"twitter:card\" content=\"summary_large_image\" \/>\n<meta name=\"twitter:label1\" content=\"Escrito por\" \/>\n\t<meta name=\"twitter:data1\" content=\"N\u00fabia Rangel\" \/>\n\t<meta name=\"twitter:label2\" content=\"Est. tempo de leitura\" \/>\n\t<meta name=\"twitter:data2\" content=\"4 minutos\" \/>\n<!-- \/ Yoast SEO plugin. -->","yoast_head_json":{"title":"Prefeitura de Belo Horizonte emite aviso sobre estacionamentos no Carnaval! - Estado de Minas - Em foco","description":"O estacionamento rotativo de Belo Horizonte ser\u00e1 liberado ou pago para o Carnaval?Confira e aproveite para curtir a festa!","robots":{"index":"index","follow":"follow","max-snippet":"max-snippet:-1","max-image-preview":"max-image-preview:large","max-video-preview":"max-video-preview:-1"},"canonical":"https:\/\/www.em.com.br\/emfoco\/2025\/02\/17\/prefeitura-de-belo-horizonte-emite-aviso-sobre-estacionamentos-no-carnaval\/","og_locale":"pt_BR","og_type":"article","og_title":"Prefeitura de Belo Horizonte emite aviso sobre estacionamentos no Carnaval! - Estado de Minas - Em foco","og_description":"O estacionamento rotativo de Belo Horizonte ser\u00e1 liberado ou pago para o Carnaval?Confira e aproveite para curtir a festa!","og_url":"https:\/\/www.em.com.br\/emfoco\/2025\/02\/17\/prefeitura-de-belo-horizonte-emite-aviso-sobre-estacionamentos-no-carnaval\/","og_site_name":"Estado de Minas - Em foco","article_published_time":"2025-02-17T09:40:00+00:00","article_modified_time":"2025-02-14T19:32:15+00:00","og_image":[{"width":1280,"height":720,"url":"https:\/\/www.em.com.br\/emfoco\/wp-content\/uploads\/2025\/01\/carros_1736619439471.jpg","type":"image\/jpeg"}],"author":"N\u00fabia Rangel","twitter_card":"summary_large_image","twitter_misc":{"Escrito por":"N\u00fabia Rangel","Est. tempo de leitura":"4 minutos"},"schema":{"@context":"https:\/\/schema.org","@graph":[{"@type":"WebPage","@id":"https:\/\/www.em.com.br\/emfoco\/2025\/02\/17\/prefeitura-de-belo-horizonte-emite-aviso-sobre-estacionamentos-no-carnaval\/","url":"https:\/\/www.em.com.br\/emfoco\/2025\/02\/17\/prefeitura-de-belo-horizonte-emite-aviso-sobre-estacionamentos-no-carnaval\/","name":"Prefeitura de Belo Horizonte emite aviso sobre estacionamentos no Carnaval! - Estado de Minas - Em foco","isPartOf":{"@id":"https:\/\/www.em.com.br\/emfoco\/#website"},"primaryImageOfPage":{"@id":"https:\/\/www.em.com.br\/emfoco\/2025\/02\/17\/prefeitura-de-belo-horizonte-emite-aviso-sobre-estacionamentos-no-carnaval\/#primaryimage"},"image":{"@id":"https:\/\/www.em.com.br\/emfoco\/2025\/02\/17\/prefeitura-de-belo-horizonte-emite-aviso-sobre-estacionamentos-no-carnaval\/#primaryimage"},"thumbnailUrl":"https:\/\/www.em.com.br\/emfoco\/wp-content\/uploads\/2025\/01\/carros_1736619439471.jpg","datePublished":"2025-02-17T09:40:00+00:00","dateModified":"2025-02-14T19:32:15+00:00","author":{"@id":"https:\/\/www.em.com.br\/emfoco\/#\/schema\/person\/524437ef54f8a5d32591b143307f2e20"},"description":"O estacionamento rotativo de Belo Horizonte ser\u00e1 liberado ou pago para o Carnaval?Confira e aproveite para curtir a festa!","breadcrumb":{"@id":"https:\/\/www.em.com.br\/emfoco\/2025\/02\/17\/prefeitura-de-belo-horizonte-emite-aviso-sobre-estacionamentos-no-carnaval\/#breadcrumb"},"inLanguage":"pt-BR","potentialAction":[{"@type":"ReadAction","target":["https:\/\/www.em.com.br\/emfoco\/2025\/02\/17\/prefeitura-de-belo-horizonte-emite-aviso-sobre-estacionamentos-no-carnaval\/"]}]},{"@type":"ImageObject","inLanguage":"pt-BR","@id":"https:\/\/www.em.com.br\/emfoco\/2025\/02\/17\/prefeitura-de-belo-horizonte-emite-aviso-sobre-estacionamentos-no-carnaval\/#primaryimage","url":"https:\/\/www.em.com.br\/emfoco\/wp-content\/uploads\/2025\/01\/carros_1736619439471.jpg","contentUrl":"https:\/\/www.em.com.br\/emfoco\/wp-content\/uploads\/2025\/01\/carros_1736619439471.jpg","width":1280,"height":720,"caption":"Imagem de Carros - Cr\u00e9ditos: depositphotos.com \/ welcomia"},{"@type":"BreadcrumbList","@id":"https:\/\/www.em.com.br\/emfoco\/2025\/02\/17\/prefeitura-de-belo-horizonte-emite-aviso-sobre-estacionamentos-no-carnaval\/#breadcrumb","itemListElement":[{"@type":"ListItem","position":1,"name":"In\u00edcio","item":"https:\/\/www.em.com.br\/emfoco\/"},{"@type":"ListItem","position":2,"name":"Prefeitura de Belo Horizonte emite aviso sobre estacionamentos no Carnaval!"}]},{"@type":"WebSite","@id":"https:\/\/www.em.com.br\/emfoco\/#website","url":"https:\/\/www.em.com.br\/emfoco\/","name":"Estado de Minas - Em foco","description":"Acompanhe as \u00faltimas not\u00edcias e fique bem informado sobre tudo o que acontece em Minas Gerais, Brasil e no mundo.","potentialAction":[{"@type":"SearchAction","target":{"@type":"EntryPoint","urlTemplate":"https:\/\/www.em.com.br\/emfoco\/?s={search_term_string}"},"query-input":{"@type":"PropertyValueSpecification","valueRequired":true,"valueName":"search_term_string"}}],"inLanguage":"pt-BR"},{"@type":"Person","@id":"https:\/\/www.em.com.br\/emfoco\/#\/schema\/person\/524437ef54f8a5d32591b143307f2e20","name":"N\u00fabia Rangel","image":{"@type":"ImageObject","inLanguage":"pt-BR","@id":"https:\/\/www.em.com.br\/emfoco\/#\/schema\/person\/image\/","url":"https:\/\/secure.gravatar.com\/avatar\/47cff2827a5ba23c37e8068c86817ea4?s=96&d=mm&r=g","contentUrl":"https:\/\/secure.gravatar.com\/avatar\/47cff2827a5ba23c37e8068c86817ea4?s=96&d=mm&r=g","caption":"N\u00fabia Rangel"},"sameAs":["https:\/\/www.em.com.br\/emfoco\/"],"url":"https:\/\/www.em.com.br\/emfoco\/author\/nubiamyth\/"}]}},"_links":{"self":[{"href":"https:\/\/www.em.com.br\/emfoco\/wp-json\/wp\/v2\/posts\/17938","targetHints":{"allow":["GET"]}}],"collection":[{"href":"https:\/\/www.em.com.br\/emfoco\/wp-json\/wp\/v2\/posts"}],"about":[{"href":"https:\/\/www.em.com.br\/emfoco\/wp-json\/wp\/v2\/types\/post"}],"author":[{"embeddable":true,"href":"https:\/\/www.em.com.br\/emfoco\/wp-json\/wp\/v2\/users\/5"}],"replies":[{"embeddable":true,"href":"https:\/\/www.em.com.br\/emfoco\/wp-json\/wp\/v2\/comments?post=17938"}],"version-history":[{"count":5,"href":"https:\/\/www.em.com.br\/emfoco\/wp-json\/wp\/v2\/posts\/17938\/revisions"}],"predecessor-version":[{"id":19865,"href":"https:\/\/www.em.com.br\/emfoco\/wp-json\/wp\/v2\/posts\/17938\/revisions\/19865"}],"wp:featuredmedia":[{"embeddable":true,"href":"https:\/\/www.em.com.br\/emfoco\/wp-json\/wp\/v2\/media\/10016"}],"wp:attachment":[{"href":"https:\/\/www.em.com.br\/emfoco\/wp-json\/wp\/v2\/media?parent=17938"}],"wp:term":[{"taxonomy":"category","embeddable":true,"href":"https:\/\/www.em.com.br\/emfoco\/wp-json\/wp\/v2\/categories?post=17938"},{"taxonomy":"post_tag","embeddable":true,"href":"https:\/\/www.em.com.br\/emfoco\/wp-json\/wp\/v2\/tags?post=17938"}],"curies":[{"name":"wp","href":"https:\/\/api.w.org\/{rel}","templated":true}]}}