{"id":179346,"date":"2026-03-10T07:45:00","date_gmt":"2026-03-10T10:45:00","guid":{"rendered":"https:\/\/www.em.com.br\/emfoco\/?p=179346"},"modified":"2026-03-09T14:02:25","modified_gmt":"2026-03-09T17:02:25","slug":"governo-confirma-pessoas-com-mais-de-60-anos-podem-transferir-imovel-para-os-filhos-sem-pagar-imposto","status":"publish","type":"post","link":"https:\/\/www.em.com.br\/emfoco\/2026\/03\/10\/governo-confirma-pessoas-com-mais-de-60-anos-podem-transferir-imovel-para-os-filhos-sem-pagar-imposto\/","title":{"rendered":"Governo confirma: pessoas com mais de 60 anos podem transferir im\u00f3vel para os filhos sem pagar imposto"},"content":{"rendered":"\n<p>O tema da transfer\u00eancia de im\u00f3vel de pais para filhos ainda gera muitas d\u00favidas em fam\u00edlias que querem organizar o patrim\u00f4nio de forma estrat\u00e9gica, econ\u00f4mica e alinhada \u00e0s mudan\u00e7as da Reforma Tribut\u00e1ria. Em 2026, as regras do&nbsp;<strong>ITCMD (Imposto sobre Transmiss\u00e3o Causa Mortis e Doa\u00e7\u00e3o)<\/strong>, cobrado pelos estados, ganharam destaque, e \u00e9 essencial entender que&nbsp;<strong>n\u00e3o existe, em \u00e2mbito nacional, uma regra geral que isente automaticamente pessoas acima de 60 anos do pagamento desse imposto<\/strong>; os benef\u00edcios costumam estar ligados ao&nbsp;<strong>valor do im\u00f3vel<\/strong>, ao tipo de bem e \u00e0&nbsp;<strong>legisla\u00e7\u00e3o espec\u00edfica de cada estado<\/strong>, e n\u00e3o diretamente \u00e0 idade do doador.<\/p>\n\n\n\n<h2 class=\"wp-block-heading\">O que significa transferir im\u00f3vel para filhos sem pagar imposto?<\/h2>\n\n\n\n<p>A express\u00e3o&nbsp;<strong>transferir im\u00f3vel para os filhos sem pagar imposto<\/strong>&nbsp;se refere a situa\u00e7\u00f5es em que h\u00e1 isen\u00e7\u00e3o ou redu\u00e7\u00e3o do ITCMD, previstas em leis estaduais, normalmente em raz\u00e3o do&nbsp;<strong>valor do im\u00f3vel<\/strong>&nbsp;ou do fato de ser&nbsp;<strong>im\u00f3vel de baixa renda ou \u00fanico bem destinado \u00e0 moradia da fam\u00edlia<\/strong>. Em geral, esses limites s\u00e3o fixados em unidades de refer\u00eancia locais (como UFESP, VRM, entre outras).<\/p>\n\n\n\n<p>Assim,&nbsp;<strong>n\u00e3o \u00e9 a idade do doador que garante a isen\u00e7\u00e3o<\/strong>, mas sim o enquadramento do im\u00f3vel nas regras estaduais vigentes. A idade pode influenciar em benef\u00edcios de custo em cart\u00f3rios para pessoas idosas e de baixa renda, por\u00e9m&nbsp;<strong>raramente \u00e9 crit\u00e9rio central para afastar o ITCMD<\/strong>, o que torna indispens\u00e1vel a an\u00e1lise da norma de cada estado.<\/p>\n\n\n\n<figure class=\"wp-block-image size-large\"><img loading=\"lazy\" decoding=\"async\" width=\"1024\" height=\"576\" src=\"https:\/\/www.em.com.br\/emfoco\/wp-content\/uploads\/2026\/03\/12-8-1024x576.jpg\" alt=\"Governo confirma: pessoas com mais de 60 anos podem transferir im\u00f3vel para os filhos sem pagar imposto\" class=\"wp-image-179360\" srcset=\"https:\/\/www.em.com.br\/emfoco\/wp-content\/uploads\/2026\/03\/12-8-1024x576.jpg 1024w, https:\/\/www.em.com.br\/emfoco\/wp-content\/uploads\/2026\/03\/12-8-300x169.jpg 300w, https:\/\/www.em.com.br\/emfoco\/wp-content\/uploads\/2026\/03\/12-8-768x432.jpg 768w, https:\/\/www.em.com.br\/emfoco\/wp-content\/uploads\/2026\/03\/12-8-750x422.jpg 750w, https:\/\/www.em.com.br\/emfoco\/wp-content\/uploads\/2026\/03\/12-8-1140x641.jpg 1140w, https:\/\/www.em.com.br\/emfoco\/wp-content\/uploads\/2026\/03\/12-8.jpg 1280w\" sizes=\"auto, (max-width: 1024px) 100vw, 1024px\" \/><figcaption class=\"wp-element-caption\">Isen\u00e7\u00e3o do imposto estadual depende do valor venal do bem doado<\/figcaption><\/figure>\n\n\n\n<h2 class=\"wp-block-heading\">Como funciona a transfer\u00eancia de im\u00f3vel de pais com mais de 60 anos?<\/h2>\n\n\n\n<p>O processo de\u00a0<strong><a href=\"https:\/\/www.em.com.br\/emfoco\/2026\/02\/25\/seu-imovel-esta-irregular-e-desvalorizando-usucapiao-em-cartorio-corrige-tudo-sem-processo-judicial-e-pode-elevar-o-valor-de-venda-em-ate-50\/\" target=\"_blank\" rel=\"noreferrer noopener\">transfer\u00eancia de im\u00f3vel<\/a> para filhos<\/strong>\u00a0por pais com mais de 60 anos come\u00e7a pela an\u00e1lise do im\u00f3vel: quita\u00e7\u00e3o, exist\u00eancia de \u00f4nus, matr\u00edcula atualizada e concord\u00e2ncia de todos os copropriet\u00e1rios. Tamb\u00e9m \u00e9 necess\u00e1rio verificar no estado do im\u00f3vel se h\u00e1 isen\u00e7\u00e3o, redu\u00e7\u00e3o de al\u00edquota ou regras espec\u00edficas que possam tornar a opera\u00e7\u00e3o mais vantajosa.<\/p>\n\n\n\n<p>Em muitos casos, a doa\u00e7\u00e3o \u00e9 feita com&nbsp;<em>reserva de usufruto<\/em>, em que os pais transferem a nua-propriedade aos filhos, mas mant\u00eam o direito de uso e moradia enquanto viverem. Esse modelo \u00e9 muito utilizado no planejamento sucess\u00f3rio para evitar conflitos futuros e simplificar o invent\u00e1rio, sem que os doadores percam sua seguran\u00e7a.<\/p>\n\n\n\n<h2 class=\"wp-block-heading\">Quais taxas e custos permanecem mesmo com isen\u00e7\u00e3o de imposto?<\/h2>\n\n\n\n<p>Mesmo quando h\u00e1 isen\u00e7\u00e3o de ITCMD, a fam\u00edlia precisa se organizar para arcar com as despesas obrigat\u00f3rias da opera\u00e7\u00e3o, pois elas podem ser significativas dependendo do valor venal do im\u00f3vel. Isso vale tanto para im\u00f3veis urbanos quanto rurais, j\u00e1 que o c\u00e1lculo costuma considerar refer\u00eancias da fazenda estadual ou do munic\u00edpio.<\/p>\n\n\n\n<p>Entre os principais gastos que devem ser considerados, destacam-se:<\/p>\n\n\n\n<ul class=\"wp-block-list\">\n<li>Taxas cartor\u00e1rias para lavratura da escritura p\u00fablica de doa\u00e7\u00e3o;<\/li>\n\n\n\n<li>Custos de registro do im\u00f3vel em nome dos filhos;<\/li>\n\n\n\n<li>Eventuais emolumentos e certid\u00f5es exigidos pelo cart\u00f3rio ou pelo estado;<\/li>\n\n\n\n<li>Despesas com avalia\u00e7\u00e3o fiscal quando o fisco entende que o valor declarado est\u00e1 abaixo do valor de refer\u00eancia.<\/li>\n<\/ul>\n\n\n\n<p>Confira o v\u00eddeo compartilhado pelo canal do YouTube <strong><a href=\"https:\/\/www.youtube.com\/@MeJulga\" target=\"_blank\" rel=\"noreferrer noopener\">Me Julga &#8211; C\u00edntia Brunelli<\/a><\/strong> dando dicas de como fazer o processo de tranfer\u00eancia de im\u00f3veis para os filhos.<\/p>\n\n\n\n<figure class=\"wp-block-embed is-type-video is-provider-youtube wp-block-embed-youtube wp-embed-aspect-16-9 wp-has-aspect-ratio\"><div class=\"wp-block-embed__wrapper\">\n<div class=\"jeg_video_container jeg_video_content\"><iframe loading=\"lazy\" title=\"DOA\u00c7\u00c3O DE BENS - O que PODE e N\u00c3O PODE | 15 Dicas ao DOAR UM IM\u00d3VEL EM VIDA para filho ou terceiros\" width=\"500\" height=\"281\" src=\"https:\/\/www.youtube.com\/embed\/5vSYC2UWCEs?feature=oembed\" frameborder=\"0\" allow=\"accelerometer; autoplay; clipboard-write; encrypted-media; gyroscope; picture-in-picture; web-share\" referrerpolicy=\"strict-origin-when-cross-origin\" allowfullscreen><\/iframe><\/div>\n<\/div><\/figure>\n\n\n\n<h2 class=\"wp-block-heading\">Quais cuidados tomar ao transferir im\u00f3vel para filhos sem imposto?<\/h2>\n\n\n\n<p>Mesmo quando o estado permite a&nbsp;<strong>doa\u00e7\u00e3o de im\u00f3vel aos filhos com isen\u00e7\u00e3o de ITCMD<\/strong>, \u00e9 fundamental observar limites de valor, efeitos sucess\u00f3rios e acordos entre os herdeiros. A legisla\u00e7\u00e3o estadual pode estar em constante ajuste em raz\u00e3o da Reforma Tribut\u00e1ria, o que exige consulta atualizada \u00e0s al\u00edquotas, tetos de isen\u00e7\u00e3o e exig\u00eancias documentais em 2026.<\/p>\n\n\n\n<p>Do ponto de vista t\u00e9cnico, a&nbsp;<strong>doa\u00e7\u00e3o aos filhos, por padr\u00e3o, \u00e9 considerada adiantamento de leg\u00edtima<\/strong>, o que significa que, no futuro invent\u00e1rio, esse bem dever\u00e1 ser levado \u00e0&nbsp;<em>cola\u00e7\u00e3o<\/em>&nbsp;para verificar se todos os herdeiros receberam parcelas proporcionais. Para que a doa\u00e7\u00e3o seja tratada como algo retirado da&nbsp;<strong>parte dispon\u00edvel do patrim\u00f4nio<\/strong>, \u00e9 crucial constar na escritura que o im\u00f3vel est\u00e1 sendo doado&nbsp;<strong>\u201c\u00e0 conta da parte dispon\u00edvel\u201d<\/strong>, evitando questionamentos e reequil\u00edbrios for\u00e7ados na partilha.<\/p>\n\n\n\n<h2 class=\"wp-block-heading\">Como decidir agora sobre a doa\u00e7\u00e3o do im\u00f3vel em vida?<\/h2>\n\n\n\n<p>A decis\u00e3o de doar um im\u00f3vel em vida precisa estar alinhada ao seu bem-estar, \u00e0 sua seguran\u00e7a financeira e ao equil\u00edbrio entre os herdeiros, especialmente diante da tend\u00eancia de aumento da progressividade do ITCMD. Comparar custos, prazos e burocracia da doa\u00e7\u00e3o em vida com o invent\u00e1rio futuro \u00e9 essencial para n\u00e3o ser surpreendido por mudan\u00e7as legislativas e pela valoriza\u00e7\u00e3o do bem.<\/p>\n\n\n\n<p>Se voc\u00ea est\u00e1 avaliando transferir um im\u00f3vel para os filhos, n\u00e3o deixe essa an\u00e1lise para depois: consulte imediatamente a legisla\u00e7\u00e3o do seu estado, fale com um advogado ou contador de sua confian\u00e7a e organize um planejamento sucess\u00f3rio completo. Cada ano de espera pode significar mais imposto, mais burocracia e maior risco de conflito familiar \u2014 agir agora, com informa\u00e7\u00e3o e apoio t\u00e9cnico, \u00e9 a forma mais segura de proteger seu patrim\u00f4nio e garantir uma sucess\u00e3o justa.<\/p>\n","protected":false},"excerpt":{"rendered":"<p>O tema da transfer\u00eancia de im\u00f3vel de pais para filhos ainda gera muitas d\u00favidas em fam\u00edlias que querem organizar o patrim\u00f4nio de forma estrat\u00e9gica, econ\u00f4mica e alinhada \u00e0s mudan\u00e7as da Reforma Tribut\u00e1ria. Em 2026, as regras do&nbsp;ITCMD (Imposto sobre Transmiss\u00e3o Causa Mortis e Doa\u00e7\u00e3o), cobrado pelos estados, ganharam destaque, e \u00e9 essencial entender que&nbsp;n\u00e3o existe, [&hellip;]<\/p>\n","protected":false},"author":13,"featured_media":179361,"comment_status":"open","ping_status":"open","sticky":false,"template":"","format":"standard","meta":{"jnews-multi-image_gallery":[],"jnews_single_post":{"format":"standard"},"jnews_primary_category":[],"jnews_social_meta":[],"jnews_override_counter":[],"footnotes":""},"categories":[28],"tags":[6053,25908],"class_list":["post-179346","post","type-post","status-publish","format-standard","has-post-thumbnail","hentry","category-economia","tag-itcmd","tag-transferencia-de-imovel"],"yoast_head":"<!-- This site is optimized with the Yoast SEO plugin v23.8 - https:\/\/yoast.com\/wordpress\/plugins\/seo\/ -->\n<title>Governo confirma: pessoas com mais de 60 anos podem transferir im\u00f3vel para os filhos sem pagar imposto - Estado de Minas - Em foco<\/title>\n<meta name=\"description\" content=\"Entenda quando a transfer\u00eancia de im\u00f3vel de pais para filhos pode ter isen\u00e7\u00e3o de imposto e quais regras do ITCMD valem em 2026.\" \/>\n<meta name=\"robots\" content=\"index, follow, max-snippet:-1, max-image-preview:large, max-video-preview:-1\" \/>\n<link rel=\"canonical\" href=\"https:\/\/www.em.com.br\/emfoco\/2026\/03\/10\/governo-confirma-pessoas-com-mais-de-60-anos-podem-transferir-imovel-para-os-filhos-sem-pagar-imposto\/\" \/>\n<meta property=\"og:locale\" content=\"pt_BR\" \/>\n<meta property=\"og:type\" content=\"article\" \/>\n<meta property=\"og:title\" content=\"Governo confirma: pessoas com mais de 60 anos podem transferir im\u00f3vel para os filhos sem pagar imposto - Estado de Minas - Em foco\" \/>\n<meta property=\"og:description\" content=\"Entenda quando a transfer\u00eancia de im\u00f3vel de pais para filhos pode ter isen\u00e7\u00e3o de imposto e quais regras do ITCMD valem em 2026.\" \/>\n<meta property=\"og:url\" content=\"https:\/\/www.em.com.br\/emfoco\/2026\/03\/10\/governo-confirma-pessoas-com-mais-de-60-anos-podem-transferir-imovel-para-os-filhos-sem-pagar-imposto\/\" \/>\n<meta property=\"og:site_name\" content=\"Estado de Minas - Em foco\" \/>\n<meta property=\"article:published_time\" content=\"2026-03-10T10:45:00+00:00\" \/>\n<meta property=\"article:modified_time\" content=\"2026-03-09T17:02:25+00:00\" \/>\n<meta property=\"og:image\" content=\"https:\/\/www.em.com.br\/emfoco\/wp-content\/uploads\/2026\/03\/13.jpg\" \/>\n\t<meta property=\"og:image:width\" content=\"1280\" \/>\n\t<meta property=\"og:image:height\" content=\"720\" \/>\n\t<meta property=\"og:image:type\" content=\"image\/jpeg\" \/>\n<meta name=\"author\" content=\"Gabriel Martins\" \/>\n<meta name=\"twitter:card\" content=\"summary_large_image\" \/>\n<meta name=\"twitter:label1\" content=\"Escrito por\" \/>\n\t<meta name=\"twitter:data1\" content=\"Gabriel Martins\" \/>\n\t<meta name=\"twitter:label2\" content=\"Est. tempo de leitura\" \/>\n\t<meta name=\"twitter:data2\" content=\"5 minutos\" \/>\n<!-- \/ Yoast SEO plugin. -->","yoast_head_json":{"title":"Governo confirma: pessoas com mais de 60 anos podem transferir im\u00f3vel para os filhos sem pagar imposto - Estado de Minas - Em foco","description":"Entenda quando a transfer\u00eancia de im\u00f3vel de pais para filhos pode ter isen\u00e7\u00e3o de imposto e quais regras do ITCMD valem em 2026.","robots":{"index":"index","follow":"follow","max-snippet":"max-snippet:-1","max-image-preview":"max-image-preview:large","max-video-preview":"max-video-preview:-1"},"canonical":"https:\/\/www.em.com.br\/emfoco\/2026\/03\/10\/governo-confirma-pessoas-com-mais-de-60-anos-podem-transferir-imovel-para-os-filhos-sem-pagar-imposto\/","og_locale":"pt_BR","og_type":"article","og_title":"Governo confirma: pessoas com mais de 60 anos podem transferir im\u00f3vel para os filhos sem pagar imposto - Estado de Minas - Em foco","og_description":"Entenda quando a transfer\u00eancia de im\u00f3vel de pais para filhos pode ter isen\u00e7\u00e3o de imposto e quais regras do ITCMD valem em 2026.","og_url":"https:\/\/www.em.com.br\/emfoco\/2026\/03\/10\/governo-confirma-pessoas-com-mais-de-60-anos-podem-transferir-imovel-para-os-filhos-sem-pagar-imposto\/","og_site_name":"Estado de Minas - Em foco","article_published_time":"2026-03-10T10:45:00+00:00","article_modified_time":"2026-03-09T17:02:25+00:00","og_image":[{"width":1280,"height":720,"url":"https:\/\/www.em.com.br\/emfoco\/wp-content\/uploads\/2026\/03\/13.jpg","type":"image\/jpeg"}],"author":"Gabriel Martins","twitter_card":"summary_large_image","twitter_misc":{"Escrito por":"Gabriel Martins","Est. tempo de leitura":"5 minutos"},"schema":{"@context":"https:\/\/schema.org","@graph":[{"@type":"WebPage","@id":"https:\/\/www.em.com.br\/emfoco\/2026\/03\/10\/governo-confirma-pessoas-com-mais-de-60-anos-podem-transferir-imovel-para-os-filhos-sem-pagar-imposto\/","url":"https:\/\/www.em.com.br\/emfoco\/2026\/03\/10\/governo-confirma-pessoas-com-mais-de-60-anos-podem-transferir-imovel-para-os-filhos-sem-pagar-imposto\/","name":"Governo confirma: pessoas com mais de 60 anos podem transferir im\u00f3vel para os filhos sem pagar imposto - Estado de Minas - Em foco","isPartOf":{"@id":"https:\/\/www.em.com.br\/emfoco\/#website"},"primaryImageOfPage":{"@id":"https:\/\/www.em.com.br\/emfoco\/2026\/03\/10\/governo-confirma-pessoas-com-mais-de-60-anos-podem-transferir-imovel-para-os-filhos-sem-pagar-imposto\/#primaryimage"},"image":{"@id":"https:\/\/www.em.com.br\/emfoco\/2026\/03\/10\/governo-confirma-pessoas-com-mais-de-60-anos-podem-transferir-imovel-para-os-filhos-sem-pagar-imposto\/#primaryimage"},"thumbnailUrl":"https:\/\/www.em.com.br\/emfoco\/wp-content\/uploads\/2026\/03\/13.jpg","datePublished":"2026-03-10T10:45:00+00:00","dateModified":"2026-03-09T17:02:25+00:00","author":{"@id":"https:\/\/www.em.com.br\/emfoco\/#\/schema\/person\/1c9ddeab18b98abeffef834667bcf08a"},"description":"Entenda quando a transfer\u00eancia de im\u00f3vel de pais para filhos pode ter isen\u00e7\u00e3o de imposto e quais regras do ITCMD valem em 2026.","breadcrumb":{"@id":"https:\/\/www.em.com.br\/emfoco\/2026\/03\/10\/governo-confirma-pessoas-com-mais-de-60-anos-podem-transferir-imovel-para-os-filhos-sem-pagar-imposto\/#breadcrumb"},"inLanguage":"pt-BR","potentialAction":[{"@type":"ReadAction","target":["https:\/\/www.em.com.br\/emfoco\/2026\/03\/10\/governo-confirma-pessoas-com-mais-de-60-anos-podem-transferir-imovel-para-os-filhos-sem-pagar-imposto\/"]}]},{"@type":"ImageObject","inLanguage":"pt-BR","@id":"https:\/\/www.em.com.br\/emfoco\/2026\/03\/10\/governo-confirma-pessoas-com-mais-de-60-anos-podem-transferir-imovel-para-os-filhos-sem-pagar-imposto\/#primaryimage","url":"https:\/\/www.em.com.br\/emfoco\/wp-content\/uploads\/2026\/03\/13.jpg","contentUrl":"https:\/\/www.em.com.br\/emfoco\/wp-content\/uploads\/2026\/03\/13.jpg","width":1280,"height":720,"caption":"Doa\u00e7\u00e3o de im\u00f3veis exige estrat\u00e9gia para reduzir custos e evitar conflitos familiares"},{"@type":"BreadcrumbList","@id":"https:\/\/www.em.com.br\/emfoco\/2026\/03\/10\/governo-confirma-pessoas-com-mais-de-60-anos-podem-transferir-imovel-para-os-filhos-sem-pagar-imposto\/#breadcrumb","itemListElement":[{"@type":"ListItem","position":1,"name":"In\u00edcio","item":"https:\/\/www.em.com.br\/emfoco\/"},{"@type":"ListItem","position":2,"name":"Governo confirma: pessoas com mais de 60 anos podem transferir im\u00f3vel para os filhos sem pagar imposto"}]},{"@type":"WebSite","@id":"https:\/\/www.em.com.br\/emfoco\/#website","url":"https:\/\/www.em.com.br\/emfoco\/","name":"Estado de Minas - Em foco","description":"Acompanhe as \u00faltimas not\u00edcias e fique bem informado sobre tudo o que acontece em Minas Gerais, Brasil e no mundo.","potentialAction":[{"@type":"SearchAction","target":{"@type":"EntryPoint","urlTemplate":"https:\/\/www.em.com.br\/emfoco\/?s={search_term_string}"},"query-input":{"@type":"PropertyValueSpecification","valueRequired":true,"valueName":"search_term_string"}}],"inLanguage":"pt-BR"},{"@type":"Person","@id":"https:\/\/www.em.com.br\/emfoco\/#\/schema\/person\/1c9ddeab18b98abeffef834667bcf08a","name":"Gabriel Martins","image":{"@type":"ImageObject","inLanguage":"pt-BR","@id":"https:\/\/www.em.com.br\/emfoco\/#\/schema\/person\/image\/","url":"https:\/\/secure.gravatar.com\/avatar\/f0f1e2efdfd88f1ad2cb08c5c2731e50?s=96&d=mm&r=g","contentUrl":"https:\/\/secure.gravatar.com\/avatar\/f0f1e2efdfd88f1ad2cb08c5c2731e50?s=96&d=mm&r=g","caption":"Gabriel Martins"},"sameAs":["https:\/\/www.em.com.br\/emfoco\/"],"url":"https:\/\/www.em.com.br\/emfoco\/author\/gabrielmartinsmyth\/"}]}},"_links":{"self":[{"href":"https:\/\/www.em.com.br\/emfoco\/wp-json\/wp\/v2\/posts\/179346","targetHints":{"allow":["GET"]}}],"collection":[{"href":"https:\/\/www.em.com.br\/emfoco\/wp-json\/wp\/v2\/posts"}],"about":[{"href":"https:\/\/www.em.com.br\/emfoco\/wp-json\/wp\/v2\/types\/post"}],"author":[{"embeddable":true,"href":"https:\/\/www.em.com.br\/emfoco\/wp-json\/wp\/v2\/users\/13"}],"replies":[{"embeddable":true,"href":"https:\/\/www.em.com.br\/emfoco\/wp-json\/wp\/v2\/comments?post=179346"}],"version-history":[{"count":1,"href":"https:\/\/www.em.com.br\/emfoco\/wp-json\/wp\/v2\/posts\/179346\/revisions"}],"predecessor-version":[{"id":179362,"href":"https:\/\/www.em.com.br\/emfoco\/wp-json\/wp\/v2\/posts\/179346\/revisions\/179362"}],"wp:featuredmedia":[{"embeddable":true,"href":"https:\/\/www.em.com.br\/emfoco\/wp-json\/wp\/v2\/media\/179361"}],"wp:attachment":[{"href":"https:\/\/www.em.com.br\/emfoco\/wp-json\/wp\/v2\/media?parent=179346"}],"wp:term":[{"taxonomy":"category","embeddable":true,"href":"https:\/\/www.em.com.br\/emfoco\/wp-json\/wp\/v2\/categories?post=179346"},{"taxonomy":"post_tag","embeddable":true,"href":"https:\/\/www.em.com.br\/emfoco\/wp-json\/wp\/v2\/tags?post=179346"}],"curies":[{"name":"wp","href":"https:\/\/api.w.org\/{rel}","templated":true}]}}