{"id":179344,"date":"2026-03-10T20:25:00","date_gmt":"2026-03-10T23:25:00","guid":{"rendered":"https:\/\/www.em.com.br\/emfoco\/?p=179344"},"modified":"2026-03-09T14:16:17","modified_gmt":"2026-03-09T17:16:17","slug":"quem-nasceu-em-marco-pode-sacar-parte-do-fgts-em-2026-mas-precisa-ficar-atento-ao-prazo","status":"publish","type":"post","link":"https:\/\/www.em.com.br\/emfoco\/2026\/03\/10\/quem-nasceu-em-marco-pode-sacar-parte-do-fgts-em-2026-mas-precisa-ficar-atento-ao-prazo\/","title":{"rendered":"Quem nasceu em mar\u00e7o pode sacar parte do FGTS em 2026, mas precisa ficar atento ao prazo"},"content":{"rendered":"\n<p>Quem nasceu em mar\u00e7o e aderiu ao saque-anivers\u00e1rio do FGTS ter\u00e1, em 2026, uma nova chance de movimentar parte do saldo acumulado no Fundo de Garantia, com retirada anual no m\u00eas de nascimento, mas por tempo limitado: se o dinheiro n\u00e3o for sacado dentro do prazo, ele volta automaticamente para a conta do FGTS, sem possibilidade de resgate fora do calend\u00e1rio.<\/p>\n\n\n\n<h2 class=\"wp-block-heading\">Como funciona o calend\u00e1rio do saque-anivers\u00e1rio FGTS 2026 para nascidos em mar\u00e7o<\/h2>\n\n\n\n<p>Para quem faz anivers\u00e1rio em mar\u00e7o, o ponto principal \u00e9 saber exatamente quando o dinheiro fica dispon\u00edvel. Em 2026, a regra segue o padr\u00e3o dos \u00faltimos anos: a libera\u00e7\u00e3o come\u00e7a em mar\u00e7o e vai at\u00e9 o fim de maio, oferecendo um prazo ampliado, por\u00e9m com data final bem definida.<\/p>\n\n\n\n<p>De forma geral, o calend\u00e1rio do saque-anivers\u00e1rio FGTS 2026 \u00e9 escalonado ao longo do ano, com janelas de dois a tr\u00eas meses para cada m\u00eas de nascimento. Veja um exemplo simplificado de como costuma ser a organiza\u00e7\u00e3o para o in\u00edcio do ano:<\/p>\n\n\n\n<ul class=\"wp-block-list\">\n<li><strong>Nascidos em janeiro<\/strong>: libera\u00e7\u00e3o iniciada em janeiro, com encerramento at\u00e9 o fim de mar\u00e7o;<\/li>\n\n\n\n<li><strong>Nascidos em fevereiro<\/strong>: saque permitido at\u00e9 o fim de abril;<\/li>\n\n\n\n<li><strong>Nascidos em mar\u00e7o<\/strong>: retirada habilitada at\u00e9 o fim de maio.<\/li>\n<\/ul>\n\n\n\n<figure class=\"wp-block-image size-large\"><img loading=\"lazy\" decoding=\"async\" width=\"1024\" height=\"576\" src=\"https:\/\/www.em.com.br\/emfoco\/wp-content\/uploads\/2026\/03\/4-38-1024x576.jpg\" alt=\"Quem nasceu em mar\u00e7o pode sacar parte do FGTS em 2026, mas precisa ficar atento ao prazo\" class=\"wp-image-179370\" srcset=\"https:\/\/www.em.com.br\/emfoco\/wp-content\/uploads\/2026\/03\/4-38-1024x576.jpg 1024w, https:\/\/www.em.com.br\/emfoco\/wp-content\/uploads\/2026\/03\/4-38-300x169.jpg 300w, https:\/\/www.em.com.br\/emfoco\/wp-content\/uploads\/2026\/03\/4-38-768x432.jpg 768w, https:\/\/www.em.com.br\/emfoco\/wp-content\/uploads\/2026\/03\/4-38-750x422.jpg 750w, https:\/\/www.em.com.br\/emfoco\/wp-content\/uploads\/2026\/03\/4-38-1140x641.jpg 1140w, https:\/\/www.em.com.br\/emfoco\/wp-content\/uploads\/2026\/03\/4-38.jpg 1280w\" sizes=\"auto, (max-width: 1024px) 100vw, 1024px\" \/><figcaption class=\"wp-element-caption\">Calend\u00e1rio oficial permite retiradas at\u00e9 o \u00faltimo dia \u00fatil de maio<\/figcaption><\/figure>\n\n\n\n<h2 class=\"wp-block-heading\">Quanto quem nasceu em mar\u00e7o pode sacar do FGTS em 2026<\/h2>\n\n\n\n<p>O valor do <strong><a href=\"https:\/\/www.em.com.br\/emfoco\/2026\/03\/09\/saque-aniversario-do-fgts-em-2026-veja-como-funciona-e-quando-o-dinheiro-pode-ser-liberado\/\" target=\"_blank\" rel=\"noreferrer noopener\">saque-anivers\u00e1rio<\/a><\/strong> FGTS para nascidos em mar\u00e7o n\u00e3o corresponde ao saldo total da conta, mas a uma fra\u00e7\u00e3o calculada por faixas. A modalidade usa uma tabela que combina um percentual sobre o total dispon\u00edvel com uma parcela adicional fixa, que varia conforme o volume de recursos acumulados.<\/p>\n\n\n\n<p>Na pr\u00e1tica, saldos menores d\u00e3o direito a um percentual maior, enquanto saldos mais altos recebem um adicional em dinheiro, que pode levar o total liberado a at\u00e9&nbsp;<strong>R$ 2.900<\/strong>. A estrutura de c\u00e1lculo segue, em linhas gerais, estes crit\u00e9rios de faixas de saldo:<\/p>\n\n\n\n<!DOCTYPE html>\n<html lang=\"pt-br\">\n<head>\n<style>\n    .fgts-table {\n        width: 100%;\n        border-collapse: collapse;\n        font-family: 'Segoe UI', Arial, sans-serif;\n        margin: 20px 0;\n        color: #333;\n        font-size: 15px;\n        box-shadow: 0 2px 10px rgba(0,0,0,0.05);\n    }\n    .fgts-table th {\n        background-color: #004a99;\n        color: white;\n        text-align: left;\n        padding: 15px;\n        font-weight: 600;\n        border-bottom: 3px solid #003366;\n    }\n    .fgts-table td {\n        padding: 12px 15px;\n        border-bottom: 1px solid #e0e6ed;\n    }\n    .fgts-table tr:nth-child(even) {\n        background-color: #f8fafd;\n    }\n    .fgts-table tr:hover {\n        background-color: #f0f4f8;\n    }\n    .valor-faixa {\n        font-weight: 600;\n        color: #2c3e50;\n        width: 40%;\n    }\n    .aliquota {\n        font-weight: bold;\n        color: #007bff;\n        text-align: center;\n        width: 20%;\n    }\n    .parcela-fixa {\n        color: #515a6e;\n        font-style: italic;\n        width: 40%;\n    }\n    .destaque-fin {\n        color: #27ae60;\n        font-weight: bold;\n    }\n<\/style>\n<\/head>\n<body>\n\n<table class=\"fgts-table\">\n    <thead>\n        <tr>\n            <th>Faixa de Saldo (R$)<\/th>\n            <th>Al\u00edquota<\/th>\n            <th>Parcela Adicional<\/th>\n        <\/tr>\n    <\/thead>\n    <tbody>\n        <tr>\n            <td class=\"valor-faixa\">At\u00e9 500,00<\/td>\n            <td class=\"aliquota\">50%<\/td>\n            <td class=\"parcela-fixa\">&#8211;<\/td>\n        <\/tr>\n        <tr>\n            <td class=\"valor-faixa\">De 500,01 a 1.000,00<\/td>\n            <td class=\"aliquota\">40%<\/td>\n            <td class=\"parcela-fixa\">+ Parcela Fixa<\/td>\n        <\/tr>\n        <tr>\n            <td class=\"valor-faixa\">De 1.000,01 a 5.000,00<\/td>\n            <td class=\"aliquota\">30%<\/td>\n            <td class=\"parcela-fixa\">+ Parcela Fixa<\/td>\n        <\/tr>\n        <tr>\n            <td class=\"valor-faixa\">De 5.000,01 a 10.000,00<\/td>\n            <td class=\"aliquota\">20%<\/td>\n            <td class=\"parcela-fixa\">+ Parcela Fixa<\/td>\n        <\/tr>\n        <tr>\n            <td class=\"valor-faixa\">De 10.000,01 a 15.000,00<\/td>\n            <td class=\"aliquota\">15%<\/td>\n            <td class=\"parcela-fixa\">+ Parcela Fixa<\/td>\n        <\/tr>\n        <tr>\n            <td class=\"valor-faixa\">De 15.000,01 a 20.000,00<\/td>\n            <td class=\"aliquota\">10%<\/td>\n            <td class=\"parcela-fixa\">+ Parcela Fixa<\/td>\n        <\/tr>\n        <tr>\n            <td class=\"valor-faixa\">Acima de 20.001,00<\/td>\n            <td class=\"aliquota\">5%<\/td>\n            <td class=\"parcela-fixa\">+ At\u00e9 <span class=\"destaque-fin\">R$ 2.900,00<\/span><\/td>\n        <\/tr>\n    <\/tbody>\n<\/table>\n\n<\/body>\n<\/html>\n\n\n\n<h2 class=\"wp-block-heading\">Como consultar o saque-anivers\u00e1rio do FGTS pelo aplicativo oficial<\/h2>\n\n\n\n<p>Para quem nasceu em mar\u00e7o, a forma mais pr\u00e1tica de confirmar se o valor j\u00e1 est\u00e1 liberado \u00e9 usando o aplicativo FGTS da Caixa. Ali \u00e9 poss\u00edvel conferir saldo, checar se a op\u00e7\u00e3o saque-anivers\u00e1rio est\u00e1 ativa, simular valores e acompanhar todo o processo de cr\u00e9dito na conta.<\/p>\n\n\n\n<p>O passo a passo costuma ser simples: basta acessar o app para Android ou iOS, entrar com CPF e senha cadastrada, verificar se a modalidade est\u00e1 habilitada, visualizar o valor liberado para 2026 e o prazo final, indicar uma conta banc\u00e1ria de mesma titularidade e acompanhar o status at\u00e9 o dinheiro cair.<\/p>\n\n\n\n<p>Confira o v\u00eddeo compartilhado pelo canal do YouTube <strong><a href=\"https:\/\/www.youtube.com\/@alexandredebarrosrodrigues\" target=\"_blank\" rel=\"noreferrer noopener\">Alexandre de Barros Rodrigues | Tax e Corporate<\/a><\/strong> falando sobre as principais mudan\u00e7as do Saque-anivers\u00e1rio do FGTS para 2026.<\/p>\n\n\n\n<figure class=\"wp-block-embed is-type-video is-provider-youtube wp-block-embed-youtube wp-embed-aspect-16-9 wp-has-aspect-ratio\"><div class=\"wp-block-embed__wrapper\">\n<div class=\"jeg_video_container jeg_video_content\"><iframe loading=\"lazy\" title=\"SAQUE-ANIVERS\u00c1RIO DO FGTS 2026: MUDOU TUDO! Novas regras, calend\u00e1rio e empr\u00e9stimo. Vale a pena?\" width=\"500\" height=\"281\" src=\"https:\/\/www.youtube.com\/embed\/xsYlxl3Z8yo?feature=oembed\" frameborder=\"0\" allow=\"accelerometer; autoplay; clipboard-write; encrypted-media; gyroscope; picture-in-picture; web-share\" referrerpolicy=\"strict-origin-when-cross-origin\" allowfullscreen><\/iframe><\/div>\n<\/div><\/figure>\n\n\n\n<h2 class=\"wp-block-heading\">Quais cuidados adotar antes de aderir ao saque-anivers\u00e1rio do FGTS<\/h2>\n\n\n\n<p>Um ponto sens\u00edvel para muitos trabalhadores \u00e9 o impacto em caso de demiss\u00e3o sem justa causa. Ao optar pelo saque-anivers\u00e1rio, a pessoa perde o direito de sacar o saldo integral do FGTS na rescis\u00e3o, mantendo apenas a multa rescis\u00f3ria de 40% paga pelo empregador, o que reduz a prote\u00e7\u00e3o financeira nesse momento.<\/p>\n\n\n\n<p>Por isso, \u00e9 essencial avaliar estabilidade no emprego, necessidade de dinheiro no curto prazo e exist\u00eancia de uma reserva de emerg\u00eancia. O saque-anivers\u00e1rio pode funcionar como refor\u00e7o anual de caixa, mas traz menor flexibilidade em situa\u00e7\u00f5es imprevistas, exigindo planejamento e acompanhamento rigoroso dos prazos de saque.<\/p>\n\n\n\n<h2 class=\"wp-block-heading\">Como aproveitar ao m\u00e1ximo o saque-anivers\u00e1rio FGTS em 2026<\/h2>\n\n\n\n<p>Para nascidos em mar\u00e7o, acompanhar de perto o calend\u00e1rio at\u00e9 o fim de maio de 2026 \u00e9 decisivo para n\u00e3o deixar o valor retornar automaticamente ao Fundo por descuido. Use o aplicativo da Caixa, marque lembretes e revise seu or\u00e7amento para direcionar o dinheiro a d\u00edvidas caras, reserva de emerg\u00eancia ou investimentos.<\/p>\n\n\n\n<p>Se voc\u00ea j\u00e1 aderiu \u00e0 modalidade, n\u00e3o espere a \u00faltima hora: organize-se agora, confira o valor dispon\u00edvel e planeje como cada real ser\u00e1 usado. O prazo \u00e9 limitado e n\u00e3o volta atr\u00e1s, ent\u00e3o tome uma decis\u00e3o consciente e r\u00e1pida para transformar esse benef\u00edcio em um verdadeiro impulso na sua vida financeira.<\/p>\n","protected":false},"excerpt":{"rendered":"<p>Quem nasceu em mar\u00e7o e aderiu ao saque-anivers\u00e1rio do FGTS ter\u00e1, em 2026, uma nova chance de movimentar parte do saldo acumulado no Fundo de Garantia, com retirada anual no m\u00eas de nascimento, mas por tempo limitado: se o dinheiro n\u00e3o for sacado dentro do prazo, ele volta automaticamente para a conta do FGTS, sem [&hellip;]<\/p>\n","protected":false},"author":13,"featured_media":179371,"comment_status":"open","ping_status":"open","sticky":false,"template":"","format":"standard","meta":{"jnews-multi-image_gallery":[],"jnews_single_post":{"format":"standard"},"jnews_primary_category":[],"jnews_social_meta":[],"jnews_override_counter":[],"footnotes":""},"categories":[28],"tags":[1036,1038],"class_list":["post-179344","post","type-post","status-publish","format-standard","has-post-thumbnail","hentry","category-economia","tag-fgts","tag-saque-aniversario"],"yoast_head":"<!-- This site is optimized with the Yoast SEO plugin v23.8 - https:\/\/yoast.com\/wordpress\/plugins\/seo\/ -->\n<title>Quem nasceu em mar\u00e7o pode sacar parte do FGTS em 2026, mas precisa ficar atento ao prazo - Estado de Minas - Em foco<\/title>\n<meta name=\"description\" content=\"Quem nasceu em mar\u00e7o e aderiu ao saque anivers\u00e1rio do FGTS pode retirar parte do saldo em 2026. Veja prazo e valores.\" \/>\n<meta name=\"robots\" content=\"index, follow, max-snippet:-1, max-image-preview:large, max-video-preview:-1\" \/>\n<link rel=\"canonical\" href=\"https:\/\/www.em.com.br\/emfoco\/2026\/03\/10\/quem-nasceu-em-marco-pode-sacar-parte-do-fgts-em-2026-mas-precisa-ficar-atento-ao-prazo\/\" \/>\n<meta property=\"og:locale\" content=\"pt_BR\" \/>\n<meta property=\"og:type\" content=\"article\" \/>\n<meta property=\"og:title\" content=\"Quem nasceu em mar\u00e7o pode sacar parte do FGTS em 2026, mas precisa ficar atento ao prazo - Estado de Minas - Em foco\" \/>\n<meta property=\"og:description\" content=\"Quem nasceu em mar\u00e7o e aderiu ao saque anivers\u00e1rio do FGTS pode retirar parte do saldo em 2026. Veja prazo e valores.\" \/>\n<meta property=\"og:url\" content=\"https:\/\/www.em.com.br\/emfoco\/2026\/03\/10\/quem-nasceu-em-marco-pode-sacar-parte-do-fgts-em-2026-mas-precisa-ficar-atento-ao-prazo\/\" \/>\n<meta property=\"og:site_name\" content=\"Estado de Minas - Em foco\" \/>\n<meta property=\"article:published_time\" content=\"2026-03-10T23:25:00+00:00\" \/>\n<meta property=\"article:modified_time\" content=\"2026-03-09T17:16:17+00:00\" \/>\n<meta property=\"og:image\" content=\"https:\/\/www.em.com.br\/emfoco\/wp-content\/uploads\/2026\/03\/5-35.jpg\" \/>\n\t<meta property=\"og:image:width\" content=\"1280\" \/>\n\t<meta property=\"og:image:height\" content=\"720\" \/>\n\t<meta property=\"og:image:type\" content=\"image\/jpeg\" \/>\n<meta name=\"author\" content=\"Gabriel Martins\" \/>\n<meta name=\"twitter:card\" content=\"summary_large_image\" \/>\n<meta name=\"twitter:label1\" content=\"Escrito por\" \/>\n\t<meta name=\"twitter:data1\" content=\"Gabriel Martins\" \/>\n\t<meta name=\"twitter:label2\" content=\"Est. tempo de leitura\" \/>\n\t<meta name=\"twitter:data2\" content=\"5 minutos\" \/>\n<!-- \/ Yoast SEO plugin. -->","yoast_head_json":{"title":"Quem nasceu em mar\u00e7o pode sacar parte do FGTS em 2026, mas precisa ficar atento ao prazo - Estado de Minas - Em foco","description":"Quem nasceu em mar\u00e7o e aderiu ao saque anivers\u00e1rio do FGTS pode retirar parte do saldo em 2026. Veja prazo e valores.","robots":{"index":"index","follow":"follow","max-snippet":"max-snippet:-1","max-image-preview":"max-image-preview:large","max-video-preview":"max-video-preview:-1"},"canonical":"https:\/\/www.em.com.br\/emfoco\/2026\/03\/10\/quem-nasceu-em-marco-pode-sacar-parte-do-fgts-em-2026-mas-precisa-ficar-atento-ao-prazo\/","og_locale":"pt_BR","og_type":"article","og_title":"Quem nasceu em mar\u00e7o pode sacar parte do FGTS em 2026, mas precisa ficar atento ao prazo - Estado de Minas - Em foco","og_description":"Quem nasceu em mar\u00e7o e aderiu ao saque anivers\u00e1rio do FGTS pode retirar parte do saldo em 2026. Veja prazo e valores.","og_url":"https:\/\/www.em.com.br\/emfoco\/2026\/03\/10\/quem-nasceu-em-marco-pode-sacar-parte-do-fgts-em-2026-mas-precisa-ficar-atento-ao-prazo\/","og_site_name":"Estado de Minas - Em foco","article_published_time":"2026-03-10T23:25:00+00:00","article_modified_time":"2026-03-09T17:16:17+00:00","og_image":[{"width":1280,"height":720,"url":"https:\/\/www.em.com.br\/emfoco\/wp-content\/uploads\/2026\/03\/5-35.jpg","type":"image\/jpeg"}],"author":"Gabriel Martins","twitter_card":"summary_large_image","twitter_misc":{"Escrito por":"Gabriel Martins","Est. tempo de leitura":"5 minutos"},"schema":{"@context":"https:\/\/schema.org","@graph":[{"@type":"WebPage","@id":"https:\/\/www.em.com.br\/emfoco\/2026\/03\/10\/quem-nasceu-em-marco-pode-sacar-parte-do-fgts-em-2026-mas-precisa-ficar-atento-ao-prazo\/","url":"https:\/\/www.em.com.br\/emfoco\/2026\/03\/10\/quem-nasceu-em-marco-pode-sacar-parte-do-fgts-em-2026-mas-precisa-ficar-atento-ao-prazo\/","name":"Quem nasceu em mar\u00e7o pode sacar parte do FGTS em 2026, mas precisa ficar atento ao prazo - Estado de Minas - Em foco","isPartOf":{"@id":"https:\/\/www.em.com.br\/emfoco\/#website"},"primaryImageOfPage":{"@id":"https:\/\/www.em.com.br\/emfoco\/2026\/03\/10\/quem-nasceu-em-marco-pode-sacar-parte-do-fgts-em-2026-mas-precisa-ficar-atento-ao-prazo\/#primaryimage"},"image":{"@id":"https:\/\/www.em.com.br\/emfoco\/2026\/03\/10\/quem-nasceu-em-marco-pode-sacar-parte-do-fgts-em-2026-mas-precisa-ficar-atento-ao-prazo\/#primaryimage"},"thumbnailUrl":"https:\/\/www.em.com.br\/emfoco\/wp-content\/uploads\/2026\/03\/5-35.jpg","datePublished":"2026-03-10T23:25:00+00:00","dateModified":"2026-03-09T17:16:17+00:00","author":{"@id":"https:\/\/www.em.com.br\/emfoco\/#\/schema\/person\/1c9ddeab18b98abeffef834667bcf08a"},"description":"Quem nasceu em mar\u00e7o e aderiu ao saque anivers\u00e1rio do FGTS pode retirar parte do saldo em 2026. Veja prazo e valores.","breadcrumb":{"@id":"https:\/\/www.em.com.br\/emfoco\/2026\/03\/10\/quem-nasceu-em-marco-pode-sacar-parte-do-fgts-em-2026-mas-precisa-ficar-atento-ao-prazo\/#breadcrumb"},"inLanguage":"pt-BR","potentialAction":[{"@type":"ReadAction","target":["https:\/\/www.em.com.br\/emfoco\/2026\/03\/10\/quem-nasceu-em-marco-pode-sacar-parte-do-fgts-em-2026-mas-precisa-ficar-atento-ao-prazo\/"]}]},{"@type":"ImageObject","inLanguage":"pt-BR","@id":"https:\/\/www.em.com.br\/emfoco\/2026\/03\/10\/quem-nasceu-em-marco-pode-sacar-parte-do-fgts-em-2026-mas-precisa-ficar-atento-ao-prazo\/#primaryimage","url":"https:\/\/www.em.com.br\/emfoco\/wp-content\/uploads\/2026\/03\/5-35.jpg","contentUrl":"https:\/\/www.em.com.br\/emfoco\/wp-content\/uploads\/2026\/03\/5-35.jpg","width":1280,"height":720,"caption":"Trabalhadores nascidos em mar\u00e7o possuem prazo limitado para sacar o FGTS"},{"@type":"BreadcrumbList","@id":"https:\/\/www.em.com.br\/emfoco\/2026\/03\/10\/quem-nasceu-em-marco-pode-sacar-parte-do-fgts-em-2026-mas-precisa-ficar-atento-ao-prazo\/#breadcrumb","itemListElement":[{"@type":"ListItem","position":1,"name":"In\u00edcio","item":"https:\/\/www.em.com.br\/emfoco\/"},{"@type":"ListItem","position":2,"name":"Quem nasceu em mar\u00e7o pode sacar parte do FGTS em 2026, mas precisa ficar atento ao prazo"}]},{"@type":"WebSite","@id":"https:\/\/www.em.com.br\/emfoco\/#website","url":"https:\/\/www.em.com.br\/emfoco\/","name":"Estado de Minas - Em foco","description":"Acompanhe as \u00faltimas not\u00edcias e fique bem informado sobre tudo o que acontece em Minas Gerais, Brasil e no mundo.","potentialAction":[{"@type":"SearchAction","target":{"@type":"EntryPoint","urlTemplate":"https:\/\/www.em.com.br\/emfoco\/?s={search_term_string}"},"query-input":{"@type":"PropertyValueSpecification","valueRequired":true,"valueName":"search_term_string"}}],"inLanguage":"pt-BR"},{"@type":"Person","@id":"https:\/\/www.em.com.br\/emfoco\/#\/schema\/person\/1c9ddeab18b98abeffef834667bcf08a","name":"Gabriel Martins","image":{"@type":"ImageObject","inLanguage":"pt-BR","@id":"https:\/\/www.em.com.br\/emfoco\/#\/schema\/person\/image\/","url":"https:\/\/secure.gravatar.com\/avatar\/f0f1e2efdfd88f1ad2cb08c5c2731e50?s=96&d=mm&r=g","contentUrl":"https:\/\/secure.gravatar.com\/avatar\/f0f1e2efdfd88f1ad2cb08c5c2731e50?s=96&d=mm&r=g","caption":"Gabriel Martins"},"sameAs":["https:\/\/www.em.com.br\/emfoco\/"],"url":"https:\/\/www.em.com.br\/emfoco\/author\/gabrielmartinsmyth\/"}]}},"_links":{"self":[{"href":"https:\/\/www.em.com.br\/emfoco\/wp-json\/wp\/v2\/posts\/179344","targetHints":{"allow":["GET"]}}],"collection":[{"href":"https:\/\/www.em.com.br\/emfoco\/wp-json\/wp\/v2\/posts"}],"about":[{"href":"https:\/\/www.em.com.br\/emfoco\/wp-json\/wp\/v2\/types\/post"}],"author":[{"embeddable":true,"href":"https:\/\/www.em.com.br\/emfoco\/wp-json\/wp\/v2\/users\/13"}],"replies":[{"embeddable":true,"href":"https:\/\/www.em.com.br\/emfoco\/wp-json\/wp\/v2\/comments?post=179344"}],"version-history":[{"count":1,"href":"https:\/\/www.em.com.br\/emfoco\/wp-json\/wp\/v2\/posts\/179344\/revisions"}],"predecessor-version":[{"id":179384,"href":"https:\/\/www.em.com.br\/emfoco\/wp-json\/wp\/v2\/posts\/179344\/revisions\/179384"}],"wp:featuredmedia":[{"embeddable":true,"href":"https:\/\/www.em.com.br\/emfoco\/wp-json\/wp\/v2\/media\/179371"}],"wp:attachment":[{"href":"https:\/\/www.em.com.br\/emfoco\/wp-json\/wp\/v2\/media?parent=179344"}],"wp:term":[{"taxonomy":"category","embeddable":true,"href":"https:\/\/www.em.com.br\/emfoco\/wp-json\/wp\/v2\/categories?post=179344"},{"taxonomy":"post_tag","embeddable":true,"href":"https:\/\/www.em.com.br\/emfoco\/wp-json\/wp\/v2\/tags?post=179344"}],"curies":[{"name":"wp","href":"https:\/\/api.w.org\/{rel}","templated":true}]}}