{"id":179343,"date":"2026-03-10T19:35:00","date_gmt":"2026-03-10T22:35:00","guid":{"rendered":"https:\/\/www.em.com.br\/emfoco\/?p=179343"},"modified":"2026-03-09T14:15:35","modified_gmt":"2026-03-09T17:15:35","slug":"funcionaria-de-supermercado-e-demitida-por-consumir-produto-sem-pagar-e-e-indenizada-apos-decisao-da-justica-do-trabalho","status":"publish","type":"post","link":"https:\/\/www.em.com.br\/emfoco\/2026\/03\/10\/funcionaria-de-supermercado-e-demitida-por-consumir-produto-sem-pagar-e-e-indenizada-apos-decisao-da-justica-do-trabalho\/","title":{"rendered":"Funcion\u00e1ria de supermercado \u00e9 demitida por consumir produto sem pagar e \u00e9 indenizada ap\u00f3s decis\u00e3o da Justi\u00e7a do Trabalho"},"content":{"rendered":"\n<p>O caso da trabalhadora de um supermercado em <strong>Belo Horizonte<\/strong>, acusada de retirar um fardo de cerveja sem pagar e depois reintegrada pela Justi\u00e7a do Trabalho com direito a indeniza\u00e7\u00e3o por danos morais, reacende o debate sobre os limites da justa causa e os cuidados que empresas devem ter ao apontar condutas desonestas sem provas s\u00f3lidas.<\/p>\n\n\n\n<h2 class=\"wp-block-heading\">O que \u00e9 justa causa e qual o peso da prova na acusa\u00e7\u00e3o?<\/h2>\n\n\n\n<p>A justa causa \u00e9 a forma mais severa de desligamento no direito do trabalho, pois envolve falta grave como desonestidade, insubordina\u00e7\u00e3o ou abandono de emprego. Por essa gravidade, a lei e a jurisprud\u00eancia exigem que o empregador comprove de forma robusta o ato atribu\u00eddo ao trabalhador.<\/p>\n\n\n\n<p>No caso do supermercado, as imagens internas e o cupom fiscal mostraram diverg\u00eancia na quantidade de produtos registrados. Ao analisar esses elementos, o juiz entendeu que n\u00e3o havia ind\u00edcios suficientes de inten\u00e7\u00e3o fraudulenta por parte da empregada, afastando a justa causa e reconhecendo que mera suspeita n\u00e3o basta.<\/p>\n\n\n\n<figure class=\"wp-block-image size-large\"><img loading=\"lazy\" decoding=\"async\" width=\"1024\" height=\"576\" src=\"https:\/\/www.em.com.br\/emfoco\/wp-content\/uploads\/2026\/03\/6-30-1024x576.jpg\" alt=\"Funcion\u00e1ria de supermercado \u00e9 demitida por consumir produto sem pagar e \u00e9 indenizada ap\u00f3s decis\u00e3o da Justi\u00e7a do Trabalho\" class=\"wp-image-179372\" srcset=\"https:\/\/www.em.com.br\/emfoco\/wp-content\/uploads\/2026\/03\/6-30-1024x576.jpg 1024w, https:\/\/www.em.com.br\/emfoco\/wp-content\/uploads\/2026\/03\/6-30-300x169.jpg 300w, https:\/\/www.em.com.br\/emfoco\/wp-content\/uploads\/2026\/03\/6-30-768x432.jpg 768w, https:\/\/www.em.com.br\/emfoco\/wp-content\/uploads\/2026\/03\/6-30-750x422.jpg 750w, https:\/\/www.em.com.br\/emfoco\/wp-content\/uploads\/2026\/03\/6-30-1140x641.jpg 1140w, https:\/\/www.em.com.br\/emfoco\/wp-content\/uploads\/2026\/03\/6-30.jpg 1280w\" sizes=\"auto, (max-width: 1024px) 100vw, 1024px\" \/><figcaption class=\"wp-element-caption\">Falta de prova s\u00f3lida sobre inten\u00e7\u00e3o fraudulenta anula a demiss\u00e3o severa<\/figcaption><\/figure>\n\n\n\n<h2 class=\"wp-block-heading\">Como a an\u00e1lise das provas levou \u00e0 reintegra\u00e7\u00e3o da trabalhadora?<\/h2>\n\n\n\n<p>No processo em que o supermercado ter\u00e1 de reintegrar a trabalhadora acusada de retirar fardo de cerveja sem pagar, os v\u00eddeos mostraram um procedimento comum em compras de grande volume. Uma colega indicou o fardo \u00e0 operadora de caixa, e a mercadoria foi levada para a parte de tr\u00e1s, como usualmente ocorre com produtos volumosos.<\/p>\n\n\n\n<p>O cupom fiscal evidenciou erro de registro da operadora de caixa, que chegou a ser advertida pelo equ\u00edvoco. Sem prova de dolo da embaladora e considerando sua estabilidade provis\u00f3ria por ser suplente da <strong><a href=\"https:\/\/www.gov.br\/trabalho-e-emprego\/pt-br\/acesso-a-informacao\/participacao-social\/conselhos-e-orgaos-colegiados\/comissao-tripartite-partitaria-permanente\/normas-regulamentadora\/normas-regulamentadoras-vigentes\/NR05atualizada2023.pdf\" target=\"_blank\" rel=\"noreferrer noopener\">CIPA<\/a><\/strong>, o juiz determinou a reintegra\u00e7\u00e3o nas mesmas condi\u00e7\u00f5es, com pagamento dos sal\u00e1rios do per\u00edodo afastado ou convers\u00e3o em indeniza\u00e7\u00e3o.<\/p>\n\n\n\n<ul class=\"wp-block-list\">\n<li>Reconhecimento da inexist\u00eancia de ato de improbidade;<\/li>\n\n\n\n<li>Descaracteriza\u00e7\u00e3o da justa causa aplicada;<\/li>\n\n\n\n<li>Reintegra\u00e7\u00e3o ou indeniza\u00e7\u00e3o substitutiva;<\/li>\n\n\n\n<li>Confirma\u00e7\u00e3o da estabilidade provis\u00f3ria da cipeira;<\/li>\n\n\n\n<li>Pagamento de verbas salariais e reflexos no per\u00edodo afastado.<\/li>\n<\/ul>\n\n\n\n<h2 class=\"wp-block-heading\">Quando a acusa\u00e7\u00e3o injusta gera dano moral ao trabalhador?<\/h2>\n\n\n\n<p>A discuss\u00e3o sobre danos morais trabalhistas foi central no caso do supermercado. Ao atribuir \u00e0 <strong><a href=\"https:\/\/www.em.com.br\/emfoco\/2026\/01\/10\/uma-nova-onda-de-demissoes-em-massa-se-aproxima-em-2026-a-maior-empresa-do-pais-pode-deixar-milhoes-de-pessoas-desempregadas-em-questao-de-dias\/\" target=\"_blank\" rel=\"noreferrer noopener\">empregada <\/a><\/strong>conduta semelhante a furto, sem prova suficiente, a empresa atingiu sua honra e imagem profissional, configurando ofensa \u00e0 dignidade mesmo sem ampla divulga\u00e7\u00e3o a terceiros.<\/p>\n\n\n\n<p>Para definir a exist\u00eancia do dano moral e o valor da indeniza\u00e7\u00e3o, o juiz considerou a gravidade da acusa\u00e7\u00e3o, a fragilidade das provas, as consequ\u00eancias pr\u00e1ticas para a empregada, a capacidade econ\u00f4mica das partes e o car\u00e1ter pedag\u00f3gico da condena\u00e7\u00e3o. O valor de R$ 4 mil foi fixado com base na legisla\u00e7\u00e3o sobre dano extrapatrimonial e em crit\u00e9rios de razoabilidade.<\/p>\n\n\n\n<figure class=\"wp-block-image size-large\"><img loading=\"lazy\" decoding=\"async\" width=\"1024\" height=\"576\" src=\"https:\/\/www.em.com.br\/emfoco\/wp-content\/uploads\/2026\/03\/7-22-1024x576.jpg\" alt=\"Funcion\u00e1ria de supermercado \u00e9 demitida por consumir produto sem pagar e \u00e9 indenizada ap\u00f3s decis\u00e3o da Justi\u00e7a do Trabalho\" class=\"wp-image-179373\" srcset=\"https:\/\/www.em.com.br\/emfoco\/wp-content\/uploads\/2026\/03\/7-22-1024x576.jpg 1024w, https:\/\/www.em.com.br\/emfoco\/wp-content\/uploads\/2026\/03\/7-22-300x169.jpg 300w, https:\/\/www.em.com.br\/emfoco\/wp-content\/uploads\/2026\/03\/7-22-768x432.jpg 768w, https:\/\/www.em.com.br\/emfoco\/wp-content\/uploads\/2026\/03\/7-22-750x422.jpg 750w, https:\/\/www.em.com.br\/emfoco\/wp-content\/uploads\/2026\/03\/7-22-1140x641.jpg 1140w, https:\/\/www.em.com.br\/emfoco\/wp-content\/uploads\/2026\/03\/7-22.jpg 1280w\" sizes=\"auto, (max-width: 1024px) 100vw, 1024px\" \/><figcaption class=\"wp-element-caption\">Acusa\u00e7\u00e3o injusta de furto atinge a dignidade e gera indeniza\u00e7\u00e3o moral<\/figcaption><\/figure>\n\n\n\n<h2 class=\"wp-block-heading\">Quais cuidados as empresas devem ter ao aplicar justa causa?<\/h2>\n\n\n\n<p>O epis\u00f3dio mostra como um simples erro de registro no caixa pode ganhar enorme relev\u00e2ncia jur\u00eddica. Para evitar desligamentos injustos e condena\u00e7\u00f5es futuras, empregadores precisam agir com cautela e transpar\u00eancia ao lidar com suspeitas de irregularidades.<\/p>\n\n\n\n<p>Nesse contexto, \u00e9 essencial que as empresas adotem pr\u00e1ticas consistentes de apura\u00e7\u00e3o interna e respeito \u00e0s garantias legais dos empregados, especialmente daqueles com estabilidade provis\u00f3ria. Entre as medidas recomendadas, destacam-se:<\/p>\n\n\n\n<ul class=\"wp-block-list\">\n<li>Realizar investiga\u00e7\u00e3o criteriosa antes de aplicar justa causa;<\/li>\n\n\n\n<li>Guardar e analisar imagens, documentos e depoimentos com rigor;<\/li>\n\n\n\n<li>Treinar equipes de caixa e l\u00edderes para atuar corretamente em casos de suspeita;<\/li>\n\n\n\n<li>Respeitar a estabilidade de membros da CIPA e outras garantias legais.<\/li>\n<\/ul>\n\n\n\n<h2 class=\"wp-block-heading\">Que li\u00e7\u00f5es esse caso traz e o que voc\u00ea pode fazer agora?<\/h2>\n\n\n\n<p>Para trabalhadores, o caso evidencia a import\u00e2ncia de conhecer direitos b\u00e1sicos, como a exig\u00eancia de prova para caracterizar falta grave, a possibilidade de revers\u00e3o da justa causa na Justi\u00e7a do Trabalho e o direito \u00e0 indeniza\u00e7\u00e3o por dano moral em acusa\u00e7\u00f5es infundadas que coloquem em d\u00favida sua honestidade.<\/p>\n\n\n\n<p>Para empresas, a decis\u00e3o refor\u00e7a que acusa\u00e7\u00f5es precipitadas t\u00eam alto custo financeiro e reputacional. Se voc\u00ea passou por situa\u00e7\u00e3o semelhante ou tem d\u00favidas sobre procedimentos de justa causa, procure orienta\u00e7\u00e3o jur\u00eddica imediatamente: cada dia de in\u00e9rcia pode significar perda de direitos, prescri\u00e7\u00e3o de pedidos e dificuldades maiores para reverter injusti\u00e7as.<\/p>\n","protected":false},"excerpt":{"rendered":"<p>O caso da trabalhadora de um supermercado em Belo Horizonte, acusada de retirar um fardo de cerveja sem pagar e depois reintegrada pela Justi\u00e7a do Trabalho com direito a indeniza\u00e7\u00e3o por danos morais, reacende o debate sobre os limites da justa causa e os cuidados que empresas devem ter ao apontar condutas desonestas sem provas [&hellip;]<\/p>\n","protected":false},"author":13,"featured_media":179374,"comment_status":"open","ping_status":"open","sticky":false,"template":"","format":"standard","meta":{"jnews-multi-image_gallery":[],"jnews_single_post":{"format":"standard"},"jnews_primary_category":[],"jnews_social_meta":[],"jnews_override_counter":[],"footnotes":""},"categories":[28],"tags":[154,2287,16387],"class_list":["post-179343","post","type-post","status-publish","format-standard","has-post-thumbnail","hentry","category-economia","tag-belo-horizonte","tag-demissao","tag-justica-do-trabalho"],"yoast_head":"<!-- This site is optimized with the Yoast SEO plugin v23.8 - https:\/\/yoast.com\/wordpress\/plugins\/seo\/ -->\n<title>Funcion\u00e1ria de supermercado \u00e9 demitida por consumir produto sem pagar e \u00e9 indenizada ap\u00f3s decis\u00e3o da Justi\u00e7a do Trabalho - Estado de Minas - Em foco<\/title>\n<meta name=\"description\" content=\"Funcion\u00e1ria acusada de pegar cerveja sem pagar foi reintegrada pela Justi\u00e7a e recebeu indeniza\u00e7\u00e3o. Entenda a decis\u00e3o.\" \/>\n<meta name=\"robots\" content=\"index, follow, max-snippet:-1, max-image-preview:large, max-video-preview:-1\" \/>\n<link rel=\"canonical\" href=\"https:\/\/www.em.com.br\/emfoco\/2026\/03\/10\/funcionaria-de-supermercado-e-demitida-por-consumir-produto-sem-pagar-e-e-indenizada-apos-decisao-da-justica-do-trabalho\/\" \/>\n<meta property=\"og:locale\" content=\"pt_BR\" \/>\n<meta property=\"og:type\" content=\"article\" \/>\n<meta property=\"og:title\" content=\"Funcion\u00e1ria de supermercado \u00e9 demitida por consumir produto sem pagar e \u00e9 indenizada ap\u00f3s decis\u00e3o da Justi\u00e7a do Trabalho - Estado de Minas - Em foco\" \/>\n<meta property=\"og:description\" content=\"Funcion\u00e1ria acusada de pegar cerveja sem pagar foi reintegrada pela Justi\u00e7a e recebeu indeniza\u00e7\u00e3o. Entenda a decis\u00e3o.\" \/>\n<meta property=\"og:url\" content=\"https:\/\/www.em.com.br\/emfoco\/2026\/03\/10\/funcionaria-de-supermercado-e-demitida-por-consumir-produto-sem-pagar-e-e-indenizada-apos-decisao-da-justica-do-trabalho\/\" \/>\n<meta property=\"og:site_name\" content=\"Estado de Minas - Em foco\" \/>\n<meta property=\"article:published_time\" content=\"2026-03-10T22:35:00+00:00\" \/>\n<meta property=\"article:modified_time\" content=\"2026-03-09T17:15:35+00:00\" \/>\n<meta property=\"og:image\" content=\"https:\/\/www.em.com.br\/emfoco\/wp-content\/uploads\/2026\/03\/8-22.jpg\" \/>\n\t<meta property=\"og:image:width\" content=\"1280\" \/>\n\t<meta property=\"og:image:height\" content=\"720\" \/>\n\t<meta property=\"og:image:type\" content=\"image\/jpeg\" \/>\n<meta name=\"author\" content=\"Gabriel Martins\" \/>\n<meta name=\"twitter:card\" content=\"summary_large_image\" \/>\n<meta name=\"twitter:label1\" content=\"Escrito por\" \/>\n\t<meta name=\"twitter:data1\" content=\"Gabriel Martins\" \/>\n\t<meta name=\"twitter:label2\" content=\"Est. tempo de leitura\" \/>\n\t<meta name=\"twitter:data2\" content=\"5 minutos\" \/>\n<!-- \/ Yoast SEO plugin. -->","yoast_head_json":{"title":"Funcion\u00e1ria de supermercado \u00e9 demitida por consumir produto sem pagar e \u00e9 indenizada ap\u00f3s decis\u00e3o da Justi\u00e7a do Trabalho - Estado de Minas - Em foco","description":"Funcion\u00e1ria acusada de pegar cerveja sem pagar foi reintegrada pela Justi\u00e7a e recebeu indeniza\u00e7\u00e3o. Entenda a decis\u00e3o.","robots":{"index":"index","follow":"follow","max-snippet":"max-snippet:-1","max-image-preview":"max-image-preview:large","max-video-preview":"max-video-preview:-1"},"canonical":"https:\/\/www.em.com.br\/emfoco\/2026\/03\/10\/funcionaria-de-supermercado-e-demitida-por-consumir-produto-sem-pagar-e-e-indenizada-apos-decisao-da-justica-do-trabalho\/","og_locale":"pt_BR","og_type":"article","og_title":"Funcion\u00e1ria de supermercado \u00e9 demitida por consumir produto sem pagar e \u00e9 indenizada ap\u00f3s decis\u00e3o da Justi\u00e7a do Trabalho - Estado de Minas - Em foco","og_description":"Funcion\u00e1ria acusada de pegar cerveja sem pagar foi reintegrada pela Justi\u00e7a e recebeu indeniza\u00e7\u00e3o. Entenda a decis\u00e3o.","og_url":"https:\/\/www.em.com.br\/emfoco\/2026\/03\/10\/funcionaria-de-supermercado-e-demitida-por-consumir-produto-sem-pagar-e-e-indenizada-apos-decisao-da-justica-do-trabalho\/","og_site_name":"Estado de Minas - Em foco","article_published_time":"2026-03-10T22:35:00+00:00","article_modified_time":"2026-03-09T17:15:35+00:00","og_image":[{"width":1280,"height":720,"url":"https:\/\/www.em.com.br\/emfoco\/wp-content\/uploads\/2026\/03\/8-22.jpg","type":"image\/jpeg"}],"author":"Gabriel Martins","twitter_card":"summary_large_image","twitter_misc":{"Escrito por":"Gabriel Martins","Est. tempo de leitura":"5 minutos"},"schema":{"@context":"https:\/\/schema.org","@graph":[{"@type":"WebPage","@id":"https:\/\/www.em.com.br\/emfoco\/2026\/03\/10\/funcionaria-de-supermercado-e-demitida-por-consumir-produto-sem-pagar-e-e-indenizada-apos-decisao-da-justica-do-trabalho\/","url":"https:\/\/www.em.com.br\/emfoco\/2026\/03\/10\/funcionaria-de-supermercado-e-demitida-por-consumir-produto-sem-pagar-e-e-indenizada-apos-decisao-da-justica-do-trabalho\/","name":"Funcion\u00e1ria de supermercado \u00e9 demitida por consumir produto sem pagar e \u00e9 indenizada ap\u00f3s decis\u00e3o da Justi\u00e7a do Trabalho - Estado de Minas - Em foco","isPartOf":{"@id":"https:\/\/www.em.com.br\/emfoco\/#website"},"primaryImageOfPage":{"@id":"https:\/\/www.em.com.br\/emfoco\/2026\/03\/10\/funcionaria-de-supermercado-e-demitida-por-consumir-produto-sem-pagar-e-e-indenizada-apos-decisao-da-justica-do-trabalho\/#primaryimage"},"image":{"@id":"https:\/\/www.em.com.br\/emfoco\/2026\/03\/10\/funcionaria-de-supermercado-e-demitida-por-consumir-produto-sem-pagar-e-e-indenizada-apos-decisao-da-justica-do-trabalho\/#primaryimage"},"thumbnailUrl":"https:\/\/www.em.com.br\/emfoco\/wp-content\/uploads\/2026\/03\/8-22.jpg","datePublished":"2026-03-10T22:35:00+00:00","dateModified":"2026-03-09T17:15:35+00:00","author":{"@id":"https:\/\/www.em.com.br\/emfoco\/#\/schema\/person\/1c9ddeab18b98abeffef834667bcf08a"},"description":"Funcion\u00e1ria acusada de pegar cerveja sem pagar foi reintegrada pela Justi\u00e7a e recebeu indeniza\u00e7\u00e3o. Entenda a decis\u00e3o.","breadcrumb":{"@id":"https:\/\/www.em.com.br\/emfoco\/2026\/03\/10\/funcionaria-de-supermercado-e-demitida-por-consumir-produto-sem-pagar-e-e-indenizada-apos-decisao-da-justica-do-trabalho\/#breadcrumb"},"inLanguage":"pt-BR","potentialAction":[{"@type":"ReadAction","target":["https:\/\/www.em.com.br\/emfoco\/2026\/03\/10\/funcionaria-de-supermercado-e-demitida-por-consumir-produto-sem-pagar-e-e-indenizada-apos-decisao-da-justica-do-trabalho\/"]}]},{"@type":"ImageObject","inLanguage":"pt-BR","@id":"https:\/\/www.em.com.br\/emfoco\/2026\/03\/10\/funcionaria-de-supermercado-e-demitida-por-consumir-produto-sem-pagar-e-e-indenizada-apos-decisao-da-justica-do-trabalho\/#primaryimage","url":"https:\/\/www.em.com.br\/emfoco\/wp-content\/uploads\/2026\/03\/8-22.jpg","contentUrl":"https:\/\/www.em.com.br\/emfoco\/wp-content\/uploads\/2026\/03\/8-22.jpg","width":1280,"height":720,"caption":"Justi\u00e7a do Trabalho reverte demiss\u00e3o por justa causa baseada em suspeitas"},{"@type":"BreadcrumbList","@id":"https:\/\/www.em.com.br\/emfoco\/2026\/03\/10\/funcionaria-de-supermercado-e-demitida-por-consumir-produto-sem-pagar-e-e-indenizada-apos-decisao-da-justica-do-trabalho\/#breadcrumb","itemListElement":[{"@type":"ListItem","position":1,"name":"In\u00edcio","item":"https:\/\/www.em.com.br\/emfoco\/"},{"@type":"ListItem","position":2,"name":"Funcion\u00e1ria de supermercado \u00e9 demitida por consumir produto sem pagar e \u00e9 indenizada ap\u00f3s decis\u00e3o da Justi\u00e7a do Trabalho"}]},{"@type":"WebSite","@id":"https:\/\/www.em.com.br\/emfoco\/#website","url":"https:\/\/www.em.com.br\/emfoco\/","name":"Estado de Minas - Em foco","description":"Acompanhe as \u00faltimas not\u00edcias e fique bem informado sobre tudo o que acontece em Minas Gerais, Brasil e no mundo.","potentialAction":[{"@type":"SearchAction","target":{"@type":"EntryPoint","urlTemplate":"https:\/\/www.em.com.br\/emfoco\/?s={search_term_string}"},"query-input":{"@type":"PropertyValueSpecification","valueRequired":true,"valueName":"search_term_string"}}],"inLanguage":"pt-BR"},{"@type":"Person","@id":"https:\/\/www.em.com.br\/emfoco\/#\/schema\/person\/1c9ddeab18b98abeffef834667bcf08a","name":"Gabriel Martins","image":{"@type":"ImageObject","inLanguage":"pt-BR","@id":"https:\/\/www.em.com.br\/emfoco\/#\/schema\/person\/image\/","url":"https:\/\/secure.gravatar.com\/avatar\/f0f1e2efdfd88f1ad2cb08c5c2731e50?s=96&d=mm&r=g","contentUrl":"https:\/\/secure.gravatar.com\/avatar\/f0f1e2efdfd88f1ad2cb08c5c2731e50?s=96&d=mm&r=g","caption":"Gabriel Martins"},"sameAs":["https:\/\/www.em.com.br\/emfoco\/"],"url":"https:\/\/www.em.com.br\/emfoco\/author\/gabrielmartinsmyth\/"}]}},"_links":{"self":[{"href":"https:\/\/www.em.com.br\/emfoco\/wp-json\/wp\/v2\/posts\/179343","targetHints":{"allow":["GET"]}}],"collection":[{"href":"https:\/\/www.em.com.br\/emfoco\/wp-json\/wp\/v2\/posts"}],"about":[{"href":"https:\/\/www.em.com.br\/emfoco\/wp-json\/wp\/v2\/types\/post"}],"author":[{"embeddable":true,"href":"https:\/\/www.em.com.br\/emfoco\/wp-json\/wp\/v2\/users\/13"}],"replies":[{"embeddable":true,"href":"https:\/\/www.em.com.br\/emfoco\/wp-json\/wp\/v2\/comments?post=179343"}],"version-history":[{"count":1,"href":"https:\/\/www.em.com.br\/emfoco\/wp-json\/wp\/v2\/posts\/179343\/revisions"}],"predecessor-version":[{"id":179383,"href":"https:\/\/www.em.com.br\/emfoco\/wp-json\/wp\/v2\/posts\/179343\/revisions\/179383"}],"wp:featuredmedia":[{"embeddable":true,"href":"https:\/\/www.em.com.br\/emfoco\/wp-json\/wp\/v2\/media\/179374"}],"wp:attachment":[{"href":"https:\/\/www.em.com.br\/emfoco\/wp-json\/wp\/v2\/media?parent=179343"}],"wp:term":[{"taxonomy":"category","embeddable":true,"href":"https:\/\/www.em.com.br\/emfoco\/wp-json\/wp\/v2\/categories?post=179343"},{"taxonomy":"post_tag","embeddable":true,"href":"https:\/\/www.em.com.br\/emfoco\/wp-json\/wp\/v2\/tags?post=179343"}],"curies":[{"name":"wp","href":"https:\/\/api.w.org\/{rel}","templated":true}]}}